{"id":4432,"date":"2024-08-29T22:35:31","date_gmt":"2024-08-30T01:35:31","guid":{"rendered":"http:\/\/nativainfo.com\/?p=4432"},"modified":"2024-08-29T22:35:31","modified_gmt":"2024-08-30T01:35:31","slug":"dos-pilotos-de-la-formula-1-celebraron-con-elogios-la-llegada-de-franco-colapinto-a-la-categoria","status":"publish","type":"post","link":"https:\/\/nativainfo.com\/?p=4432","title":{"rendered":"Dos pilotos de la F\u00f3rmula 1 celebraron con elogios la llegada de Franco Colapinto a la categor\u00eda"},"content":{"rendered":"\n<p>El piloto argentino debutar\u00e1 en el m\u00e1ximo nivel del automovilismo y recibi\u00f3 palabras de apoyo por parte de Sergio P\u00e9rez y Lando Norris.<\/p>\n\n\n\n<figure class=\"wp-block-image size-full\"><img fetchpriority=\"high\" decoding=\"async\" width=\"1010\" height=\"567\" src=\"http:\/\/nativainfo.com\/wp-content\/uploads\/2024\/08\/imagen_2024-08-29_223523671.png\" alt=\"\" class=\"wp-image-4435\" srcset=\"https:\/\/nativainfo.com\/wp-content\/uploads\/2024\/08\/imagen_2024-08-29_223523671.png 1010w, https:\/\/nativainfo.com\/wp-content\/uploads\/2024\/08\/imagen_2024-08-29_223523671-300x168.png 300w, https:\/\/nativainfo.com\/wp-content\/uploads\/2024\/08\/imagen_2024-08-29_223523671-768x431.png 768w, https:\/\/nativainfo.com\/wp-content\/uploads\/2024\/08\/imagen_2024-08-29_223523671-623x350.png 623w, https:\/\/nativainfo.com\/wp-content\/uploads\/2024\/08\/imagen_2024-08-29_223523671-150x84.png 150w\" sizes=\"(max-width: 1010px) 100vw, 1010px\" \/><\/figure>\n\n\n\n<p>El joven piloto argentino Franco Colapinto debutar\u00e1 este domingo en la F\u00f3rmula 1 durante el Gran Premio de Monza, y su llegada a la categor\u00eda m\u00e1s importante del automovilismo ha generado repercusiones entre los m\u00e1ximos exponentes de la competencia.<\/p>\n\n\n\n<p>Sergio &#8220;Checo&#8221; P\u00e9rez, de Red Bull Racing, y Lando Norris, de McLaren, fueron algunos de los pilotos que destacaron el talento y las cualidades del argentino, quien correr\u00e1 para la escuder\u00eda Williams Racing.<\/p>\n\n\n\n<p>El mexicano P\u00e9rez expres\u00f3 su entusiasmo por el debut de Colapinto, afirmando: &#8220;Muy contento por Franco, por toda Argentina. Creo que es un momento muy especial como piloto debutar a mitad de temporada&#8221;.<\/p>\n\n\n\n<p>Adem\u00e1s, resalt\u00f3 la preparaci\u00f3n del piloto argentino y le dese\u00f3 \u00e9xito en su primera experiencia en la m\u00e1xima categor\u00eda: &#8220;Estoy seguro que lo va a hacer muy bien y desearle que disfrute mucho, y espero que haga unas buenas carreras, eso le puede traer alguna oportunidad en el futuro&#8221;.<\/p>\n\n\n\n<p>Por su parte, Lando Norris tambi\u00e9n se refiri\u00f3 al debut de Colapinto en la F\u00f3rmula 1 y no escatim\u00f3 en elogios hacia el joven piloto. &#8220;\u00c9l est\u00e1 aqu\u00ed por una raz\u00f3n, porque tiene talento y es un buen chico. Estoy seguro de que lo har\u00e1 muy bien, pero no es f\u00e1cil&#8221;, coment\u00f3 el brit\u00e1nico, quien se ubica segundo en el campeonato mundial.<\/p>\n","protected":false},"excerpt":{"rendered":"<p>El piloto argentino debutar\u00e1 en el m\u00e1ximo nivel del automovilismo y recibi\u00f3 palabras de apoyo por parte de Sergio P\u00e9rez&#8230; <a class=\"continue-reading-link\" href=\"https:\/\/nativainfo.com\/?p=4432\">Continue reading<\/a><\/p>\n","protected":false},"author":1,"featured_media":0,"comment_status":"open","ping_status":"open","sticky":false,"template":"","format":"standard","meta":{"rop_custom_images_group":[],"rop_custom_messages_group":[],"rop_publish_now":"initial","rop_publish_now_accounts":[],"rop_publish_now_history":[],"rop_publish_now_status":"pending","footnotes":"","jetpack_publicize_message":"","jetpack_publicize_feature_enabled":true,"jetpack_social_post_already_shared":false,"jetpack_social_options":{"image_generator_settings":{"template":"highway","default_image_id":0,"font":"","enabled":false},"version":2}},"categories":[65],"tags":[],"class_list":["post-4432","post","type-post","status-publish","format-standard","hentry","category-automovilismo"],"yoast_head":"<!-- This site is optimized with the Yoast SEO plugin v25.6 - https:\/\/yoast.com\/wordpress\/plugins\/seo\/ -->\n<title>Dos pilotos de la F\u00f3rmula 1 celebraron con elogios la llegada de Franco Colapinto a la categor\u00eda - Nativa Info<\/title>\n<meta name=\"robots\" content=\"index, follow, max-snippet:-1, max-image-preview:large, max-video-preview:-1\" \/>\n<link rel=\"canonical\" href=\"https:\/\/nativainfo.com\/?p=4432\" \/>\n<meta property=\"og:locale\" content=\"es_ES\" \/>\n<meta property=\"og:type\" content=\"article\" \/>\n<meta property=\"og:title\" content=\"Dos pilotos de la F\u00f3rmula 1 celebraron con elogios la llegada de Franco Colapinto a la categor\u00eda - Nativa Info\" \/>\n<meta property=\"og:description\" content=\"El piloto argentino debutar\u00e1 en el m\u00e1ximo nivel del automovilismo y recibi\u00f3 palabras de apoyo por parte de Sergio P\u00e9rez... Continue reading\" \/>\n<meta property=\"og:url\" content=\"https:\/\/nativainfo.com\/?p=4432\" \/>\n<meta property=\"og:site_name\" content=\"Nativa Info\" \/>\n<meta property=\"article:publisher\" content=\"https:\/\/www.facebook.com\/profile.php?id=61578881597564\" \/>\n<meta property=\"article:published_time\" content=\"2024-08-30T01:35:31+00:00\" \/>\n<meta property=\"og:image\" content=\"http:\/\/nativainfo.com\/wp-content\/uploads\/2024\/08\/imagen_2024-08-29_223523671.png\" \/>\n<meta name=\"author\" content=\"Nativa Info\" \/>\n<meta name=\"twitter:card\" content=\"summary_large_image\" \/>\n<meta name=\"twitter:label1\" content=\"Escrito por\" \/>\n\t<meta name=\"twitter:data1\" content=\"Nativa Info\" \/>\n\t<meta name=\"twitter:label2\" content=\"Tiempo de lectura\" \/>\n\t<meta name=\"twitter:data2\" content=\"1 minuto\" \/>\n<script type=\"application\/ld+json\" class=\"yoast-schema-graph\">{\"@context\":\"https:\/\/schema.org\",\"@graph\":[{\"@type\":\"Article\",\"@id\":\"https:\/\/nativainfo.com\/?p=4432#article\",\"isPartOf\":{\"@id\":\"https:\/\/nativainfo.com\/?p=4432\"},\"author\":{\"name\":\"Nativa Info\",\"@id\":\"https:\/\/nativainfo.com\/#\/schema\/person\/24893b64a9cd564ddb5d102d36eb4b5c\"},\"headline\":\"Dos pilotos de la F\u00f3rmula 1 celebraron con elogios la llegada de Franco Colapinto a la categor\u00eda\",\"datePublished\":\"2024-08-30T01:35:31+00:00\",\"mainEntityOfPage\":{\"@id\":\"https:\/\/nativainfo.com\/?p=4432\"},\"wordCount\":273,\"commentCount\":0,\"publisher\":{\"@id\":\"https:\/\/nativainfo.com\/#organization\"},\"image\":{\"@id\":\"https:\/\/nativainfo.com\/?p=4432#primaryimage\"},\"thumbnailUrl\":\"http:\/\/nativainfo.com\/wp-content\/uploads\/2024\/08\/imagen_2024-08-29_223523671.png\",\"articleSection\":[\"Automovilismo\"],\"inLanguage\":\"es-AR\",\"potentialAction\":[{\"@type\":\"CommentAction\",\"name\":\"Comment\",\"target\":[\"https:\/\/nativainfo.com\/?p=4432#respond\"]}]},{\"@type\":\"WebPage\",\"@id\":\"https:\/\/nativainfo.com\/?p=4432\",\"url\":\"https:\/\/nativainfo.com\/?p=4432\",\"name\":\"Dos pilotos de la F\u00f3rmula 1 celebraron con elogios la llegada de Franco Colapinto a la categor\u00eda - Nativa Info\",\"isPartOf\":{\"@id\":\"https:\/\/nativainfo.com\/#website\"},\"primaryImageOfPage\":{\"@id\":\"https:\/\/nativainfo.com\/?p=4432#primaryimage\"},\"image\":{\"@id\":\"https:\/\/nativainfo.com\/?p=4432#primaryimage\"},\"thumbnailUrl\":\"http:\/\/nativainfo.com\/wp-content\/uploads\/2024\/08\/imagen_2024-08-29_223523671.png\",\"datePublished\":\"2024-08-30T01:35:31+00:00\",\"breadcrumb\":{\"@id\":\"https:\/\/nativainfo.com\/?p=4432#breadcrumb\"},\"inLanguage\":\"es-AR\",\"potentialAction\":[{\"@type\":\"ReadAction\",\"target\":[\"https:\/\/nativainfo.com\/?p=4432\"]}]},{\"@type\":\"ImageObject\",\"inLanguage\":\"es-AR\",\"@id\":\"https:\/\/nativainfo.com\/?p=4432#primaryimage\",\"url\":\"https:\/\/nativainfo.com\/wp-content\/uploads\/2024\/08\/imagen_2024-08-29_223523671.png\",\"contentUrl\":\"https:\/\/nativainfo.com\/wp-content\/uploads\/2024\/08\/imagen_2024-08-29_223523671.png\",\"width\":1010,\"height\":567},{\"@type\":\"BreadcrumbList\",\"@id\":\"https:\/\/nativainfo.com\/?p=4432#breadcrumb\",\"itemListElement\":[{\"@type\":\"ListItem\",\"position\":1,\"name\":\"Inicio\",\"item\":\"https:\/\/nativainfo.com\/\"},{\"@type\":\"ListItem\",\"position\":2,\"name\":\"Dos pilotos de la F\u00f3rmula 1 celebraron con elogios la llegada de Franco Colapinto a la categor\u00eda\"}]},{\"@type\":\"WebSite\",\"@id\":\"https:\/\/nativainfo.com\/#website\",\"url\":\"https:\/\/nativainfo.com\/\",\"name\":\"Nativa Info\",\"description\":\"Diario Digital\",\"publisher\":{\"@id\":\"https:\/\/nativainfo.com\/#organization\"},\"potentialAction\":[{\"@type\":\"SearchAction\",\"target\":{\"@type\":\"EntryPoint\",\"urlTemplate\":\"https:\/\/nativainfo.com\/?s={search_term_string}\"},\"query-input\":{\"@type\":\"PropertyValueSpecification\",\"valueRequired\":true,\"valueName\":\"search_term_string\"}}],\"inLanguage\":\"es-AR\"},{\"@type\":\"Organization\",\"@id\":\"https:\/\/nativainfo.com\/#organization\",\"name\":\"Nativa Info\",\"url\":\"https:\/\/nativainfo.com\/\",\"logo\":{\"@type\":\"ImageObject\",\"inLanguage\":\"es-AR\",\"@id\":\"https:\/\/nativainfo.com\/#\/schema\/logo\/image\/\",\"url\":\"https:\/\/nativainfo.com\/wp-content\/uploads\/2025\/08\/LOGO-NATIVA-FACE.jpg\",\"contentUrl\":\"https:\/\/nativainfo.com\/wp-content\/uploads\/2025\/08\/LOGO-NATIVA-FACE.jpg\",\"width\":400,\"height\":400,\"caption\":\"Nativa Info\"},\"image\":{\"@id\":\"https:\/\/nativainfo.com\/#\/schema\/logo\/image\/\"},\"sameAs\":[\"https:\/\/www.facebook.com\/profile.php?id=61578881597564\"]},{\"@type\":\"Person\",\"@id\":\"https:\/\/nativainfo.com\/#\/schema\/person\/24893b64a9cd564ddb5d102d36eb4b5c\",\"name\":\"Nativa Info\",\"image\":{\"@type\":\"ImageObject\",\"inLanguage\":\"es-AR\",\"@id\":\"https:\/\/nativainfo.com\/#\/schema\/person\/image\/\",\"url\":\"https:\/\/secure.gravatar.com\/avatar\/016fa1cf068d85136d938e1507b9b619cb766e2565cbb1faa1e571762460c785?s=96&d=mm&r=g\",\"contentUrl\":\"https:\/\/secure.gravatar.com\/avatar\/016fa1cf068d85136d938e1507b9b619cb766e2565cbb1faa1e571762460c785?s=96&d=mm&r=g\",\"caption\":\"Nativa Info\"},\"sameAs\":[\"http:\/\/nativainfo.com\"],\"url\":\"https:\/\/nativainfo.com\/?author=1\"}]}<\/script>\n<!-- \/ Yoast SEO plugin. -->","yoast_head_json":{"title":"Dos pilotos de la F\u00f3rmula 1 celebraron con elogios la llegada de Franco Colapinto a la categor\u00eda - Nativa Info","robots":{"index":"index","follow":"follow","max-snippet":"max-snippet:-1","max-image-preview":"max-image-preview:large","max-video-preview":"max-video-preview:-1"},"canonical":"https:\/\/nativainfo.com\/?p=4432","og_locale":"es_ES","og_type":"article","og_title":"Dos pilotos de la F\u00f3rmula 1 celebraron con elogios la llegada de Franco Colapinto a la categor\u00eda - Nativa Info","og_description":"El piloto argentino debutar\u00e1 en el m\u00e1ximo nivel del automovilismo y recibi\u00f3 palabras de apoyo por parte de Sergio P\u00e9rez... Continue reading","og_url":"https:\/\/nativainfo.com\/?p=4432","og_site_name":"Nativa Info","article_publisher":"https:\/\/www.facebook.com\/profile.php?id=61578881597564","article_published_time":"2024-08-30T01:35:31+00:00","og_image":[{"url":"http:\/\/nativainfo.com\/wp-content\/uploads\/2024\/08\/imagen_2024-08-29_223523671.png","type":"","width":"","height":""}],"author":"Nativa Info","twitter_card":"summary_large_image","twitter_misc":{"Escrito por":"Nativa Info","Tiempo de lectura":"1 minuto"},"schema":{"@context":"https:\/\/schema.org","@graph":[{"@type":"Article","@id":"https:\/\/nativainfo.com\/?p=4432#article","isPartOf":{"@id":"https:\/\/nativainfo.com\/?p=4432"},"author":{"name":"Nativa Info","@id":"https:\/\/nativainfo.com\/#\/schema\/person\/24893b64a9cd564ddb5d102d36eb4b5c"},"headline":"Dos pilotos de la F\u00f3rmula 1 celebraron con elogios la llegada de Franco Colapinto a la categor\u00eda","datePublished":"2024-08-30T01:35:31+00:00","mainEntityOfPage":{"@id":"https:\/\/nativainfo.com\/?p=4432"},"wordCount":273,"commentCount":0,"publisher":{"@id":"https:\/\/nativainfo.com\/#organization"},"image":{"@id":"https:\/\/nativainfo.com\/?p=4432#primaryimage"},"thumbnailUrl":"http:\/\/nativainfo.com\/wp-content\/uploads\/2024\/08\/imagen_2024-08-29_223523671.png","articleSection":["Automovilismo"],"inLanguage":"es-AR","potentialAction":[{"@type":"CommentAction","name":"Comment","target":["https:\/\/nativainfo.com\/?p=4432#respond"]}]},{"@type":"WebPage","@id":"https:\/\/nativainfo.com\/?p=4432","url":"https:\/\/nativainfo.com\/?p=4432","name":"Dos pilotos de la F\u00f3rmula 1 celebraron con elogios la llegada de Franco Colapinto a la categor\u00eda - Nativa Info","isPartOf":{"@id":"https:\/\/nativainfo.com\/#website"},"primaryImageOfPage":{"@id":"https:\/\/nativainfo.com\/?p=4432#primaryimage"},"image":{"@id":"https:\/\/nativainfo.com\/?p=4432#primaryimage"},"thumbnailUrl":"http:\/\/nativainfo.com\/wp-content\/uploads\/2024\/08\/imagen_2024-08-29_223523671.png","datePublished":"2024-08-30T01:35:31+00:00","breadcrumb":{"@id":"https:\/\/nativainfo.com\/?p=4432#breadcrumb"},"inLanguage":"es-AR","potentialAction":[{"@type":"ReadAction","target":["https:\/\/nativainfo.com\/?p=4432"]}]},{"@type":"ImageObject","inLanguage":"es-AR","@id":"https:\/\/nativainfo.com\/?p=4432#primaryimage","url":"https:\/\/nativainfo.com\/wp-content\/uploads\/2024\/08\/imagen_2024-08-29_223523671.png","contentUrl":"https:\/\/nativainfo.com\/wp-content\/uploads\/2024\/08\/imagen_2024-08-29_223523671.png","width":1010,"height":567},{"@type":"BreadcrumbList","@id":"https:\/\/nativainfo.com\/?p=4432#breadcrumb","itemListElement":[{"@type":"ListItem","position":1,"name":"Inicio","item":"https:\/\/nativainfo.com\/"},{"@type":"ListItem","position":2,"name":"Dos pilotos de la F\u00f3rmula 1 celebraron con elogios la llegada de Franco Colapinto a la categor\u00eda"}]},{"@type":"WebSite","@id":"https:\/\/nativainfo.com\/#website","url":"https:\/\/nativainfo.com\/","name":"Nativa Info","description":"Diario Digital","publisher":{"@id":"https:\/\/nativainfo.com\/#organization"},"potentialAction":[{"@type":"SearchAction","target":{"@type":"EntryPoint","urlTemplate":"https:\/\/nativainfo.com\/?s={search_term_string}"},"query-input":{"@type":"PropertyValueSpecification","valueRequired":true,"valueName":"search_term_string"}}],"inLanguage":"es-AR"},{"@type":"Organization","@id":"https:\/\/nativainfo.com\/#organization","name":"Nativa Info","url":"https:\/\/nativainfo.com\/","logo":{"@type":"ImageObject","inLanguage":"es-AR","@id":"https:\/\/nativainfo.com\/#\/schema\/logo\/image\/","url":"https:\/\/nativainfo.com\/wp-content\/uploads\/2025\/08\/LOGO-NATIVA-FACE.jpg","contentUrl":"https:\/\/nativainfo.com\/wp-content\/uploads\/2025\/08\/LOGO-NATIVA-FACE.jpg","width":400,"height":400,"caption":"Nativa Info"},"image":{"@id":"https:\/\/nativainfo.com\/#\/schema\/logo\/image\/"},"sameAs":["https:\/\/www.facebook.com\/profile.php?id=61578881597564"]},{"@type":"Person","@id":"https:\/\/nativainfo.com\/#\/schema\/person\/24893b64a9cd564ddb5d102d36eb4b5c","name":"Nativa Info","image":{"@type":"ImageObject","inLanguage":"es-AR","@id":"https:\/\/nativainfo.com\/#\/schema\/person\/image\/","url":"https:\/\/secure.gravatar.com\/avatar\/016fa1cf068d85136d938e1507b9b619cb766e2565cbb1faa1e571762460c785?s=96&d=mm&r=g","contentUrl":"https:\/\/secure.gravatar.com\/avatar\/016fa1cf068d85136d938e1507b9b619cb766e2565cbb1faa1e571762460c785?s=96&d=mm&r=g","caption":"Nativa Info"},"sameAs":["http:\/\/nativainfo.com"],"url":"https:\/\/nativainfo.com\/?author=1"}]}},"jetpack_publicize_connections":[],"_links":{"self":[{"href":"https:\/\/nativainfo.com\/index.php?rest_route=\/wp\/v2\/posts\/4432","targetHints":{"allow":["GET"]}}],"collection":[{"href":"https:\/\/nativainfo.com\/index.php?rest_route=\/wp\/v2\/posts"}],"about":[{"href":"https:\/\/nativainfo.com\/index.php?rest_route=\/wp\/v2\/types\/post"}],"author":[{"embeddable":true,"href":"https:\/\/nativainfo.com\/index.php?rest_route=\/wp\/v2\/users\/1"}],"replies":[{"embeddable":true,"href":"https:\/\/nativainfo.com\/index.php?rest_route=%2Fwp%2Fv2%2Fcomments&post=4432"}],"version-history":[{"count":1,"href":"https:\/\/nativainfo.com\/index.php?rest_route=\/wp\/v2\/posts\/4432\/revisions"}],"predecessor-version":[{"id":4436,"href":"https:\/\/nativainfo.com\/index.php?rest_route=\/wp\/v2\/posts\/4432\/revisions\/4436"}],"wp:attachment":[{"href":"https:\/\/nativainfo.com\/index.php?rest_route=%2Fwp%2Fv2%2Fmedia&parent=4432"}],"wp:term":[{"taxonomy":"category","embeddable":true,"href":"https:\/\/nativainfo.com\/index.php?rest_route=%2Fwp%2Fv2%2Fcategories&post=4432"},{"taxonomy":"post_tag","embeddable":true,"href":"https:\/\/nativainfo.com\/index.php?rest_route=%2Fwp%2Fv2%2Ftags&post=4432"}],"curies":[{"name":"wp","href":"https:\/\/api.w.org\/{rel}","templated":true}]}}