{"id":4419,"date":"2024-08-20T00:58:04","date_gmt":"2024-08-20T03:58:04","guid":{"rendered":"http:\/\/nativainfo.com\/?p=4419"},"modified":"2024-08-20T00:58:06","modified_gmt":"2024-08-20T03:58:06","slug":"el-gobernador-participo-de-la-inauguracion-de-una-nueva-planta-fabril-en-santiago","status":"publish","type":"post","link":"https:\/\/nativainfo.com\/?p=4419","title":{"rendered":"El Gobernador particip\u00f3 de la inauguraci\u00f3n de una nueva planta fabril en Santiago"},"content":{"rendered":"\n<p>El establecimiento abre sus puertas con 25 trabajadores y la pronta incorporaci\u00f3n de otros 12.<\/p>\n\n\n\n<figure class=\"wp-block-image size-large\"><img fetchpriority=\"high\" decoding=\"async\" width=\"1024\" height=\"576\" src=\"http:\/\/nativainfo.com\/wp-content\/uploads\/2024\/08\/imagen_2024-08-20_005735708-1024x576.png\" alt=\"\" class=\"wp-image-4421\" srcset=\"https:\/\/nativainfo.com\/wp-content\/uploads\/2024\/08\/imagen_2024-08-20_005735708-1024x576.png 1024w, https:\/\/nativainfo.com\/wp-content\/uploads\/2024\/08\/imagen_2024-08-20_005735708-300x169.png 300w, https:\/\/nativainfo.com\/wp-content\/uploads\/2024\/08\/imagen_2024-08-20_005735708-768x432.png 768w, https:\/\/nativainfo.com\/wp-content\/uploads\/2024\/08\/imagen_2024-08-20_005735708-622x350.png 622w, https:\/\/nativainfo.com\/wp-content\/uploads\/2024\/08\/imagen_2024-08-20_005735708-150x84.png 150w, https:\/\/nativainfo.com\/wp-content\/uploads\/2024\/08\/imagen_2024-08-20_005735708.png 1200w\" sizes=\"(max-width: 1024px) 100vw, 1024px\" \/><\/figure>\n\n\n\n<p>El gobernador&nbsp;<strong>Gerardo&nbsp;<\/strong><strong>Zamora&nbsp;<\/strong>asisti\u00f3 este lunes por la tarde al acto de inauguraci\u00f3n de la planta de la firma&nbsp;<strong>Prima Implantes SA<\/strong>, una empresa con<strong>&nbsp;13 a\u00f1os de trayectoria en el pa\u00eds dedicada a la fabricaci\u00f3n, venta local y exportaci\u00f3n de pr\u00f3tesis e implantes traumatol\u00f3gicos.<\/strong><\/p>\n\n\n\n<p>El establecimiento abre sus puertas con&nbsp;<strong>25 trabajadores y la pronta incorporaci\u00f3n de otros 12. Un total de 37 santiague\u00f1os<\/strong>, mano de obra calificada, que operar\u00e1 en esta planta ubicada en avenida Sol\u00eds Oeste al 500 del barrio Tradici\u00f3n de la ciudad Capital, donde el mandatario fue recibido por los propietarios, Carlos y Ra\u00fal Tarroubella, y la gerente de la sucursal Santiago del Estero, Mayra Sequeira Castagna, entre otros directivos y personal.<\/p>\n","protected":false},"excerpt":{"rendered":"<p>El establecimiento abre sus puertas con 25 trabajadores y la pronta incorporaci\u00f3n de otros 12. El gobernador&nbsp;Gerardo&nbsp;Zamora&nbsp;asisti\u00f3 este lunes por&#8230; <a class=\"continue-reading-link\" href=\"https:\/\/nativainfo.com\/?p=4419\">Continue reading<\/a><\/p>\n","protected":false},"author":1,"featured_media":0,"comment_status":"open","ping_status":"open","sticky":false,"template":"","format":"standard","meta":{"rop_custom_images_group":[],"rop_custom_messages_group":[],"rop_publish_now":"initial","rop_publish_now_accounts":[],"rop_publish_now_history":[],"rop_publish_now_status":"pending","footnotes":"","jetpack_publicize_message":"","jetpack_publicize_feature_enabled":true,"jetpack_social_post_already_shared":false,"jetpack_social_options":{"image_generator_settings":{"template":"highway","default_image_id":0,"font":"","enabled":false},"version":2}},"categories":[73,40],"tags":[],"class_list":["post-4419","post","type-post","status-publish","format-standard","hentry","category-industria","category-santiago-del-estero"],"yoast_head":"<!-- This site is optimized with the Yoast SEO plugin v25.6 - https:\/\/yoast.com\/wordpress\/plugins\/seo\/ -->\n<title>El Gobernador particip\u00f3 de la inauguraci\u00f3n de una nueva planta fabril en Santiago - Nativa Info<\/title>\n<meta name=\"robots\" content=\"index, follow, max-snippet:-1, max-image-preview:large, max-video-preview:-1\" \/>\n<link rel=\"canonical\" href=\"https:\/\/nativainfo.com\/?p=4419\" \/>\n<meta property=\"og:locale\" content=\"es_ES\" \/>\n<meta property=\"og:type\" content=\"article\" \/>\n<meta property=\"og:title\" content=\"El Gobernador particip\u00f3 de la inauguraci\u00f3n de una nueva planta fabril en Santiago - Nativa Info\" \/>\n<meta property=\"og:description\" content=\"El establecimiento abre sus puertas con 25 trabajadores y la pronta incorporaci\u00f3n de otros 12. El gobernador&nbsp;Gerardo&nbsp;Zamora&nbsp;asisti\u00f3 este lunes por... Continue reading\" \/>\n<meta property=\"og:url\" content=\"https:\/\/nativainfo.com\/?p=4419\" \/>\n<meta property=\"og:site_name\" content=\"Nativa Info\" \/>\n<meta property=\"article:publisher\" content=\"https:\/\/www.facebook.com\/profile.php?id=61578881597564\" \/>\n<meta property=\"article:published_time\" content=\"2024-08-20T03:58:04+00:00\" \/>\n<meta property=\"article:modified_time\" content=\"2024-08-20T03:58:06+00:00\" \/>\n<meta property=\"og:image\" content=\"http:\/\/nativainfo.com\/wp-content\/uploads\/2024\/08\/imagen_2024-08-20_005735708-1024x576.png\" \/>\n<meta name=\"author\" content=\"Nativa Info\" \/>\n<meta name=\"twitter:card\" content=\"summary_large_image\" \/>\n<meta name=\"twitter:label1\" content=\"Escrito por\" \/>\n\t<meta name=\"twitter:data1\" content=\"Nativa Info\" \/>\n\t<meta name=\"twitter:label2\" content=\"Tiempo de lectura\" \/>\n\t<meta name=\"twitter:data2\" content=\"1 minuto\" \/>\n<script type=\"application\/ld+json\" class=\"yoast-schema-graph\">{\"@context\":\"https:\/\/schema.org\",\"@graph\":[{\"@type\":\"Article\",\"@id\":\"https:\/\/nativainfo.com\/?p=4419#article\",\"isPartOf\":{\"@id\":\"https:\/\/nativainfo.com\/?p=4419\"},\"author\":{\"name\":\"Nativa Info\",\"@id\":\"https:\/\/nativainfo.com\/#\/schema\/person\/24893b64a9cd564ddb5d102d36eb4b5c\"},\"headline\":\"El Gobernador particip\u00f3 de la inauguraci\u00f3n de una nueva planta fabril en Santiago\",\"datePublished\":\"2024-08-20T03:58:04+00:00\",\"dateModified\":\"2024-08-20T03:58:06+00:00\",\"mainEntityOfPage\":{\"@id\":\"https:\/\/nativainfo.com\/?p=4419\"},\"wordCount\":159,\"commentCount\":0,\"publisher\":{\"@id\":\"https:\/\/nativainfo.com\/#organization\"},\"image\":{\"@id\":\"https:\/\/nativainfo.com\/?p=4419#primaryimage\"},\"thumbnailUrl\":\"http:\/\/nativainfo.com\/wp-content\/uploads\/2024\/08\/imagen_2024-08-20_005735708-1024x576.png\",\"articleSection\":[\"Industria\",\"Santiago del Estero\"],\"inLanguage\":\"es-AR\",\"potentialAction\":[{\"@type\":\"CommentAction\",\"name\":\"Comment\",\"target\":[\"https:\/\/nativainfo.com\/?p=4419#respond\"]}]},{\"@type\":\"WebPage\",\"@id\":\"https:\/\/nativainfo.com\/?p=4419\",\"url\":\"https:\/\/nativainfo.com\/?p=4419\",\"name\":\"El Gobernador particip\u00f3 de la inauguraci\u00f3n de una nueva planta fabril en Santiago - Nativa Info\",\"isPartOf\":{\"@id\":\"https:\/\/nativainfo.com\/#website\"},\"primaryImageOfPage\":{\"@id\":\"https:\/\/nativainfo.com\/?p=4419#primaryimage\"},\"image\":{\"@id\":\"https:\/\/nativainfo.com\/?p=4419#primaryimage\"},\"thumbnailUrl\":\"http:\/\/nativainfo.com\/wp-content\/uploads\/2024\/08\/imagen_2024-08-20_005735708-1024x576.png\",\"datePublished\":\"2024-08-20T03:58:04+00:00\",\"dateModified\":\"2024-08-20T03:58:06+00:00\",\"breadcrumb\":{\"@id\":\"https:\/\/nativainfo.com\/?p=4419#breadcrumb\"},\"inLanguage\":\"es-AR\",\"potentialAction\":[{\"@type\":\"ReadAction\",\"target\":[\"https:\/\/nativainfo.com\/?p=4419\"]}]},{\"@type\":\"ImageObject\",\"inLanguage\":\"es-AR\",\"@id\":\"https:\/\/nativainfo.com\/?p=4419#primaryimage\",\"url\":\"https:\/\/nativainfo.com\/wp-content\/uploads\/2024\/08\/imagen_2024-08-20_005735708.png\",\"contentUrl\":\"https:\/\/nativainfo.com\/wp-content\/uploads\/2024\/08\/imagen_2024-08-20_005735708.png\",\"width\":1200,\"height\":675},{\"@type\":\"BreadcrumbList\",\"@id\":\"https:\/\/nativainfo.com\/?p=4419#breadcrumb\",\"itemListElement\":[{\"@type\":\"ListItem\",\"position\":1,\"name\":\"Inicio\",\"item\":\"https:\/\/nativainfo.com\/\"},{\"@type\":\"ListItem\",\"position\":2,\"name\":\"El Gobernador particip\u00f3 de la inauguraci\u00f3n de una nueva planta fabril en Santiago\"}]},{\"@type\":\"WebSite\",\"@id\":\"https:\/\/nativainfo.com\/#website\",\"url\":\"https:\/\/nativainfo.com\/\",\"name\":\"Nativa Info\",\"description\":\"Diario Digital\",\"publisher\":{\"@id\":\"https:\/\/nativainfo.com\/#organization\"},\"potentialAction\":[{\"@type\":\"SearchAction\",\"target\":{\"@type\":\"EntryPoint\",\"urlTemplate\":\"https:\/\/nativainfo.com\/?s={search_term_string}\"},\"query-input\":{\"@type\":\"PropertyValueSpecification\",\"valueRequired\":true,\"valueName\":\"search_term_string\"}}],\"inLanguage\":\"es-AR\"},{\"@type\":\"Organization\",\"@id\":\"https:\/\/nativainfo.com\/#organization\",\"name\":\"Nativa Info\",\"url\":\"https:\/\/nativainfo.com\/\",\"logo\":{\"@type\":\"ImageObject\",\"inLanguage\":\"es-AR\",\"@id\":\"https:\/\/nativainfo.com\/#\/schema\/logo\/image\/\",\"url\":\"https:\/\/nativainfo.com\/wp-content\/uploads\/2025\/08\/LOGO-NATIVA-FACE.jpg\",\"contentUrl\":\"https:\/\/nativainfo.com\/wp-content\/uploads\/2025\/08\/LOGO-NATIVA-FACE.jpg\",\"width\":400,\"height\":400,\"caption\":\"Nativa Info\"},\"image\":{\"@id\":\"https:\/\/nativainfo.com\/#\/schema\/logo\/image\/\"},\"sameAs\":[\"https:\/\/www.facebook.com\/profile.php?id=61578881597564\"]},{\"@type\":\"Person\",\"@id\":\"https:\/\/nativainfo.com\/#\/schema\/person\/24893b64a9cd564ddb5d102d36eb4b5c\",\"name\":\"Nativa Info\",\"image\":{\"@type\":\"ImageObject\",\"inLanguage\":\"es-AR\",\"@id\":\"https:\/\/nativainfo.com\/#\/schema\/person\/image\/\",\"url\":\"https:\/\/secure.gravatar.com\/avatar\/016fa1cf068d85136d938e1507b9b619cb766e2565cbb1faa1e571762460c785?s=96&d=mm&r=g\",\"contentUrl\":\"https:\/\/secure.gravatar.com\/avatar\/016fa1cf068d85136d938e1507b9b619cb766e2565cbb1faa1e571762460c785?s=96&d=mm&r=g\",\"caption\":\"Nativa Info\"},\"sameAs\":[\"http:\/\/nativainfo.com\"],\"url\":\"https:\/\/nativainfo.com\/?author=1\"}]}<\/script>\n<!-- \/ Yoast SEO plugin. -->","yoast_head_json":{"title":"El Gobernador particip\u00f3 de la inauguraci\u00f3n de una nueva planta fabril en Santiago - Nativa Info","robots":{"index":"index","follow":"follow","max-snippet":"max-snippet:-1","max-image-preview":"max-image-preview:large","max-video-preview":"max-video-preview:-1"},"canonical":"https:\/\/nativainfo.com\/?p=4419","og_locale":"es_ES","og_type":"article","og_title":"El Gobernador particip\u00f3 de la inauguraci\u00f3n de una nueva planta fabril en Santiago - Nativa Info","og_description":"El establecimiento abre sus puertas con 25 trabajadores y la pronta incorporaci\u00f3n de otros 12. El gobernador&nbsp;Gerardo&nbsp;Zamora&nbsp;asisti\u00f3 este lunes por... Continue reading","og_url":"https:\/\/nativainfo.com\/?p=4419","og_site_name":"Nativa Info","article_publisher":"https:\/\/www.facebook.com\/profile.php?id=61578881597564","article_published_time":"2024-08-20T03:58:04+00:00","article_modified_time":"2024-08-20T03:58:06+00:00","og_image":[{"url":"http:\/\/nativainfo.com\/wp-content\/uploads\/2024\/08\/imagen_2024-08-20_005735708-1024x576.png","type":"","width":"","height":""}],"author":"Nativa Info","twitter_card":"summary_large_image","twitter_misc":{"Escrito por":"Nativa Info","Tiempo de lectura":"1 minuto"},"schema":{"@context":"https:\/\/schema.org","@graph":[{"@type":"Article","@id":"https:\/\/nativainfo.com\/?p=4419#article","isPartOf":{"@id":"https:\/\/nativainfo.com\/?p=4419"},"author":{"name":"Nativa Info","@id":"https:\/\/nativainfo.com\/#\/schema\/person\/24893b64a9cd564ddb5d102d36eb4b5c"},"headline":"El Gobernador particip\u00f3 de la inauguraci\u00f3n de una nueva planta fabril en Santiago","datePublished":"2024-08-20T03:58:04+00:00","dateModified":"2024-08-20T03:58:06+00:00","mainEntityOfPage":{"@id":"https:\/\/nativainfo.com\/?p=4419"},"wordCount":159,"commentCount":0,"publisher":{"@id":"https:\/\/nativainfo.com\/#organization"},"image":{"@id":"https:\/\/nativainfo.com\/?p=4419#primaryimage"},"thumbnailUrl":"http:\/\/nativainfo.com\/wp-content\/uploads\/2024\/08\/imagen_2024-08-20_005735708-1024x576.png","articleSection":["Industria","Santiago del Estero"],"inLanguage":"es-AR","potentialAction":[{"@type":"CommentAction","name":"Comment","target":["https:\/\/nativainfo.com\/?p=4419#respond"]}]},{"@type":"WebPage","@id":"https:\/\/nativainfo.com\/?p=4419","url":"https:\/\/nativainfo.com\/?p=4419","name":"El Gobernador particip\u00f3 de la inauguraci\u00f3n de una nueva planta fabril en Santiago - Nativa Info","isPartOf":{"@id":"https:\/\/nativainfo.com\/#website"},"primaryImageOfPage":{"@id":"https:\/\/nativainfo.com\/?p=4419#primaryimage"},"image":{"@id":"https:\/\/nativainfo.com\/?p=4419#primaryimage"},"thumbnailUrl":"http:\/\/nativainfo.com\/wp-content\/uploads\/2024\/08\/imagen_2024-08-20_005735708-1024x576.png","datePublished":"2024-08-20T03:58:04+00:00","dateModified":"2024-08-20T03:58:06+00:00","breadcrumb":{"@id":"https:\/\/nativainfo.com\/?p=4419#breadcrumb"},"inLanguage":"es-AR","potentialAction":[{"@type":"ReadAction","target":["https:\/\/nativainfo.com\/?p=4419"]}]},{"@type":"ImageObject","inLanguage":"es-AR","@id":"https:\/\/nativainfo.com\/?p=4419#primaryimage","url":"https:\/\/nativainfo.com\/wp-content\/uploads\/2024\/08\/imagen_2024-08-20_005735708.png","contentUrl":"https:\/\/nativainfo.com\/wp-content\/uploads\/2024\/08\/imagen_2024-08-20_005735708.png","width":1200,"height":675},{"@type":"BreadcrumbList","@id":"https:\/\/nativainfo.com\/?p=4419#breadcrumb","itemListElement":[{"@type":"ListItem","position":1,"name":"Inicio","item":"https:\/\/nativainfo.com\/"},{"@type":"ListItem","position":2,"name":"El Gobernador particip\u00f3 de la inauguraci\u00f3n de una nueva planta fabril en Santiago"}]},{"@type":"WebSite","@id":"https:\/\/nativainfo.com\/#website","url":"https:\/\/nativainfo.com\/","name":"Nativa Info","description":"Diario Digital","publisher":{"@id":"https:\/\/nativainfo.com\/#organization"},"potentialAction":[{"@type":"SearchAction","target":{"@type":"EntryPoint","urlTemplate":"https:\/\/nativainfo.com\/?s={search_term_string}"},"query-input":{"@type":"PropertyValueSpecification","valueRequired":true,"valueName":"search_term_string"}}],"inLanguage":"es-AR"},{"@type":"Organization","@id":"https:\/\/nativainfo.com\/#organization","name":"Nativa Info","url":"https:\/\/nativainfo.com\/","logo":{"@type":"ImageObject","inLanguage":"es-AR","@id":"https:\/\/nativainfo.com\/#\/schema\/logo\/image\/","url":"https:\/\/nativainfo.com\/wp-content\/uploads\/2025\/08\/LOGO-NATIVA-FACE.jpg","contentUrl":"https:\/\/nativainfo.com\/wp-content\/uploads\/2025\/08\/LOGO-NATIVA-FACE.jpg","width":400,"height":400,"caption":"Nativa Info"},"image":{"@id":"https:\/\/nativainfo.com\/#\/schema\/logo\/image\/"},"sameAs":["https:\/\/www.facebook.com\/profile.php?id=61578881597564"]},{"@type":"Person","@id":"https:\/\/nativainfo.com\/#\/schema\/person\/24893b64a9cd564ddb5d102d36eb4b5c","name":"Nativa Info","image":{"@type":"ImageObject","inLanguage":"es-AR","@id":"https:\/\/nativainfo.com\/#\/schema\/person\/image\/","url":"https:\/\/secure.gravatar.com\/avatar\/016fa1cf068d85136d938e1507b9b619cb766e2565cbb1faa1e571762460c785?s=96&d=mm&r=g","contentUrl":"https:\/\/secure.gravatar.com\/avatar\/016fa1cf068d85136d938e1507b9b619cb766e2565cbb1faa1e571762460c785?s=96&d=mm&r=g","caption":"Nativa Info"},"sameAs":["http:\/\/nativainfo.com"],"url":"https:\/\/nativainfo.com\/?author=1"}]}},"jetpack_publicize_connections":[],"_links":{"self":[{"href":"https:\/\/nativainfo.com\/index.php?rest_route=\/wp\/v2\/posts\/4419","targetHints":{"allow":["GET"]}}],"collection":[{"href":"https:\/\/nativainfo.com\/index.php?rest_route=\/wp\/v2\/posts"}],"about":[{"href":"https:\/\/nativainfo.com\/index.php?rest_route=\/wp\/v2\/types\/post"}],"author":[{"embeddable":true,"href":"https:\/\/nativainfo.com\/index.php?rest_route=\/wp\/v2\/users\/1"}],"replies":[{"embeddable":true,"href":"https:\/\/nativainfo.com\/index.php?rest_route=%2Fwp%2Fv2%2Fcomments&post=4419"}],"version-history":[{"count":1,"href":"https:\/\/nativainfo.com\/index.php?rest_route=\/wp\/v2\/posts\/4419\/revisions"}],"predecessor-version":[{"id":4423,"href":"https:\/\/nativainfo.com\/index.php?rest_route=\/wp\/v2\/posts\/4419\/revisions\/4423"}],"wp:attachment":[{"href":"https:\/\/nativainfo.com\/index.php?rest_route=%2Fwp%2Fv2%2Fmedia&parent=4419"}],"wp:term":[{"taxonomy":"category","embeddable":true,"href":"https:\/\/nativainfo.com\/index.php?rest_route=%2Fwp%2Fv2%2Fcategories&post=4419"},{"taxonomy":"post_tag","embeddable":true,"href":"https:\/\/nativainfo.com\/index.php?rest_route=%2Fwp%2Fv2%2Ftags&post=4419"}],"curies":[{"name":"wp","href":"https:\/\/api.w.org\/{rel}","templated":true}]}}