{"id":4410,"date":"2024-08-12T23:39:16","date_gmt":"2024-08-13T02:39:16","guid":{"rendered":"http:\/\/nativainfo.com\/?p=4410"},"modified":"2024-08-12T23:39:17","modified_gmt":"2024-08-13T02:39:17","slug":"atletico-de-madrid-oficializo-el-fichaje-de-julian-alvarez-como-refuerzo","status":"publish","type":"post","link":"https:\/\/nativainfo.com\/?p=4410","title":{"rendered":"Atl\u00e9tico de Madrid oficializ\u00f3 el fichaje de Juli\u00e1n \u00c1lvarez como refuerzo"},"content":{"rendered":"\n<p>El delantero argentino lleg\u00f3 a la capital de Espa\u00f1a y firm\u00f3 un contrato con el elenco Colchonero por seis temporadas.<\/p>\n\n\n\n<figure class=\"wp-block-image size-large\"><img fetchpriority=\"high\" decoding=\"async\" width=\"1010\" height=\"567\" src=\"http:\/\/nativainfo.com\/wp-content\/uploads\/2024\/08\/imagen_2024-08-12_233912557.png\" alt=\"\" class=\"wp-image-4415\" srcset=\"https:\/\/nativainfo.com\/wp-content\/uploads\/2024\/08\/imagen_2024-08-12_233912557.png 1010w, https:\/\/nativainfo.com\/wp-content\/uploads\/2024\/08\/imagen_2024-08-12_233912557-300x168.png 300w, https:\/\/nativainfo.com\/wp-content\/uploads\/2024\/08\/imagen_2024-08-12_233912557-768x431.png 768w, https:\/\/nativainfo.com\/wp-content\/uploads\/2024\/08\/imagen_2024-08-12_233912557-623x350.png 623w, https:\/\/nativainfo.com\/wp-content\/uploads\/2024\/08\/imagen_2024-08-12_233912557-150x84.png 150w\" sizes=\"(max-width: 1010px) 100vw, 1010px\" \/><\/figure>\n\n\n\n<p>Juli\u00e1n \u00c1lvarez fue presentado oficialmente como refuerzo del Atl\u00e9tico de Madrid tras completar su revisi\u00f3n m\u00e9dica y firmar un contrato con el club espa\u00f1ol. El delantero argentino, que llega proveniente del Manchester City, iniciar\u00e1 su nueva etapa en La Liga el pr\u00f3ximo lunes ante Villarreal.<\/p>\n\n\n\n<p>Luego de consagrarse campe\u00f3n de la Copa Am\u00e9rica en Estados Unidos y participar en los Juegos Ol\u00edmpicos de Par\u00eds 2024 con la Selecci\u00f3n Argentina, \u00c1lvarez decidi\u00f3 buscar un nuevo desaf\u00edo en su carrera. El Atl\u00e9tico de Madrid acord\u00f3 con el Manchester City la compra del pase del jugador por 75 millones de euros, m\u00e1s 20 millones adicionales en objetivos.<\/p>\n","protected":false},"excerpt":{"rendered":"<p>El delantero argentino lleg\u00f3 a la capital de Espa\u00f1a y firm\u00f3 un contrato con el elenco Colchonero por seis temporadas&#8230;. <a class=\"continue-reading-link\" href=\"https:\/\/nativainfo.com\/?p=4410\">Continue reading<\/a><\/p>\n","protected":false},"author":1,"featured_media":0,"comment_status":"open","ping_status":"open","sticky":false,"template":"","format":"standard","meta":{"rop_custom_images_group":[],"rop_custom_messages_group":[],"rop_publish_now":"initial","rop_publish_now_accounts":[],"rop_publish_now_history":[],"rop_publish_now_status":"pending","footnotes":"","jetpack_publicize_message":"","jetpack_publicize_feature_enabled":true,"jetpack_social_post_already_shared":false,"jetpack_social_options":{"image_generator_settings":{"template":"highway","default_image_id":0,"font":"","enabled":false},"version":2}},"categories":[35],"tags":[],"class_list":["post-4410","post","type-post","status-publish","format-standard","hentry","category-futbol-internacional"],"yoast_head":"<!-- This site is optimized with the Yoast SEO plugin v25.6 - https:\/\/yoast.com\/wordpress\/plugins\/seo\/ -->\n<title>Atl\u00e9tico de Madrid oficializ\u00f3 el fichaje de Juli\u00e1n \u00c1lvarez como refuerzo - Nativa Info<\/title>\n<meta name=\"robots\" content=\"index, follow, max-snippet:-1, max-image-preview:large, max-video-preview:-1\" \/>\n<link rel=\"canonical\" href=\"https:\/\/nativainfo.com\/?p=4410\" \/>\n<meta property=\"og:locale\" content=\"es_ES\" \/>\n<meta property=\"og:type\" content=\"article\" \/>\n<meta property=\"og:title\" content=\"Atl\u00e9tico de Madrid oficializ\u00f3 el fichaje de Juli\u00e1n \u00c1lvarez como refuerzo - Nativa Info\" \/>\n<meta property=\"og:description\" content=\"El delantero argentino lleg\u00f3 a la capital de Espa\u00f1a y firm\u00f3 un contrato con el elenco Colchonero por seis temporadas.... Continue reading\" \/>\n<meta property=\"og:url\" content=\"https:\/\/nativainfo.com\/?p=4410\" \/>\n<meta property=\"og:site_name\" content=\"Nativa Info\" \/>\n<meta property=\"article:publisher\" content=\"https:\/\/www.facebook.com\/profile.php?id=61578881597564\" \/>\n<meta property=\"article:published_time\" content=\"2024-08-13T02:39:16+00:00\" \/>\n<meta property=\"article:modified_time\" content=\"2024-08-13T02:39:17+00:00\" \/>\n<meta property=\"og:image\" content=\"http:\/\/nativainfo.com\/wp-content\/uploads\/2024\/08\/imagen_2024-08-12_233912557.png\" \/>\n<meta name=\"author\" content=\"Nativa Info\" \/>\n<meta name=\"twitter:card\" content=\"summary_large_image\" \/>\n<meta name=\"twitter:label1\" content=\"Escrito por\" \/>\n\t<meta name=\"twitter:data1\" content=\"Nativa Info\" \/>\n\t<meta name=\"twitter:label2\" content=\"Tiempo de lectura\" \/>\n\t<meta name=\"twitter:data2\" content=\"1 minuto\" \/>\n<script type=\"application\/ld+json\" class=\"yoast-schema-graph\">{\"@context\":\"https:\/\/schema.org\",\"@graph\":[{\"@type\":\"Article\",\"@id\":\"https:\/\/nativainfo.com\/?p=4410#article\",\"isPartOf\":{\"@id\":\"https:\/\/nativainfo.com\/?p=4410\"},\"author\":{\"name\":\"Nativa Info\",\"@id\":\"https:\/\/nativainfo.com\/#\/schema\/person\/24893b64a9cd564ddb5d102d36eb4b5c\"},\"headline\":\"Atl\u00e9tico de Madrid oficializ\u00f3 el fichaje de Juli\u00e1n \u00c1lvarez como refuerzo\",\"datePublished\":\"2024-08-13T02:39:16+00:00\",\"dateModified\":\"2024-08-13T02:39:17+00:00\",\"mainEntityOfPage\":{\"@id\":\"https:\/\/nativainfo.com\/?p=4410\"},\"wordCount\":149,\"commentCount\":0,\"publisher\":{\"@id\":\"https:\/\/nativainfo.com\/#organization\"},\"image\":{\"@id\":\"https:\/\/nativainfo.com\/?p=4410#primaryimage\"},\"thumbnailUrl\":\"http:\/\/nativainfo.com\/wp-content\/uploads\/2024\/08\/imagen_2024-08-12_233912557.png\",\"articleSection\":[\"F\u00fatbol Internacional\"],\"inLanguage\":\"es-AR\",\"potentialAction\":[{\"@type\":\"CommentAction\",\"name\":\"Comment\",\"target\":[\"https:\/\/nativainfo.com\/?p=4410#respond\"]}]},{\"@type\":\"WebPage\",\"@id\":\"https:\/\/nativainfo.com\/?p=4410\",\"url\":\"https:\/\/nativainfo.com\/?p=4410\",\"name\":\"Atl\u00e9tico de Madrid oficializ\u00f3 el fichaje de Juli\u00e1n \u00c1lvarez como refuerzo - Nativa Info\",\"isPartOf\":{\"@id\":\"https:\/\/nativainfo.com\/#website\"},\"primaryImageOfPage\":{\"@id\":\"https:\/\/nativainfo.com\/?p=4410#primaryimage\"},\"image\":{\"@id\":\"https:\/\/nativainfo.com\/?p=4410#primaryimage\"},\"thumbnailUrl\":\"http:\/\/nativainfo.com\/wp-content\/uploads\/2024\/08\/imagen_2024-08-12_233912557.png\",\"datePublished\":\"2024-08-13T02:39:16+00:00\",\"dateModified\":\"2024-08-13T02:39:17+00:00\",\"breadcrumb\":{\"@id\":\"https:\/\/nativainfo.com\/?p=4410#breadcrumb\"},\"inLanguage\":\"es-AR\",\"potentialAction\":[{\"@type\":\"ReadAction\",\"target\":[\"https:\/\/nativainfo.com\/?p=4410\"]}]},{\"@type\":\"ImageObject\",\"inLanguage\":\"es-AR\",\"@id\":\"https:\/\/nativainfo.com\/?p=4410#primaryimage\",\"url\":\"https:\/\/nativainfo.com\/wp-content\/uploads\/2024\/08\/imagen_2024-08-12_233912557.png\",\"contentUrl\":\"https:\/\/nativainfo.com\/wp-content\/uploads\/2024\/08\/imagen_2024-08-12_233912557.png\",\"width\":1010,\"height\":567},{\"@type\":\"BreadcrumbList\",\"@id\":\"https:\/\/nativainfo.com\/?p=4410#breadcrumb\",\"itemListElement\":[{\"@type\":\"ListItem\",\"position\":1,\"name\":\"Inicio\",\"item\":\"https:\/\/nativainfo.com\/\"},{\"@type\":\"ListItem\",\"position\":2,\"name\":\"Atl\u00e9tico de Madrid oficializ\u00f3 el fichaje de Juli\u00e1n \u00c1lvarez como refuerzo\"}]},{\"@type\":\"WebSite\",\"@id\":\"https:\/\/nativainfo.com\/#website\",\"url\":\"https:\/\/nativainfo.com\/\",\"name\":\"Nativa Info\",\"description\":\"Diario Digital\",\"publisher\":{\"@id\":\"https:\/\/nativainfo.com\/#organization\"},\"potentialAction\":[{\"@type\":\"SearchAction\",\"target\":{\"@type\":\"EntryPoint\",\"urlTemplate\":\"https:\/\/nativainfo.com\/?s={search_term_string}\"},\"query-input\":{\"@type\":\"PropertyValueSpecification\",\"valueRequired\":true,\"valueName\":\"search_term_string\"}}],\"inLanguage\":\"es-AR\"},{\"@type\":\"Organization\",\"@id\":\"https:\/\/nativainfo.com\/#organization\",\"name\":\"Nativa Info\",\"url\":\"https:\/\/nativainfo.com\/\",\"logo\":{\"@type\":\"ImageObject\",\"inLanguage\":\"es-AR\",\"@id\":\"https:\/\/nativainfo.com\/#\/schema\/logo\/image\/\",\"url\":\"https:\/\/nativainfo.com\/wp-content\/uploads\/2025\/08\/LOGO-NATIVA-FACE.jpg\",\"contentUrl\":\"https:\/\/nativainfo.com\/wp-content\/uploads\/2025\/08\/LOGO-NATIVA-FACE.jpg\",\"width\":400,\"height\":400,\"caption\":\"Nativa Info\"},\"image\":{\"@id\":\"https:\/\/nativainfo.com\/#\/schema\/logo\/image\/\"},\"sameAs\":[\"https:\/\/www.facebook.com\/profile.php?id=61578881597564\"]},{\"@type\":\"Person\",\"@id\":\"https:\/\/nativainfo.com\/#\/schema\/person\/24893b64a9cd564ddb5d102d36eb4b5c\",\"name\":\"Nativa Info\",\"image\":{\"@type\":\"ImageObject\",\"inLanguage\":\"es-AR\",\"@id\":\"https:\/\/nativainfo.com\/#\/schema\/person\/image\/\",\"url\":\"https:\/\/secure.gravatar.com\/avatar\/016fa1cf068d85136d938e1507b9b619cb766e2565cbb1faa1e571762460c785?s=96&d=mm&r=g\",\"contentUrl\":\"https:\/\/secure.gravatar.com\/avatar\/016fa1cf068d85136d938e1507b9b619cb766e2565cbb1faa1e571762460c785?s=96&d=mm&r=g\",\"caption\":\"Nativa Info\"},\"sameAs\":[\"http:\/\/nativainfo.com\"],\"url\":\"https:\/\/nativainfo.com\/?author=1\"}]}<\/script>\n<!-- \/ Yoast SEO plugin. -->","yoast_head_json":{"title":"Atl\u00e9tico de Madrid oficializ\u00f3 el fichaje de Juli\u00e1n \u00c1lvarez como refuerzo - Nativa Info","robots":{"index":"index","follow":"follow","max-snippet":"max-snippet:-1","max-image-preview":"max-image-preview:large","max-video-preview":"max-video-preview:-1"},"canonical":"https:\/\/nativainfo.com\/?p=4410","og_locale":"es_ES","og_type":"article","og_title":"Atl\u00e9tico de Madrid oficializ\u00f3 el fichaje de Juli\u00e1n \u00c1lvarez como refuerzo - Nativa Info","og_description":"El delantero argentino lleg\u00f3 a la capital de Espa\u00f1a y firm\u00f3 un contrato con el elenco Colchonero por seis temporadas.... Continue reading","og_url":"https:\/\/nativainfo.com\/?p=4410","og_site_name":"Nativa Info","article_publisher":"https:\/\/www.facebook.com\/profile.php?id=61578881597564","article_published_time":"2024-08-13T02:39:16+00:00","article_modified_time":"2024-08-13T02:39:17+00:00","og_image":[{"url":"http:\/\/nativainfo.com\/wp-content\/uploads\/2024\/08\/imagen_2024-08-12_233912557.png","type":"","width":"","height":""}],"author":"Nativa Info","twitter_card":"summary_large_image","twitter_misc":{"Escrito por":"Nativa Info","Tiempo de lectura":"1 minuto"},"schema":{"@context":"https:\/\/schema.org","@graph":[{"@type":"Article","@id":"https:\/\/nativainfo.com\/?p=4410#article","isPartOf":{"@id":"https:\/\/nativainfo.com\/?p=4410"},"author":{"name":"Nativa Info","@id":"https:\/\/nativainfo.com\/#\/schema\/person\/24893b64a9cd564ddb5d102d36eb4b5c"},"headline":"Atl\u00e9tico de Madrid oficializ\u00f3 el fichaje de Juli\u00e1n \u00c1lvarez como refuerzo","datePublished":"2024-08-13T02:39:16+00:00","dateModified":"2024-08-13T02:39:17+00:00","mainEntityOfPage":{"@id":"https:\/\/nativainfo.com\/?p=4410"},"wordCount":149,"commentCount":0,"publisher":{"@id":"https:\/\/nativainfo.com\/#organization"},"image":{"@id":"https:\/\/nativainfo.com\/?p=4410#primaryimage"},"thumbnailUrl":"http:\/\/nativainfo.com\/wp-content\/uploads\/2024\/08\/imagen_2024-08-12_233912557.png","articleSection":["F\u00fatbol Internacional"],"inLanguage":"es-AR","potentialAction":[{"@type":"CommentAction","name":"Comment","target":["https:\/\/nativainfo.com\/?p=4410#respond"]}]},{"@type":"WebPage","@id":"https:\/\/nativainfo.com\/?p=4410","url":"https:\/\/nativainfo.com\/?p=4410","name":"Atl\u00e9tico de Madrid oficializ\u00f3 el fichaje de Juli\u00e1n \u00c1lvarez como refuerzo - Nativa Info","isPartOf":{"@id":"https:\/\/nativainfo.com\/#website"},"primaryImageOfPage":{"@id":"https:\/\/nativainfo.com\/?p=4410#primaryimage"},"image":{"@id":"https:\/\/nativainfo.com\/?p=4410#primaryimage"},"thumbnailUrl":"http:\/\/nativainfo.com\/wp-content\/uploads\/2024\/08\/imagen_2024-08-12_233912557.png","datePublished":"2024-08-13T02:39:16+00:00","dateModified":"2024-08-13T02:39:17+00:00","breadcrumb":{"@id":"https:\/\/nativainfo.com\/?p=4410#breadcrumb"},"inLanguage":"es-AR","potentialAction":[{"@type":"ReadAction","target":["https:\/\/nativainfo.com\/?p=4410"]}]},{"@type":"ImageObject","inLanguage":"es-AR","@id":"https:\/\/nativainfo.com\/?p=4410#primaryimage","url":"https:\/\/nativainfo.com\/wp-content\/uploads\/2024\/08\/imagen_2024-08-12_233912557.png","contentUrl":"https:\/\/nativainfo.com\/wp-content\/uploads\/2024\/08\/imagen_2024-08-12_233912557.png","width":1010,"height":567},{"@type":"BreadcrumbList","@id":"https:\/\/nativainfo.com\/?p=4410#breadcrumb","itemListElement":[{"@type":"ListItem","position":1,"name":"Inicio","item":"https:\/\/nativainfo.com\/"},{"@type":"ListItem","position":2,"name":"Atl\u00e9tico de Madrid oficializ\u00f3 el fichaje de Juli\u00e1n \u00c1lvarez como refuerzo"}]},{"@type":"WebSite","@id":"https:\/\/nativainfo.com\/#website","url":"https:\/\/nativainfo.com\/","name":"Nativa Info","description":"Diario Digital","publisher":{"@id":"https:\/\/nativainfo.com\/#organization"},"potentialAction":[{"@type":"SearchAction","target":{"@type":"EntryPoint","urlTemplate":"https:\/\/nativainfo.com\/?s={search_term_string}"},"query-input":{"@type":"PropertyValueSpecification","valueRequired":true,"valueName":"search_term_string"}}],"inLanguage":"es-AR"},{"@type":"Organization","@id":"https:\/\/nativainfo.com\/#organization","name":"Nativa Info","url":"https:\/\/nativainfo.com\/","logo":{"@type":"ImageObject","inLanguage":"es-AR","@id":"https:\/\/nativainfo.com\/#\/schema\/logo\/image\/","url":"https:\/\/nativainfo.com\/wp-content\/uploads\/2025\/08\/LOGO-NATIVA-FACE.jpg","contentUrl":"https:\/\/nativainfo.com\/wp-content\/uploads\/2025\/08\/LOGO-NATIVA-FACE.jpg","width":400,"height":400,"caption":"Nativa Info"},"image":{"@id":"https:\/\/nativainfo.com\/#\/schema\/logo\/image\/"},"sameAs":["https:\/\/www.facebook.com\/profile.php?id=61578881597564"]},{"@type":"Person","@id":"https:\/\/nativainfo.com\/#\/schema\/person\/24893b64a9cd564ddb5d102d36eb4b5c","name":"Nativa Info","image":{"@type":"ImageObject","inLanguage":"es-AR","@id":"https:\/\/nativainfo.com\/#\/schema\/person\/image\/","url":"https:\/\/secure.gravatar.com\/avatar\/016fa1cf068d85136d938e1507b9b619cb766e2565cbb1faa1e571762460c785?s=96&d=mm&r=g","contentUrl":"https:\/\/secure.gravatar.com\/avatar\/016fa1cf068d85136d938e1507b9b619cb766e2565cbb1faa1e571762460c785?s=96&d=mm&r=g","caption":"Nativa Info"},"sameAs":["http:\/\/nativainfo.com"],"url":"https:\/\/nativainfo.com\/?author=1"}]}},"jetpack_publicize_connections":[],"_links":{"self":[{"href":"https:\/\/nativainfo.com\/index.php?rest_route=\/wp\/v2\/posts\/4410","targetHints":{"allow":["GET"]}}],"collection":[{"href":"https:\/\/nativainfo.com\/index.php?rest_route=\/wp\/v2\/posts"}],"about":[{"href":"https:\/\/nativainfo.com\/index.php?rest_route=\/wp\/v2\/types\/post"}],"author":[{"embeddable":true,"href":"https:\/\/nativainfo.com\/index.php?rest_route=\/wp\/v2\/users\/1"}],"replies":[{"embeddable":true,"href":"https:\/\/nativainfo.com\/index.php?rest_route=%2Fwp%2Fv2%2Fcomments&post=4410"}],"version-history":[{"count":1,"href":"https:\/\/nativainfo.com\/index.php?rest_route=\/wp\/v2\/posts\/4410\/revisions"}],"predecessor-version":[{"id":4416,"href":"https:\/\/nativainfo.com\/index.php?rest_route=\/wp\/v2\/posts\/4410\/revisions\/4416"}],"wp:attachment":[{"href":"https:\/\/nativainfo.com\/index.php?rest_route=%2Fwp%2Fv2%2Fmedia&parent=4410"}],"wp:term":[{"taxonomy":"category","embeddable":true,"href":"https:\/\/nativainfo.com\/index.php?rest_route=%2Fwp%2Fv2%2Fcategories&post=4410"},{"taxonomy":"post_tag","embeddable":true,"href":"https:\/\/nativainfo.com\/index.php?rest_route=%2Fwp%2Fv2%2Ftags&post=4410"}],"curies":[{"name":"wp","href":"https:\/\/api.w.org\/{rel}","templated":true}]}}