{"id":4409,"date":"2024-08-12T23:38:44","date_gmt":"2024-08-13T02:38:44","guid":{"rendered":"http:\/\/nativainfo.com\/?p=4409"},"modified":"2024-08-12T23:38:46","modified_gmt":"2024-08-13T02:38:46","slug":"la-ciudad-de-fernandez-dio-inicio-a-la-tecnicatura-superior-en-ciencia-de-datos-e-inteligencia-artificial","status":"publish","type":"post","link":"https:\/\/nativainfo.com\/?p=4409","title":{"rendered":"La ciudad de Fern\u00e1ndez dio inicio a la Tecnicatura Superior en Ciencia de Datos e Inteligencia Artificial"},"content":{"rendered":"\n<p>Se trata de una propuesta educativa gratuita, con modalidad presencial y una duraci\u00f3n de 3 cuatrimestres. Cuenta con pr\u00e1cticas profesionalizantes y t\u00edtulo con validez local y nacional.<\/p>\n\n\n\n<figure class=\"wp-block-image size-large\"><img fetchpriority=\"high\" decoding=\"async\" width=\"1010\" height=\"567\" src=\"http:\/\/nativainfo.com\/wp-content\/uploads\/2024\/08\/imagen_2024-08-12_233837720.png\" alt=\"\" class=\"wp-image-4413\" srcset=\"https:\/\/nativainfo.com\/wp-content\/uploads\/2024\/08\/imagen_2024-08-12_233837720.png 1010w, https:\/\/nativainfo.com\/wp-content\/uploads\/2024\/08\/imagen_2024-08-12_233837720-300x168.png 300w, https:\/\/nativainfo.com\/wp-content\/uploads\/2024\/08\/imagen_2024-08-12_233837720-768x431.png 768w, https:\/\/nativainfo.com\/wp-content\/uploads\/2024\/08\/imagen_2024-08-12_233837720-623x350.png 623w, https:\/\/nativainfo.com\/wp-content\/uploads\/2024\/08\/imagen_2024-08-12_233837720-150x84.png 150w\" sizes=\"(max-width: 1010px) 100vw, 1010px\" \/><\/figure>\n\n\n\n<p>Este lunes, la ciudad de&nbsp;<strong>Fern\u00e1ndez&nbsp;<\/strong>dio un significativo paso hacia el futuro con la inauguraci\u00f3n de la&nbsp;<strong>Tecnicatura Superior en Ciencia de Datos e Inteligencia Artificial<\/strong>. El evento, celebrado en las instalaciones del Club Amigos, cont\u00f3 con la presencia del intendente de la ciudad,&nbsp;<strong>Dr. V\u00edctor Araujo<\/strong>; el Director del Instituto T\u00e9cnico Superior de Educaci\u00f3n (ITSE),&nbsp;<strong>Ing. Mario Ram\u00f3n Benavente<\/strong>; y el representante del mismo instituto,&nbsp;<strong>Lic. Gast\u00f3n Segura<\/strong>. La nueva carrera formar\u00e1 a 25 estudiantes en un campo de creciente importancia y demanda.<\/p>\n\n\n\n<p>La ceremonia tambi\u00e9n estuvo acompa\u00f1ada por destacadas figuras del gobierno local, incluyendo al Secretario de Gobierno,&nbsp;<strong>Sr. Daniel Gonz\u00e1lez<\/strong>; la Directora de Educaci\u00f3n del municipio,&nbsp;<strong>Prof. Lorena Aranda<\/strong>; la Secretaria de Administraci\u00f3n y Hacienda,&nbsp;<strong>CPN Florencia Arce<\/strong>; y el Director de Cultura,&nbsp;<strong>Leonardo Fern\u00e1ndez<\/strong>.<\/p>\n\n\n\n<p>En su discurso de bienvenida, el intendente&nbsp;<strong>Araujo&nbsp;<\/strong>subray\u00f3 la importancia de esta iniciativa, afirmando:&nbsp;<em>&#8220;Para nosotros es muy gratificante estar entre los primeros municipios que, de manera piloto, contar\u00e1n con esta iniciativa para formar a las personas en el campo de la ciencia de datos y la inteligencia artificial. Esta etapa representa la cuarta revoluci\u00f3n mundial, y a diferencia de las anteriores, se est\u00e1 dando a una velocidad inusitada.&#8221;<\/em><\/p>\n","protected":false},"excerpt":{"rendered":"<p>Se trata de una propuesta educativa gratuita, con modalidad presencial y una duraci\u00f3n de 3 cuatrimestres. Cuenta con pr\u00e1cticas profesionalizantes&#8230; <a class=\"continue-reading-link\" href=\"https:\/\/nativainfo.com\/?p=4409\">Continue reading<\/a><\/p>\n","protected":false},"author":1,"featured_media":0,"comment_status":"open","ping_status":"open","sticky":false,"template":"","format":"standard","meta":{"rop_custom_images_group":[],"rop_custom_messages_group":[],"rop_publish_now":"initial","rop_publish_now_accounts":[],"rop_publish_now_history":[],"rop_publish_now_status":"pending","footnotes":"","jetpack_publicize_message":"","jetpack_publicize_feature_enabled":true,"jetpack_social_post_already_shared":false,"jetpack_social_options":{"image_generator_settings":{"template":"highway","default_image_id":0,"font":"","enabled":false},"version":2}},"categories":[24,13],"tags":[],"class_list":["post-4409","post","type-post","status-publish","format-standard","hentry","category-educacion","category-fernandez"],"yoast_head":"<!-- This site is optimized with the Yoast SEO plugin v25.6 - https:\/\/yoast.com\/wordpress\/plugins\/seo\/ -->\n<title>La ciudad de Fern\u00e1ndez dio inicio a la Tecnicatura Superior en Ciencia de Datos e Inteligencia Artificial - Nativa Info<\/title>\n<meta name=\"robots\" content=\"index, follow, max-snippet:-1, max-image-preview:large, max-video-preview:-1\" \/>\n<link rel=\"canonical\" href=\"https:\/\/nativainfo.com\/?p=4409\" \/>\n<meta property=\"og:locale\" content=\"es_ES\" \/>\n<meta property=\"og:type\" content=\"article\" \/>\n<meta property=\"og:title\" content=\"La ciudad de Fern\u00e1ndez dio inicio a la Tecnicatura Superior en Ciencia de Datos e Inteligencia Artificial - Nativa Info\" \/>\n<meta property=\"og:description\" content=\"Se trata de una propuesta educativa gratuita, con modalidad presencial y una duraci\u00f3n de 3 cuatrimestres. Cuenta con pr\u00e1cticas profesionalizantes... Continue reading\" \/>\n<meta property=\"og:url\" content=\"https:\/\/nativainfo.com\/?p=4409\" \/>\n<meta property=\"og:site_name\" content=\"Nativa Info\" \/>\n<meta property=\"article:publisher\" content=\"https:\/\/www.facebook.com\/profile.php?id=61578881597564\" \/>\n<meta property=\"article:published_time\" content=\"2024-08-13T02:38:44+00:00\" \/>\n<meta property=\"article:modified_time\" content=\"2024-08-13T02:38:46+00:00\" \/>\n<meta property=\"og:image\" content=\"http:\/\/nativainfo.com\/wp-content\/uploads\/2024\/08\/imagen_2024-08-12_233837720.png\" \/>\n<meta name=\"author\" content=\"Nativa Info\" \/>\n<meta name=\"twitter:card\" content=\"summary_large_image\" \/>\n<meta name=\"twitter:label1\" content=\"Escrito por\" \/>\n\t<meta name=\"twitter:data1\" content=\"Nativa Info\" \/>\n\t<meta name=\"twitter:label2\" content=\"Tiempo de lectura\" \/>\n\t<meta name=\"twitter:data2\" content=\"1 minuto\" \/>\n<script type=\"application\/ld+json\" class=\"yoast-schema-graph\">{\"@context\":\"https:\/\/schema.org\",\"@graph\":[{\"@type\":\"Article\",\"@id\":\"https:\/\/nativainfo.com\/?p=4409#article\",\"isPartOf\":{\"@id\":\"https:\/\/nativainfo.com\/?p=4409\"},\"author\":{\"name\":\"Nativa Info\",\"@id\":\"https:\/\/nativainfo.com\/#\/schema\/person\/24893b64a9cd564ddb5d102d36eb4b5c\"},\"headline\":\"La ciudad de Fern\u00e1ndez dio inicio a la Tecnicatura Superior en Ciencia de Datos e Inteligencia Artificial\",\"datePublished\":\"2024-08-13T02:38:44+00:00\",\"dateModified\":\"2024-08-13T02:38:46+00:00\",\"mainEntityOfPage\":{\"@id\":\"https:\/\/nativainfo.com\/?p=4409\"},\"wordCount\":273,\"commentCount\":0,\"publisher\":{\"@id\":\"https:\/\/nativainfo.com\/#organization\"},\"image\":{\"@id\":\"https:\/\/nativainfo.com\/?p=4409#primaryimage\"},\"thumbnailUrl\":\"http:\/\/nativainfo.com\/wp-content\/uploads\/2024\/08\/imagen_2024-08-12_233837720.png\",\"articleSection\":[\"Educaci\u00f3n\",\"Fern\u00e1ndez\"],\"inLanguage\":\"es-AR\",\"potentialAction\":[{\"@type\":\"CommentAction\",\"name\":\"Comment\",\"target\":[\"https:\/\/nativainfo.com\/?p=4409#respond\"]}]},{\"@type\":\"WebPage\",\"@id\":\"https:\/\/nativainfo.com\/?p=4409\",\"url\":\"https:\/\/nativainfo.com\/?p=4409\",\"name\":\"La ciudad de Fern\u00e1ndez dio inicio a la Tecnicatura Superior en Ciencia de Datos e Inteligencia Artificial - Nativa Info\",\"isPartOf\":{\"@id\":\"https:\/\/nativainfo.com\/#website\"},\"primaryImageOfPage\":{\"@id\":\"https:\/\/nativainfo.com\/?p=4409#primaryimage\"},\"image\":{\"@id\":\"https:\/\/nativainfo.com\/?p=4409#primaryimage\"},\"thumbnailUrl\":\"http:\/\/nativainfo.com\/wp-content\/uploads\/2024\/08\/imagen_2024-08-12_233837720.png\",\"datePublished\":\"2024-08-13T02:38:44+00:00\",\"dateModified\":\"2024-08-13T02:38:46+00:00\",\"breadcrumb\":{\"@id\":\"https:\/\/nativainfo.com\/?p=4409#breadcrumb\"},\"inLanguage\":\"es-AR\",\"potentialAction\":[{\"@type\":\"ReadAction\",\"target\":[\"https:\/\/nativainfo.com\/?p=4409\"]}]},{\"@type\":\"ImageObject\",\"inLanguage\":\"es-AR\",\"@id\":\"https:\/\/nativainfo.com\/?p=4409#primaryimage\",\"url\":\"https:\/\/nativainfo.com\/wp-content\/uploads\/2024\/08\/imagen_2024-08-12_233837720.png\",\"contentUrl\":\"https:\/\/nativainfo.com\/wp-content\/uploads\/2024\/08\/imagen_2024-08-12_233837720.png\",\"width\":1010,\"height\":567},{\"@type\":\"BreadcrumbList\",\"@id\":\"https:\/\/nativainfo.com\/?p=4409#breadcrumb\",\"itemListElement\":[{\"@type\":\"ListItem\",\"position\":1,\"name\":\"Inicio\",\"item\":\"https:\/\/nativainfo.com\/\"},{\"@type\":\"ListItem\",\"position\":2,\"name\":\"La ciudad de Fern\u00e1ndez dio inicio a la Tecnicatura Superior en Ciencia de Datos e Inteligencia Artificial\"}]},{\"@type\":\"WebSite\",\"@id\":\"https:\/\/nativainfo.com\/#website\",\"url\":\"https:\/\/nativainfo.com\/\",\"name\":\"Nativa Info\",\"description\":\"Diario Digital\",\"publisher\":{\"@id\":\"https:\/\/nativainfo.com\/#organization\"},\"potentialAction\":[{\"@type\":\"SearchAction\",\"target\":{\"@type\":\"EntryPoint\",\"urlTemplate\":\"https:\/\/nativainfo.com\/?s={search_term_string}\"},\"query-input\":{\"@type\":\"PropertyValueSpecification\",\"valueRequired\":true,\"valueName\":\"search_term_string\"}}],\"inLanguage\":\"es-AR\"},{\"@type\":\"Organization\",\"@id\":\"https:\/\/nativainfo.com\/#organization\",\"name\":\"Nativa Info\",\"url\":\"https:\/\/nativainfo.com\/\",\"logo\":{\"@type\":\"ImageObject\",\"inLanguage\":\"es-AR\",\"@id\":\"https:\/\/nativainfo.com\/#\/schema\/logo\/image\/\",\"url\":\"https:\/\/nativainfo.com\/wp-content\/uploads\/2025\/08\/LOGO-NATIVA-FACE.jpg\",\"contentUrl\":\"https:\/\/nativainfo.com\/wp-content\/uploads\/2025\/08\/LOGO-NATIVA-FACE.jpg\",\"width\":400,\"height\":400,\"caption\":\"Nativa Info\"},\"image\":{\"@id\":\"https:\/\/nativainfo.com\/#\/schema\/logo\/image\/\"},\"sameAs\":[\"https:\/\/www.facebook.com\/profile.php?id=61578881597564\"]},{\"@type\":\"Person\",\"@id\":\"https:\/\/nativainfo.com\/#\/schema\/person\/24893b64a9cd564ddb5d102d36eb4b5c\",\"name\":\"Nativa Info\",\"image\":{\"@type\":\"ImageObject\",\"inLanguage\":\"es-AR\",\"@id\":\"https:\/\/nativainfo.com\/#\/schema\/person\/image\/\",\"url\":\"https:\/\/secure.gravatar.com\/avatar\/016fa1cf068d85136d938e1507b9b619cb766e2565cbb1faa1e571762460c785?s=96&d=mm&r=g\",\"contentUrl\":\"https:\/\/secure.gravatar.com\/avatar\/016fa1cf068d85136d938e1507b9b619cb766e2565cbb1faa1e571762460c785?s=96&d=mm&r=g\",\"caption\":\"Nativa Info\"},\"sameAs\":[\"http:\/\/nativainfo.com\"],\"url\":\"https:\/\/nativainfo.com\/?author=1\"}]}<\/script>\n<!-- \/ Yoast SEO plugin. -->","yoast_head_json":{"title":"La ciudad de Fern\u00e1ndez dio inicio a la Tecnicatura Superior en Ciencia de Datos e Inteligencia Artificial - Nativa Info","robots":{"index":"index","follow":"follow","max-snippet":"max-snippet:-1","max-image-preview":"max-image-preview:large","max-video-preview":"max-video-preview:-1"},"canonical":"https:\/\/nativainfo.com\/?p=4409","og_locale":"es_ES","og_type":"article","og_title":"La ciudad de Fern\u00e1ndez dio inicio a la Tecnicatura Superior en Ciencia de Datos e Inteligencia Artificial - Nativa Info","og_description":"Se trata de una propuesta educativa gratuita, con modalidad presencial y una duraci\u00f3n de 3 cuatrimestres. Cuenta con pr\u00e1cticas profesionalizantes... Continue reading","og_url":"https:\/\/nativainfo.com\/?p=4409","og_site_name":"Nativa Info","article_publisher":"https:\/\/www.facebook.com\/profile.php?id=61578881597564","article_published_time":"2024-08-13T02:38:44+00:00","article_modified_time":"2024-08-13T02:38:46+00:00","og_image":[{"url":"http:\/\/nativainfo.com\/wp-content\/uploads\/2024\/08\/imagen_2024-08-12_233837720.png","type":"","width":"","height":""}],"author":"Nativa Info","twitter_card":"summary_large_image","twitter_misc":{"Escrito por":"Nativa Info","Tiempo de lectura":"1 minuto"},"schema":{"@context":"https:\/\/schema.org","@graph":[{"@type":"Article","@id":"https:\/\/nativainfo.com\/?p=4409#article","isPartOf":{"@id":"https:\/\/nativainfo.com\/?p=4409"},"author":{"name":"Nativa Info","@id":"https:\/\/nativainfo.com\/#\/schema\/person\/24893b64a9cd564ddb5d102d36eb4b5c"},"headline":"La ciudad de Fern\u00e1ndez dio inicio a la Tecnicatura Superior en Ciencia de Datos e Inteligencia Artificial","datePublished":"2024-08-13T02:38:44+00:00","dateModified":"2024-08-13T02:38:46+00:00","mainEntityOfPage":{"@id":"https:\/\/nativainfo.com\/?p=4409"},"wordCount":273,"commentCount":0,"publisher":{"@id":"https:\/\/nativainfo.com\/#organization"},"image":{"@id":"https:\/\/nativainfo.com\/?p=4409#primaryimage"},"thumbnailUrl":"http:\/\/nativainfo.com\/wp-content\/uploads\/2024\/08\/imagen_2024-08-12_233837720.png","articleSection":["Educaci\u00f3n","Fern\u00e1ndez"],"inLanguage":"es-AR","potentialAction":[{"@type":"CommentAction","name":"Comment","target":["https:\/\/nativainfo.com\/?p=4409#respond"]}]},{"@type":"WebPage","@id":"https:\/\/nativainfo.com\/?p=4409","url":"https:\/\/nativainfo.com\/?p=4409","name":"La ciudad de Fern\u00e1ndez dio inicio a la Tecnicatura Superior en Ciencia de Datos e Inteligencia Artificial - Nativa Info","isPartOf":{"@id":"https:\/\/nativainfo.com\/#website"},"primaryImageOfPage":{"@id":"https:\/\/nativainfo.com\/?p=4409#primaryimage"},"image":{"@id":"https:\/\/nativainfo.com\/?p=4409#primaryimage"},"thumbnailUrl":"http:\/\/nativainfo.com\/wp-content\/uploads\/2024\/08\/imagen_2024-08-12_233837720.png","datePublished":"2024-08-13T02:38:44+00:00","dateModified":"2024-08-13T02:38:46+00:00","breadcrumb":{"@id":"https:\/\/nativainfo.com\/?p=4409#breadcrumb"},"inLanguage":"es-AR","potentialAction":[{"@type":"ReadAction","target":["https:\/\/nativainfo.com\/?p=4409"]}]},{"@type":"ImageObject","inLanguage":"es-AR","@id":"https:\/\/nativainfo.com\/?p=4409#primaryimage","url":"https:\/\/nativainfo.com\/wp-content\/uploads\/2024\/08\/imagen_2024-08-12_233837720.png","contentUrl":"https:\/\/nativainfo.com\/wp-content\/uploads\/2024\/08\/imagen_2024-08-12_233837720.png","width":1010,"height":567},{"@type":"BreadcrumbList","@id":"https:\/\/nativainfo.com\/?p=4409#breadcrumb","itemListElement":[{"@type":"ListItem","position":1,"name":"Inicio","item":"https:\/\/nativainfo.com\/"},{"@type":"ListItem","position":2,"name":"La ciudad de Fern\u00e1ndez dio inicio a la Tecnicatura Superior en Ciencia de Datos e Inteligencia Artificial"}]},{"@type":"WebSite","@id":"https:\/\/nativainfo.com\/#website","url":"https:\/\/nativainfo.com\/","name":"Nativa Info","description":"Diario Digital","publisher":{"@id":"https:\/\/nativainfo.com\/#organization"},"potentialAction":[{"@type":"SearchAction","target":{"@type":"EntryPoint","urlTemplate":"https:\/\/nativainfo.com\/?s={search_term_string}"},"query-input":{"@type":"PropertyValueSpecification","valueRequired":true,"valueName":"search_term_string"}}],"inLanguage":"es-AR"},{"@type":"Organization","@id":"https:\/\/nativainfo.com\/#organization","name":"Nativa Info","url":"https:\/\/nativainfo.com\/","logo":{"@type":"ImageObject","inLanguage":"es-AR","@id":"https:\/\/nativainfo.com\/#\/schema\/logo\/image\/","url":"https:\/\/nativainfo.com\/wp-content\/uploads\/2025\/08\/LOGO-NATIVA-FACE.jpg","contentUrl":"https:\/\/nativainfo.com\/wp-content\/uploads\/2025\/08\/LOGO-NATIVA-FACE.jpg","width":400,"height":400,"caption":"Nativa Info"},"image":{"@id":"https:\/\/nativainfo.com\/#\/schema\/logo\/image\/"},"sameAs":["https:\/\/www.facebook.com\/profile.php?id=61578881597564"]},{"@type":"Person","@id":"https:\/\/nativainfo.com\/#\/schema\/person\/24893b64a9cd564ddb5d102d36eb4b5c","name":"Nativa Info","image":{"@type":"ImageObject","inLanguage":"es-AR","@id":"https:\/\/nativainfo.com\/#\/schema\/person\/image\/","url":"https:\/\/secure.gravatar.com\/avatar\/016fa1cf068d85136d938e1507b9b619cb766e2565cbb1faa1e571762460c785?s=96&d=mm&r=g","contentUrl":"https:\/\/secure.gravatar.com\/avatar\/016fa1cf068d85136d938e1507b9b619cb766e2565cbb1faa1e571762460c785?s=96&d=mm&r=g","caption":"Nativa Info"},"sameAs":["http:\/\/nativainfo.com"],"url":"https:\/\/nativainfo.com\/?author=1"}]}},"jetpack_publicize_connections":[],"_links":{"self":[{"href":"https:\/\/nativainfo.com\/index.php?rest_route=\/wp\/v2\/posts\/4409","targetHints":{"allow":["GET"]}}],"collection":[{"href":"https:\/\/nativainfo.com\/index.php?rest_route=\/wp\/v2\/posts"}],"about":[{"href":"https:\/\/nativainfo.com\/index.php?rest_route=\/wp\/v2\/types\/post"}],"author":[{"embeddable":true,"href":"https:\/\/nativainfo.com\/index.php?rest_route=\/wp\/v2\/users\/1"}],"replies":[{"embeddable":true,"href":"https:\/\/nativainfo.com\/index.php?rest_route=%2Fwp%2Fv2%2Fcomments&post=4409"}],"version-history":[{"count":1,"href":"https:\/\/nativainfo.com\/index.php?rest_route=\/wp\/v2\/posts\/4409\/revisions"}],"predecessor-version":[{"id":4414,"href":"https:\/\/nativainfo.com\/index.php?rest_route=\/wp\/v2\/posts\/4409\/revisions\/4414"}],"wp:attachment":[{"href":"https:\/\/nativainfo.com\/index.php?rest_route=%2Fwp%2Fv2%2Fmedia&parent=4409"}],"wp:term":[{"taxonomy":"category","embeddable":true,"href":"https:\/\/nativainfo.com\/index.php?rest_route=%2Fwp%2Fv2%2Fcategories&post=4409"},{"taxonomy":"post_tag","embeddable":true,"href":"https:\/\/nativainfo.com\/index.php?rest_route=%2Fwp%2Fv2%2Ftags&post=4409"}],"curies":[{"name":"wp","href":"https:\/\/api.w.org\/{rel}","templated":true}]}}