{"id":4408,"date":"2024-08-12T23:38:06","date_gmt":"2024-08-13T02:38:06","guid":{"rendered":"http:\/\/nativainfo.com\/?p=4408"},"modified":"2024-08-12T23:38:07","modified_gmt":"2024-08-13T02:38:07","slug":"zamora-participo-de-la-inauguracion-de-una-fabrica-de-colchones-en-el-b-libertad","status":"publish","type":"post","link":"https:\/\/nativainfo.com\/?p=4408","title":{"rendered":"Zamora particip\u00f3 de la inauguraci\u00f3n de una f\u00e1brica de colchones en el B\u00b0 Libertad"},"content":{"rendered":"\n<p>Se trata de un emprendimiento familiar, que cuenta con una moderna planta de 1.000 metros cuadrados y 17 trabajadores.<\/p>\n\n\n\n<figure class=\"wp-block-image size-large\"><img fetchpriority=\"high\" decoding=\"async\" width=\"1010\" height=\"567\" src=\"http:\/\/nativainfo.com\/wp-content\/uploads\/2024\/08\/imagen_2024-08-12_233753741.png\" alt=\"\" class=\"wp-image-4411\" srcset=\"https:\/\/nativainfo.com\/wp-content\/uploads\/2024\/08\/imagen_2024-08-12_233753741.png 1010w, https:\/\/nativainfo.com\/wp-content\/uploads\/2024\/08\/imagen_2024-08-12_233753741-300x168.png 300w, https:\/\/nativainfo.com\/wp-content\/uploads\/2024\/08\/imagen_2024-08-12_233753741-768x431.png 768w, https:\/\/nativainfo.com\/wp-content\/uploads\/2024\/08\/imagen_2024-08-12_233753741-623x350.png 623w, https:\/\/nativainfo.com\/wp-content\/uploads\/2024\/08\/imagen_2024-08-12_233753741-150x84.png 150w\" sizes=\"(max-width: 1010px) 100vw, 1010px\" \/><\/figure>\n\n\n\n<p>El gobernador&nbsp;<strong>Gerardo Zamora&nbsp;<\/strong>particip\u00f3 este lunes por la ma\u00f1ana de la inauguraci\u00f3n de una&nbsp;<strong>f\u00e1brica de colchones y somier<\/strong>, un emprendimiento familiar que abre sus puertas en el&nbsp;<strong>barrio Libertad de la ciudad Capital<\/strong>, con un total de 17 trabajadores a los que podr\u00edan sumarse otros 60 a mediano plazo.<\/p>\n\n\n\n<p>La&nbsp;<strong>moderna planta de 1.000 metros cuadrados&nbsp;<\/strong>se encuentra ubicada en calle Santa Rosa, entre Pedro y Le\u00f3n Gallo y Congreso. Cuenta tambi\u00e9n con un local comercial ubicado en pleno centro de la ciudad.<\/p>\n\n\n\n<p>El gobernador particip\u00f3 del corte de cintas junto con el gerente general de la firma, Juan Carlos Domingo Serrano y otros directivos; adem\u00e1s del vicegobernador&nbsp;<strong>Carlos Silva Neder<\/strong>; y ministros.<\/p>\n\n\n\n<p>Durante el recorrido por las instalaciones, las autoridades pudieron apreciar el trabajo de los obreros y la calidad de los productos que se comercializan, tanto en Santiago del Estero como en otras provincias.<\/p>\n","protected":false},"excerpt":{"rendered":"<p>Se trata de un emprendimiento familiar, que cuenta con una moderna planta de 1.000 metros cuadrados y 17 trabajadores. El&#8230; <a class=\"continue-reading-link\" href=\"https:\/\/nativainfo.com\/?p=4408\">Continue reading<\/a><\/p>\n","protected":false},"author":1,"featured_media":0,"comment_status":"open","ping_status":"open","sticky":false,"template":"","format":"standard","meta":{"rop_custom_images_group":[],"rop_custom_messages_group":[],"rop_publish_now":"initial","rop_publish_now_accounts":[],"rop_publish_now_history":[],"rop_publish_now_status":"pending","footnotes":"","jetpack_publicize_message":"","jetpack_publicize_feature_enabled":true,"jetpack_social_post_already_shared":false,"jetpack_social_options":{"image_generator_settings":{"template":"highway","default_image_id":0,"font":"","enabled":false},"version":2}},"categories":[40],"tags":[],"class_list":["post-4408","post","type-post","status-publish","format-standard","hentry","category-santiago-del-estero"],"yoast_head":"<!-- This site is optimized with the Yoast SEO plugin v25.6 - https:\/\/yoast.com\/wordpress\/plugins\/seo\/ -->\n<title>Zamora particip\u00f3 de la inauguraci\u00f3n de una f\u00e1brica de colchones en el B\u00b0 Libertad - Nativa Info<\/title>\n<meta name=\"robots\" content=\"index, follow, max-snippet:-1, max-image-preview:large, max-video-preview:-1\" \/>\n<link rel=\"canonical\" href=\"https:\/\/nativainfo.com\/?p=4408\" \/>\n<meta property=\"og:locale\" content=\"es_ES\" \/>\n<meta property=\"og:type\" content=\"article\" \/>\n<meta property=\"og:title\" content=\"Zamora particip\u00f3 de la inauguraci\u00f3n de una f\u00e1brica de colchones en el B\u00b0 Libertad - Nativa Info\" \/>\n<meta property=\"og:description\" content=\"Se trata de un emprendimiento familiar, que cuenta con una moderna planta de 1.000 metros cuadrados y 17 trabajadores. El... Continue reading\" \/>\n<meta property=\"og:url\" content=\"https:\/\/nativainfo.com\/?p=4408\" \/>\n<meta property=\"og:site_name\" content=\"Nativa Info\" \/>\n<meta property=\"article:publisher\" content=\"https:\/\/www.facebook.com\/profile.php?id=61578881597564\" \/>\n<meta property=\"article:published_time\" content=\"2024-08-13T02:38:06+00:00\" \/>\n<meta property=\"article:modified_time\" content=\"2024-08-13T02:38:07+00:00\" \/>\n<meta property=\"og:image\" content=\"http:\/\/nativainfo.com\/wp-content\/uploads\/2024\/08\/imagen_2024-08-12_233753741.png\" \/>\n<meta name=\"author\" content=\"Nativa Info\" \/>\n<meta name=\"twitter:card\" content=\"summary_large_image\" \/>\n<meta name=\"twitter:label1\" content=\"Escrito por\" \/>\n\t<meta name=\"twitter:data1\" content=\"Nativa Info\" \/>\n\t<meta name=\"twitter:label2\" content=\"Tiempo de lectura\" \/>\n\t<meta name=\"twitter:data2\" content=\"1 minuto\" \/>\n<script type=\"application\/ld+json\" class=\"yoast-schema-graph\">{\"@context\":\"https:\/\/schema.org\",\"@graph\":[{\"@type\":\"Article\",\"@id\":\"https:\/\/nativainfo.com\/?p=4408#article\",\"isPartOf\":{\"@id\":\"https:\/\/nativainfo.com\/?p=4408\"},\"author\":{\"name\":\"Nativa Info\",\"@id\":\"https:\/\/nativainfo.com\/#\/schema\/person\/24893b64a9cd564ddb5d102d36eb4b5c\"},\"headline\":\"Zamora particip\u00f3 de la inauguraci\u00f3n de una f\u00e1brica de colchones en el B\u00b0 Libertad\",\"datePublished\":\"2024-08-13T02:38:06+00:00\",\"dateModified\":\"2024-08-13T02:38:07+00:00\",\"mainEntityOfPage\":{\"@id\":\"https:\/\/nativainfo.com\/?p=4408\"},\"wordCount\":192,\"commentCount\":0,\"publisher\":{\"@id\":\"https:\/\/nativainfo.com\/#organization\"},\"image\":{\"@id\":\"https:\/\/nativainfo.com\/?p=4408#primaryimage\"},\"thumbnailUrl\":\"http:\/\/nativainfo.com\/wp-content\/uploads\/2024\/08\/imagen_2024-08-12_233753741.png\",\"articleSection\":[\"Santiago del Estero\"],\"inLanguage\":\"es-AR\",\"potentialAction\":[{\"@type\":\"CommentAction\",\"name\":\"Comment\",\"target\":[\"https:\/\/nativainfo.com\/?p=4408#respond\"]}]},{\"@type\":\"WebPage\",\"@id\":\"https:\/\/nativainfo.com\/?p=4408\",\"url\":\"https:\/\/nativainfo.com\/?p=4408\",\"name\":\"Zamora particip\u00f3 de la inauguraci\u00f3n de una f\u00e1brica de colchones en el B\u00b0 Libertad - Nativa Info\",\"isPartOf\":{\"@id\":\"https:\/\/nativainfo.com\/#website\"},\"primaryImageOfPage\":{\"@id\":\"https:\/\/nativainfo.com\/?p=4408#primaryimage\"},\"image\":{\"@id\":\"https:\/\/nativainfo.com\/?p=4408#primaryimage\"},\"thumbnailUrl\":\"http:\/\/nativainfo.com\/wp-content\/uploads\/2024\/08\/imagen_2024-08-12_233753741.png\",\"datePublished\":\"2024-08-13T02:38:06+00:00\",\"dateModified\":\"2024-08-13T02:38:07+00:00\",\"breadcrumb\":{\"@id\":\"https:\/\/nativainfo.com\/?p=4408#breadcrumb\"},\"inLanguage\":\"es-AR\",\"potentialAction\":[{\"@type\":\"ReadAction\",\"target\":[\"https:\/\/nativainfo.com\/?p=4408\"]}]},{\"@type\":\"ImageObject\",\"inLanguage\":\"es-AR\",\"@id\":\"https:\/\/nativainfo.com\/?p=4408#primaryimage\",\"url\":\"https:\/\/nativainfo.com\/wp-content\/uploads\/2024\/08\/imagen_2024-08-12_233753741.png\",\"contentUrl\":\"https:\/\/nativainfo.com\/wp-content\/uploads\/2024\/08\/imagen_2024-08-12_233753741.png\",\"width\":1010,\"height\":567},{\"@type\":\"BreadcrumbList\",\"@id\":\"https:\/\/nativainfo.com\/?p=4408#breadcrumb\",\"itemListElement\":[{\"@type\":\"ListItem\",\"position\":1,\"name\":\"Inicio\",\"item\":\"https:\/\/nativainfo.com\/\"},{\"@type\":\"ListItem\",\"position\":2,\"name\":\"Zamora particip\u00f3 de la inauguraci\u00f3n de una f\u00e1brica de colchones en el B\u00b0 Libertad\"}]},{\"@type\":\"WebSite\",\"@id\":\"https:\/\/nativainfo.com\/#website\",\"url\":\"https:\/\/nativainfo.com\/\",\"name\":\"Nativa Info\",\"description\":\"Diario Digital\",\"publisher\":{\"@id\":\"https:\/\/nativainfo.com\/#organization\"},\"potentialAction\":[{\"@type\":\"SearchAction\",\"target\":{\"@type\":\"EntryPoint\",\"urlTemplate\":\"https:\/\/nativainfo.com\/?s={search_term_string}\"},\"query-input\":{\"@type\":\"PropertyValueSpecification\",\"valueRequired\":true,\"valueName\":\"search_term_string\"}}],\"inLanguage\":\"es-AR\"},{\"@type\":\"Organization\",\"@id\":\"https:\/\/nativainfo.com\/#organization\",\"name\":\"Nativa Info\",\"url\":\"https:\/\/nativainfo.com\/\",\"logo\":{\"@type\":\"ImageObject\",\"inLanguage\":\"es-AR\",\"@id\":\"https:\/\/nativainfo.com\/#\/schema\/logo\/image\/\",\"url\":\"https:\/\/nativainfo.com\/wp-content\/uploads\/2025\/08\/LOGO-NATIVA-FACE.jpg\",\"contentUrl\":\"https:\/\/nativainfo.com\/wp-content\/uploads\/2025\/08\/LOGO-NATIVA-FACE.jpg\",\"width\":400,\"height\":400,\"caption\":\"Nativa Info\"},\"image\":{\"@id\":\"https:\/\/nativainfo.com\/#\/schema\/logo\/image\/\"},\"sameAs\":[\"https:\/\/www.facebook.com\/profile.php?id=61578881597564\"]},{\"@type\":\"Person\",\"@id\":\"https:\/\/nativainfo.com\/#\/schema\/person\/24893b64a9cd564ddb5d102d36eb4b5c\",\"name\":\"Nativa Info\",\"image\":{\"@type\":\"ImageObject\",\"inLanguage\":\"es-AR\",\"@id\":\"https:\/\/nativainfo.com\/#\/schema\/person\/image\/\",\"url\":\"https:\/\/secure.gravatar.com\/avatar\/016fa1cf068d85136d938e1507b9b619cb766e2565cbb1faa1e571762460c785?s=96&d=mm&r=g\",\"contentUrl\":\"https:\/\/secure.gravatar.com\/avatar\/016fa1cf068d85136d938e1507b9b619cb766e2565cbb1faa1e571762460c785?s=96&d=mm&r=g\",\"caption\":\"Nativa Info\"},\"sameAs\":[\"http:\/\/nativainfo.com\"],\"url\":\"https:\/\/nativainfo.com\/?author=1\"}]}<\/script>\n<!-- \/ Yoast SEO plugin. -->","yoast_head_json":{"title":"Zamora particip\u00f3 de la inauguraci\u00f3n de una f\u00e1brica de colchones en el B\u00b0 Libertad - Nativa Info","robots":{"index":"index","follow":"follow","max-snippet":"max-snippet:-1","max-image-preview":"max-image-preview:large","max-video-preview":"max-video-preview:-1"},"canonical":"https:\/\/nativainfo.com\/?p=4408","og_locale":"es_ES","og_type":"article","og_title":"Zamora particip\u00f3 de la inauguraci\u00f3n de una f\u00e1brica de colchones en el B\u00b0 Libertad - Nativa Info","og_description":"Se trata de un emprendimiento familiar, que cuenta con una moderna planta de 1.000 metros cuadrados y 17 trabajadores. El... Continue reading","og_url":"https:\/\/nativainfo.com\/?p=4408","og_site_name":"Nativa Info","article_publisher":"https:\/\/www.facebook.com\/profile.php?id=61578881597564","article_published_time":"2024-08-13T02:38:06+00:00","article_modified_time":"2024-08-13T02:38:07+00:00","og_image":[{"url":"http:\/\/nativainfo.com\/wp-content\/uploads\/2024\/08\/imagen_2024-08-12_233753741.png","type":"","width":"","height":""}],"author":"Nativa Info","twitter_card":"summary_large_image","twitter_misc":{"Escrito por":"Nativa Info","Tiempo de lectura":"1 minuto"},"schema":{"@context":"https:\/\/schema.org","@graph":[{"@type":"Article","@id":"https:\/\/nativainfo.com\/?p=4408#article","isPartOf":{"@id":"https:\/\/nativainfo.com\/?p=4408"},"author":{"name":"Nativa Info","@id":"https:\/\/nativainfo.com\/#\/schema\/person\/24893b64a9cd564ddb5d102d36eb4b5c"},"headline":"Zamora particip\u00f3 de la inauguraci\u00f3n de una f\u00e1brica de colchones en el B\u00b0 Libertad","datePublished":"2024-08-13T02:38:06+00:00","dateModified":"2024-08-13T02:38:07+00:00","mainEntityOfPage":{"@id":"https:\/\/nativainfo.com\/?p=4408"},"wordCount":192,"commentCount":0,"publisher":{"@id":"https:\/\/nativainfo.com\/#organization"},"image":{"@id":"https:\/\/nativainfo.com\/?p=4408#primaryimage"},"thumbnailUrl":"http:\/\/nativainfo.com\/wp-content\/uploads\/2024\/08\/imagen_2024-08-12_233753741.png","articleSection":["Santiago del Estero"],"inLanguage":"es-AR","potentialAction":[{"@type":"CommentAction","name":"Comment","target":["https:\/\/nativainfo.com\/?p=4408#respond"]}]},{"@type":"WebPage","@id":"https:\/\/nativainfo.com\/?p=4408","url":"https:\/\/nativainfo.com\/?p=4408","name":"Zamora particip\u00f3 de la inauguraci\u00f3n de una f\u00e1brica de colchones en el B\u00b0 Libertad - Nativa Info","isPartOf":{"@id":"https:\/\/nativainfo.com\/#website"},"primaryImageOfPage":{"@id":"https:\/\/nativainfo.com\/?p=4408#primaryimage"},"image":{"@id":"https:\/\/nativainfo.com\/?p=4408#primaryimage"},"thumbnailUrl":"http:\/\/nativainfo.com\/wp-content\/uploads\/2024\/08\/imagen_2024-08-12_233753741.png","datePublished":"2024-08-13T02:38:06+00:00","dateModified":"2024-08-13T02:38:07+00:00","breadcrumb":{"@id":"https:\/\/nativainfo.com\/?p=4408#breadcrumb"},"inLanguage":"es-AR","potentialAction":[{"@type":"ReadAction","target":["https:\/\/nativainfo.com\/?p=4408"]}]},{"@type":"ImageObject","inLanguage":"es-AR","@id":"https:\/\/nativainfo.com\/?p=4408#primaryimage","url":"https:\/\/nativainfo.com\/wp-content\/uploads\/2024\/08\/imagen_2024-08-12_233753741.png","contentUrl":"https:\/\/nativainfo.com\/wp-content\/uploads\/2024\/08\/imagen_2024-08-12_233753741.png","width":1010,"height":567},{"@type":"BreadcrumbList","@id":"https:\/\/nativainfo.com\/?p=4408#breadcrumb","itemListElement":[{"@type":"ListItem","position":1,"name":"Inicio","item":"https:\/\/nativainfo.com\/"},{"@type":"ListItem","position":2,"name":"Zamora particip\u00f3 de la inauguraci\u00f3n de una f\u00e1brica de colchones en el B\u00b0 Libertad"}]},{"@type":"WebSite","@id":"https:\/\/nativainfo.com\/#website","url":"https:\/\/nativainfo.com\/","name":"Nativa Info","description":"Diario Digital","publisher":{"@id":"https:\/\/nativainfo.com\/#organization"},"potentialAction":[{"@type":"SearchAction","target":{"@type":"EntryPoint","urlTemplate":"https:\/\/nativainfo.com\/?s={search_term_string}"},"query-input":{"@type":"PropertyValueSpecification","valueRequired":true,"valueName":"search_term_string"}}],"inLanguage":"es-AR"},{"@type":"Organization","@id":"https:\/\/nativainfo.com\/#organization","name":"Nativa Info","url":"https:\/\/nativainfo.com\/","logo":{"@type":"ImageObject","inLanguage":"es-AR","@id":"https:\/\/nativainfo.com\/#\/schema\/logo\/image\/","url":"https:\/\/nativainfo.com\/wp-content\/uploads\/2025\/08\/LOGO-NATIVA-FACE.jpg","contentUrl":"https:\/\/nativainfo.com\/wp-content\/uploads\/2025\/08\/LOGO-NATIVA-FACE.jpg","width":400,"height":400,"caption":"Nativa Info"},"image":{"@id":"https:\/\/nativainfo.com\/#\/schema\/logo\/image\/"},"sameAs":["https:\/\/www.facebook.com\/profile.php?id=61578881597564"]},{"@type":"Person","@id":"https:\/\/nativainfo.com\/#\/schema\/person\/24893b64a9cd564ddb5d102d36eb4b5c","name":"Nativa Info","image":{"@type":"ImageObject","inLanguage":"es-AR","@id":"https:\/\/nativainfo.com\/#\/schema\/person\/image\/","url":"https:\/\/secure.gravatar.com\/avatar\/016fa1cf068d85136d938e1507b9b619cb766e2565cbb1faa1e571762460c785?s=96&d=mm&r=g","contentUrl":"https:\/\/secure.gravatar.com\/avatar\/016fa1cf068d85136d938e1507b9b619cb766e2565cbb1faa1e571762460c785?s=96&d=mm&r=g","caption":"Nativa Info"},"sameAs":["http:\/\/nativainfo.com"],"url":"https:\/\/nativainfo.com\/?author=1"}]}},"jetpack_publicize_connections":[],"_links":{"self":[{"href":"https:\/\/nativainfo.com\/index.php?rest_route=\/wp\/v2\/posts\/4408","targetHints":{"allow":["GET"]}}],"collection":[{"href":"https:\/\/nativainfo.com\/index.php?rest_route=\/wp\/v2\/posts"}],"about":[{"href":"https:\/\/nativainfo.com\/index.php?rest_route=\/wp\/v2\/types\/post"}],"author":[{"embeddable":true,"href":"https:\/\/nativainfo.com\/index.php?rest_route=\/wp\/v2\/users\/1"}],"replies":[{"embeddable":true,"href":"https:\/\/nativainfo.com\/index.php?rest_route=%2Fwp%2Fv2%2Fcomments&post=4408"}],"version-history":[{"count":1,"href":"https:\/\/nativainfo.com\/index.php?rest_route=\/wp\/v2\/posts\/4408\/revisions"}],"predecessor-version":[{"id":4412,"href":"https:\/\/nativainfo.com\/index.php?rest_route=\/wp\/v2\/posts\/4408\/revisions\/4412"}],"wp:attachment":[{"href":"https:\/\/nativainfo.com\/index.php?rest_route=%2Fwp%2Fv2%2Fmedia&parent=4408"}],"wp:term":[{"taxonomy":"category","embeddable":true,"href":"https:\/\/nativainfo.com\/index.php?rest_route=%2Fwp%2Fv2%2Fcategories&post=4408"},{"taxonomy":"post_tag","embeddable":true,"href":"https:\/\/nativainfo.com\/index.php?rest_route=%2Fwp%2Fv2%2Ftags&post=4408"}],"curies":[{"name":"wp","href":"https:\/\/api.w.org\/{rel}","templated":true}]}}