{"id":4399,"date":"2024-08-07T22:00:26","date_gmt":"2024-08-08T01:00:26","guid":{"rendered":"http:\/\/nativainfo.com\/?p=4399"},"modified":"2024-08-07T22:00:27","modified_gmt":"2024-08-08T01:00:27","slug":"silva-neder-participo-de-la-inauguracion-de-un-nuevo-local-de-mcdonalds-en-santiago-del-estero","status":"publish","type":"post","link":"https:\/\/nativainfo.com\/?p=4399","title":{"rendered":"Silva Neder particip\u00f3 de la inauguraci\u00f3n de un nuevo local de McDonald&#8217;s en Santiago del Estero"},"content":{"rendered":"\n<p>El local, dise\u00f1ado con tecnolog\u00eda de \u00faltima generaci\u00f3n, sustentable y el primero con AutoMac en la provincia, generar\u00e1 m\u00e1s de 90 puestos de trabajo para j\u00f3venes.<\/p>\n\n\n\n<figure class=\"wp-block-image size-large\"><img fetchpriority=\"high\" decoding=\"async\" width=\"1024\" height=\"576\" src=\"http:\/\/nativainfo.com\/wp-content\/uploads\/2024\/08\/imagen_2024-08-07_220018714-1024x576.png\" alt=\"\" class=\"wp-image-4403\" srcset=\"https:\/\/nativainfo.com\/wp-content\/uploads\/2024\/08\/imagen_2024-08-07_220018714-1024x576.png 1024w, https:\/\/nativainfo.com\/wp-content\/uploads\/2024\/08\/imagen_2024-08-07_220018714-300x169.png 300w, https:\/\/nativainfo.com\/wp-content\/uploads\/2024\/08\/imagen_2024-08-07_220018714-768x432.png 768w, https:\/\/nativainfo.com\/wp-content\/uploads\/2024\/08\/imagen_2024-08-07_220018714-622x350.png 622w, https:\/\/nativainfo.com\/wp-content\/uploads\/2024\/08\/imagen_2024-08-07_220018714-150x84.png 150w, https:\/\/nativainfo.com\/wp-content\/uploads\/2024\/08\/imagen_2024-08-07_220018714.png 1200w\" sizes=\"(max-width: 1024px) 100vw, 1024px\" \/><\/figure>\n\n\n\n<p><strong>Con la generaci\u00f3n 92 nuevos puestos de trabajo para j\u00f3venes santiague\u00f1os, este mi\u00e9rcoles McDonald&#8217;s inaugur\u00f3 su segundo local en la ciudad<\/strong>&nbsp;con la presencia del vicegobernador de la provincia,&nbsp;<strong>Dr. Carlos Silva Neder<\/strong>, en representaci\u00f3n del gobernador Dr. Gerardo Zamora, la intendenta de la Capital,&nbsp;<strong>Ing. Norma Fuentes<\/strong>&nbsp;y el ministro de la Producci\u00f3n,&nbsp;<strong>Miguel Mandrille<\/strong>, entre otras autoridades.<\/p>\n\n\n\n<p>Los funcionarios fueron recibidos por&nbsp;<strong>Eduardo Lopardo<\/strong>&nbsp;(director general de Arcos Dorados Argentina) y&nbsp;<strong>Carlos Yubr\u00edn<\/strong>&nbsp;(operador de Mcdonald\u2019s), junto con directivos y personal de la marca, quienes al llegar los acompa\u00f1aron en un recorrido por el local ubicado en Avenida Belgrano Sur 2663, dise\u00f1ado con tecnolog\u00eda de \u00faltima generaci\u00f3n, sustentable y el primero con AutoMac en Santiago del Estero.<\/p>\n\n\n\n<p>Luego del tradicional corte de cintas, el vicegobernador Silva Neder transmiti\u00f3 el saludo y las felicitaciones del gobernador&nbsp;<strong>Dr. Gerardo Zamora<\/strong>&nbsp;y ratific\u00f3 el acompa\u00f1amiento del Gobierno provincial a la iniciativa y los emprendimientos privados.<\/p>\n","protected":false},"excerpt":{"rendered":"<p>El local, dise\u00f1ado con tecnolog\u00eda de \u00faltima generaci\u00f3n, sustentable y el primero con AutoMac en la provincia, generar\u00e1 m\u00e1s de&#8230; <a class=\"continue-reading-link\" href=\"https:\/\/nativainfo.com\/?p=4399\">Continue reading<\/a><\/p>\n","protected":false},"author":1,"featured_media":0,"comment_status":"open","ping_status":"open","sticky":false,"template":"","format":"standard","meta":{"rop_custom_images_group":[],"rop_custom_messages_group":[],"rop_publish_now":"initial","rop_publish_now_accounts":[],"rop_publish_now_history":[],"rop_publish_now_status":"pending","footnotes":"","jetpack_publicize_message":"","jetpack_publicize_feature_enabled":true,"jetpack_social_post_already_shared":false,"jetpack_social_options":{"image_generator_settings":{"template":"highway","default_image_id":0,"font":"","enabled":false},"version":2}},"categories":[8],"tags":[],"class_list":["post-4399","post","type-post","status-publish","format-standard","hentry","category-noticias"],"yoast_head":"<!-- This site is optimized with the Yoast SEO plugin v25.6 - https:\/\/yoast.com\/wordpress\/plugins\/seo\/ -->\n<title>Silva Neder particip\u00f3 de la inauguraci\u00f3n de un nuevo local de McDonald&#039;s en Santiago del Estero - Nativa Info<\/title>\n<meta name=\"robots\" content=\"index, follow, max-snippet:-1, max-image-preview:large, max-video-preview:-1\" \/>\n<link rel=\"canonical\" href=\"https:\/\/nativainfo.com\/?p=4399\" \/>\n<meta property=\"og:locale\" content=\"es_ES\" \/>\n<meta property=\"og:type\" content=\"article\" \/>\n<meta property=\"og:title\" content=\"Silva Neder particip\u00f3 de la inauguraci\u00f3n de un nuevo local de McDonald&#039;s en Santiago del Estero - Nativa Info\" \/>\n<meta property=\"og:description\" content=\"El local, dise\u00f1ado con tecnolog\u00eda de \u00faltima generaci\u00f3n, sustentable y el primero con AutoMac en la provincia, generar\u00e1 m\u00e1s de... Continue reading\" \/>\n<meta property=\"og:url\" content=\"https:\/\/nativainfo.com\/?p=4399\" \/>\n<meta property=\"og:site_name\" content=\"Nativa Info\" \/>\n<meta property=\"article:publisher\" content=\"https:\/\/www.facebook.com\/profile.php?id=61578881597564\" \/>\n<meta property=\"article:published_time\" content=\"2024-08-08T01:00:26+00:00\" \/>\n<meta property=\"article:modified_time\" content=\"2024-08-08T01:00:27+00:00\" \/>\n<meta property=\"og:image\" content=\"http:\/\/nativainfo.com\/wp-content\/uploads\/2024\/08\/imagen_2024-08-07_220018714-1024x576.png\" \/>\n<meta name=\"author\" content=\"Nativa Info\" \/>\n<meta name=\"twitter:card\" content=\"summary_large_image\" \/>\n<meta name=\"twitter:label1\" content=\"Escrito por\" \/>\n\t<meta name=\"twitter:data1\" content=\"Nativa Info\" \/>\n\t<meta name=\"twitter:label2\" content=\"Tiempo de lectura\" \/>\n\t<meta name=\"twitter:data2\" content=\"1 minuto\" \/>\n<script type=\"application\/ld+json\" class=\"yoast-schema-graph\">{\"@context\":\"https:\/\/schema.org\",\"@graph\":[{\"@type\":\"Article\",\"@id\":\"https:\/\/nativainfo.com\/?p=4399#article\",\"isPartOf\":{\"@id\":\"https:\/\/nativainfo.com\/?p=4399\"},\"author\":{\"name\":\"Nativa Info\",\"@id\":\"https:\/\/nativainfo.com\/#\/schema\/person\/24893b64a9cd564ddb5d102d36eb4b5c\"},\"headline\":\"Silva Neder particip\u00f3 de la inauguraci\u00f3n de un nuevo local de McDonald&#8217;s en Santiago del Estero\",\"datePublished\":\"2024-08-08T01:00:26+00:00\",\"dateModified\":\"2024-08-08T01:00:27+00:00\",\"mainEntityOfPage\":{\"@id\":\"https:\/\/nativainfo.com\/?p=4399\"},\"wordCount\":223,\"commentCount\":0,\"publisher\":{\"@id\":\"https:\/\/nativainfo.com\/#organization\"},\"image\":{\"@id\":\"https:\/\/nativainfo.com\/?p=4399#primaryimage\"},\"thumbnailUrl\":\"http:\/\/nativainfo.com\/wp-content\/uploads\/2024\/08\/imagen_2024-08-07_220018714-1024x576.png\",\"articleSection\":[\"Noticias\"],\"inLanguage\":\"es-AR\",\"potentialAction\":[{\"@type\":\"CommentAction\",\"name\":\"Comment\",\"target\":[\"https:\/\/nativainfo.com\/?p=4399#respond\"]}]},{\"@type\":\"WebPage\",\"@id\":\"https:\/\/nativainfo.com\/?p=4399\",\"url\":\"https:\/\/nativainfo.com\/?p=4399\",\"name\":\"Silva Neder particip\u00f3 de la inauguraci\u00f3n de un nuevo local de McDonald's en Santiago del Estero - Nativa Info\",\"isPartOf\":{\"@id\":\"https:\/\/nativainfo.com\/#website\"},\"primaryImageOfPage\":{\"@id\":\"https:\/\/nativainfo.com\/?p=4399#primaryimage\"},\"image\":{\"@id\":\"https:\/\/nativainfo.com\/?p=4399#primaryimage\"},\"thumbnailUrl\":\"http:\/\/nativainfo.com\/wp-content\/uploads\/2024\/08\/imagen_2024-08-07_220018714-1024x576.png\",\"datePublished\":\"2024-08-08T01:00:26+00:00\",\"dateModified\":\"2024-08-08T01:00:27+00:00\",\"breadcrumb\":{\"@id\":\"https:\/\/nativainfo.com\/?p=4399#breadcrumb\"},\"inLanguage\":\"es-AR\",\"potentialAction\":[{\"@type\":\"ReadAction\",\"target\":[\"https:\/\/nativainfo.com\/?p=4399\"]}]},{\"@type\":\"ImageObject\",\"inLanguage\":\"es-AR\",\"@id\":\"https:\/\/nativainfo.com\/?p=4399#primaryimage\",\"url\":\"https:\/\/nativainfo.com\/wp-content\/uploads\/2024\/08\/imagen_2024-08-07_220018714.png\",\"contentUrl\":\"https:\/\/nativainfo.com\/wp-content\/uploads\/2024\/08\/imagen_2024-08-07_220018714.png\",\"width\":1200,\"height\":675},{\"@type\":\"BreadcrumbList\",\"@id\":\"https:\/\/nativainfo.com\/?p=4399#breadcrumb\",\"itemListElement\":[{\"@type\":\"ListItem\",\"position\":1,\"name\":\"Inicio\",\"item\":\"https:\/\/nativainfo.com\/\"},{\"@type\":\"ListItem\",\"position\":2,\"name\":\"Silva Neder particip\u00f3 de la inauguraci\u00f3n de un nuevo local de McDonald&#8217;s en Santiago del Estero\"}]},{\"@type\":\"WebSite\",\"@id\":\"https:\/\/nativainfo.com\/#website\",\"url\":\"https:\/\/nativainfo.com\/\",\"name\":\"Nativa Info\",\"description\":\"Diario Digital\",\"publisher\":{\"@id\":\"https:\/\/nativainfo.com\/#organization\"},\"potentialAction\":[{\"@type\":\"SearchAction\",\"target\":{\"@type\":\"EntryPoint\",\"urlTemplate\":\"https:\/\/nativainfo.com\/?s={search_term_string}\"},\"query-input\":{\"@type\":\"PropertyValueSpecification\",\"valueRequired\":true,\"valueName\":\"search_term_string\"}}],\"inLanguage\":\"es-AR\"},{\"@type\":\"Organization\",\"@id\":\"https:\/\/nativainfo.com\/#organization\",\"name\":\"Nativa Info\",\"url\":\"https:\/\/nativainfo.com\/\",\"logo\":{\"@type\":\"ImageObject\",\"inLanguage\":\"es-AR\",\"@id\":\"https:\/\/nativainfo.com\/#\/schema\/logo\/image\/\",\"url\":\"https:\/\/nativainfo.com\/wp-content\/uploads\/2025\/08\/LOGO-NATIVA-FACE.jpg\",\"contentUrl\":\"https:\/\/nativainfo.com\/wp-content\/uploads\/2025\/08\/LOGO-NATIVA-FACE.jpg\",\"width\":400,\"height\":400,\"caption\":\"Nativa Info\"},\"image\":{\"@id\":\"https:\/\/nativainfo.com\/#\/schema\/logo\/image\/\"},\"sameAs\":[\"https:\/\/www.facebook.com\/profile.php?id=61578881597564\"]},{\"@type\":\"Person\",\"@id\":\"https:\/\/nativainfo.com\/#\/schema\/person\/24893b64a9cd564ddb5d102d36eb4b5c\",\"name\":\"Nativa Info\",\"image\":{\"@type\":\"ImageObject\",\"inLanguage\":\"es-AR\",\"@id\":\"https:\/\/nativainfo.com\/#\/schema\/person\/image\/\",\"url\":\"https:\/\/secure.gravatar.com\/avatar\/016fa1cf068d85136d938e1507b9b619cb766e2565cbb1faa1e571762460c785?s=96&d=mm&r=g\",\"contentUrl\":\"https:\/\/secure.gravatar.com\/avatar\/016fa1cf068d85136d938e1507b9b619cb766e2565cbb1faa1e571762460c785?s=96&d=mm&r=g\",\"caption\":\"Nativa Info\"},\"sameAs\":[\"http:\/\/nativainfo.com\"],\"url\":\"https:\/\/nativainfo.com\/?author=1\"}]}<\/script>\n<!-- \/ Yoast SEO plugin. -->","yoast_head_json":{"title":"Silva Neder particip\u00f3 de la inauguraci\u00f3n de un nuevo local de McDonald's en Santiago del Estero - Nativa Info","robots":{"index":"index","follow":"follow","max-snippet":"max-snippet:-1","max-image-preview":"max-image-preview:large","max-video-preview":"max-video-preview:-1"},"canonical":"https:\/\/nativainfo.com\/?p=4399","og_locale":"es_ES","og_type":"article","og_title":"Silva Neder particip\u00f3 de la inauguraci\u00f3n de un nuevo local de McDonald's en Santiago del Estero - Nativa Info","og_description":"El local, dise\u00f1ado con tecnolog\u00eda de \u00faltima generaci\u00f3n, sustentable y el primero con AutoMac en la provincia, generar\u00e1 m\u00e1s de... Continue reading","og_url":"https:\/\/nativainfo.com\/?p=4399","og_site_name":"Nativa Info","article_publisher":"https:\/\/www.facebook.com\/profile.php?id=61578881597564","article_published_time":"2024-08-08T01:00:26+00:00","article_modified_time":"2024-08-08T01:00:27+00:00","og_image":[{"url":"http:\/\/nativainfo.com\/wp-content\/uploads\/2024\/08\/imagen_2024-08-07_220018714-1024x576.png","type":"","width":"","height":""}],"author":"Nativa Info","twitter_card":"summary_large_image","twitter_misc":{"Escrito por":"Nativa Info","Tiempo de lectura":"1 minuto"},"schema":{"@context":"https:\/\/schema.org","@graph":[{"@type":"Article","@id":"https:\/\/nativainfo.com\/?p=4399#article","isPartOf":{"@id":"https:\/\/nativainfo.com\/?p=4399"},"author":{"name":"Nativa Info","@id":"https:\/\/nativainfo.com\/#\/schema\/person\/24893b64a9cd564ddb5d102d36eb4b5c"},"headline":"Silva Neder particip\u00f3 de la inauguraci\u00f3n de un nuevo local de McDonald&#8217;s en Santiago del Estero","datePublished":"2024-08-08T01:00:26+00:00","dateModified":"2024-08-08T01:00:27+00:00","mainEntityOfPage":{"@id":"https:\/\/nativainfo.com\/?p=4399"},"wordCount":223,"commentCount":0,"publisher":{"@id":"https:\/\/nativainfo.com\/#organization"},"image":{"@id":"https:\/\/nativainfo.com\/?p=4399#primaryimage"},"thumbnailUrl":"http:\/\/nativainfo.com\/wp-content\/uploads\/2024\/08\/imagen_2024-08-07_220018714-1024x576.png","articleSection":["Noticias"],"inLanguage":"es-AR","potentialAction":[{"@type":"CommentAction","name":"Comment","target":["https:\/\/nativainfo.com\/?p=4399#respond"]}]},{"@type":"WebPage","@id":"https:\/\/nativainfo.com\/?p=4399","url":"https:\/\/nativainfo.com\/?p=4399","name":"Silva Neder particip\u00f3 de la inauguraci\u00f3n de un nuevo local de McDonald's en Santiago del Estero - Nativa Info","isPartOf":{"@id":"https:\/\/nativainfo.com\/#website"},"primaryImageOfPage":{"@id":"https:\/\/nativainfo.com\/?p=4399#primaryimage"},"image":{"@id":"https:\/\/nativainfo.com\/?p=4399#primaryimage"},"thumbnailUrl":"http:\/\/nativainfo.com\/wp-content\/uploads\/2024\/08\/imagen_2024-08-07_220018714-1024x576.png","datePublished":"2024-08-08T01:00:26+00:00","dateModified":"2024-08-08T01:00:27+00:00","breadcrumb":{"@id":"https:\/\/nativainfo.com\/?p=4399#breadcrumb"},"inLanguage":"es-AR","potentialAction":[{"@type":"ReadAction","target":["https:\/\/nativainfo.com\/?p=4399"]}]},{"@type":"ImageObject","inLanguage":"es-AR","@id":"https:\/\/nativainfo.com\/?p=4399#primaryimage","url":"https:\/\/nativainfo.com\/wp-content\/uploads\/2024\/08\/imagen_2024-08-07_220018714.png","contentUrl":"https:\/\/nativainfo.com\/wp-content\/uploads\/2024\/08\/imagen_2024-08-07_220018714.png","width":1200,"height":675},{"@type":"BreadcrumbList","@id":"https:\/\/nativainfo.com\/?p=4399#breadcrumb","itemListElement":[{"@type":"ListItem","position":1,"name":"Inicio","item":"https:\/\/nativainfo.com\/"},{"@type":"ListItem","position":2,"name":"Silva Neder particip\u00f3 de la inauguraci\u00f3n de un nuevo local de McDonald&#8217;s en Santiago del Estero"}]},{"@type":"WebSite","@id":"https:\/\/nativainfo.com\/#website","url":"https:\/\/nativainfo.com\/","name":"Nativa Info","description":"Diario Digital","publisher":{"@id":"https:\/\/nativainfo.com\/#organization"},"potentialAction":[{"@type":"SearchAction","target":{"@type":"EntryPoint","urlTemplate":"https:\/\/nativainfo.com\/?s={search_term_string}"},"query-input":{"@type":"PropertyValueSpecification","valueRequired":true,"valueName":"search_term_string"}}],"inLanguage":"es-AR"},{"@type":"Organization","@id":"https:\/\/nativainfo.com\/#organization","name":"Nativa Info","url":"https:\/\/nativainfo.com\/","logo":{"@type":"ImageObject","inLanguage":"es-AR","@id":"https:\/\/nativainfo.com\/#\/schema\/logo\/image\/","url":"https:\/\/nativainfo.com\/wp-content\/uploads\/2025\/08\/LOGO-NATIVA-FACE.jpg","contentUrl":"https:\/\/nativainfo.com\/wp-content\/uploads\/2025\/08\/LOGO-NATIVA-FACE.jpg","width":400,"height":400,"caption":"Nativa Info"},"image":{"@id":"https:\/\/nativainfo.com\/#\/schema\/logo\/image\/"},"sameAs":["https:\/\/www.facebook.com\/profile.php?id=61578881597564"]},{"@type":"Person","@id":"https:\/\/nativainfo.com\/#\/schema\/person\/24893b64a9cd564ddb5d102d36eb4b5c","name":"Nativa Info","image":{"@type":"ImageObject","inLanguage":"es-AR","@id":"https:\/\/nativainfo.com\/#\/schema\/person\/image\/","url":"https:\/\/secure.gravatar.com\/avatar\/016fa1cf068d85136d938e1507b9b619cb766e2565cbb1faa1e571762460c785?s=96&d=mm&r=g","contentUrl":"https:\/\/secure.gravatar.com\/avatar\/016fa1cf068d85136d938e1507b9b619cb766e2565cbb1faa1e571762460c785?s=96&d=mm&r=g","caption":"Nativa Info"},"sameAs":["http:\/\/nativainfo.com"],"url":"https:\/\/nativainfo.com\/?author=1"}]}},"jetpack_publicize_connections":[],"_links":{"self":[{"href":"https:\/\/nativainfo.com\/index.php?rest_route=\/wp\/v2\/posts\/4399","targetHints":{"allow":["GET"]}}],"collection":[{"href":"https:\/\/nativainfo.com\/index.php?rest_route=\/wp\/v2\/posts"}],"about":[{"href":"https:\/\/nativainfo.com\/index.php?rest_route=\/wp\/v2\/types\/post"}],"author":[{"embeddable":true,"href":"https:\/\/nativainfo.com\/index.php?rest_route=\/wp\/v2\/users\/1"}],"replies":[{"embeddable":true,"href":"https:\/\/nativainfo.com\/index.php?rest_route=%2Fwp%2Fv2%2Fcomments&post=4399"}],"version-history":[{"count":1,"href":"https:\/\/nativainfo.com\/index.php?rest_route=\/wp\/v2\/posts\/4399\/revisions"}],"predecessor-version":[{"id":4404,"href":"https:\/\/nativainfo.com\/index.php?rest_route=\/wp\/v2\/posts\/4399\/revisions\/4404"}],"wp:attachment":[{"href":"https:\/\/nativainfo.com\/index.php?rest_route=%2Fwp%2Fv2%2Fmedia&parent=4399"}],"wp:term":[{"taxonomy":"category","embeddable":true,"href":"https:\/\/nativainfo.com\/index.php?rest_route=%2Fwp%2Fv2%2Fcategories&post=4399"},{"taxonomy":"post_tag","embeddable":true,"href":"https:\/\/nativainfo.com\/index.php?rest_route=%2Fwp%2Fv2%2Ftags&post=4399"}],"curies":[{"name":"wp","href":"https:\/\/api.w.org\/{rel}","templated":true}]}}