{"id":4385,"date":"2024-07-29T00:08:06","date_gmt":"2024-07-29T03:08:06","guid":{"rendered":"http:\/\/nativainfo.com\/?p=4385"},"modified":"2024-07-29T00:09:00","modified_gmt":"2024-07-29T03:09:00","slug":"matias-sosa-gonzalez-y-selena-alvarez-alonso-volvieron-a-brillar-en-buenos-aires","status":"publish","type":"post","link":"https:\/\/nativainfo.com\/?p=4385","title":{"rendered":"Mat\u00edas Sosa Gonz\u00e1lez y Selena \u00c1lvarez Alonso volvieron a brillar en Buenos Aires"},"content":{"rendered":"\n<p>El nadador santiague\u00f1o se consagr\u00f3 bicampe\u00f3n nacional y la nadadora finaliz\u00f3 en el top ten.<\/p>\n\n\n\n<figure class=\"wp-block-image size-large\"><img fetchpriority=\"high\" decoding=\"async\" width=\"1010\" height=\"567\" src=\"http:\/\/nativainfo.com\/wp-content\/uploads\/2024\/07\/1010x567_natatorio-olimpico-mdc-sde-490873-211501.jpg\" alt=\"\" class=\"wp-image-4391\" srcset=\"https:\/\/nativainfo.com\/wp-content\/uploads\/2024\/07\/1010x567_natatorio-olimpico-mdc-sde-490873-211501.jpg 1010w, https:\/\/nativainfo.com\/wp-content\/uploads\/2024\/07\/1010x567_natatorio-olimpico-mdc-sde-490873-211501-300x168.jpg 300w, https:\/\/nativainfo.com\/wp-content\/uploads\/2024\/07\/1010x567_natatorio-olimpico-mdc-sde-490873-211501-768x431.jpg 768w, https:\/\/nativainfo.com\/wp-content\/uploads\/2024\/07\/1010x567_natatorio-olimpico-mdc-sde-490873-211501-623x350.jpg 623w, https:\/\/nativainfo.com\/wp-content\/uploads\/2024\/07\/1010x567_natatorio-olimpico-mdc-sde-490873-211501-150x84.jpg 150w\" sizes=\"(max-width: 1010px) 100vw, 1010px\" \/><\/figure>\n\n\n\n<p>En la Jornada final del Campeonato Nacional de Nataci\u00f3n de invierno para categor\u00edas Juveniles que se disput\u00f3 este fin de semana &nbsp;en el complejo Ol\u00edmpico de Parque Roca de la Ciudad de Buenos Aires, los deportistas &nbsp;santiague\u00f1os volvieron a ratificar su gran momento, consolid\u00e1ndose entre los mejores del pa\u00eds.<\/p>\n\n\n\n<p>El ahora Octacampe\u00f3n Nacional &nbsp;Mat\u00edas Sosa Gonz\u00e1lez, perteneciente al equipo &nbsp;del Natatorio Ol\u00edmpico Madre de Ciudades, conquist\u00f3 un nuevo Campeonato Nacional en la prueba de 50 mts mts estilo Pecho, para terminar como una de las mejores actuaciones de los \u00faltimos a\u00f1os, su presentaci\u00f3n en esta edici\u00f3n.<\/p>\n\n\n\n<p>Por el lado de Selena Alvarez Alonso, la otra gran nadadora del Equipo del Natatorio Ol\u00edmpico Madre de Ciudades, volvi\u00f3 a dejar en claro el progreso alcanzado, clasific\u00e1ndose en el sexto &nbsp;lugar en la prueba de 100 &nbsp;mts &nbsp;estilo libre, con r\u00e9cord provincial , siendo adem\u00e1s, novena en la prueba de 50 mts estilo Espalda, dejando entre los dos nadadores bien en alto al &nbsp;Natatorio Ol\u00edmpico Madre de Ciudades en este certamen.<\/p>\n\n\n\n<p>La Directora del Natatorio &nbsp;y Head Coach del cuerpo t\u00e9cnico, la Lic. Josefina Bandrowsky &nbsp;se mostr\u00f3 muy feliz por los logros y dijo que \u201ctrabaja para lograrlos y ahora se disfruta estos resultados que se construyen gracias al &nbsp;aporte de todo &nbsp;el equipo de entrenadores conformado por Emanuel Acosta, y las Prof. Selena Barraza &nbsp;y Aldana Pav\u00f3n\u201d.<\/p>\n","protected":false},"excerpt":{"rendered":"<p>El nadador santiague\u00f1o se consagr\u00f3 bicampe\u00f3n nacional y la nadadora finaliz\u00f3 en el top ten. En la Jornada final del&#8230; <a class=\"continue-reading-link\" href=\"https:\/\/nativainfo.com\/?p=4385\">Continue reading<\/a><\/p>\n","protected":false},"author":1,"featured_media":0,"comment_status":"open","ping_status":"open","sticky":false,"template":"","format":"standard","meta":{"rop_custom_images_group":[],"rop_custom_messages_group":[],"rop_publish_now":"initial","rop_publish_now_accounts":[],"rop_publish_now_history":[],"rop_publish_now_status":"pending","footnotes":"","jetpack_publicize_message":"","jetpack_publicize_feature_enabled":true,"jetpack_social_post_already_shared":false,"jetpack_social_options":{"image_generator_settings":{"template":"highway","default_image_id":0,"font":"","enabled":false},"version":2}},"categories":[10,40],"tags":[],"class_list":["post-4385","post","type-post","status-publish","format-standard","hentry","category-deportes","category-santiago-del-estero"],"yoast_head":"<!-- This site is optimized with the Yoast SEO plugin v25.6 - https:\/\/yoast.com\/wordpress\/plugins\/seo\/ -->\n<title>Mat\u00edas Sosa Gonz\u00e1lez y Selena \u00c1lvarez Alonso volvieron a brillar en Buenos Aires - Nativa Info<\/title>\n<meta name=\"robots\" content=\"index, follow, max-snippet:-1, max-image-preview:large, max-video-preview:-1\" \/>\n<link rel=\"canonical\" href=\"https:\/\/nativainfo.com\/?p=4385\" \/>\n<meta property=\"og:locale\" content=\"es_ES\" \/>\n<meta property=\"og:type\" content=\"article\" \/>\n<meta property=\"og:title\" content=\"Mat\u00edas Sosa Gonz\u00e1lez y Selena \u00c1lvarez Alonso volvieron a brillar en Buenos Aires - Nativa Info\" \/>\n<meta property=\"og:description\" content=\"El nadador santiague\u00f1o se consagr\u00f3 bicampe\u00f3n nacional y la nadadora finaliz\u00f3 en el top ten. En la Jornada final del... Continue reading\" \/>\n<meta property=\"og:url\" content=\"https:\/\/nativainfo.com\/?p=4385\" \/>\n<meta property=\"og:site_name\" content=\"Nativa Info\" \/>\n<meta property=\"article:publisher\" content=\"https:\/\/www.facebook.com\/profile.php?id=61578881597564\" \/>\n<meta property=\"article:published_time\" content=\"2024-07-29T03:08:06+00:00\" \/>\n<meta property=\"article:modified_time\" content=\"2024-07-29T03:09:00+00:00\" \/>\n<meta property=\"og:image\" content=\"http:\/\/nativainfo.com\/wp-content\/uploads\/2024\/07\/1010x567_natatorio-olimpico-mdc-sde-490873-211501.jpg\" \/>\n<meta name=\"author\" content=\"Nativa Info\" \/>\n<meta name=\"twitter:card\" content=\"summary_large_image\" \/>\n<meta name=\"twitter:label1\" content=\"Escrito por\" \/>\n\t<meta name=\"twitter:data1\" content=\"Nativa Info\" \/>\n\t<meta name=\"twitter:label2\" content=\"Tiempo de lectura\" \/>\n\t<meta name=\"twitter:data2\" content=\"1 minuto\" \/>\n<script type=\"application\/ld+json\" class=\"yoast-schema-graph\">{\"@context\":\"https:\/\/schema.org\",\"@graph\":[{\"@type\":\"Article\",\"@id\":\"https:\/\/nativainfo.com\/?p=4385#article\",\"isPartOf\":{\"@id\":\"https:\/\/nativainfo.com\/?p=4385\"},\"author\":{\"name\":\"Nativa Info\",\"@id\":\"https:\/\/nativainfo.com\/#\/schema\/person\/24893b64a9cd564ddb5d102d36eb4b5c\"},\"headline\":\"Mat\u00edas Sosa Gonz\u00e1lez y Selena \u00c1lvarez Alonso volvieron a brillar en Buenos Aires\",\"datePublished\":\"2024-07-29T03:08:06+00:00\",\"dateModified\":\"2024-07-29T03:09:00+00:00\",\"mainEntityOfPage\":{\"@id\":\"https:\/\/nativainfo.com\/?p=4385\"},\"wordCount\":286,\"commentCount\":0,\"publisher\":{\"@id\":\"https:\/\/nativainfo.com\/#organization\"},\"image\":{\"@id\":\"https:\/\/nativainfo.com\/?p=4385#primaryimage\"},\"thumbnailUrl\":\"http:\/\/nativainfo.com\/wp-content\/uploads\/2024\/07\/1010x567_natatorio-olimpico-mdc-sde-490873-211501.jpg\",\"articleSection\":[\"Deportes\",\"Santiago del Estero\"],\"inLanguage\":\"es-AR\",\"potentialAction\":[{\"@type\":\"CommentAction\",\"name\":\"Comment\",\"target\":[\"https:\/\/nativainfo.com\/?p=4385#respond\"]}]},{\"@type\":\"WebPage\",\"@id\":\"https:\/\/nativainfo.com\/?p=4385\",\"url\":\"https:\/\/nativainfo.com\/?p=4385\",\"name\":\"Mat\u00edas Sosa Gonz\u00e1lez y Selena \u00c1lvarez Alonso volvieron a brillar en Buenos Aires - Nativa Info\",\"isPartOf\":{\"@id\":\"https:\/\/nativainfo.com\/#website\"},\"primaryImageOfPage\":{\"@id\":\"https:\/\/nativainfo.com\/?p=4385#primaryimage\"},\"image\":{\"@id\":\"https:\/\/nativainfo.com\/?p=4385#primaryimage\"},\"thumbnailUrl\":\"http:\/\/nativainfo.com\/wp-content\/uploads\/2024\/07\/1010x567_natatorio-olimpico-mdc-sde-490873-211501.jpg\",\"datePublished\":\"2024-07-29T03:08:06+00:00\",\"dateModified\":\"2024-07-29T03:09:00+00:00\",\"breadcrumb\":{\"@id\":\"https:\/\/nativainfo.com\/?p=4385#breadcrumb\"},\"inLanguage\":\"es-AR\",\"potentialAction\":[{\"@type\":\"ReadAction\",\"target\":[\"https:\/\/nativainfo.com\/?p=4385\"]}]},{\"@type\":\"ImageObject\",\"inLanguage\":\"es-AR\",\"@id\":\"https:\/\/nativainfo.com\/?p=4385#primaryimage\",\"url\":\"https:\/\/nativainfo.com\/wp-content\/uploads\/2024\/07\/1010x567_natatorio-olimpico-mdc-sde-490873-211501.jpg\",\"contentUrl\":\"https:\/\/nativainfo.com\/wp-content\/uploads\/2024\/07\/1010x567_natatorio-olimpico-mdc-sde-490873-211501.jpg\",\"width\":1010,\"height\":567},{\"@type\":\"BreadcrumbList\",\"@id\":\"https:\/\/nativainfo.com\/?p=4385#breadcrumb\",\"itemListElement\":[{\"@type\":\"ListItem\",\"position\":1,\"name\":\"Inicio\",\"item\":\"https:\/\/nativainfo.com\/\"},{\"@type\":\"ListItem\",\"position\":2,\"name\":\"Mat\u00edas Sosa Gonz\u00e1lez y Selena \u00c1lvarez Alonso volvieron a brillar en Buenos Aires\"}]},{\"@type\":\"WebSite\",\"@id\":\"https:\/\/nativainfo.com\/#website\",\"url\":\"https:\/\/nativainfo.com\/\",\"name\":\"Nativa Info\",\"description\":\"Diario Digital\",\"publisher\":{\"@id\":\"https:\/\/nativainfo.com\/#organization\"},\"potentialAction\":[{\"@type\":\"SearchAction\",\"target\":{\"@type\":\"EntryPoint\",\"urlTemplate\":\"https:\/\/nativainfo.com\/?s={search_term_string}\"},\"query-input\":{\"@type\":\"PropertyValueSpecification\",\"valueRequired\":true,\"valueName\":\"search_term_string\"}}],\"inLanguage\":\"es-AR\"},{\"@type\":\"Organization\",\"@id\":\"https:\/\/nativainfo.com\/#organization\",\"name\":\"Nativa Info\",\"url\":\"https:\/\/nativainfo.com\/\",\"logo\":{\"@type\":\"ImageObject\",\"inLanguage\":\"es-AR\",\"@id\":\"https:\/\/nativainfo.com\/#\/schema\/logo\/image\/\",\"url\":\"https:\/\/nativainfo.com\/wp-content\/uploads\/2025\/08\/LOGO-NATIVA-FACE.jpg\",\"contentUrl\":\"https:\/\/nativainfo.com\/wp-content\/uploads\/2025\/08\/LOGO-NATIVA-FACE.jpg\",\"width\":400,\"height\":400,\"caption\":\"Nativa Info\"},\"image\":{\"@id\":\"https:\/\/nativainfo.com\/#\/schema\/logo\/image\/\"},\"sameAs\":[\"https:\/\/www.facebook.com\/profile.php?id=61578881597564\"]},{\"@type\":\"Person\",\"@id\":\"https:\/\/nativainfo.com\/#\/schema\/person\/24893b64a9cd564ddb5d102d36eb4b5c\",\"name\":\"Nativa Info\",\"image\":{\"@type\":\"ImageObject\",\"inLanguage\":\"es-AR\",\"@id\":\"https:\/\/nativainfo.com\/#\/schema\/person\/image\/\",\"url\":\"https:\/\/secure.gravatar.com\/avatar\/016fa1cf068d85136d938e1507b9b619cb766e2565cbb1faa1e571762460c785?s=96&d=mm&r=g\",\"contentUrl\":\"https:\/\/secure.gravatar.com\/avatar\/016fa1cf068d85136d938e1507b9b619cb766e2565cbb1faa1e571762460c785?s=96&d=mm&r=g\",\"caption\":\"Nativa Info\"},\"sameAs\":[\"http:\/\/nativainfo.com\"],\"url\":\"https:\/\/nativainfo.com\/?author=1\"}]}<\/script>\n<!-- \/ Yoast SEO plugin. -->","yoast_head_json":{"title":"Mat\u00edas Sosa Gonz\u00e1lez y Selena \u00c1lvarez Alonso volvieron a brillar en Buenos Aires - Nativa Info","robots":{"index":"index","follow":"follow","max-snippet":"max-snippet:-1","max-image-preview":"max-image-preview:large","max-video-preview":"max-video-preview:-1"},"canonical":"https:\/\/nativainfo.com\/?p=4385","og_locale":"es_ES","og_type":"article","og_title":"Mat\u00edas Sosa Gonz\u00e1lez y Selena \u00c1lvarez Alonso volvieron a brillar en Buenos Aires - Nativa Info","og_description":"El nadador santiague\u00f1o se consagr\u00f3 bicampe\u00f3n nacional y la nadadora finaliz\u00f3 en el top ten. En la Jornada final del... Continue reading","og_url":"https:\/\/nativainfo.com\/?p=4385","og_site_name":"Nativa Info","article_publisher":"https:\/\/www.facebook.com\/profile.php?id=61578881597564","article_published_time":"2024-07-29T03:08:06+00:00","article_modified_time":"2024-07-29T03:09:00+00:00","og_image":[{"url":"http:\/\/nativainfo.com\/wp-content\/uploads\/2024\/07\/1010x567_natatorio-olimpico-mdc-sde-490873-211501.jpg","type":"","width":"","height":""}],"author":"Nativa Info","twitter_card":"summary_large_image","twitter_misc":{"Escrito por":"Nativa Info","Tiempo de lectura":"1 minuto"},"schema":{"@context":"https:\/\/schema.org","@graph":[{"@type":"Article","@id":"https:\/\/nativainfo.com\/?p=4385#article","isPartOf":{"@id":"https:\/\/nativainfo.com\/?p=4385"},"author":{"name":"Nativa Info","@id":"https:\/\/nativainfo.com\/#\/schema\/person\/24893b64a9cd564ddb5d102d36eb4b5c"},"headline":"Mat\u00edas Sosa Gonz\u00e1lez y Selena \u00c1lvarez Alonso volvieron a brillar en Buenos Aires","datePublished":"2024-07-29T03:08:06+00:00","dateModified":"2024-07-29T03:09:00+00:00","mainEntityOfPage":{"@id":"https:\/\/nativainfo.com\/?p=4385"},"wordCount":286,"commentCount":0,"publisher":{"@id":"https:\/\/nativainfo.com\/#organization"},"image":{"@id":"https:\/\/nativainfo.com\/?p=4385#primaryimage"},"thumbnailUrl":"http:\/\/nativainfo.com\/wp-content\/uploads\/2024\/07\/1010x567_natatorio-olimpico-mdc-sde-490873-211501.jpg","articleSection":["Deportes","Santiago del Estero"],"inLanguage":"es-AR","potentialAction":[{"@type":"CommentAction","name":"Comment","target":["https:\/\/nativainfo.com\/?p=4385#respond"]}]},{"@type":"WebPage","@id":"https:\/\/nativainfo.com\/?p=4385","url":"https:\/\/nativainfo.com\/?p=4385","name":"Mat\u00edas Sosa Gonz\u00e1lez y Selena \u00c1lvarez Alonso volvieron a brillar en Buenos Aires - Nativa Info","isPartOf":{"@id":"https:\/\/nativainfo.com\/#website"},"primaryImageOfPage":{"@id":"https:\/\/nativainfo.com\/?p=4385#primaryimage"},"image":{"@id":"https:\/\/nativainfo.com\/?p=4385#primaryimage"},"thumbnailUrl":"http:\/\/nativainfo.com\/wp-content\/uploads\/2024\/07\/1010x567_natatorio-olimpico-mdc-sde-490873-211501.jpg","datePublished":"2024-07-29T03:08:06+00:00","dateModified":"2024-07-29T03:09:00+00:00","breadcrumb":{"@id":"https:\/\/nativainfo.com\/?p=4385#breadcrumb"},"inLanguage":"es-AR","potentialAction":[{"@type":"ReadAction","target":["https:\/\/nativainfo.com\/?p=4385"]}]},{"@type":"ImageObject","inLanguage":"es-AR","@id":"https:\/\/nativainfo.com\/?p=4385#primaryimage","url":"https:\/\/nativainfo.com\/wp-content\/uploads\/2024\/07\/1010x567_natatorio-olimpico-mdc-sde-490873-211501.jpg","contentUrl":"https:\/\/nativainfo.com\/wp-content\/uploads\/2024\/07\/1010x567_natatorio-olimpico-mdc-sde-490873-211501.jpg","width":1010,"height":567},{"@type":"BreadcrumbList","@id":"https:\/\/nativainfo.com\/?p=4385#breadcrumb","itemListElement":[{"@type":"ListItem","position":1,"name":"Inicio","item":"https:\/\/nativainfo.com\/"},{"@type":"ListItem","position":2,"name":"Mat\u00edas Sosa Gonz\u00e1lez y Selena \u00c1lvarez Alonso volvieron a brillar en Buenos Aires"}]},{"@type":"WebSite","@id":"https:\/\/nativainfo.com\/#website","url":"https:\/\/nativainfo.com\/","name":"Nativa Info","description":"Diario Digital","publisher":{"@id":"https:\/\/nativainfo.com\/#organization"},"potentialAction":[{"@type":"SearchAction","target":{"@type":"EntryPoint","urlTemplate":"https:\/\/nativainfo.com\/?s={search_term_string}"},"query-input":{"@type":"PropertyValueSpecification","valueRequired":true,"valueName":"search_term_string"}}],"inLanguage":"es-AR"},{"@type":"Organization","@id":"https:\/\/nativainfo.com\/#organization","name":"Nativa Info","url":"https:\/\/nativainfo.com\/","logo":{"@type":"ImageObject","inLanguage":"es-AR","@id":"https:\/\/nativainfo.com\/#\/schema\/logo\/image\/","url":"https:\/\/nativainfo.com\/wp-content\/uploads\/2025\/08\/LOGO-NATIVA-FACE.jpg","contentUrl":"https:\/\/nativainfo.com\/wp-content\/uploads\/2025\/08\/LOGO-NATIVA-FACE.jpg","width":400,"height":400,"caption":"Nativa Info"},"image":{"@id":"https:\/\/nativainfo.com\/#\/schema\/logo\/image\/"},"sameAs":["https:\/\/www.facebook.com\/profile.php?id=61578881597564"]},{"@type":"Person","@id":"https:\/\/nativainfo.com\/#\/schema\/person\/24893b64a9cd564ddb5d102d36eb4b5c","name":"Nativa Info","image":{"@type":"ImageObject","inLanguage":"es-AR","@id":"https:\/\/nativainfo.com\/#\/schema\/person\/image\/","url":"https:\/\/secure.gravatar.com\/avatar\/016fa1cf068d85136d938e1507b9b619cb766e2565cbb1faa1e571762460c785?s=96&d=mm&r=g","contentUrl":"https:\/\/secure.gravatar.com\/avatar\/016fa1cf068d85136d938e1507b9b619cb766e2565cbb1faa1e571762460c785?s=96&d=mm&r=g","caption":"Nativa Info"},"sameAs":["http:\/\/nativainfo.com"],"url":"https:\/\/nativainfo.com\/?author=1"}]}},"jetpack_publicize_connections":[],"_links":{"self":[{"href":"https:\/\/nativainfo.com\/index.php?rest_route=\/wp\/v2\/posts\/4385","targetHints":{"allow":["GET"]}}],"collection":[{"href":"https:\/\/nativainfo.com\/index.php?rest_route=\/wp\/v2\/posts"}],"about":[{"href":"https:\/\/nativainfo.com\/index.php?rest_route=\/wp\/v2\/types\/post"}],"author":[{"embeddable":true,"href":"https:\/\/nativainfo.com\/index.php?rest_route=\/wp\/v2\/users\/1"}],"replies":[{"embeddable":true,"href":"https:\/\/nativainfo.com\/index.php?rest_route=%2Fwp%2Fv2%2Fcomments&post=4385"}],"version-history":[{"count":1,"href":"https:\/\/nativainfo.com\/index.php?rest_route=\/wp\/v2\/posts\/4385\/revisions"}],"predecessor-version":[{"id":4394,"href":"https:\/\/nativainfo.com\/index.php?rest_route=\/wp\/v2\/posts\/4385\/revisions\/4394"}],"wp:attachment":[{"href":"https:\/\/nativainfo.com\/index.php?rest_route=%2Fwp%2Fv2%2Fmedia&parent=4385"}],"wp:term":[{"taxonomy":"category","embeddable":true,"href":"https:\/\/nativainfo.com\/index.php?rest_route=%2Fwp%2Fv2%2Fcategories&post=4385"},{"taxonomy":"post_tag","embeddable":true,"href":"https:\/\/nativainfo.com\/index.php?rest_route=%2Fwp%2Fv2%2Ftags&post=4385"}],"curies":[{"name":"wp","href":"https:\/\/api.w.org\/{rel}","templated":true}]}}