{"id":4377,"date":"2024-07-23T23:34:34","date_gmt":"2024-07-24T02:34:34","guid":{"rendered":"http:\/\/nativainfo.com\/?p=4377"},"modified":"2024-07-23T23:34:45","modified_gmt":"2024-07-24T02:34:45","slug":"la-vigilia-por-el-nuevo-aniversario-de-la-madre-de-ciudades-comenzara-a-las-22","status":"publish","type":"post","link":"https:\/\/nativainfo.com\/?p=4377","title":{"rendered":"La vigilia por el nuevo aniversario de la Madre de Ciudades comenzar\u00e1 a las 22"},"content":{"rendered":"\n<p>Habr\u00e1 unos 70 artistas en escena que le pondr\u00e1n todo el colorido a la festividad.<\/p>\n\n\n\n<figure class=\"wp-block-image size-large\"><img fetchpriority=\"high\" decoding=\"async\" width=\"1010\" height=\"567\" src=\"http:\/\/nativainfo.com\/wp-content\/uploads\/2024\/07\/imagen_2024-07-23_233416042.png\" alt=\"\" class=\"wp-image-4382\" srcset=\"https:\/\/nativainfo.com\/wp-content\/uploads\/2024\/07\/imagen_2024-07-23_233416042.png 1010w, https:\/\/nativainfo.com\/wp-content\/uploads\/2024\/07\/imagen_2024-07-23_233416042-300x168.png 300w, https:\/\/nativainfo.com\/wp-content\/uploads\/2024\/07\/imagen_2024-07-23_233416042-768x431.png 768w, https:\/\/nativainfo.com\/wp-content\/uploads\/2024\/07\/imagen_2024-07-23_233416042-623x350.png 623w, https:\/\/nativainfo.com\/wp-content\/uploads\/2024\/07\/imagen_2024-07-23_233416042-150x84.png 150w\" sizes=\"(max-width: 1010px) 100vw, 1010px\" \/><\/figure>\n\n\n\n<p>A la espera del<strong>&nbsp;471\u00b0 aniversario de la \u201cMadre de ciudades\u201d<\/strong>, santiague\u00f1os y turistas podr\u00e1n disfrutar de la puesta en escena de una importante cantidad de bailarines, actores y m\u00fasicos que animar\u00e1n la vigilia desde las 22 en plaza Libertad.<\/p>\n\n\n\n<p>En la previa,<strong>&nbsp;subir\u00e1n al escenario Nancy Ventura y Vale Nassif&nbsp;<\/strong>a partir de las 20; mientras que luego de la vigilia, el espect\u00e1culo estar\u00e1 a cargo del reconocido cantante, Bruno Arias.<\/p>\n\n\n\n<p><strong>La vigilia contar\u00e1 con 70 artistas en escenas<\/strong>, 35 m\u00fasicos y cantantes, 11 escenas y 32 temas musicales.<\/p>\n\n\n\n<p><strong>Dar\u00e1 comienzo con un texto sobre la tierra quechua.<\/strong><\/p>\n\n\n\n<p><strong>Las coreograf\u00edas, contar\u00e1n sobre la riqueza patrimonial de Santiago del Estero, con vidalas, paisajes y cantos<\/strong>.<\/p>\n\n\n\n<p>Las presentaciones, tambi\u00e9n incluir\u00e1n la m\u00fasica de Mar\u00eda Elena Walsh, mostrando los legados del pueblo santiague\u00f1o como trabajo, educaci\u00f3n, salud y vivienda.<\/p>\n\n\n\n<p>El espect\u00e1culo concluir\u00e1 con la escenificaci\u00f3n del t\u00edpico patio santiague\u00f1o.<\/p>\n","protected":false},"excerpt":{"rendered":"<p>Habr\u00e1 unos 70 artistas en escena que le pondr\u00e1n todo el colorido a la festividad. A la espera del&nbsp;471\u00b0 aniversario&#8230; <a class=\"continue-reading-link\" href=\"https:\/\/nativainfo.com\/?p=4377\">Continue reading<\/a><\/p>\n","protected":false},"author":1,"featured_media":0,"comment_status":"open","ping_status":"open","sticky":false,"template":"","format":"standard","meta":{"rop_custom_images_group":[],"rop_custom_messages_group":[],"rop_publish_now":"initial","rop_publish_now_accounts":[],"rop_publish_now_history":[],"rop_publish_now_status":"pending","footnotes":"","jetpack_publicize_message":"","jetpack_publicize_feature_enabled":true,"jetpack_social_post_already_shared":false,"jetpack_social_options":{"image_generator_settings":{"template":"highway","default_image_id":0,"font":"","enabled":false},"version":2}},"categories":[40],"tags":[],"class_list":["post-4377","post","type-post","status-publish","format-standard","hentry","category-santiago-del-estero"],"yoast_head":"<!-- This site is optimized with the Yoast SEO plugin v25.6 - https:\/\/yoast.com\/wordpress\/plugins\/seo\/ -->\n<title>La vigilia por el nuevo aniversario de la Madre de Ciudades comenzar\u00e1 a las 22 - Nativa Info<\/title>\n<meta name=\"robots\" content=\"index, follow, max-snippet:-1, max-image-preview:large, max-video-preview:-1\" \/>\n<link rel=\"canonical\" href=\"https:\/\/nativainfo.com\/?p=4377\" \/>\n<meta property=\"og:locale\" content=\"es_ES\" \/>\n<meta property=\"og:type\" content=\"article\" \/>\n<meta property=\"og:title\" content=\"La vigilia por el nuevo aniversario de la Madre de Ciudades comenzar\u00e1 a las 22 - Nativa Info\" \/>\n<meta property=\"og:description\" content=\"Habr\u00e1 unos 70 artistas en escena que le pondr\u00e1n todo el colorido a la festividad. A la espera del&nbsp;471\u00b0 aniversario... Continue reading\" \/>\n<meta property=\"og:url\" content=\"https:\/\/nativainfo.com\/?p=4377\" \/>\n<meta property=\"og:site_name\" content=\"Nativa Info\" \/>\n<meta property=\"article:publisher\" content=\"https:\/\/www.facebook.com\/profile.php?id=61578881597564\" \/>\n<meta property=\"article:published_time\" content=\"2024-07-24T02:34:34+00:00\" \/>\n<meta property=\"article:modified_time\" content=\"2024-07-24T02:34:45+00:00\" \/>\n<meta property=\"og:image\" content=\"http:\/\/nativainfo.com\/wp-content\/uploads\/2024\/07\/imagen_2024-07-23_233416042.png\" \/>\n<meta name=\"author\" content=\"Nativa Info\" \/>\n<meta name=\"twitter:card\" content=\"summary_large_image\" \/>\n<meta name=\"twitter:label1\" content=\"Escrito por\" \/>\n\t<meta name=\"twitter:data1\" content=\"Nativa Info\" \/>\n\t<meta name=\"twitter:label2\" content=\"Tiempo de lectura\" \/>\n\t<meta name=\"twitter:data2\" content=\"1 minuto\" \/>\n<script type=\"application\/ld+json\" class=\"yoast-schema-graph\">{\"@context\":\"https:\/\/schema.org\",\"@graph\":[{\"@type\":\"Article\",\"@id\":\"https:\/\/nativainfo.com\/?p=4377#article\",\"isPartOf\":{\"@id\":\"https:\/\/nativainfo.com\/?p=4377\"},\"author\":{\"name\":\"Nativa Info\",\"@id\":\"https:\/\/nativainfo.com\/#\/schema\/person\/24893b64a9cd564ddb5d102d36eb4b5c\"},\"headline\":\"La vigilia por el nuevo aniversario de la Madre de Ciudades comenzar\u00e1 a las 22\",\"datePublished\":\"2024-07-24T02:34:34+00:00\",\"dateModified\":\"2024-07-24T02:34:45+00:00\",\"mainEntityOfPage\":{\"@id\":\"https:\/\/nativainfo.com\/?p=4377\"},\"wordCount\":191,\"commentCount\":0,\"publisher\":{\"@id\":\"https:\/\/nativainfo.com\/#organization\"},\"image\":{\"@id\":\"https:\/\/nativainfo.com\/?p=4377#primaryimage\"},\"thumbnailUrl\":\"http:\/\/nativainfo.com\/wp-content\/uploads\/2024\/07\/imagen_2024-07-23_233416042.png\",\"articleSection\":[\"Santiago del Estero\"],\"inLanguage\":\"es-AR\",\"potentialAction\":[{\"@type\":\"CommentAction\",\"name\":\"Comment\",\"target\":[\"https:\/\/nativainfo.com\/?p=4377#respond\"]}]},{\"@type\":\"WebPage\",\"@id\":\"https:\/\/nativainfo.com\/?p=4377\",\"url\":\"https:\/\/nativainfo.com\/?p=4377\",\"name\":\"La vigilia por el nuevo aniversario de la Madre de Ciudades comenzar\u00e1 a las 22 - Nativa Info\",\"isPartOf\":{\"@id\":\"https:\/\/nativainfo.com\/#website\"},\"primaryImageOfPage\":{\"@id\":\"https:\/\/nativainfo.com\/?p=4377#primaryimage\"},\"image\":{\"@id\":\"https:\/\/nativainfo.com\/?p=4377#primaryimage\"},\"thumbnailUrl\":\"http:\/\/nativainfo.com\/wp-content\/uploads\/2024\/07\/imagen_2024-07-23_233416042.png\",\"datePublished\":\"2024-07-24T02:34:34+00:00\",\"dateModified\":\"2024-07-24T02:34:45+00:00\",\"breadcrumb\":{\"@id\":\"https:\/\/nativainfo.com\/?p=4377#breadcrumb\"},\"inLanguage\":\"es-AR\",\"potentialAction\":[{\"@type\":\"ReadAction\",\"target\":[\"https:\/\/nativainfo.com\/?p=4377\"]}]},{\"@type\":\"ImageObject\",\"inLanguage\":\"es-AR\",\"@id\":\"https:\/\/nativainfo.com\/?p=4377#primaryimage\",\"url\":\"https:\/\/nativainfo.com\/wp-content\/uploads\/2024\/07\/imagen_2024-07-23_233416042.png\",\"contentUrl\":\"https:\/\/nativainfo.com\/wp-content\/uploads\/2024\/07\/imagen_2024-07-23_233416042.png\",\"width\":1010,\"height\":567},{\"@type\":\"BreadcrumbList\",\"@id\":\"https:\/\/nativainfo.com\/?p=4377#breadcrumb\",\"itemListElement\":[{\"@type\":\"ListItem\",\"position\":1,\"name\":\"Inicio\",\"item\":\"https:\/\/nativainfo.com\/\"},{\"@type\":\"ListItem\",\"position\":2,\"name\":\"La vigilia por el nuevo aniversario de la Madre de Ciudades comenzar\u00e1 a las 22\"}]},{\"@type\":\"WebSite\",\"@id\":\"https:\/\/nativainfo.com\/#website\",\"url\":\"https:\/\/nativainfo.com\/\",\"name\":\"Nativa Info\",\"description\":\"Diario Digital\",\"publisher\":{\"@id\":\"https:\/\/nativainfo.com\/#organization\"},\"potentialAction\":[{\"@type\":\"SearchAction\",\"target\":{\"@type\":\"EntryPoint\",\"urlTemplate\":\"https:\/\/nativainfo.com\/?s={search_term_string}\"},\"query-input\":{\"@type\":\"PropertyValueSpecification\",\"valueRequired\":true,\"valueName\":\"search_term_string\"}}],\"inLanguage\":\"es-AR\"},{\"@type\":\"Organization\",\"@id\":\"https:\/\/nativainfo.com\/#organization\",\"name\":\"Nativa Info\",\"url\":\"https:\/\/nativainfo.com\/\",\"logo\":{\"@type\":\"ImageObject\",\"inLanguage\":\"es-AR\",\"@id\":\"https:\/\/nativainfo.com\/#\/schema\/logo\/image\/\",\"url\":\"https:\/\/nativainfo.com\/wp-content\/uploads\/2025\/08\/LOGO-NATIVA-FACE.jpg\",\"contentUrl\":\"https:\/\/nativainfo.com\/wp-content\/uploads\/2025\/08\/LOGO-NATIVA-FACE.jpg\",\"width\":400,\"height\":400,\"caption\":\"Nativa Info\"},\"image\":{\"@id\":\"https:\/\/nativainfo.com\/#\/schema\/logo\/image\/\"},\"sameAs\":[\"https:\/\/www.facebook.com\/profile.php?id=61578881597564\"]},{\"@type\":\"Person\",\"@id\":\"https:\/\/nativainfo.com\/#\/schema\/person\/24893b64a9cd564ddb5d102d36eb4b5c\",\"name\":\"Nativa Info\",\"image\":{\"@type\":\"ImageObject\",\"inLanguage\":\"es-AR\",\"@id\":\"https:\/\/nativainfo.com\/#\/schema\/person\/image\/\",\"url\":\"https:\/\/secure.gravatar.com\/avatar\/016fa1cf068d85136d938e1507b9b619cb766e2565cbb1faa1e571762460c785?s=96&d=mm&r=g\",\"contentUrl\":\"https:\/\/secure.gravatar.com\/avatar\/016fa1cf068d85136d938e1507b9b619cb766e2565cbb1faa1e571762460c785?s=96&d=mm&r=g\",\"caption\":\"Nativa Info\"},\"sameAs\":[\"http:\/\/nativainfo.com\"],\"url\":\"https:\/\/nativainfo.com\/?author=1\"}]}<\/script>\n<!-- \/ Yoast SEO plugin. -->","yoast_head_json":{"title":"La vigilia por el nuevo aniversario de la Madre de Ciudades comenzar\u00e1 a las 22 - Nativa Info","robots":{"index":"index","follow":"follow","max-snippet":"max-snippet:-1","max-image-preview":"max-image-preview:large","max-video-preview":"max-video-preview:-1"},"canonical":"https:\/\/nativainfo.com\/?p=4377","og_locale":"es_ES","og_type":"article","og_title":"La vigilia por el nuevo aniversario de la Madre de Ciudades comenzar\u00e1 a las 22 - Nativa Info","og_description":"Habr\u00e1 unos 70 artistas en escena que le pondr\u00e1n todo el colorido a la festividad. A la espera del&nbsp;471\u00b0 aniversario... Continue reading","og_url":"https:\/\/nativainfo.com\/?p=4377","og_site_name":"Nativa Info","article_publisher":"https:\/\/www.facebook.com\/profile.php?id=61578881597564","article_published_time":"2024-07-24T02:34:34+00:00","article_modified_time":"2024-07-24T02:34:45+00:00","og_image":[{"url":"http:\/\/nativainfo.com\/wp-content\/uploads\/2024\/07\/imagen_2024-07-23_233416042.png","type":"","width":"","height":""}],"author":"Nativa Info","twitter_card":"summary_large_image","twitter_misc":{"Escrito por":"Nativa Info","Tiempo de lectura":"1 minuto"},"schema":{"@context":"https:\/\/schema.org","@graph":[{"@type":"Article","@id":"https:\/\/nativainfo.com\/?p=4377#article","isPartOf":{"@id":"https:\/\/nativainfo.com\/?p=4377"},"author":{"name":"Nativa Info","@id":"https:\/\/nativainfo.com\/#\/schema\/person\/24893b64a9cd564ddb5d102d36eb4b5c"},"headline":"La vigilia por el nuevo aniversario de la Madre de Ciudades comenzar\u00e1 a las 22","datePublished":"2024-07-24T02:34:34+00:00","dateModified":"2024-07-24T02:34:45+00:00","mainEntityOfPage":{"@id":"https:\/\/nativainfo.com\/?p=4377"},"wordCount":191,"commentCount":0,"publisher":{"@id":"https:\/\/nativainfo.com\/#organization"},"image":{"@id":"https:\/\/nativainfo.com\/?p=4377#primaryimage"},"thumbnailUrl":"http:\/\/nativainfo.com\/wp-content\/uploads\/2024\/07\/imagen_2024-07-23_233416042.png","articleSection":["Santiago del Estero"],"inLanguage":"es-AR","potentialAction":[{"@type":"CommentAction","name":"Comment","target":["https:\/\/nativainfo.com\/?p=4377#respond"]}]},{"@type":"WebPage","@id":"https:\/\/nativainfo.com\/?p=4377","url":"https:\/\/nativainfo.com\/?p=4377","name":"La vigilia por el nuevo aniversario de la Madre de Ciudades comenzar\u00e1 a las 22 - Nativa Info","isPartOf":{"@id":"https:\/\/nativainfo.com\/#website"},"primaryImageOfPage":{"@id":"https:\/\/nativainfo.com\/?p=4377#primaryimage"},"image":{"@id":"https:\/\/nativainfo.com\/?p=4377#primaryimage"},"thumbnailUrl":"http:\/\/nativainfo.com\/wp-content\/uploads\/2024\/07\/imagen_2024-07-23_233416042.png","datePublished":"2024-07-24T02:34:34+00:00","dateModified":"2024-07-24T02:34:45+00:00","breadcrumb":{"@id":"https:\/\/nativainfo.com\/?p=4377#breadcrumb"},"inLanguage":"es-AR","potentialAction":[{"@type":"ReadAction","target":["https:\/\/nativainfo.com\/?p=4377"]}]},{"@type":"ImageObject","inLanguage":"es-AR","@id":"https:\/\/nativainfo.com\/?p=4377#primaryimage","url":"https:\/\/nativainfo.com\/wp-content\/uploads\/2024\/07\/imagen_2024-07-23_233416042.png","contentUrl":"https:\/\/nativainfo.com\/wp-content\/uploads\/2024\/07\/imagen_2024-07-23_233416042.png","width":1010,"height":567},{"@type":"BreadcrumbList","@id":"https:\/\/nativainfo.com\/?p=4377#breadcrumb","itemListElement":[{"@type":"ListItem","position":1,"name":"Inicio","item":"https:\/\/nativainfo.com\/"},{"@type":"ListItem","position":2,"name":"La vigilia por el nuevo aniversario de la Madre de Ciudades comenzar\u00e1 a las 22"}]},{"@type":"WebSite","@id":"https:\/\/nativainfo.com\/#website","url":"https:\/\/nativainfo.com\/","name":"Nativa Info","description":"Diario Digital","publisher":{"@id":"https:\/\/nativainfo.com\/#organization"},"potentialAction":[{"@type":"SearchAction","target":{"@type":"EntryPoint","urlTemplate":"https:\/\/nativainfo.com\/?s={search_term_string}"},"query-input":{"@type":"PropertyValueSpecification","valueRequired":true,"valueName":"search_term_string"}}],"inLanguage":"es-AR"},{"@type":"Organization","@id":"https:\/\/nativainfo.com\/#organization","name":"Nativa Info","url":"https:\/\/nativainfo.com\/","logo":{"@type":"ImageObject","inLanguage":"es-AR","@id":"https:\/\/nativainfo.com\/#\/schema\/logo\/image\/","url":"https:\/\/nativainfo.com\/wp-content\/uploads\/2025\/08\/LOGO-NATIVA-FACE.jpg","contentUrl":"https:\/\/nativainfo.com\/wp-content\/uploads\/2025\/08\/LOGO-NATIVA-FACE.jpg","width":400,"height":400,"caption":"Nativa Info"},"image":{"@id":"https:\/\/nativainfo.com\/#\/schema\/logo\/image\/"},"sameAs":["https:\/\/www.facebook.com\/profile.php?id=61578881597564"]},{"@type":"Person","@id":"https:\/\/nativainfo.com\/#\/schema\/person\/24893b64a9cd564ddb5d102d36eb4b5c","name":"Nativa Info","image":{"@type":"ImageObject","inLanguage":"es-AR","@id":"https:\/\/nativainfo.com\/#\/schema\/person\/image\/","url":"https:\/\/secure.gravatar.com\/avatar\/016fa1cf068d85136d938e1507b9b619cb766e2565cbb1faa1e571762460c785?s=96&d=mm&r=g","contentUrl":"https:\/\/secure.gravatar.com\/avatar\/016fa1cf068d85136d938e1507b9b619cb766e2565cbb1faa1e571762460c785?s=96&d=mm&r=g","caption":"Nativa Info"},"sameAs":["http:\/\/nativainfo.com"],"url":"https:\/\/nativainfo.com\/?author=1"}]}},"jetpack_publicize_connections":[],"_links":{"self":[{"href":"https:\/\/nativainfo.com\/index.php?rest_route=\/wp\/v2\/posts\/4377","targetHints":{"allow":["GET"]}}],"collection":[{"href":"https:\/\/nativainfo.com\/index.php?rest_route=\/wp\/v2\/posts"}],"about":[{"href":"https:\/\/nativainfo.com\/index.php?rest_route=\/wp\/v2\/types\/post"}],"author":[{"embeddable":true,"href":"https:\/\/nativainfo.com\/index.php?rest_route=\/wp\/v2\/users\/1"}],"replies":[{"embeddable":true,"href":"https:\/\/nativainfo.com\/index.php?rest_route=%2Fwp%2Fv2%2Fcomments&post=4377"}],"version-history":[{"count":1,"href":"https:\/\/nativainfo.com\/index.php?rest_route=\/wp\/v2\/posts\/4377\/revisions"}],"predecessor-version":[{"id":4383,"href":"https:\/\/nativainfo.com\/index.php?rest_route=\/wp\/v2\/posts\/4377\/revisions\/4383"}],"wp:attachment":[{"href":"https:\/\/nativainfo.com\/index.php?rest_route=%2Fwp%2Fv2%2Fmedia&parent=4377"}],"wp:term":[{"taxonomy":"category","embeddable":true,"href":"https:\/\/nativainfo.com\/index.php?rest_route=%2Fwp%2Fv2%2Fcategories&post=4377"},{"taxonomy":"post_tag","embeddable":true,"href":"https:\/\/nativainfo.com\/index.php?rest_route=%2Fwp%2Fv2%2Ftags&post=4377"}],"curies":[{"name":"wp","href":"https:\/\/api.w.org\/{rel}","templated":true}]}}