{"id":4365,"date":"2024-07-21T23:00:05","date_gmt":"2024-07-22T02:00:05","guid":{"rendered":"http:\/\/nativainfo.com\/?p=4365"},"modified":"2024-07-21T23:00:11","modified_gmt":"2024-07-22T02:00:11","slug":"el-gobernador-participo-del-festival-del-dia-del-amigo-en-plaza-anoranzas-sigan-disfrutando-y-festejando","status":"publish","type":"post","link":"https:\/\/nativainfo.com\/?p=4365","title":{"rendered":"El Gobernador particip\u00f3 del Festival del D\u00eda del Amigo en Plaza A\u00f1oranzas: &#8220;Sigan disfrutando y festejando&#8221;"},"content":{"rendered":"\n<p>Gerardo Zamora aprovech\u00f3 la oportunidad para pronunciar un discurso lleno de entusiasmo y agradecimiento.<\/p>\n\n\n\n<figure class=\"wp-block-image size-large\"><img fetchpriority=\"high\" decoding=\"async\" width=\"1010\" height=\"567\" src=\"http:\/\/nativainfo.com\/wp-content\/uploads\/2024\/07\/imagen_2024-07-21_230001915.png\" alt=\"\" class=\"wp-image-4371\" srcset=\"https:\/\/nativainfo.com\/wp-content\/uploads\/2024\/07\/imagen_2024-07-21_230001915.png 1010w, https:\/\/nativainfo.com\/wp-content\/uploads\/2024\/07\/imagen_2024-07-21_230001915-300x168.png 300w, https:\/\/nativainfo.com\/wp-content\/uploads\/2024\/07\/imagen_2024-07-21_230001915-768x431.png 768w, https:\/\/nativainfo.com\/wp-content\/uploads\/2024\/07\/imagen_2024-07-21_230001915-623x350.png 623w, https:\/\/nativainfo.com\/wp-content\/uploads\/2024\/07\/imagen_2024-07-21_230001915-150x84.png 150w\" sizes=\"(max-width: 1010px) 100vw, 1010px\" \/><\/figure>\n\n\n\n<p>En el marco de los festejos de la<strong>&nbsp;&#8220;Madre de Ciudades\u201d<\/strong>&nbsp;con motivo de su<strong>&nbsp;471\u00b0 aniversario<\/strong>, el gobernador&nbsp;<strong>Gerardo Zamora<\/strong>&nbsp;particip\u00f3 junto con la intendente Norma Fuentes del Festival del D\u00eda del Amigo, que se realiz\u00f3 este domingo en Plaza A\u00f1oranzas.<\/p>\n\n\n\n<p>Una verdadera multitud asisti\u00f3 a la celebraci\u00f3n que se desarroll\u00f3 con entrada libre para todos los vecinos.<\/p>\n\n\n\n<p><strong>Tras saludar al p\u00fablico y regalar pelotas de f\u00fatbol y camisetas de la Selecci\u00f3n Argentina, el gobernador invit\u00f3 a todos los presentes a participar el pr\u00f3ximo 25 de julio del festival art\u00edstico por el cumplea\u00f1os de la ciudad y anticip\u00f3 adem\u00e1s junto con la intendente la realizaci\u00f3n de la Fiesta de la Primavera y del Estudiante, el 21 de septiembre.<\/strong><\/p>\n\n\n\n<p>La fiesta en Plaza A\u00f1oranzas se desarroll\u00f3 desde la siesta hasta entrada la noche con artistas como Banda XXI, Los Bonys, Dj Pereyra, Alejandro Veliz, La Banda de Huguito, Los Bonys, Los Kijanos, Nataly Trap, Estela R\u00edos, Alejandro Cuarteto, Flor Lobo y Dany Pecci.<\/p>\n","protected":false},"excerpt":{"rendered":"<p>Gerardo Zamora aprovech\u00f3 la oportunidad para pronunciar un discurso lleno de entusiasmo y agradecimiento. En el marco de los festejos&#8230; <a class=\"continue-reading-link\" href=\"https:\/\/nativainfo.com\/?p=4365\">Continue reading<\/a><\/p>\n","protected":false},"author":1,"featured_media":0,"comment_status":"open","ping_status":"open","sticky":false,"template":"","format":"standard","meta":{"rop_custom_images_group":[],"rop_custom_messages_group":[],"rop_publish_now":"initial","rop_publish_now_accounts":[],"rop_publish_now_history":[],"rop_publish_now_status":"pending","footnotes":"","jetpack_publicize_message":"","jetpack_publicize_feature_enabled":true,"jetpack_social_post_already_shared":false,"jetpack_social_options":{"image_generator_settings":{"template":"highway","default_image_id":0,"font":"","enabled":false},"version":2}},"categories":[40],"tags":[],"class_list":["post-4365","post","type-post","status-publish","format-standard","hentry","category-santiago-del-estero"],"yoast_head":"<!-- This site is optimized with the Yoast SEO plugin v25.6 - https:\/\/yoast.com\/wordpress\/plugins\/seo\/ -->\n<title>El Gobernador particip\u00f3 del Festival del D\u00eda del Amigo en Plaza A\u00f1oranzas: &quot;Sigan disfrutando y festejando&quot; - Nativa Info<\/title>\n<meta name=\"robots\" content=\"index, follow, max-snippet:-1, max-image-preview:large, max-video-preview:-1\" \/>\n<link rel=\"canonical\" href=\"https:\/\/nativainfo.com\/?p=4365\" \/>\n<meta property=\"og:locale\" content=\"es_ES\" \/>\n<meta property=\"og:type\" content=\"article\" \/>\n<meta property=\"og:title\" content=\"El Gobernador particip\u00f3 del Festival del D\u00eda del Amigo en Plaza A\u00f1oranzas: &quot;Sigan disfrutando y festejando&quot; - Nativa Info\" \/>\n<meta property=\"og:description\" content=\"Gerardo Zamora aprovech\u00f3 la oportunidad para pronunciar un discurso lleno de entusiasmo y agradecimiento. En el marco de los festejos... Continue reading\" \/>\n<meta property=\"og:url\" content=\"https:\/\/nativainfo.com\/?p=4365\" \/>\n<meta property=\"og:site_name\" content=\"Nativa Info\" \/>\n<meta property=\"article:publisher\" content=\"https:\/\/www.facebook.com\/profile.php?id=61578881597564\" \/>\n<meta property=\"article:published_time\" content=\"2024-07-22T02:00:05+00:00\" \/>\n<meta property=\"article:modified_time\" content=\"2024-07-22T02:00:11+00:00\" \/>\n<meta property=\"og:image\" content=\"http:\/\/nativainfo.com\/wp-content\/uploads\/2024\/07\/imagen_2024-07-21_230001915.png\" \/>\n<meta name=\"author\" content=\"Nativa Info\" \/>\n<meta name=\"twitter:card\" content=\"summary_large_image\" \/>\n<meta name=\"twitter:label1\" content=\"Escrito por\" \/>\n\t<meta name=\"twitter:data1\" content=\"Nativa Info\" \/>\n\t<meta name=\"twitter:label2\" content=\"Tiempo de lectura\" \/>\n\t<meta name=\"twitter:data2\" content=\"1 minuto\" \/>\n<script type=\"application\/ld+json\" class=\"yoast-schema-graph\">{\"@context\":\"https:\/\/schema.org\",\"@graph\":[{\"@type\":\"Article\",\"@id\":\"https:\/\/nativainfo.com\/?p=4365#article\",\"isPartOf\":{\"@id\":\"https:\/\/nativainfo.com\/?p=4365\"},\"author\":{\"name\":\"Nativa Info\",\"@id\":\"https:\/\/nativainfo.com\/#\/schema\/person\/24893b64a9cd564ddb5d102d36eb4b5c\"},\"headline\":\"El Gobernador particip\u00f3 del Festival del D\u00eda del Amigo en Plaza A\u00f1oranzas: &#8220;Sigan disfrutando y festejando&#8221;\",\"datePublished\":\"2024-07-22T02:00:05+00:00\",\"dateModified\":\"2024-07-22T02:00:11+00:00\",\"mainEntityOfPage\":{\"@id\":\"https:\/\/nativainfo.com\/?p=4365\"},\"wordCount\":210,\"commentCount\":0,\"publisher\":{\"@id\":\"https:\/\/nativainfo.com\/#organization\"},\"image\":{\"@id\":\"https:\/\/nativainfo.com\/?p=4365#primaryimage\"},\"thumbnailUrl\":\"http:\/\/nativainfo.com\/wp-content\/uploads\/2024\/07\/imagen_2024-07-21_230001915.png\",\"articleSection\":[\"Santiago del Estero\"],\"inLanguage\":\"es-AR\",\"potentialAction\":[{\"@type\":\"CommentAction\",\"name\":\"Comment\",\"target\":[\"https:\/\/nativainfo.com\/?p=4365#respond\"]}]},{\"@type\":\"WebPage\",\"@id\":\"https:\/\/nativainfo.com\/?p=4365\",\"url\":\"https:\/\/nativainfo.com\/?p=4365\",\"name\":\"El Gobernador particip\u00f3 del Festival del D\u00eda del Amigo en Plaza A\u00f1oranzas: \\\"Sigan disfrutando y festejando\\\" - Nativa Info\",\"isPartOf\":{\"@id\":\"https:\/\/nativainfo.com\/#website\"},\"primaryImageOfPage\":{\"@id\":\"https:\/\/nativainfo.com\/?p=4365#primaryimage\"},\"image\":{\"@id\":\"https:\/\/nativainfo.com\/?p=4365#primaryimage\"},\"thumbnailUrl\":\"http:\/\/nativainfo.com\/wp-content\/uploads\/2024\/07\/imagen_2024-07-21_230001915.png\",\"datePublished\":\"2024-07-22T02:00:05+00:00\",\"dateModified\":\"2024-07-22T02:00:11+00:00\",\"breadcrumb\":{\"@id\":\"https:\/\/nativainfo.com\/?p=4365#breadcrumb\"},\"inLanguage\":\"es-AR\",\"potentialAction\":[{\"@type\":\"ReadAction\",\"target\":[\"https:\/\/nativainfo.com\/?p=4365\"]}]},{\"@type\":\"ImageObject\",\"inLanguage\":\"es-AR\",\"@id\":\"https:\/\/nativainfo.com\/?p=4365#primaryimage\",\"url\":\"https:\/\/nativainfo.com\/wp-content\/uploads\/2024\/07\/imagen_2024-07-21_230001915.png\",\"contentUrl\":\"https:\/\/nativainfo.com\/wp-content\/uploads\/2024\/07\/imagen_2024-07-21_230001915.png\",\"width\":1010,\"height\":567},{\"@type\":\"BreadcrumbList\",\"@id\":\"https:\/\/nativainfo.com\/?p=4365#breadcrumb\",\"itemListElement\":[{\"@type\":\"ListItem\",\"position\":1,\"name\":\"Inicio\",\"item\":\"https:\/\/nativainfo.com\/\"},{\"@type\":\"ListItem\",\"position\":2,\"name\":\"El Gobernador particip\u00f3 del Festival del D\u00eda del Amigo en Plaza A\u00f1oranzas: &#8220;Sigan disfrutando y festejando&#8221;\"}]},{\"@type\":\"WebSite\",\"@id\":\"https:\/\/nativainfo.com\/#website\",\"url\":\"https:\/\/nativainfo.com\/\",\"name\":\"Nativa Info\",\"description\":\"Diario Digital\",\"publisher\":{\"@id\":\"https:\/\/nativainfo.com\/#organization\"},\"potentialAction\":[{\"@type\":\"SearchAction\",\"target\":{\"@type\":\"EntryPoint\",\"urlTemplate\":\"https:\/\/nativainfo.com\/?s={search_term_string}\"},\"query-input\":{\"@type\":\"PropertyValueSpecification\",\"valueRequired\":true,\"valueName\":\"search_term_string\"}}],\"inLanguage\":\"es-AR\"},{\"@type\":\"Organization\",\"@id\":\"https:\/\/nativainfo.com\/#organization\",\"name\":\"Nativa Info\",\"url\":\"https:\/\/nativainfo.com\/\",\"logo\":{\"@type\":\"ImageObject\",\"inLanguage\":\"es-AR\",\"@id\":\"https:\/\/nativainfo.com\/#\/schema\/logo\/image\/\",\"url\":\"https:\/\/nativainfo.com\/wp-content\/uploads\/2025\/08\/LOGO-NATIVA-FACE.jpg\",\"contentUrl\":\"https:\/\/nativainfo.com\/wp-content\/uploads\/2025\/08\/LOGO-NATIVA-FACE.jpg\",\"width\":400,\"height\":400,\"caption\":\"Nativa Info\"},\"image\":{\"@id\":\"https:\/\/nativainfo.com\/#\/schema\/logo\/image\/\"},\"sameAs\":[\"https:\/\/www.facebook.com\/profile.php?id=61578881597564\"]},{\"@type\":\"Person\",\"@id\":\"https:\/\/nativainfo.com\/#\/schema\/person\/24893b64a9cd564ddb5d102d36eb4b5c\",\"name\":\"Nativa Info\",\"image\":{\"@type\":\"ImageObject\",\"inLanguage\":\"es-AR\",\"@id\":\"https:\/\/nativainfo.com\/#\/schema\/person\/image\/\",\"url\":\"https:\/\/secure.gravatar.com\/avatar\/016fa1cf068d85136d938e1507b9b619cb766e2565cbb1faa1e571762460c785?s=96&d=mm&r=g\",\"contentUrl\":\"https:\/\/secure.gravatar.com\/avatar\/016fa1cf068d85136d938e1507b9b619cb766e2565cbb1faa1e571762460c785?s=96&d=mm&r=g\",\"caption\":\"Nativa Info\"},\"sameAs\":[\"http:\/\/nativainfo.com\"],\"url\":\"https:\/\/nativainfo.com\/?author=1\"}]}<\/script>\n<!-- \/ Yoast SEO plugin. -->","yoast_head_json":{"title":"El Gobernador particip\u00f3 del Festival del D\u00eda del Amigo en Plaza A\u00f1oranzas: \"Sigan disfrutando y festejando\" - Nativa Info","robots":{"index":"index","follow":"follow","max-snippet":"max-snippet:-1","max-image-preview":"max-image-preview:large","max-video-preview":"max-video-preview:-1"},"canonical":"https:\/\/nativainfo.com\/?p=4365","og_locale":"es_ES","og_type":"article","og_title":"El Gobernador particip\u00f3 del Festival del D\u00eda del Amigo en Plaza A\u00f1oranzas: \"Sigan disfrutando y festejando\" - Nativa Info","og_description":"Gerardo Zamora aprovech\u00f3 la oportunidad para pronunciar un discurso lleno de entusiasmo y agradecimiento. En el marco de los festejos... Continue reading","og_url":"https:\/\/nativainfo.com\/?p=4365","og_site_name":"Nativa Info","article_publisher":"https:\/\/www.facebook.com\/profile.php?id=61578881597564","article_published_time":"2024-07-22T02:00:05+00:00","article_modified_time":"2024-07-22T02:00:11+00:00","og_image":[{"url":"http:\/\/nativainfo.com\/wp-content\/uploads\/2024\/07\/imagen_2024-07-21_230001915.png","type":"","width":"","height":""}],"author":"Nativa Info","twitter_card":"summary_large_image","twitter_misc":{"Escrito por":"Nativa Info","Tiempo de lectura":"1 minuto"},"schema":{"@context":"https:\/\/schema.org","@graph":[{"@type":"Article","@id":"https:\/\/nativainfo.com\/?p=4365#article","isPartOf":{"@id":"https:\/\/nativainfo.com\/?p=4365"},"author":{"name":"Nativa Info","@id":"https:\/\/nativainfo.com\/#\/schema\/person\/24893b64a9cd564ddb5d102d36eb4b5c"},"headline":"El Gobernador particip\u00f3 del Festival del D\u00eda del Amigo en Plaza A\u00f1oranzas: &#8220;Sigan disfrutando y festejando&#8221;","datePublished":"2024-07-22T02:00:05+00:00","dateModified":"2024-07-22T02:00:11+00:00","mainEntityOfPage":{"@id":"https:\/\/nativainfo.com\/?p=4365"},"wordCount":210,"commentCount":0,"publisher":{"@id":"https:\/\/nativainfo.com\/#organization"},"image":{"@id":"https:\/\/nativainfo.com\/?p=4365#primaryimage"},"thumbnailUrl":"http:\/\/nativainfo.com\/wp-content\/uploads\/2024\/07\/imagen_2024-07-21_230001915.png","articleSection":["Santiago del Estero"],"inLanguage":"es-AR","potentialAction":[{"@type":"CommentAction","name":"Comment","target":["https:\/\/nativainfo.com\/?p=4365#respond"]}]},{"@type":"WebPage","@id":"https:\/\/nativainfo.com\/?p=4365","url":"https:\/\/nativainfo.com\/?p=4365","name":"El Gobernador particip\u00f3 del Festival del D\u00eda del Amigo en Plaza A\u00f1oranzas: \"Sigan disfrutando y festejando\" - Nativa Info","isPartOf":{"@id":"https:\/\/nativainfo.com\/#website"},"primaryImageOfPage":{"@id":"https:\/\/nativainfo.com\/?p=4365#primaryimage"},"image":{"@id":"https:\/\/nativainfo.com\/?p=4365#primaryimage"},"thumbnailUrl":"http:\/\/nativainfo.com\/wp-content\/uploads\/2024\/07\/imagen_2024-07-21_230001915.png","datePublished":"2024-07-22T02:00:05+00:00","dateModified":"2024-07-22T02:00:11+00:00","breadcrumb":{"@id":"https:\/\/nativainfo.com\/?p=4365#breadcrumb"},"inLanguage":"es-AR","potentialAction":[{"@type":"ReadAction","target":["https:\/\/nativainfo.com\/?p=4365"]}]},{"@type":"ImageObject","inLanguage":"es-AR","@id":"https:\/\/nativainfo.com\/?p=4365#primaryimage","url":"https:\/\/nativainfo.com\/wp-content\/uploads\/2024\/07\/imagen_2024-07-21_230001915.png","contentUrl":"https:\/\/nativainfo.com\/wp-content\/uploads\/2024\/07\/imagen_2024-07-21_230001915.png","width":1010,"height":567},{"@type":"BreadcrumbList","@id":"https:\/\/nativainfo.com\/?p=4365#breadcrumb","itemListElement":[{"@type":"ListItem","position":1,"name":"Inicio","item":"https:\/\/nativainfo.com\/"},{"@type":"ListItem","position":2,"name":"El Gobernador particip\u00f3 del Festival del D\u00eda del Amigo en Plaza A\u00f1oranzas: &#8220;Sigan disfrutando y festejando&#8221;"}]},{"@type":"WebSite","@id":"https:\/\/nativainfo.com\/#website","url":"https:\/\/nativainfo.com\/","name":"Nativa Info","description":"Diario Digital","publisher":{"@id":"https:\/\/nativainfo.com\/#organization"},"potentialAction":[{"@type":"SearchAction","target":{"@type":"EntryPoint","urlTemplate":"https:\/\/nativainfo.com\/?s={search_term_string}"},"query-input":{"@type":"PropertyValueSpecification","valueRequired":true,"valueName":"search_term_string"}}],"inLanguage":"es-AR"},{"@type":"Organization","@id":"https:\/\/nativainfo.com\/#organization","name":"Nativa Info","url":"https:\/\/nativainfo.com\/","logo":{"@type":"ImageObject","inLanguage":"es-AR","@id":"https:\/\/nativainfo.com\/#\/schema\/logo\/image\/","url":"https:\/\/nativainfo.com\/wp-content\/uploads\/2025\/08\/LOGO-NATIVA-FACE.jpg","contentUrl":"https:\/\/nativainfo.com\/wp-content\/uploads\/2025\/08\/LOGO-NATIVA-FACE.jpg","width":400,"height":400,"caption":"Nativa Info"},"image":{"@id":"https:\/\/nativainfo.com\/#\/schema\/logo\/image\/"},"sameAs":["https:\/\/www.facebook.com\/profile.php?id=61578881597564"]},{"@type":"Person","@id":"https:\/\/nativainfo.com\/#\/schema\/person\/24893b64a9cd564ddb5d102d36eb4b5c","name":"Nativa Info","image":{"@type":"ImageObject","inLanguage":"es-AR","@id":"https:\/\/nativainfo.com\/#\/schema\/person\/image\/","url":"https:\/\/secure.gravatar.com\/avatar\/016fa1cf068d85136d938e1507b9b619cb766e2565cbb1faa1e571762460c785?s=96&d=mm&r=g","contentUrl":"https:\/\/secure.gravatar.com\/avatar\/016fa1cf068d85136d938e1507b9b619cb766e2565cbb1faa1e571762460c785?s=96&d=mm&r=g","caption":"Nativa Info"},"sameAs":["http:\/\/nativainfo.com"],"url":"https:\/\/nativainfo.com\/?author=1"}]}},"jetpack_publicize_connections":[],"_links":{"self":[{"href":"https:\/\/nativainfo.com\/index.php?rest_route=\/wp\/v2\/posts\/4365","targetHints":{"allow":["GET"]}}],"collection":[{"href":"https:\/\/nativainfo.com\/index.php?rest_route=\/wp\/v2\/posts"}],"about":[{"href":"https:\/\/nativainfo.com\/index.php?rest_route=\/wp\/v2\/types\/post"}],"author":[{"embeddable":true,"href":"https:\/\/nativainfo.com\/index.php?rest_route=\/wp\/v2\/users\/1"}],"replies":[{"embeddable":true,"href":"https:\/\/nativainfo.com\/index.php?rest_route=%2Fwp%2Fv2%2Fcomments&post=4365"}],"version-history":[{"count":1,"href":"https:\/\/nativainfo.com\/index.php?rest_route=\/wp\/v2\/posts\/4365\/revisions"}],"predecessor-version":[{"id":4372,"href":"https:\/\/nativainfo.com\/index.php?rest_route=\/wp\/v2\/posts\/4365\/revisions\/4372"}],"wp:attachment":[{"href":"https:\/\/nativainfo.com\/index.php?rest_route=%2Fwp%2Fv2%2Fmedia&parent=4365"}],"wp:term":[{"taxonomy":"category","embeddable":true,"href":"https:\/\/nativainfo.com\/index.php?rest_route=%2Fwp%2Fv2%2Fcategories&post=4365"},{"taxonomy":"post_tag","embeddable":true,"href":"https:\/\/nativainfo.com\/index.php?rest_route=%2Fwp%2Fv2%2Ftags&post=4365"}],"curies":[{"name":"wp","href":"https:\/\/api.w.org\/{rel}","templated":true}]}}