{"id":4364,"date":"2024-07-21T22:59:22","date_gmt":"2024-07-22T01:59:22","guid":{"rendered":"http:\/\/nativainfo.com\/?p=4364"},"modified":"2024-07-21T22:59:23","modified_gmt":"2024-07-22T01:59:23","slug":"kamala-harris-le-agradecio-a-biden-la-nominacion-a-la-presidencia-mi-intencion-es-ganar","status":"publish","type":"post","link":"https:\/\/nativainfo.com\/?p=4364","title":{"rendered":"Kamala Harris le agradeci\u00f3 a Biden la nominaci\u00f3n a la presidencia: \u201cMi intenci\u00f3n es ganar\u201d"},"content":{"rendered":"\n<p>La vicepresidenta de EEUU afirm\u00f3 este domingo que espera \u201cganar la nominaci\u00f3n\u201d del Partido Dem\u00f3crata.<\/p>\n\n\n\n<figure class=\"wp-block-image size-large\"><img fetchpriority=\"high\" decoding=\"async\" width=\"1010\" height=\"567\" src=\"http:\/\/nativainfo.com\/wp-content\/uploads\/2024\/07\/imagen_2024-07-21_225916733.png\" alt=\"\" class=\"wp-image-4369\" srcset=\"https:\/\/nativainfo.com\/wp-content\/uploads\/2024\/07\/imagen_2024-07-21_225916733.png 1010w, https:\/\/nativainfo.com\/wp-content\/uploads\/2024\/07\/imagen_2024-07-21_225916733-300x168.png 300w, https:\/\/nativainfo.com\/wp-content\/uploads\/2024\/07\/imagen_2024-07-21_225916733-768x431.png 768w, https:\/\/nativainfo.com\/wp-content\/uploads\/2024\/07\/imagen_2024-07-21_225916733-623x350.png 623w, https:\/\/nativainfo.com\/wp-content\/uploads\/2024\/07\/imagen_2024-07-21_225916733-150x84.png 150w\" sizes=\"(max-width: 1010px) 100vw, 1010px\" \/><\/figure>\n\n\n\n<p>La vicepresidenta estadounidense,&nbsp;<strong>Kamala Harris<\/strong>, agradeci\u00f3 este domingo el apoyo del presidente Joe Biden para que sea su sustituta en la carrera a la Casa Blanca y afirm\u00f3 que espera poder ser la elegida candidata del partido para enfrentarse a Donald Trump en noviembre.<\/p>\n\n\n\n<p>\u201cMe siento honrado de contar con el respaldo del Presidente y mi intenci\u00f3n es ganar esta nominaci\u00f3n\u201d, afirm\u00f3 en una carta publicada una hora despu\u00e9s de que Biden anunciara que se retira de la carrera y pidiera el apoyo para Harris.<\/p>\n\n\n\n<p>La vicepresidenta afirm\u00f3 que&nbsp;<strong>har\u00e1 todo lo que est\u00e9 a su alcance \u201cpara unir al Partido Dem\u00f3crata\u201d&nbsp;<\/strong>y a la naci\u00f3n para \u201cderrotar a Donald Trump\u201d. \u201cTenemos 107 d\u00edas hasta el d\u00eda de las elecciones. Juntos lucharemos. Y juntos ganaremos\u201d, apunt\u00f3.<\/p>\n\n\n\n<p>Unos minutos despu\u00e9s de anunciar que se retiraba de la carrera a la presidencia tras semanas de presiones internas, Biden expres\u00f3 el respaldo para Harris a trav\u00e9s de un mensaje en redes sociales.<\/p>\n\n\n\n<p>\u201cHoy quiero ofrecer todo mi apoyo y respaldo para que Kamala sea la candidata de nuestro partido este a\u00f1o. Dem\u00f3cratas: es hora de unirse y vencer a Trump. Hag\u00e1moslo\u201d, apunt\u00f3 el mandatario.<\/p>\n","protected":false},"excerpt":{"rendered":"<p>La vicepresidenta de EEUU afirm\u00f3 este domingo que espera \u201cganar la nominaci\u00f3n\u201d del Partido Dem\u00f3crata. La vicepresidenta estadounidense,&nbsp;Kamala Harris, agradeci\u00f3&#8230; <a class=\"continue-reading-link\" href=\"https:\/\/nativainfo.com\/?p=4364\">Continue reading<\/a><\/p>\n","protected":false},"author":1,"featured_media":0,"comment_status":"open","ping_status":"open","sticky":false,"template":"","format":"standard","meta":{"rop_custom_images_group":[],"rop_custom_messages_group":[],"rop_publish_now":"initial","rop_publish_now_accounts":[],"rop_publish_now_history":[],"rop_publish_now_status":"pending","footnotes":"","jetpack_publicize_message":"","jetpack_publicize_feature_enabled":true,"jetpack_social_post_already_shared":false,"jetpack_social_options":{"image_generator_settings":{"template":"highway","default_image_id":0,"font":"","enabled":false},"version":2}},"categories":[71],"tags":[],"class_list":["post-4364","post","type-post","status-publish","format-standard","hentry","category-politica-internacional"],"yoast_head":"<!-- This site is optimized with the Yoast SEO plugin v25.6 - https:\/\/yoast.com\/wordpress\/plugins\/seo\/ -->\n<title>Kamala Harris le agradeci\u00f3 a Biden la nominaci\u00f3n a la presidencia: \u201cMi intenci\u00f3n es ganar\u201d - Nativa Info<\/title>\n<meta name=\"robots\" content=\"index, follow, max-snippet:-1, max-image-preview:large, max-video-preview:-1\" \/>\n<link rel=\"canonical\" href=\"https:\/\/nativainfo.com\/?p=4364\" \/>\n<meta property=\"og:locale\" content=\"es_ES\" \/>\n<meta property=\"og:type\" content=\"article\" \/>\n<meta property=\"og:title\" content=\"Kamala Harris le agradeci\u00f3 a Biden la nominaci\u00f3n a la presidencia: \u201cMi intenci\u00f3n es ganar\u201d - Nativa Info\" \/>\n<meta property=\"og:description\" content=\"La vicepresidenta de EEUU afirm\u00f3 este domingo que espera \u201cganar la nominaci\u00f3n\u201d del Partido Dem\u00f3crata. La vicepresidenta estadounidense,&nbsp;Kamala Harris, agradeci\u00f3... Continue reading\" \/>\n<meta property=\"og:url\" content=\"https:\/\/nativainfo.com\/?p=4364\" \/>\n<meta property=\"og:site_name\" content=\"Nativa Info\" \/>\n<meta property=\"article:publisher\" content=\"https:\/\/www.facebook.com\/profile.php?id=61578881597564\" \/>\n<meta property=\"article:published_time\" content=\"2024-07-22T01:59:22+00:00\" \/>\n<meta property=\"article:modified_time\" content=\"2024-07-22T01:59:23+00:00\" \/>\n<meta property=\"og:image\" content=\"http:\/\/nativainfo.com\/wp-content\/uploads\/2024\/07\/imagen_2024-07-21_225916733.png\" \/>\n<meta name=\"author\" content=\"Nativa Info\" \/>\n<meta name=\"twitter:card\" content=\"summary_large_image\" \/>\n<meta name=\"twitter:label1\" content=\"Escrito por\" \/>\n\t<meta name=\"twitter:data1\" content=\"Nativa Info\" \/>\n\t<meta name=\"twitter:label2\" content=\"Tiempo de lectura\" \/>\n\t<meta name=\"twitter:data2\" content=\"1 minuto\" \/>\n<script type=\"application\/ld+json\" class=\"yoast-schema-graph\">{\"@context\":\"https:\/\/schema.org\",\"@graph\":[{\"@type\":\"Article\",\"@id\":\"https:\/\/nativainfo.com\/?p=4364#article\",\"isPartOf\":{\"@id\":\"https:\/\/nativainfo.com\/?p=4364\"},\"author\":{\"name\":\"Nativa Info\",\"@id\":\"https:\/\/nativainfo.com\/#\/schema\/person\/24893b64a9cd564ddb5d102d36eb4b5c\"},\"headline\":\"Kamala Harris le agradeci\u00f3 a Biden la nominaci\u00f3n a la presidencia: \u201cMi intenci\u00f3n es ganar\u201d\",\"datePublished\":\"2024-07-22T01:59:22+00:00\",\"dateModified\":\"2024-07-22T01:59:23+00:00\",\"mainEntityOfPage\":{\"@id\":\"https:\/\/nativainfo.com\/?p=4364\"},\"wordCount\":239,\"commentCount\":0,\"publisher\":{\"@id\":\"https:\/\/nativainfo.com\/#organization\"},\"image\":{\"@id\":\"https:\/\/nativainfo.com\/?p=4364#primaryimage\"},\"thumbnailUrl\":\"http:\/\/nativainfo.com\/wp-content\/uploads\/2024\/07\/imagen_2024-07-21_225916733.png\",\"articleSection\":[\"Pol\u00edtica Internacional\"],\"inLanguage\":\"es-AR\",\"potentialAction\":[{\"@type\":\"CommentAction\",\"name\":\"Comment\",\"target\":[\"https:\/\/nativainfo.com\/?p=4364#respond\"]}]},{\"@type\":\"WebPage\",\"@id\":\"https:\/\/nativainfo.com\/?p=4364\",\"url\":\"https:\/\/nativainfo.com\/?p=4364\",\"name\":\"Kamala Harris le agradeci\u00f3 a Biden la nominaci\u00f3n a la presidencia: \u201cMi intenci\u00f3n es ganar\u201d - Nativa Info\",\"isPartOf\":{\"@id\":\"https:\/\/nativainfo.com\/#website\"},\"primaryImageOfPage\":{\"@id\":\"https:\/\/nativainfo.com\/?p=4364#primaryimage\"},\"image\":{\"@id\":\"https:\/\/nativainfo.com\/?p=4364#primaryimage\"},\"thumbnailUrl\":\"http:\/\/nativainfo.com\/wp-content\/uploads\/2024\/07\/imagen_2024-07-21_225916733.png\",\"datePublished\":\"2024-07-22T01:59:22+00:00\",\"dateModified\":\"2024-07-22T01:59:23+00:00\",\"breadcrumb\":{\"@id\":\"https:\/\/nativainfo.com\/?p=4364#breadcrumb\"},\"inLanguage\":\"es-AR\",\"potentialAction\":[{\"@type\":\"ReadAction\",\"target\":[\"https:\/\/nativainfo.com\/?p=4364\"]}]},{\"@type\":\"ImageObject\",\"inLanguage\":\"es-AR\",\"@id\":\"https:\/\/nativainfo.com\/?p=4364#primaryimage\",\"url\":\"https:\/\/nativainfo.com\/wp-content\/uploads\/2024\/07\/imagen_2024-07-21_225916733.png\",\"contentUrl\":\"https:\/\/nativainfo.com\/wp-content\/uploads\/2024\/07\/imagen_2024-07-21_225916733.png\",\"width\":1010,\"height\":567},{\"@type\":\"BreadcrumbList\",\"@id\":\"https:\/\/nativainfo.com\/?p=4364#breadcrumb\",\"itemListElement\":[{\"@type\":\"ListItem\",\"position\":1,\"name\":\"Inicio\",\"item\":\"https:\/\/nativainfo.com\/\"},{\"@type\":\"ListItem\",\"position\":2,\"name\":\"Kamala Harris le agradeci\u00f3 a Biden la nominaci\u00f3n a la presidencia: \u201cMi intenci\u00f3n es ganar\u201d\"}]},{\"@type\":\"WebSite\",\"@id\":\"https:\/\/nativainfo.com\/#website\",\"url\":\"https:\/\/nativainfo.com\/\",\"name\":\"Nativa Info\",\"description\":\"Diario Digital\",\"publisher\":{\"@id\":\"https:\/\/nativainfo.com\/#organization\"},\"potentialAction\":[{\"@type\":\"SearchAction\",\"target\":{\"@type\":\"EntryPoint\",\"urlTemplate\":\"https:\/\/nativainfo.com\/?s={search_term_string}\"},\"query-input\":{\"@type\":\"PropertyValueSpecification\",\"valueRequired\":true,\"valueName\":\"search_term_string\"}}],\"inLanguage\":\"es-AR\"},{\"@type\":\"Organization\",\"@id\":\"https:\/\/nativainfo.com\/#organization\",\"name\":\"Nativa Info\",\"url\":\"https:\/\/nativainfo.com\/\",\"logo\":{\"@type\":\"ImageObject\",\"inLanguage\":\"es-AR\",\"@id\":\"https:\/\/nativainfo.com\/#\/schema\/logo\/image\/\",\"url\":\"https:\/\/nativainfo.com\/wp-content\/uploads\/2025\/08\/LOGO-NATIVA-FACE.jpg\",\"contentUrl\":\"https:\/\/nativainfo.com\/wp-content\/uploads\/2025\/08\/LOGO-NATIVA-FACE.jpg\",\"width\":400,\"height\":400,\"caption\":\"Nativa Info\"},\"image\":{\"@id\":\"https:\/\/nativainfo.com\/#\/schema\/logo\/image\/\"},\"sameAs\":[\"https:\/\/www.facebook.com\/profile.php?id=61578881597564\"]},{\"@type\":\"Person\",\"@id\":\"https:\/\/nativainfo.com\/#\/schema\/person\/24893b64a9cd564ddb5d102d36eb4b5c\",\"name\":\"Nativa Info\",\"image\":{\"@type\":\"ImageObject\",\"inLanguage\":\"es-AR\",\"@id\":\"https:\/\/nativainfo.com\/#\/schema\/person\/image\/\",\"url\":\"https:\/\/secure.gravatar.com\/avatar\/016fa1cf068d85136d938e1507b9b619cb766e2565cbb1faa1e571762460c785?s=96&d=mm&r=g\",\"contentUrl\":\"https:\/\/secure.gravatar.com\/avatar\/016fa1cf068d85136d938e1507b9b619cb766e2565cbb1faa1e571762460c785?s=96&d=mm&r=g\",\"caption\":\"Nativa Info\"},\"sameAs\":[\"http:\/\/nativainfo.com\"],\"url\":\"https:\/\/nativainfo.com\/?author=1\"}]}<\/script>\n<!-- \/ Yoast SEO plugin. -->","yoast_head_json":{"title":"Kamala Harris le agradeci\u00f3 a Biden la nominaci\u00f3n a la presidencia: \u201cMi intenci\u00f3n es ganar\u201d - Nativa Info","robots":{"index":"index","follow":"follow","max-snippet":"max-snippet:-1","max-image-preview":"max-image-preview:large","max-video-preview":"max-video-preview:-1"},"canonical":"https:\/\/nativainfo.com\/?p=4364","og_locale":"es_ES","og_type":"article","og_title":"Kamala Harris le agradeci\u00f3 a Biden la nominaci\u00f3n a la presidencia: \u201cMi intenci\u00f3n es ganar\u201d - Nativa Info","og_description":"La vicepresidenta de EEUU afirm\u00f3 este domingo que espera \u201cganar la nominaci\u00f3n\u201d del Partido Dem\u00f3crata. La vicepresidenta estadounidense,&nbsp;Kamala Harris, agradeci\u00f3... Continue reading","og_url":"https:\/\/nativainfo.com\/?p=4364","og_site_name":"Nativa Info","article_publisher":"https:\/\/www.facebook.com\/profile.php?id=61578881597564","article_published_time":"2024-07-22T01:59:22+00:00","article_modified_time":"2024-07-22T01:59:23+00:00","og_image":[{"url":"http:\/\/nativainfo.com\/wp-content\/uploads\/2024\/07\/imagen_2024-07-21_225916733.png","type":"","width":"","height":""}],"author":"Nativa Info","twitter_card":"summary_large_image","twitter_misc":{"Escrito por":"Nativa Info","Tiempo de lectura":"1 minuto"},"schema":{"@context":"https:\/\/schema.org","@graph":[{"@type":"Article","@id":"https:\/\/nativainfo.com\/?p=4364#article","isPartOf":{"@id":"https:\/\/nativainfo.com\/?p=4364"},"author":{"name":"Nativa Info","@id":"https:\/\/nativainfo.com\/#\/schema\/person\/24893b64a9cd564ddb5d102d36eb4b5c"},"headline":"Kamala Harris le agradeci\u00f3 a Biden la nominaci\u00f3n a la presidencia: \u201cMi intenci\u00f3n es ganar\u201d","datePublished":"2024-07-22T01:59:22+00:00","dateModified":"2024-07-22T01:59:23+00:00","mainEntityOfPage":{"@id":"https:\/\/nativainfo.com\/?p=4364"},"wordCount":239,"commentCount":0,"publisher":{"@id":"https:\/\/nativainfo.com\/#organization"},"image":{"@id":"https:\/\/nativainfo.com\/?p=4364#primaryimage"},"thumbnailUrl":"http:\/\/nativainfo.com\/wp-content\/uploads\/2024\/07\/imagen_2024-07-21_225916733.png","articleSection":["Pol\u00edtica Internacional"],"inLanguage":"es-AR","potentialAction":[{"@type":"CommentAction","name":"Comment","target":["https:\/\/nativainfo.com\/?p=4364#respond"]}]},{"@type":"WebPage","@id":"https:\/\/nativainfo.com\/?p=4364","url":"https:\/\/nativainfo.com\/?p=4364","name":"Kamala Harris le agradeci\u00f3 a Biden la nominaci\u00f3n a la presidencia: \u201cMi intenci\u00f3n es ganar\u201d - Nativa Info","isPartOf":{"@id":"https:\/\/nativainfo.com\/#website"},"primaryImageOfPage":{"@id":"https:\/\/nativainfo.com\/?p=4364#primaryimage"},"image":{"@id":"https:\/\/nativainfo.com\/?p=4364#primaryimage"},"thumbnailUrl":"http:\/\/nativainfo.com\/wp-content\/uploads\/2024\/07\/imagen_2024-07-21_225916733.png","datePublished":"2024-07-22T01:59:22+00:00","dateModified":"2024-07-22T01:59:23+00:00","breadcrumb":{"@id":"https:\/\/nativainfo.com\/?p=4364#breadcrumb"},"inLanguage":"es-AR","potentialAction":[{"@type":"ReadAction","target":["https:\/\/nativainfo.com\/?p=4364"]}]},{"@type":"ImageObject","inLanguage":"es-AR","@id":"https:\/\/nativainfo.com\/?p=4364#primaryimage","url":"https:\/\/nativainfo.com\/wp-content\/uploads\/2024\/07\/imagen_2024-07-21_225916733.png","contentUrl":"https:\/\/nativainfo.com\/wp-content\/uploads\/2024\/07\/imagen_2024-07-21_225916733.png","width":1010,"height":567},{"@type":"BreadcrumbList","@id":"https:\/\/nativainfo.com\/?p=4364#breadcrumb","itemListElement":[{"@type":"ListItem","position":1,"name":"Inicio","item":"https:\/\/nativainfo.com\/"},{"@type":"ListItem","position":2,"name":"Kamala Harris le agradeci\u00f3 a Biden la nominaci\u00f3n a la presidencia: \u201cMi intenci\u00f3n es ganar\u201d"}]},{"@type":"WebSite","@id":"https:\/\/nativainfo.com\/#website","url":"https:\/\/nativainfo.com\/","name":"Nativa Info","description":"Diario Digital","publisher":{"@id":"https:\/\/nativainfo.com\/#organization"},"potentialAction":[{"@type":"SearchAction","target":{"@type":"EntryPoint","urlTemplate":"https:\/\/nativainfo.com\/?s={search_term_string}"},"query-input":{"@type":"PropertyValueSpecification","valueRequired":true,"valueName":"search_term_string"}}],"inLanguage":"es-AR"},{"@type":"Organization","@id":"https:\/\/nativainfo.com\/#organization","name":"Nativa Info","url":"https:\/\/nativainfo.com\/","logo":{"@type":"ImageObject","inLanguage":"es-AR","@id":"https:\/\/nativainfo.com\/#\/schema\/logo\/image\/","url":"https:\/\/nativainfo.com\/wp-content\/uploads\/2025\/08\/LOGO-NATIVA-FACE.jpg","contentUrl":"https:\/\/nativainfo.com\/wp-content\/uploads\/2025\/08\/LOGO-NATIVA-FACE.jpg","width":400,"height":400,"caption":"Nativa Info"},"image":{"@id":"https:\/\/nativainfo.com\/#\/schema\/logo\/image\/"},"sameAs":["https:\/\/www.facebook.com\/profile.php?id=61578881597564"]},{"@type":"Person","@id":"https:\/\/nativainfo.com\/#\/schema\/person\/24893b64a9cd564ddb5d102d36eb4b5c","name":"Nativa Info","image":{"@type":"ImageObject","inLanguage":"es-AR","@id":"https:\/\/nativainfo.com\/#\/schema\/person\/image\/","url":"https:\/\/secure.gravatar.com\/avatar\/016fa1cf068d85136d938e1507b9b619cb766e2565cbb1faa1e571762460c785?s=96&d=mm&r=g","contentUrl":"https:\/\/secure.gravatar.com\/avatar\/016fa1cf068d85136d938e1507b9b619cb766e2565cbb1faa1e571762460c785?s=96&d=mm&r=g","caption":"Nativa Info"},"sameAs":["http:\/\/nativainfo.com"],"url":"https:\/\/nativainfo.com\/?author=1"}]}},"jetpack_publicize_connections":[],"_links":{"self":[{"href":"https:\/\/nativainfo.com\/index.php?rest_route=\/wp\/v2\/posts\/4364","targetHints":{"allow":["GET"]}}],"collection":[{"href":"https:\/\/nativainfo.com\/index.php?rest_route=\/wp\/v2\/posts"}],"about":[{"href":"https:\/\/nativainfo.com\/index.php?rest_route=\/wp\/v2\/types\/post"}],"author":[{"embeddable":true,"href":"https:\/\/nativainfo.com\/index.php?rest_route=\/wp\/v2\/users\/1"}],"replies":[{"embeddable":true,"href":"https:\/\/nativainfo.com\/index.php?rest_route=%2Fwp%2Fv2%2Fcomments&post=4364"}],"version-history":[{"count":1,"href":"https:\/\/nativainfo.com\/index.php?rest_route=\/wp\/v2\/posts\/4364\/revisions"}],"predecessor-version":[{"id":4370,"href":"https:\/\/nativainfo.com\/index.php?rest_route=\/wp\/v2\/posts\/4364\/revisions\/4370"}],"wp:attachment":[{"href":"https:\/\/nativainfo.com\/index.php?rest_route=%2Fwp%2Fv2%2Fmedia&parent=4364"}],"wp:term":[{"taxonomy":"category","embeddable":true,"href":"https:\/\/nativainfo.com\/index.php?rest_route=%2Fwp%2Fv2%2Fcategories&post=4364"},{"taxonomy":"post_tag","embeddable":true,"href":"https:\/\/nativainfo.com\/index.php?rest_route=%2Fwp%2Fv2%2Ftags&post=4364"}],"curies":[{"name":"wp","href":"https:\/\/api.w.org\/{rel}","templated":true}]}}