{"id":4363,"date":"2024-07-21T22:58:43","date_gmt":"2024-07-22T01:58:43","guid":{"rendered":"http:\/\/nativainfo.com\/?p=4363"},"modified":"2024-07-21T22:58:44","modified_gmt":"2024-07-22T01:58:44","slug":"joe-biden-anuncio-que-baja-su-candidatura-a-la-reeleccion-en-eeuu","status":"publish","type":"post","link":"https:\/\/nativainfo.com\/?p=4363","title":{"rendered":"Joe Biden anunci\u00f3 que baja su candidatura a la reelecci\u00f3n en EEUU"},"content":{"rendered":"\n<p>\u201cCreo que lo mejor para mi partido y el pa\u00eds es que me retire y me concentre \u00fanicamente en cumplir con mis deberes como presidente durante el resto de mi mandato\u201d, dijo el presidente en un comunicado.<\/p>\n\n\n\n<figure class=\"wp-block-image size-large\"><img fetchpriority=\"high\" decoding=\"async\" width=\"1010\" height=\"567\" src=\"http:\/\/nativainfo.com\/wp-content\/uploads\/2024\/07\/imagen_2024-07-21_225745447.png\" alt=\"\" class=\"wp-image-4366\" srcset=\"https:\/\/nativainfo.com\/wp-content\/uploads\/2024\/07\/imagen_2024-07-21_225745447.png 1010w, https:\/\/nativainfo.com\/wp-content\/uploads\/2024\/07\/imagen_2024-07-21_225745447-300x168.png 300w, https:\/\/nativainfo.com\/wp-content\/uploads\/2024\/07\/imagen_2024-07-21_225745447-768x431.png 768w, https:\/\/nativainfo.com\/wp-content\/uploads\/2024\/07\/imagen_2024-07-21_225745447-623x350.png 623w, https:\/\/nativainfo.com\/wp-content\/uploads\/2024\/07\/imagen_2024-07-21_225745447-150x84.png 150w\" sizes=\"(max-width: 1010px) 100vw, 1010px\" \/><\/figure>\n\n\n\n<p>Tras varios d\u00edas de presi\u00f3n desde el seno del propio Partido Dem\u00f3crata, este domingo el presidente&nbsp;<strong>Joe Bien<\/strong>&nbsp;anunci\u00f3 formalmente que retira su candidatura a la reelecci\u00f3n de cara a las elecciones generales del pr\u00f3ximo 8 de noviembre.<\/p>\n\n\n\n<p><strong><em>\u201cCreo que lo mejor para mi partido y el pa\u00eds es que me retire y me concentre \u00fanicamente en cumplir con mis deberes como presidente durante el resto de mi mandato\u201d<\/em><\/strong>, se\u00f1al\u00f3 el jefe de Estado en un comunicado.<\/p>\n","protected":false},"excerpt":{"rendered":"<p>\u201cCreo que lo mejor para mi partido y el pa\u00eds es que me retire y me concentre \u00fanicamente en cumplir&#8230; <a class=\"continue-reading-link\" href=\"https:\/\/nativainfo.com\/?p=4363\">Continue reading<\/a><\/p>\n","protected":false},"author":1,"featured_media":0,"comment_status":"open","ping_status":"open","sticky":false,"template":"","format":"standard","meta":{"rop_custom_images_group":[],"rop_custom_messages_group":[],"rop_publish_now":"initial","rop_publish_now_accounts":[],"rop_publish_now_history":[],"rop_publish_now_status":"pending","footnotes":"","jetpack_publicize_message":"","jetpack_publicize_feature_enabled":true,"jetpack_social_post_already_shared":false,"jetpack_social_options":{"image_generator_settings":{"template":"highway","default_image_id":0,"font":"","enabled":false},"version":2}},"categories":[36,71],"tags":[],"class_list":["post-4363","post","type-post","status-publish","format-standard","hentry","category-politica","category-politica-internacional"],"yoast_head":"<!-- This site is optimized with the Yoast SEO plugin v25.6 - https:\/\/yoast.com\/wordpress\/plugins\/seo\/ -->\n<title>Joe Biden anunci\u00f3 que baja su candidatura a la reelecci\u00f3n en EEUU - Nativa Info<\/title>\n<meta name=\"robots\" content=\"index, follow, max-snippet:-1, max-image-preview:large, max-video-preview:-1\" \/>\n<link rel=\"canonical\" href=\"https:\/\/nativainfo.com\/?p=4363\" \/>\n<meta property=\"og:locale\" content=\"es_ES\" \/>\n<meta property=\"og:type\" content=\"article\" \/>\n<meta property=\"og:title\" content=\"Joe Biden anunci\u00f3 que baja su candidatura a la reelecci\u00f3n en EEUU - Nativa Info\" \/>\n<meta property=\"og:description\" content=\"\u201cCreo que lo mejor para mi partido y el pa\u00eds es que me retire y me concentre \u00fanicamente en cumplir... Continue reading\" \/>\n<meta property=\"og:url\" content=\"https:\/\/nativainfo.com\/?p=4363\" \/>\n<meta property=\"og:site_name\" content=\"Nativa Info\" \/>\n<meta property=\"article:publisher\" content=\"https:\/\/www.facebook.com\/profile.php?id=61578881597564\" \/>\n<meta property=\"article:published_time\" content=\"2024-07-22T01:58:43+00:00\" \/>\n<meta property=\"article:modified_time\" content=\"2024-07-22T01:58:44+00:00\" \/>\n<meta property=\"og:image\" content=\"http:\/\/nativainfo.com\/wp-content\/uploads\/2024\/07\/imagen_2024-07-21_225745447.png\" \/>\n<meta name=\"author\" content=\"Nativa Info\" \/>\n<meta name=\"twitter:card\" content=\"summary_large_image\" \/>\n<meta name=\"twitter:label1\" content=\"Escrito por\" \/>\n\t<meta name=\"twitter:data1\" content=\"Nativa Info\" \/>\n\t<meta name=\"twitter:label2\" content=\"Tiempo de lectura\" \/>\n\t<meta name=\"twitter:data2\" content=\"1 minuto\" \/>\n<script type=\"application\/ld+json\" class=\"yoast-schema-graph\">{\"@context\":\"https:\/\/schema.org\",\"@graph\":[{\"@type\":\"Article\",\"@id\":\"https:\/\/nativainfo.com\/?p=4363#article\",\"isPartOf\":{\"@id\":\"https:\/\/nativainfo.com\/?p=4363\"},\"author\":{\"name\":\"Nativa Info\",\"@id\":\"https:\/\/nativainfo.com\/#\/schema\/person\/24893b64a9cd564ddb5d102d36eb4b5c\"},\"headline\":\"Joe Biden anunci\u00f3 que baja su candidatura a la reelecci\u00f3n en EEUU\",\"datePublished\":\"2024-07-22T01:58:43+00:00\",\"dateModified\":\"2024-07-22T01:58:44+00:00\",\"mainEntityOfPage\":{\"@id\":\"https:\/\/nativainfo.com\/?p=4363\"},\"wordCount\":136,\"commentCount\":0,\"publisher\":{\"@id\":\"https:\/\/nativainfo.com\/#organization\"},\"image\":{\"@id\":\"https:\/\/nativainfo.com\/?p=4363#primaryimage\"},\"thumbnailUrl\":\"http:\/\/nativainfo.com\/wp-content\/uploads\/2024\/07\/imagen_2024-07-21_225745447.png\",\"articleSection\":[\"Pol\u00edtica\",\"Pol\u00edtica Internacional\"],\"inLanguage\":\"es-AR\",\"potentialAction\":[{\"@type\":\"CommentAction\",\"name\":\"Comment\",\"target\":[\"https:\/\/nativainfo.com\/?p=4363#respond\"]}]},{\"@type\":\"WebPage\",\"@id\":\"https:\/\/nativainfo.com\/?p=4363\",\"url\":\"https:\/\/nativainfo.com\/?p=4363\",\"name\":\"Joe Biden anunci\u00f3 que baja su candidatura a la reelecci\u00f3n en EEUU - Nativa Info\",\"isPartOf\":{\"@id\":\"https:\/\/nativainfo.com\/#website\"},\"primaryImageOfPage\":{\"@id\":\"https:\/\/nativainfo.com\/?p=4363#primaryimage\"},\"image\":{\"@id\":\"https:\/\/nativainfo.com\/?p=4363#primaryimage\"},\"thumbnailUrl\":\"http:\/\/nativainfo.com\/wp-content\/uploads\/2024\/07\/imagen_2024-07-21_225745447.png\",\"datePublished\":\"2024-07-22T01:58:43+00:00\",\"dateModified\":\"2024-07-22T01:58:44+00:00\",\"breadcrumb\":{\"@id\":\"https:\/\/nativainfo.com\/?p=4363#breadcrumb\"},\"inLanguage\":\"es-AR\",\"potentialAction\":[{\"@type\":\"ReadAction\",\"target\":[\"https:\/\/nativainfo.com\/?p=4363\"]}]},{\"@type\":\"ImageObject\",\"inLanguage\":\"es-AR\",\"@id\":\"https:\/\/nativainfo.com\/?p=4363#primaryimage\",\"url\":\"https:\/\/nativainfo.com\/wp-content\/uploads\/2024\/07\/imagen_2024-07-21_225745447.png\",\"contentUrl\":\"https:\/\/nativainfo.com\/wp-content\/uploads\/2024\/07\/imagen_2024-07-21_225745447.png\",\"width\":1010,\"height\":567},{\"@type\":\"BreadcrumbList\",\"@id\":\"https:\/\/nativainfo.com\/?p=4363#breadcrumb\",\"itemListElement\":[{\"@type\":\"ListItem\",\"position\":1,\"name\":\"Inicio\",\"item\":\"https:\/\/nativainfo.com\/\"},{\"@type\":\"ListItem\",\"position\":2,\"name\":\"Joe Biden anunci\u00f3 que baja su candidatura a la reelecci\u00f3n en EEUU\"}]},{\"@type\":\"WebSite\",\"@id\":\"https:\/\/nativainfo.com\/#website\",\"url\":\"https:\/\/nativainfo.com\/\",\"name\":\"Nativa Info\",\"description\":\"Diario Digital\",\"publisher\":{\"@id\":\"https:\/\/nativainfo.com\/#organization\"},\"potentialAction\":[{\"@type\":\"SearchAction\",\"target\":{\"@type\":\"EntryPoint\",\"urlTemplate\":\"https:\/\/nativainfo.com\/?s={search_term_string}\"},\"query-input\":{\"@type\":\"PropertyValueSpecification\",\"valueRequired\":true,\"valueName\":\"search_term_string\"}}],\"inLanguage\":\"es-AR\"},{\"@type\":\"Organization\",\"@id\":\"https:\/\/nativainfo.com\/#organization\",\"name\":\"Nativa Info\",\"url\":\"https:\/\/nativainfo.com\/\",\"logo\":{\"@type\":\"ImageObject\",\"inLanguage\":\"es-AR\",\"@id\":\"https:\/\/nativainfo.com\/#\/schema\/logo\/image\/\",\"url\":\"https:\/\/nativainfo.com\/wp-content\/uploads\/2025\/08\/LOGO-NATIVA-FACE.jpg\",\"contentUrl\":\"https:\/\/nativainfo.com\/wp-content\/uploads\/2025\/08\/LOGO-NATIVA-FACE.jpg\",\"width\":400,\"height\":400,\"caption\":\"Nativa Info\"},\"image\":{\"@id\":\"https:\/\/nativainfo.com\/#\/schema\/logo\/image\/\"},\"sameAs\":[\"https:\/\/www.facebook.com\/profile.php?id=61578881597564\"]},{\"@type\":\"Person\",\"@id\":\"https:\/\/nativainfo.com\/#\/schema\/person\/24893b64a9cd564ddb5d102d36eb4b5c\",\"name\":\"Nativa Info\",\"image\":{\"@type\":\"ImageObject\",\"inLanguage\":\"es-AR\",\"@id\":\"https:\/\/nativainfo.com\/#\/schema\/person\/image\/\",\"url\":\"https:\/\/secure.gravatar.com\/avatar\/016fa1cf068d85136d938e1507b9b619cb766e2565cbb1faa1e571762460c785?s=96&d=mm&r=g\",\"contentUrl\":\"https:\/\/secure.gravatar.com\/avatar\/016fa1cf068d85136d938e1507b9b619cb766e2565cbb1faa1e571762460c785?s=96&d=mm&r=g\",\"caption\":\"Nativa Info\"},\"sameAs\":[\"http:\/\/nativainfo.com\"],\"url\":\"https:\/\/nativainfo.com\/?author=1\"}]}<\/script>\n<!-- \/ Yoast SEO plugin. -->","yoast_head_json":{"title":"Joe Biden anunci\u00f3 que baja su candidatura a la reelecci\u00f3n en EEUU - Nativa Info","robots":{"index":"index","follow":"follow","max-snippet":"max-snippet:-1","max-image-preview":"max-image-preview:large","max-video-preview":"max-video-preview:-1"},"canonical":"https:\/\/nativainfo.com\/?p=4363","og_locale":"es_ES","og_type":"article","og_title":"Joe Biden anunci\u00f3 que baja su candidatura a la reelecci\u00f3n en EEUU - Nativa Info","og_description":"\u201cCreo que lo mejor para mi partido y el pa\u00eds es que me retire y me concentre \u00fanicamente en cumplir... Continue reading","og_url":"https:\/\/nativainfo.com\/?p=4363","og_site_name":"Nativa Info","article_publisher":"https:\/\/www.facebook.com\/profile.php?id=61578881597564","article_published_time":"2024-07-22T01:58:43+00:00","article_modified_time":"2024-07-22T01:58:44+00:00","og_image":[{"url":"http:\/\/nativainfo.com\/wp-content\/uploads\/2024\/07\/imagen_2024-07-21_225745447.png","type":"","width":"","height":""}],"author":"Nativa Info","twitter_card":"summary_large_image","twitter_misc":{"Escrito por":"Nativa Info","Tiempo de lectura":"1 minuto"},"schema":{"@context":"https:\/\/schema.org","@graph":[{"@type":"Article","@id":"https:\/\/nativainfo.com\/?p=4363#article","isPartOf":{"@id":"https:\/\/nativainfo.com\/?p=4363"},"author":{"name":"Nativa Info","@id":"https:\/\/nativainfo.com\/#\/schema\/person\/24893b64a9cd564ddb5d102d36eb4b5c"},"headline":"Joe Biden anunci\u00f3 que baja su candidatura a la reelecci\u00f3n en EEUU","datePublished":"2024-07-22T01:58:43+00:00","dateModified":"2024-07-22T01:58:44+00:00","mainEntityOfPage":{"@id":"https:\/\/nativainfo.com\/?p=4363"},"wordCount":136,"commentCount":0,"publisher":{"@id":"https:\/\/nativainfo.com\/#organization"},"image":{"@id":"https:\/\/nativainfo.com\/?p=4363#primaryimage"},"thumbnailUrl":"http:\/\/nativainfo.com\/wp-content\/uploads\/2024\/07\/imagen_2024-07-21_225745447.png","articleSection":["Pol\u00edtica","Pol\u00edtica Internacional"],"inLanguage":"es-AR","potentialAction":[{"@type":"CommentAction","name":"Comment","target":["https:\/\/nativainfo.com\/?p=4363#respond"]}]},{"@type":"WebPage","@id":"https:\/\/nativainfo.com\/?p=4363","url":"https:\/\/nativainfo.com\/?p=4363","name":"Joe Biden anunci\u00f3 que baja su candidatura a la reelecci\u00f3n en EEUU - Nativa Info","isPartOf":{"@id":"https:\/\/nativainfo.com\/#website"},"primaryImageOfPage":{"@id":"https:\/\/nativainfo.com\/?p=4363#primaryimage"},"image":{"@id":"https:\/\/nativainfo.com\/?p=4363#primaryimage"},"thumbnailUrl":"http:\/\/nativainfo.com\/wp-content\/uploads\/2024\/07\/imagen_2024-07-21_225745447.png","datePublished":"2024-07-22T01:58:43+00:00","dateModified":"2024-07-22T01:58:44+00:00","breadcrumb":{"@id":"https:\/\/nativainfo.com\/?p=4363#breadcrumb"},"inLanguage":"es-AR","potentialAction":[{"@type":"ReadAction","target":["https:\/\/nativainfo.com\/?p=4363"]}]},{"@type":"ImageObject","inLanguage":"es-AR","@id":"https:\/\/nativainfo.com\/?p=4363#primaryimage","url":"https:\/\/nativainfo.com\/wp-content\/uploads\/2024\/07\/imagen_2024-07-21_225745447.png","contentUrl":"https:\/\/nativainfo.com\/wp-content\/uploads\/2024\/07\/imagen_2024-07-21_225745447.png","width":1010,"height":567},{"@type":"BreadcrumbList","@id":"https:\/\/nativainfo.com\/?p=4363#breadcrumb","itemListElement":[{"@type":"ListItem","position":1,"name":"Inicio","item":"https:\/\/nativainfo.com\/"},{"@type":"ListItem","position":2,"name":"Joe Biden anunci\u00f3 que baja su candidatura a la reelecci\u00f3n en EEUU"}]},{"@type":"WebSite","@id":"https:\/\/nativainfo.com\/#website","url":"https:\/\/nativainfo.com\/","name":"Nativa Info","description":"Diario Digital","publisher":{"@id":"https:\/\/nativainfo.com\/#organization"},"potentialAction":[{"@type":"SearchAction","target":{"@type":"EntryPoint","urlTemplate":"https:\/\/nativainfo.com\/?s={search_term_string}"},"query-input":{"@type":"PropertyValueSpecification","valueRequired":true,"valueName":"search_term_string"}}],"inLanguage":"es-AR"},{"@type":"Organization","@id":"https:\/\/nativainfo.com\/#organization","name":"Nativa Info","url":"https:\/\/nativainfo.com\/","logo":{"@type":"ImageObject","inLanguage":"es-AR","@id":"https:\/\/nativainfo.com\/#\/schema\/logo\/image\/","url":"https:\/\/nativainfo.com\/wp-content\/uploads\/2025\/08\/LOGO-NATIVA-FACE.jpg","contentUrl":"https:\/\/nativainfo.com\/wp-content\/uploads\/2025\/08\/LOGO-NATIVA-FACE.jpg","width":400,"height":400,"caption":"Nativa Info"},"image":{"@id":"https:\/\/nativainfo.com\/#\/schema\/logo\/image\/"},"sameAs":["https:\/\/www.facebook.com\/profile.php?id=61578881597564"]},{"@type":"Person","@id":"https:\/\/nativainfo.com\/#\/schema\/person\/24893b64a9cd564ddb5d102d36eb4b5c","name":"Nativa Info","image":{"@type":"ImageObject","inLanguage":"es-AR","@id":"https:\/\/nativainfo.com\/#\/schema\/person\/image\/","url":"https:\/\/secure.gravatar.com\/avatar\/016fa1cf068d85136d938e1507b9b619cb766e2565cbb1faa1e571762460c785?s=96&d=mm&r=g","contentUrl":"https:\/\/secure.gravatar.com\/avatar\/016fa1cf068d85136d938e1507b9b619cb766e2565cbb1faa1e571762460c785?s=96&d=mm&r=g","caption":"Nativa Info"},"sameAs":["http:\/\/nativainfo.com"],"url":"https:\/\/nativainfo.com\/?author=1"}]}},"jetpack_publicize_connections":[],"_links":{"self":[{"href":"https:\/\/nativainfo.com\/index.php?rest_route=\/wp\/v2\/posts\/4363","targetHints":{"allow":["GET"]}}],"collection":[{"href":"https:\/\/nativainfo.com\/index.php?rest_route=\/wp\/v2\/posts"}],"about":[{"href":"https:\/\/nativainfo.com\/index.php?rest_route=\/wp\/v2\/types\/post"}],"author":[{"embeddable":true,"href":"https:\/\/nativainfo.com\/index.php?rest_route=\/wp\/v2\/users\/1"}],"replies":[{"embeddable":true,"href":"https:\/\/nativainfo.com\/index.php?rest_route=%2Fwp%2Fv2%2Fcomments&post=4363"}],"version-history":[{"count":1,"href":"https:\/\/nativainfo.com\/index.php?rest_route=\/wp\/v2\/posts\/4363\/revisions"}],"predecessor-version":[{"id":4368,"href":"https:\/\/nativainfo.com\/index.php?rest_route=\/wp\/v2\/posts\/4363\/revisions\/4368"}],"wp:attachment":[{"href":"https:\/\/nativainfo.com\/index.php?rest_route=%2Fwp%2Fv2%2Fmedia&parent=4363"}],"wp:term":[{"taxonomy":"category","embeddable":true,"href":"https:\/\/nativainfo.com\/index.php?rest_route=%2Fwp%2Fv2%2Fcategories&post=4363"},{"taxonomy":"post_tag","embeddable":true,"href":"https:\/\/nativainfo.com\/index.php?rest_route=%2Fwp%2Fv2%2Ftags&post=4363"}],"curies":[{"name":"wp","href":"https:\/\/api.w.org\/{rel}","templated":true}]}}