{"id":4342,"date":"2024-07-12T00:33:32","date_gmt":"2024-07-12T03:33:32","guid":{"rendered":"http:\/\/nativainfo.com\/?p=4342"},"modified":"2024-07-12T00:33:35","modified_gmt":"2024-07-12T03:33:35","slug":"copa-america-2024-abel-pintos-entonara-el-himno-nacional-en-la-final-de-argentina-colombia","status":"publish","type":"post","link":"https:\/\/nativainfo.com\/?p=4342","title":{"rendered":"Copa Am\u00e9rica 2024: Abel Pintos entonar\u00e1 el Himno Nacional en la final de Argentina-Colombia"},"content":{"rendered":"\n<p>Se cree que Karol G entonar\u00e1 las estrofas del himno colombiano. Adem\u00e1s, Shakira ser\u00e1 la gran figura del partido por el t\u00edtulo y dar\u00e1 un show que sorprender\u00e1 a los 65.300 espectadores que dir\u00e1n presente en las tribunas.<\/p>\n\n\n\n<figure class=\"wp-block-image size-large\"><img fetchpriority=\"high\" decoding=\"async\" width=\"1010\" height=\"567\" src=\"http:\/\/nativainfo.com\/wp-content\/uploads\/2024\/07\/imagen_2024-07-12_003225133.png\" alt=\"\" class=\"wp-image-4344\" srcset=\"https:\/\/nativainfo.com\/wp-content\/uploads\/2024\/07\/imagen_2024-07-12_003225133.png 1010w, https:\/\/nativainfo.com\/wp-content\/uploads\/2024\/07\/imagen_2024-07-12_003225133-300x168.png 300w, https:\/\/nativainfo.com\/wp-content\/uploads\/2024\/07\/imagen_2024-07-12_003225133-768x431.png 768w, https:\/\/nativainfo.com\/wp-content\/uploads\/2024\/07\/imagen_2024-07-12_003225133-623x350.png 623w, https:\/\/nativainfo.com\/wp-content\/uploads\/2024\/07\/imagen_2024-07-12_003225133-150x84.png 150w\" sizes=\"(max-width: 1010px) 100vw, 1010px\" \/><\/figure>\n\n\n\n<p>Este domingo,&nbsp;<strong>Argentina disputar\u00e1 la final de la Copa Am\u00e9rica 2024<\/strong>&nbsp;ante&nbsp;<strong>Colombia<\/strong>&nbsp;y buscar\u00e1 el bicampeonato. Seg\u00fan pudo confirmar&nbsp;<strong><em>TN La Viola<\/em><\/strong>,&nbsp;<strong>Abel Pintos<\/strong><strong>&nbsp;ser\u00e1 quien cante el himno nacional argentino<\/strong>&nbsp;en el Hard Rock Stadium de Miami.<\/p>\n\n\n\n<p>Aunque a\u00fan no est\u00e1 confirmado,&nbsp;<strong>se cree que Karol G entonar\u00e1 las estrofas del himno colombiano<\/strong>. Adem\u00e1s, Shakira ser\u00e1 la gran figura del partido por el t\u00edtulo y dar\u00e1 un show que sorprender\u00e1 a los 65.300 espectadores que dir\u00e1n presente en las tribunas.<\/p>\n\n\n\n<p>Vale recordar que&nbsp;<strong>no es la primera vez que el artista argentino canta en un partido del seleccionado nacional<\/strong>. Ya lo hab\u00eda hecho el a\u00f1o pasado cuando el conjunto de Lionel Scaloni se enfrent\u00f3 a Ecuador y ante Paraguay por las eliminatorias sudamericanas. Adem\u00e1s, el cantante tambi\u00e9n brill\u00f3 en el casamiento de Lionel Messi.<\/p>\n\n\n\n<p>En la final del Mundial de Qatar 2022 que Argentina jug\u00f3 contra Francia, la encargada de cantar el himno nacional hab\u00eda sido Lali Esp\u00f3sito.<\/p>\n","protected":false},"excerpt":{"rendered":"<p>Se cree que Karol G entonar\u00e1 las estrofas del himno colombiano. Adem\u00e1s, Shakira ser\u00e1 la gran figura del partido por&#8230; <a class=\"continue-reading-link\" href=\"https:\/\/nativainfo.com\/?p=4342\">Continue reading<\/a><\/p>\n","protected":false},"author":1,"featured_media":0,"comment_status":"open","ping_status":"open","sticky":false,"template":"","format":"standard","meta":{"rop_custom_images_group":[],"rop_custom_messages_group":[],"rop_publish_now":"initial","rop_publish_now_accounts":[],"rop_publish_now_history":[],"rop_publish_now_status":"pending","footnotes":"","jetpack_publicize_message":"","jetpack_publicize_feature_enabled":true,"jetpack_social_post_already_shared":false,"jetpack_social_options":{"image_generator_settings":{"template":"highway","default_image_id":0,"font":"","enabled":false},"version":2}},"categories":[41,46],"tags":[],"class_list":["post-4342","post","type-post","status-publish","format-standard","hentry","category-futbol","category-seleccion-argentina"],"yoast_head":"<!-- This site is optimized with the Yoast SEO plugin v25.6 - https:\/\/yoast.com\/wordpress\/plugins\/seo\/ -->\n<title>Copa Am\u00e9rica 2024: Abel Pintos entonar\u00e1 el Himno Nacional en la final de Argentina-Colombia - Nativa Info<\/title>\n<meta name=\"robots\" content=\"index, follow, max-snippet:-1, max-image-preview:large, max-video-preview:-1\" \/>\n<link rel=\"canonical\" href=\"https:\/\/nativainfo.com\/?p=4342\" \/>\n<meta property=\"og:locale\" content=\"es_ES\" \/>\n<meta property=\"og:type\" content=\"article\" \/>\n<meta property=\"og:title\" content=\"Copa Am\u00e9rica 2024: Abel Pintos entonar\u00e1 el Himno Nacional en la final de Argentina-Colombia - Nativa Info\" \/>\n<meta property=\"og:description\" content=\"Se cree que Karol G entonar\u00e1 las estrofas del himno colombiano. Adem\u00e1s, Shakira ser\u00e1 la gran figura del partido por... Continue reading\" \/>\n<meta property=\"og:url\" content=\"https:\/\/nativainfo.com\/?p=4342\" \/>\n<meta property=\"og:site_name\" content=\"Nativa Info\" \/>\n<meta property=\"article:publisher\" content=\"https:\/\/www.facebook.com\/profile.php?id=61578881597564\" \/>\n<meta property=\"article:published_time\" content=\"2024-07-12T03:33:32+00:00\" \/>\n<meta property=\"article:modified_time\" content=\"2024-07-12T03:33:35+00:00\" \/>\n<meta property=\"og:image\" content=\"http:\/\/nativainfo.com\/wp-content\/uploads\/2024\/07\/imagen_2024-07-12_003225133.png\" \/>\n<meta name=\"author\" content=\"Nativa Info\" \/>\n<meta name=\"twitter:card\" content=\"summary_large_image\" \/>\n<meta name=\"twitter:label1\" content=\"Escrito por\" \/>\n\t<meta name=\"twitter:data1\" content=\"Nativa Info\" \/>\n\t<meta name=\"twitter:label2\" content=\"Tiempo de lectura\" \/>\n\t<meta name=\"twitter:data2\" content=\"1 minuto\" \/>\n<script type=\"application\/ld+json\" class=\"yoast-schema-graph\">{\"@context\":\"https:\/\/schema.org\",\"@graph\":[{\"@type\":\"Article\",\"@id\":\"https:\/\/nativainfo.com\/?p=4342#article\",\"isPartOf\":{\"@id\":\"https:\/\/nativainfo.com\/?p=4342\"},\"author\":{\"name\":\"Nativa Info\",\"@id\":\"https:\/\/nativainfo.com\/#\/schema\/person\/24893b64a9cd564ddb5d102d36eb4b5c\"},\"headline\":\"Copa Am\u00e9rica 2024: Abel Pintos entonar\u00e1 el Himno Nacional en la final de Argentina-Colombia\",\"datePublished\":\"2024-07-12T03:33:32+00:00\",\"dateModified\":\"2024-07-12T03:33:35+00:00\",\"mainEntityOfPage\":{\"@id\":\"https:\/\/nativainfo.com\/?p=4342\"},\"wordCount\":233,\"commentCount\":0,\"publisher\":{\"@id\":\"https:\/\/nativainfo.com\/#organization\"},\"image\":{\"@id\":\"https:\/\/nativainfo.com\/?p=4342#primaryimage\"},\"thumbnailUrl\":\"http:\/\/nativainfo.com\/wp-content\/uploads\/2024\/07\/imagen_2024-07-12_003225133.png\",\"articleSection\":[\"F\u00fatbol\",\"Selecci\u00f3n Argentina\"],\"inLanguage\":\"es-AR\",\"potentialAction\":[{\"@type\":\"CommentAction\",\"name\":\"Comment\",\"target\":[\"https:\/\/nativainfo.com\/?p=4342#respond\"]}]},{\"@type\":\"WebPage\",\"@id\":\"https:\/\/nativainfo.com\/?p=4342\",\"url\":\"https:\/\/nativainfo.com\/?p=4342\",\"name\":\"Copa Am\u00e9rica 2024: Abel Pintos entonar\u00e1 el Himno Nacional en la final de Argentina-Colombia - Nativa Info\",\"isPartOf\":{\"@id\":\"https:\/\/nativainfo.com\/#website\"},\"primaryImageOfPage\":{\"@id\":\"https:\/\/nativainfo.com\/?p=4342#primaryimage\"},\"image\":{\"@id\":\"https:\/\/nativainfo.com\/?p=4342#primaryimage\"},\"thumbnailUrl\":\"http:\/\/nativainfo.com\/wp-content\/uploads\/2024\/07\/imagen_2024-07-12_003225133.png\",\"datePublished\":\"2024-07-12T03:33:32+00:00\",\"dateModified\":\"2024-07-12T03:33:35+00:00\",\"breadcrumb\":{\"@id\":\"https:\/\/nativainfo.com\/?p=4342#breadcrumb\"},\"inLanguage\":\"es-AR\",\"potentialAction\":[{\"@type\":\"ReadAction\",\"target\":[\"https:\/\/nativainfo.com\/?p=4342\"]}]},{\"@type\":\"ImageObject\",\"inLanguage\":\"es-AR\",\"@id\":\"https:\/\/nativainfo.com\/?p=4342#primaryimage\",\"url\":\"https:\/\/nativainfo.com\/wp-content\/uploads\/2024\/07\/imagen_2024-07-12_003225133.png\",\"contentUrl\":\"https:\/\/nativainfo.com\/wp-content\/uploads\/2024\/07\/imagen_2024-07-12_003225133.png\",\"width\":1010,\"height\":567},{\"@type\":\"BreadcrumbList\",\"@id\":\"https:\/\/nativainfo.com\/?p=4342#breadcrumb\",\"itemListElement\":[{\"@type\":\"ListItem\",\"position\":1,\"name\":\"Inicio\",\"item\":\"https:\/\/nativainfo.com\/\"},{\"@type\":\"ListItem\",\"position\":2,\"name\":\"Copa Am\u00e9rica 2024: Abel Pintos entonar\u00e1 el Himno Nacional en la final de Argentina-Colombia\"}]},{\"@type\":\"WebSite\",\"@id\":\"https:\/\/nativainfo.com\/#website\",\"url\":\"https:\/\/nativainfo.com\/\",\"name\":\"Nativa Info\",\"description\":\"Diario Digital\",\"publisher\":{\"@id\":\"https:\/\/nativainfo.com\/#organization\"},\"potentialAction\":[{\"@type\":\"SearchAction\",\"target\":{\"@type\":\"EntryPoint\",\"urlTemplate\":\"https:\/\/nativainfo.com\/?s={search_term_string}\"},\"query-input\":{\"@type\":\"PropertyValueSpecification\",\"valueRequired\":true,\"valueName\":\"search_term_string\"}}],\"inLanguage\":\"es-AR\"},{\"@type\":\"Organization\",\"@id\":\"https:\/\/nativainfo.com\/#organization\",\"name\":\"Nativa Info\",\"url\":\"https:\/\/nativainfo.com\/\",\"logo\":{\"@type\":\"ImageObject\",\"inLanguage\":\"es-AR\",\"@id\":\"https:\/\/nativainfo.com\/#\/schema\/logo\/image\/\",\"url\":\"https:\/\/nativainfo.com\/wp-content\/uploads\/2025\/08\/LOGO-NATIVA-FACE.jpg\",\"contentUrl\":\"https:\/\/nativainfo.com\/wp-content\/uploads\/2025\/08\/LOGO-NATIVA-FACE.jpg\",\"width\":400,\"height\":400,\"caption\":\"Nativa Info\"},\"image\":{\"@id\":\"https:\/\/nativainfo.com\/#\/schema\/logo\/image\/\"},\"sameAs\":[\"https:\/\/www.facebook.com\/profile.php?id=61578881597564\"]},{\"@type\":\"Person\",\"@id\":\"https:\/\/nativainfo.com\/#\/schema\/person\/24893b64a9cd564ddb5d102d36eb4b5c\",\"name\":\"Nativa Info\",\"image\":{\"@type\":\"ImageObject\",\"inLanguage\":\"es-AR\",\"@id\":\"https:\/\/nativainfo.com\/#\/schema\/person\/image\/\",\"url\":\"https:\/\/secure.gravatar.com\/avatar\/016fa1cf068d85136d938e1507b9b619cb766e2565cbb1faa1e571762460c785?s=96&d=mm&r=g\",\"contentUrl\":\"https:\/\/secure.gravatar.com\/avatar\/016fa1cf068d85136d938e1507b9b619cb766e2565cbb1faa1e571762460c785?s=96&d=mm&r=g\",\"caption\":\"Nativa Info\"},\"sameAs\":[\"http:\/\/nativainfo.com\"],\"url\":\"https:\/\/nativainfo.com\/?author=1\"}]}<\/script>\n<!-- \/ Yoast SEO plugin. -->","yoast_head_json":{"title":"Copa Am\u00e9rica 2024: Abel Pintos entonar\u00e1 el Himno Nacional en la final de Argentina-Colombia - Nativa Info","robots":{"index":"index","follow":"follow","max-snippet":"max-snippet:-1","max-image-preview":"max-image-preview:large","max-video-preview":"max-video-preview:-1"},"canonical":"https:\/\/nativainfo.com\/?p=4342","og_locale":"es_ES","og_type":"article","og_title":"Copa Am\u00e9rica 2024: Abel Pintos entonar\u00e1 el Himno Nacional en la final de Argentina-Colombia - Nativa Info","og_description":"Se cree que Karol G entonar\u00e1 las estrofas del himno colombiano. Adem\u00e1s, Shakira ser\u00e1 la gran figura del partido por... Continue reading","og_url":"https:\/\/nativainfo.com\/?p=4342","og_site_name":"Nativa Info","article_publisher":"https:\/\/www.facebook.com\/profile.php?id=61578881597564","article_published_time":"2024-07-12T03:33:32+00:00","article_modified_time":"2024-07-12T03:33:35+00:00","og_image":[{"url":"http:\/\/nativainfo.com\/wp-content\/uploads\/2024\/07\/imagen_2024-07-12_003225133.png","type":"","width":"","height":""}],"author":"Nativa Info","twitter_card":"summary_large_image","twitter_misc":{"Escrito por":"Nativa Info","Tiempo de lectura":"1 minuto"},"schema":{"@context":"https:\/\/schema.org","@graph":[{"@type":"Article","@id":"https:\/\/nativainfo.com\/?p=4342#article","isPartOf":{"@id":"https:\/\/nativainfo.com\/?p=4342"},"author":{"name":"Nativa Info","@id":"https:\/\/nativainfo.com\/#\/schema\/person\/24893b64a9cd564ddb5d102d36eb4b5c"},"headline":"Copa Am\u00e9rica 2024: Abel Pintos entonar\u00e1 el Himno Nacional en la final de Argentina-Colombia","datePublished":"2024-07-12T03:33:32+00:00","dateModified":"2024-07-12T03:33:35+00:00","mainEntityOfPage":{"@id":"https:\/\/nativainfo.com\/?p=4342"},"wordCount":233,"commentCount":0,"publisher":{"@id":"https:\/\/nativainfo.com\/#organization"},"image":{"@id":"https:\/\/nativainfo.com\/?p=4342#primaryimage"},"thumbnailUrl":"http:\/\/nativainfo.com\/wp-content\/uploads\/2024\/07\/imagen_2024-07-12_003225133.png","articleSection":["F\u00fatbol","Selecci\u00f3n Argentina"],"inLanguage":"es-AR","potentialAction":[{"@type":"CommentAction","name":"Comment","target":["https:\/\/nativainfo.com\/?p=4342#respond"]}]},{"@type":"WebPage","@id":"https:\/\/nativainfo.com\/?p=4342","url":"https:\/\/nativainfo.com\/?p=4342","name":"Copa Am\u00e9rica 2024: Abel Pintos entonar\u00e1 el Himno Nacional en la final de Argentina-Colombia - Nativa Info","isPartOf":{"@id":"https:\/\/nativainfo.com\/#website"},"primaryImageOfPage":{"@id":"https:\/\/nativainfo.com\/?p=4342#primaryimage"},"image":{"@id":"https:\/\/nativainfo.com\/?p=4342#primaryimage"},"thumbnailUrl":"http:\/\/nativainfo.com\/wp-content\/uploads\/2024\/07\/imagen_2024-07-12_003225133.png","datePublished":"2024-07-12T03:33:32+00:00","dateModified":"2024-07-12T03:33:35+00:00","breadcrumb":{"@id":"https:\/\/nativainfo.com\/?p=4342#breadcrumb"},"inLanguage":"es-AR","potentialAction":[{"@type":"ReadAction","target":["https:\/\/nativainfo.com\/?p=4342"]}]},{"@type":"ImageObject","inLanguage":"es-AR","@id":"https:\/\/nativainfo.com\/?p=4342#primaryimage","url":"https:\/\/nativainfo.com\/wp-content\/uploads\/2024\/07\/imagen_2024-07-12_003225133.png","contentUrl":"https:\/\/nativainfo.com\/wp-content\/uploads\/2024\/07\/imagen_2024-07-12_003225133.png","width":1010,"height":567},{"@type":"BreadcrumbList","@id":"https:\/\/nativainfo.com\/?p=4342#breadcrumb","itemListElement":[{"@type":"ListItem","position":1,"name":"Inicio","item":"https:\/\/nativainfo.com\/"},{"@type":"ListItem","position":2,"name":"Copa Am\u00e9rica 2024: Abel Pintos entonar\u00e1 el Himno Nacional en la final de Argentina-Colombia"}]},{"@type":"WebSite","@id":"https:\/\/nativainfo.com\/#website","url":"https:\/\/nativainfo.com\/","name":"Nativa Info","description":"Diario Digital","publisher":{"@id":"https:\/\/nativainfo.com\/#organization"},"potentialAction":[{"@type":"SearchAction","target":{"@type":"EntryPoint","urlTemplate":"https:\/\/nativainfo.com\/?s={search_term_string}"},"query-input":{"@type":"PropertyValueSpecification","valueRequired":true,"valueName":"search_term_string"}}],"inLanguage":"es-AR"},{"@type":"Organization","@id":"https:\/\/nativainfo.com\/#organization","name":"Nativa Info","url":"https:\/\/nativainfo.com\/","logo":{"@type":"ImageObject","inLanguage":"es-AR","@id":"https:\/\/nativainfo.com\/#\/schema\/logo\/image\/","url":"https:\/\/nativainfo.com\/wp-content\/uploads\/2025\/08\/LOGO-NATIVA-FACE.jpg","contentUrl":"https:\/\/nativainfo.com\/wp-content\/uploads\/2025\/08\/LOGO-NATIVA-FACE.jpg","width":400,"height":400,"caption":"Nativa Info"},"image":{"@id":"https:\/\/nativainfo.com\/#\/schema\/logo\/image\/"},"sameAs":["https:\/\/www.facebook.com\/profile.php?id=61578881597564"]},{"@type":"Person","@id":"https:\/\/nativainfo.com\/#\/schema\/person\/24893b64a9cd564ddb5d102d36eb4b5c","name":"Nativa Info","image":{"@type":"ImageObject","inLanguage":"es-AR","@id":"https:\/\/nativainfo.com\/#\/schema\/person\/image\/","url":"https:\/\/secure.gravatar.com\/avatar\/016fa1cf068d85136d938e1507b9b619cb766e2565cbb1faa1e571762460c785?s=96&d=mm&r=g","contentUrl":"https:\/\/secure.gravatar.com\/avatar\/016fa1cf068d85136d938e1507b9b619cb766e2565cbb1faa1e571762460c785?s=96&d=mm&r=g","caption":"Nativa Info"},"sameAs":["http:\/\/nativainfo.com"],"url":"https:\/\/nativainfo.com\/?author=1"}]}},"jetpack_publicize_connections":[],"_links":{"self":[{"href":"https:\/\/nativainfo.com\/index.php?rest_route=\/wp\/v2\/posts\/4342","targetHints":{"allow":["GET"]}}],"collection":[{"href":"https:\/\/nativainfo.com\/index.php?rest_route=\/wp\/v2\/posts"}],"about":[{"href":"https:\/\/nativainfo.com\/index.php?rest_route=\/wp\/v2\/types\/post"}],"author":[{"embeddable":true,"href":"https:\/\/nativainfo.com\/index.php?rest_route=\/wp\/v2\/users\/1"}],"replies":[{"embeddable":true,"href":"https:\/\/nativainfo.com\/index.php?rest_route=%2Fwp%2Fv2%2Fcomments&post=4342"}],"version-history":[{"count":1,"href":"https:\/\/nativainfo.com\/index.php?rest_route=\/wp\/v2\/posts\/4342\/revisions"}],"predecessor-version":[{"id":4346,"href":"https:\/\/nativainfo.com\/index.php?rest_route=\/wp\/v2\/posts\/4342\/revisions\/4346"}],"wp:attachment":[{"href":"https:\/\/nativainfo.com\/index.php?rest_route=%2Fwp%2Fv2%2Fmedia&parent=4342"}],"wp:term":[{"taxonomy":"category","embeddable":true,"href":"https:\/\/nativainfo.com\/index.php?rest_route=%2Fwp%2Fv2%2Fcategories&post=4342"},{"taxonomy":"post_tag","embeddable":true,"href":"https:\/\/nativainfo.com\/index.php?rest_route=%2Fwp%2Fv2%2Ftags&post=4342"}],"curies":[{"name":"wp","href":"https:\/\/api.w.org\/{rel}","templated":true}]}}