{"id":4341,"date":"2024-07-12T00:33:01","date_gmt":"2024-07-12T03:33:01","guid":{"rendered":"http:\/\/nativainfo.com\/?p=4341"},"modified":"2024-07-12T00:33:27","modified_gmt":"2024-07-12T03:33:27","slug":"zamora-inauguro-80-duplex-en-el-b-ampliacion-los-flores-seguiremos-inaugurando-y-volveremos-a-construir","status":"publish","type":"post","link":"https:\/\/nativainfo.com\/?p=4341","title":{"rendered":"Zamora inaugur\u00f3 80 d\u00faplex en el B\u00b0 Ampliaci\u00f3n Los Flores: &#8220;Seguiremos inaugurando y volveremos a construir&#8221;"},"content":{"rendered":"\n<p>El gobernador de la provincia ratific\u00f3 el compromiso de seguir trabajando, pese a la situaci\u00f3n econ\u00f3mica y las pol\u00edticas de ajuste de Naci\u00f3n, y adelnat\u00f3 que este viernes ser\u00e1n entregados otros 92 d\u00faplex en el B\u00b0 Mariano Moreno.<\/p>\n\n\n\n<figure class=\"wp-block-image size-large\"><img fetchpriority=\"high\" decoding=\"async\" width=\"1010\" height=\"567\" src=\"http:\/\/nativainfo.com\/wp-content\/uploads\/2024\/07\/imagen_2024-07-12_003157463.png\" alt=\"\" class=\"wp-image-4343\" srcset=\"https:\/\/nativainfo.com\/wp-content\/uploads\/2024\/07\/imagen_2024-07-12_003157463.png 1010w, https:\/\/nativainfo.com\/wp-content\/uploads\/2024\/07\/imagen_2024-07-12_003157463-300x168.png 300w, https:\/\/nativainfo.com\/wp-content\/uploads\/2024\/07\/imagen_2024-07-12_003157463-768x431.png 768w, https:\/\/nativainfo.com\/wp-content\/uploads\/2024\/07\/imagen_2024-07-12_003157463-623x350.png 623w, https:\/\/nativainfo.com\/wp-content\/uploads\/2024\/07\/imagen_2024-07-12_003157463-150x84.png 150w\" sizes=\"(max-width: 1010px) 100vw, 1010px\" \/><\/figure>\n\n\n\n<p>Como parte del&nbsp;<strong>programa de infraestructura habitacional<\/strong>&nbsp;que se lleva adelante en todo el territorio provincial, el gobernador&nbsp;<strong>Gerardo Zamora<\/strong>&nbsp;inaugur\u00f3 este jueves por la tarde un&nbsp;<strong>complejo de d\u00faplex para 80 familias en el barrio Ampliaci\u00f3n Los Flores<\/strong>, ubicado en el sudeste de la ciudad Capital, en cercan\u00eda del sector Parque del R\u00edo, ejecutados a trav\u00e9s del Instituto Provincial de Vivienda y Urbanismo.<\/p>\n\n\n\n<p><strong>Las unidades gozan de todos los servicios necesarios, tales como gas natural, cloaca, red de agua potable, alumbrado p\u00fablico, caminer\u00edas y pavimento para el acceso. Adem\u00e1s cuentan cada una con dos dormitorios con placares incorporados, ba\u00f1os en planta baja y planta alta, cochera, lavadero, cocina comedor y termotanque con capacidad para 200 litros.<\/strong><\/p>\n\n\n\n<p>Previo al corte de cintas se realiz\u00f3 la plantaci\u00f3n de un ejemplar de lapacho, como parte de la campa\u00f1a de arbolado que impulsa la provincia junto con la Municipalidad de la Capital.<\/p>\n","protected":false},"excerpt":{"rendered":"<p>El gobernador de la provincia ratific\u00f3 el compromiso de seguir trabajando, pese a la situaci\u00f3n econ\u00f3mica y las pol\u00edticas de&#8230; <a class=\"continue-reading-link\" href=\"https:\/\/nativainfo.com\/?p=4341\">Continue reading<\/a><\/p>\n","protected":false},"author":1,"featured_media":0,"comment_status":"open","ping_status":"open","sticky":false,"template":"","format":"standard","meta":{"rop_custom_images_group":[],"rop_custom_messages_group":[],"rop_publish_now":"initial","rop_publish_now_accounts":[],"rop_publish_now_history":[],"rop_publish_now_status":"pending","footnotes":"","jetpack_publicize_message":"","jetpack_publicize_feature_enabled":true,"jetpack_social_post_already_shared":false,"jetpack_social_options":{"image_generator_settings":{"template":"highway","default_image_id":0,"font":"","enabled":false},"version":2}},"categories":[40],"tags":[],"class_list":["post-4341","post","type-post","status-publish","format-standard","hentry","category-santiago-del-estero"],"yoast_head":"<!-- This site is optimized with the Yoast SEO plugin v25.6 - https:\/\/yoast.com\/wordpress\/plugins\/seo\/ -->\n<title>Zamora inaugur\u00f3 80 d\u00faplex en el B\u00b0 Ampliaci\u00f3n Los Flores: &quot;Seguiremos inaugurando y volveremos a construir&quot; - Nativa Info<\/title>\n<meta name=\"robots\" content=\"index, follow, max-snippet:-1, max-image-preview:large, max-video-preview:-1\" \/>\n<link rel=\"canonical\" href=\"https:\/\/nativainfo.com\/?p=4341\" \/>\n<meta property=\"og:locale\" content=\"es_ES\" \/>\n<meta property=\"og:type\" content=\"article\" \/>\n<meta property=\"og:title\" content=\"Zamora inaugur\u00f3 80 d\u00faplex en el B\u00b0 Ampliaci\u00f3n Los Flores: &quot;Seguiremos inaugurando y volveremos a construir&quot; - Nativa Info\" \/>\n<meta property=\"og:description\" content=\"El gobernador de la provincia ratific\u00f3 el compromiso de seguir trabajando, pese a la situaci\u00f3n econ\u00f3mica y las pol\u00edticas de... Continue reading\" \/>\n<meta property=\"og:url\" content=\"https:\/\/nativainfo.com\/?p=4341\" \/>\n<meta property=\"og:site_name\" content=\"Nativa Info\" \/>\n<meta property=\"article:publisher\" content=\"https:\/\/www.facebook.com\/profile.php?id=61578881597564\" \/>\n<meta property=\"article:published_time\" content=\"2024-07-12T03:33:01+00:00\" \/>\n<meta property=\"article:modified_time\" content=\"2024-07-12T03:33:27+00:00\" \/>\n<meta property=\"og:image\" content=\"http:\/\/nativainfo.com\/wp-content\/uploads\/2024\/07\/imagen_2024-07-12_003157463.png\" \/>\n<meta name=\"author\" content=\"Nativa Info\" \/>\n<meta name=\"twitter:card\" content=\"summary_large_image\" \/>\n<meta name=\"twitter:label1\" content=\"Escrito por\" \/>\n\t<meta name=\"twitter:data1\" content=\"Nativa Info\" \/>\n\t<meta name=\"twitter:label2\" content=\"Tiempo de lectura\" \/>\n\t<meta name=\"twitter:data2\" content=\"1 minuto\" \/>\n<script type=\"application\/ld+json\" class=\"yoast-schema-graph\">{\"@context\":\"https:\/\/schema.org\",\"@graph\":[{\"@type\":\"Article\",\"@id\":\"https:\/\/nativainfo.com\/?p=4341#article\",\"isPartOf\":{\"@id\":\"https:\/\/nativainfo.com\/?p=4341\"},\"author\":{\"name\":\"Nativa Info\",\"@id\":\"https:\/\/nativainfo.com\/#\/schema\/person\/24893b64a9cd564ddb5d102d36eb4b5c\"},\"headline\":\"Zamora inaugur\u00f3 80 d\u00faplex en el B\u00b0 Ampliaci\u00f3n Los Flores: &#8220;Seguiremos inaugurando y volveremos a construir&#8221;\",\"datePublished\":\"2024-07-12T03:33:01+00:00\",\"dateModified\":\"2024-07-12T03:33:27+00:00\",\"mainEntityOfPage\":{\"@id\":\"https:\/\/nativainfo.com\/?p=4341\"},\"wordCount\":223,\"commentCount\":0,\"publisher\":{\"@id\":\"https:\/\/nativainfo.com\/#organization\"},\"image\":{\"@id\":\"https:\/\/nativainfo.com\/?p=4341#primaryimage\"},\"thumbnailUrl\":\"http:\/\/nativainfo.com\/wp-content\/uploads\/2024\/07\/imagen_2024-07-12_003157463.png\",\"articleSection\":[\"Santiago del Estero\"],\"inLanguage\":\"es-AR\",\"potentialAction\":[{\"@type\":\"CommentAction\",\"name\":\"Comment\",\"target\":[\"https:\/\/nativainfo.com\/?p=4341#respond\"]}]},{\"@type\":\"WebPage\",\"@id\":\"https:\/\/nativainfo.com\/?p=4341\",\"url\":\"https:\/\/nativainfo.com\/?p=4341\",\"name\":\"Zamora inaugur\u00f3 80 d\u00faplex en el B\u00b0 Ampliaci\u00f3n Los Flores: \\\"Seguiremos inaugurando y volveremos a construir\\\" - Nativa Info\",\"isPartOf\":{\"@id\":\"https:\/\/nativainfo.com\/#website\"},\"primaryImageOfPage\":{\"@id\":\"https:\/\/nativainfo.com\/?p=4341#primaryimage\"},\"image\":{\"@id\":\"https:\/\/nativainfo.com\/?p=4341#primaryimage\"},\"thumbnailUrl\":\"http:\/\/nativainfo.com\/wp-content\/uploads\/2024\/07\/imagen_2024-07-12_003157463.png\",\"datePublished\":\"2024-07-12T03:33:01+00:00\",\"dateModified\":\"2024-07-12T03:33:27+00:00\",\"breadcrumb\":{\"@id\":\"https:\/\/nativainfo.com\/?p=4341#breadcrumb\"},\"inLanguage\":\"es-AR\",\"potentialAction\":[{\"@type\":\"ReadAction\",\"target\":[\"https:\/\/nativainfo.com\/?p=4341\"]}]},{\"@type\":\"ImageObject\",\"inLanguage\":\"es-AR\",\"@id\":\"https:\/\/nativainfo.com\/?p=4341#primaryimage\",\"url\":\"https:\/\/nativainfo.com\/wp-content\/uploads\/2024\/07\/imagen_2024-07-12_003157463.png\",\"contentUrl\":\"https:\/\/nativainfo.com\/wp-content\/uploads\/2024\/07\/imagen_2024-07-12_003157463.png\",\"width\":1010,\"height\":567},{\"@type\":\"BreadcrumbList\",\"@id\":\"https:\/\/nativainfo.com\/?p=4341#breadcrumb\",\"itemListElement\":[{\"@type\":\"ListItem\",\"position\":1,\"name\":\"Inicio\",\"item\":\"https:\/\/nativainfo.com\/\"},{\"@type\":\"ListItem\",\"position\":2,\"name\":\"Zamora inaugur\u00f3 80 d\u00faplex en el B\u00b0 Ampliaci\u00f3n Los Flores: &#8220;Seguiremos inaugurando y volveremos a construir&#8221;\"}]},{\"@type\":\"WebSite\",\"@id\":\"https:\/\/nativainfo.com\/#website\",\"url\":\"https:\/\/nativainfo.com\/\",\"name\":\"Nativa Info\",\"description\":\"Diario Digital\",\"publisher\":{\"@id\":\"https:\/\/nativainfo.com\/#organization\"},\"potentialAction\":[{\"@type\":\"SearchAction\",\"target\":{\"@type\":\"EntryPoint\",\"urlTemplate\":\"https:\/\/nativainfo.com\/?s={search_term_string}\"},\"query-input\":{\"@type\":\"PropertyValueSpecification\",\"valueRequired\":true,\"valueName\":\"search_term_string\"}}],\"inLanguage\":\"es-AR\"},{\"@type\":\"Organization\",\"@id\":\"https:\/\/nativainfo.com\/#organization\",\"name\":\"Nativa Info\",\"url\":\"https:\/\/nativainfo.com\/\",\"logo\":{\"@type\":\"ImageObject\",\"inLanguage\":\"es-AR\",\"@id\":\"https:\/\/nativainfo.com\/#\/schema\/logo\/image\/\",\"url\":\"https:\/\/nativainfo.com\/wp-content\/uploads\/2025\/08\/LOGO-NATIVA-FACE.jpg\",\"contentUrl\":\"https:\/\/nativainfo.com\/wp-content\/uploads\/2025\/08\/LOGO-NATIVA-FACE.jpg\",\"width\":400,\"height\":400,\"caption\":\"Nativa Info\"},\"image\":{\"@id\":\"https:\/\/nativainfo.com\/#\/schema\/logo\/image\/\"},\"sameAs\":[\"https:\/\/www.facebook.com\/profile.php?id=61578881597564\"]},{\"@type\":\"Person\",\"@id\":\"https:\/\/nativainfo.com\/#\/schema\/person\/24893b64a9cd564ddb5d102d36eb4b5c\",\"name\":\"Nativa Info\",\"image\":{\"@type\":\"ImageObject\",\"inLanguage\":\"es-AR\",\"@id\":\"https:\/\/nativainfo.com\/#\/schema\/person\/image\/\",\"url\":\"https:\/\/secure.gravatar.com\/avatar\/016fa1cf068d85136d938e1507b9b619cb766e2565cbb1faa1e571762460c785?s=96&d=mm&r=g\",\"contentUrl\":\"https:\/\/secure.gravatar.com\/avatar\/016fa1cf068d85136d938e1507b9b619cb766e2565cbb1faa1e571762460c785?s=96&d=mm&r=g\",\"caption\":\"Nativa Info\"},\"sameAs\":[\"http:\/\/nativainfo.com\"],\"url\":\"https:\/\/nativainfo.com\/?author=1\"}]}<\/script>\n<!-- \/ Yoast SEO plugin. -->","yoast_head_json":{"title":"Zamora inaugur\u00f3 80 d\u00faplex en el B\u00b0 Ampliaci\u00f3n Los Flores: \"Seguiremos inaugurando y volveremos a construir\" - Nativa Info","robots":{"index":"index","follow":"follow","max-snippet":"max-snippet:-1","max-image-preview":"max-image-preview:large","max-video-preview":"max-video-preview:-1"},"canonical":"https:\/\/nativainfo.com\/?p=4341","og_locale":"es_ES","og_type":"article","og_title":"Zamora inaugur\u00f3 80 d\u00faplex en el B\u00b0 Ampliaci\u00f3n Los Flores: \"Seguiremos inaugurando y volveremos a construir\" - Nativa Info","og_description":"El gobernador de la provincia ratific\u00f3 el compromiso de seguir trabajando, pese a la situaci\u00f3n econ\u00f3mica y las pol\u00edticas de... Continue reading","og_url":"https:\/\/nativainfo.com\/?p=4341","og_site_name":"Nativa Info","article_publisher":"https:\/\/www.facebook.com\/profile.php?id=61578881597564","article_published_time":"2024-07-12T03:33:01+00:00","article_modified_time":"2024-07-12T03:33:27+00:00","og_image":[{"url":"http:\/\/nativainfo.com\/wp-content\/uploads\/2024\/07\/imagen_2024-07-12_003157463.png","type":"","width":"","height":""}],"author":"Nativa Info","twitter_card":"summary_large_image","twitter_misc":{"Escrito por":"Nativa Info","Tiempo de lectura":"1 minuto"},"schema":{"@context":"https:\/\/schema.org","@graph":[{"@type":"Article","@id":"https:\/\/nativainfo.com\/?p=4341#article","isPartOf":{"@id":"https:\/\/nativainfo.com\/?p=4341"},"author":{"name":"Nativa Info","@id":"https:\/\/nativainfo.com\/#\/schema\/person\/24893b64a9cd564ddb5d102d36eb4b5c"},"headline":"Zamora inaugur\u00f3 80 d\u00faplex en el B\u00b0 Ampliaci\u00f3n Los Flores: &#8220;Seguiremos inaugurando y volveremos a construir&#8221;","datePublished":"2024-07-12T03:33:01+00:00","dateModified":"2024-07-12T03:33:27+00:00","mainEntityOfPage":{"@id":"https:\/\/nativainfo.com\/?p=4341"},"wordCount":223,"commentCount":0,"publisher":{"@id":"https:\/\/nativainfo.com\/#organization"},"image":{"@id":"https:\/\/nativainfo.com\/?p=4341#primaryimage"},"thumbnailUrl":"http:\/\/nativainfo.com\/wp-content\/uploads\/2024\/07\/imagen_2024-07-12_003157463.png","articleSection":["Santiago del Estero"],"inLanguage":"es-AR","potentialAction":[{"@type":"CommentAction","name":"Comment","target":["https:\/\/nativainfo.com\/?p=4341#respond"]}]},{"@type":"WebPage","@id":"https:\/\/nativainfo.com\/?p=4341","url":"https:\/\/nativainfo.com\/?p=4341","name":"Zamora inaugur\u00f3 80 d\u00faplex en el B\u00b0 Ampliaci\u00f3n Los Flores: \"Seguiremos inaugurando y volveremos a construir\" - Nativa Info","isPartOf":{"@id":"https:\/\/nativainfo.com\/#website"},"primaryImageOfPage":{"@id":"https:\/\/nativainfo.com\/?p=4341#primaryimage"},"image":{"@id":"https:\/\/nativainfo.com\/?p=4341#primaryimage"},"thumbnailUrl":"http:\/\/nativainfo.com\/wp-content\/uploads\/2024\/07\/imagen_2024-07-12_003157463.png","datePublished":"2024-07-12T03:33:01+00:00","dateModified":"2024-07-12T03:33:27+00:00","breadcrumb":{"@id":"https:\/\/nativainfo.com\/?p=4341#breadcrumb"},"inLanguage":"es-AR","potentialAction":[{"@type":"ReadAction","target":["https:\/\/nativainfo.com\/?p=4341"]}]},{"@type":"ImageObject","inLanguage":"es-AR","@id":"https:\/\/nativainfo.com\/?p=4341#primaryimage","url":"https:\/\/nativainfo.com\/wp-content\/uploads\/2024\/07\/imagen_2024-07-12_003157463.png","contentUrl":"https:\/\/nativainfo.com\/wp-content\/uploads\/2024\/07\/imagen_2024-07-12_003157463.png","width":1010,"height":567},{"@type":"BreadcrumbList","@id":"https:\/\/nativainfo.com\/?p=4341#breadcrumb","itemListElement":[{"@type":"ListItem","position":1,"name":"Inicio","item":"https:\/\/nativainfo.com\/"},{"@type":"ListItem","position":2,"name":"Zamora inaugur\u00f3 80 d\u00faplex en el B\u00b0 Ampliaci\u00f3n Los Flores: &#8220;Seguiremos inaugurando y volveremos a construir&#8221;"}]},{"@type":"WebSite","@id":"https:\/\/nativainfo.com\/#website","url":"https:\/\/nativainfo.com\/","name":"Nativa Info","description":"Diario Digital","publisher":{"@id":"https:\/\/nativainfo.com\/#organization"},"potentialAction":[{"@type":"SearchAction","target":{"@type":"EntryPoint","urlTemplate":"https:\/\/nativainfo.com\/?s={search_term_string}"},"query-input":{"@type":"PropertyValueSpecification","valueRequired":true,"valueName":"search_term_string"}}],"inLanguage":"es-AR"},{"@type":"Organization","@id":"https:\/\/nativainfo.com\/#organization","name":"Nativa Info","url":"https:\/\/nativainfo.com\/","logo":{"@type":"ImageObject","inLanguage":"es-AR","@id":"https:\/\/nativainfo.com\/#\/schema\/logo\/image\/","url":"https:\/\/nativainfo.com\/wp-content\/uploads\/2025\/08\/LOGO-NATIVA-FACE.jpg","contentUrl":"https:\/\/nativainfo.com\/wp-content\/uploads\/2025\/08\/LOGO-NATIVA-FACE.jpg","width":400,"height":400,"caption":"Nativa Info"},"image":{"@id":"https:\/\/nativainfo.com\/#\/schema\/logo\/image\/"},"sameAs":["https:\/\/www.facebook.com\/profile.php?id=61578881597564"]},{"@type":"Person","@id":"https:\/\/nativainfo.com\/#\/schema\/person\/24893b64a9cd564ddb5d102d36eb4b5c","name":"Nativa Info","image":{"@type":"ImageObject","inLanguage":"es-AR","@id":"https:\/\/nativainfo.com\/#\/schema\/person\/image\/","url":"https:\/\/secure.gravatar.com\/avatar\/016fa1cf068d85136d938e1507b9b619cb766e2565cbb1faa1e571762460c785?s=96&d=mm&r=g","contentUrl":"https:\/\/secure.gravatar.com\/avatar\/016fa1cf068d85136d938e1507b9b619cb766e2565cbb1faa1e571762460c785?s=96&d=mm&r=g","caption":"Nativa Info"},"sameAs":["http:\/\/nativainfo.com"],"url":"https:\/\/nativainfo.com\/?author=1"}]}},"jetpack_publicize_connections":[],"_links":{"self":[{"href":"https:\/\/nativainfo.com\/index.php?rest_route=\/wp\/v2\/posts\/4341","targetHints":{"allow":["GET"]}}],"collection":[{"href":"https:\/\/nativainfo.com\/index.php?rest_route=\/wp\/v2\/posts"}],"about":[{"href":"https:\/\/nativainfo.com\/index.php?rest_route=\/wp\/v2\/types\/post"}],"author":[{"embeddable":true,"href":"https:\/\/nativainfo.com\/index.php?rest_route=\/wp\/v2\/users\/1"}],"replies":[{"embeddable":true,"href":"https:\/\/nativainfo.com\/index.php?rest_route=%2Fwp%2Fv2%2Fcomments&post=4341"}],"version-history":[{"count":1,"href":"https:\/\/nativainfo.com\/index.php?rest_route=\/wp\/v2\/posts\/4341\/revisions"}],"predecessor-version":[{"id":4345,"href":"https:\/\/nativainfo.com\/index.php?rest_route=\/wp\/v2\/posts\/4341\/revisions\/4345"}],"wp:attachment":[{"href":"https:\/\/nativainfo.com\/index.php?rest_route=%2Fwp%2Fv2%2Fmedia&parent=4341"}],"wp:term":[{"taxonomy":"category","embeddable":true,"href":"https:\/\/nativainfo.com\/index.php?rest_route=%2Fwp%2Fv2%2Fcategories&post=4341"},{"taxonomy":"post_tag","embeddable":true,"href":"https:\/\/nativainfo.com\/index.php?rest_route=%2Fwp%2Fv2%2Ftags&post=4341"}],"curies":[{"name":"wp","href":"https:\/\/api.w.org\/{rel}","templated":true}]}}