{"id":4323,"date":"2024-07-03T00:08:54","date_gmt":"2024-07-03T03:08:54","guid":{"rendered":"http:\/\/nativainfo.com\/?p=4323"},"modified":"2024-07-03T00:08:55","modified_gmt":"2024-07-03T03:08:55","slug":"estos-seran-los-espectaculos-musicales-este-fin-de-semana-en-la-feria-artesanal","status":"publish","type":"post","link":"https:\/\/nativainfo.com\/?p=4323","title":{"rendered":"Estos ser\u00e1n los espect\u00e1culos musicales este fin de semana en la Feria Artesanal"},"content":{"rendered":"\n<p>Destacados artistas se subir\u00e1n al escenario del Parque Aguirre.<\/p>\n\n\n\n<figure class=\"wp-block-image size-large\"><img fetchpriority=\"high\" decoding=\"async\" width=\"1010\" height=\"567\" src=\"http:\/\/nativainfo.com\/wp-content\/uploads\/2024\/07\/imagen_2024-07-03_000841075.png\" alt=\"\" class=\"wp-image-4326\" srcset=\"https:\/\/nativainfo.com\/wp-content\/uploads\/2024\/07\/imagen_2024-07-03_000841075.png 1010w, https:\/\/nativainfo.com\/wp-content\/uploads\/2024\/07\/imagen_2024-07-03_000841075-300x168.png 300w, https:\/\/nativainfo.com\/wp-content\/uploads\/2024\/07\/imagen_2024-07-03_000841075-768x431.png 768w, https:\/\/nativainfo.com\/wp-content\/uploads\/2024\/07\/imagen_2024-07-03_000841075-623x350.png 623w, https:\/\/nativainfo.com\/wp-content\/uploads\/2024\/07\/imagen_2024-07-03_000841075-150x84.png 150w\" sizes=\"(max-width: 1010px) 100vw, 1010px\" \/><\/figure>\n\n\n\n<p>Durante el primer fin de semana de la&nbsp;<strong>Feria Artesanal 2024<\/strong>&nbsp;que comenzar\u00e1 este viernes 5, habr\u00e1 una importante grilla de m\u00fasicos santiague\u00f1os que mostrar\u00e1n sus propuestas art\u00edsticas, con acceso libre y gratuito.<\/p>\n\n\n\n<p>En<strong>&nbsp;la jornada inaugural del viernes, que tendr\u00e1 su apertura a las 19<\/strong>, actuar\u00e1n la compa\u00f1\u00eda &#8220;Arte Nativo de Santiago del Estero&#8221; y el grupo &#8220;Jorge Daniel y Los Libras&#8221;.<\/p>\n\n\n\n<p>El s\u00e1bado 6, desde las 13 ofrecer\u00e1n sus shows, Naym\u00e9 Suyai, WarmiKuna y Pucho Achaval.&nbsp;<strong>Por la tarde, a partir de las 19.30<\/strong>, los espect\u00e1culos continuar\u00e1n con Danza As\u00ed, Marcos Barrionuevo, Los del Vinalar, Chuli Peralta y Alejandro El Cuartetero.<\/p>\n\n\n\n<p>El domingo 7, al mediod\u00eda, desde las 13, se presentar\u00e1n La Trova Santiague\u00f1a, Los Fogoneros y Magdalena y Jerem\u00edas T\u00e9vez. A las 19.30, actuar\u00e1n Banda Legui, La Barra del Chamam\u00e9, Fredy Arga\u00f1araz, Mullieris y Las Ra\u00edces.<\/p>\n\n\n\n<p>El lunes 8, a las 13 estar\u00e1n La Trifulca Chamamecera, Pigu Herrera y Jovita Subire. Por la tarde, desde las 19.30, se presentar\u00e1n Maki Rojas, El Mariachi Guarachero, Jana Banegas, Edith Corpos y La brasita de mi chala.<\/p>\n\n\n\n<p>El martes 9, feriado por el D\u00eda de la Independencia, al mediod\u00eda actuar\u00e1n Claudio Machito Ag\u00fcero, Leonella Germini y Cristian Caseres. Desde las 19.30, ser\u00e1 el turno de Johnny Mendizabal, Ale Guill\u00edn, Avenida Folk, Valeria Facelli y Juli\u00e1n Migueles.<\/p>\n","protected":false},"excerpt":{"rendered":"<p>Destacados artistas se subir\u00e1n al escenario del Parque Aguirre. Durante el primer fin de semana de la&nbsp;Feria Artesanal 2024&nbsp;que comenzar\u00e1&#8230; <a class=\"continue-reading-link\" href=\"https:\/\/nativainfo.com\/?p=4323\">Continue reading<\/a><\/p>\n","protected":false},"author":1,"featured_media":0,"comment_status":"open","ping_status":"open","sticky":false,"template":"","format":"standard","meta":{"rop_custom_images_group":[],"rop_custom_messages_group":[],"rop_publish_now":"initial","rop_publish_now_accounts":[],"rop_publish_now_history":[],"rop_publish_now_status":"pending","footnotes":"","jetpack_publicize_message":"","jetpack_publicize_feature_enabled":true,"jetpack_social_post_already_shared":false,"jetpack_social_options":{"image_generator_settings":{"template":"highway","default_image_id":0,"font":"","enabled":false},"version":2}},"categories":[25,40],"tags":[],"class_list":["post-4323","post","type-post","status-publish","format-standard","hentry","category-cultura","category-santiago-del-estero"],"yoast_head":"<!-- This site is optimized with the Yoast SEO plugin v25.6 - https:\/\/yoast.com\/wordpress\/plugins\/seo\/ -->\n<title>Estos ser\u00e1n los espect\u00e1culos musicales este fin de semana en la Feria Artesanal - Nativa Info<\/title>\n<meta name=\"robots\" content=\"index, follow, max-snippet:-1, max-image-preview:large, max-video-preview:-1\" \/>\n<link rel=\"canonical\" href=\"https:\/\/nativainfo.com\/?p=4323\" \/>\n<meta property=\"og:locale\" content=\"es_ES\" \/>\n<meta property=\"og:type\" content=\"article\" \/>\n<meta property=\"og:title\" content=\"Estos ser\u00e1n los espect\u00e1culos musicales este fin de semana en la Feria Artesanal - Nativa Info\" \/>\n<meta property=\"og:description\" content=\"Destacados artistas se subir\u00e1n al escenario del Parque Aguirre. Durante el primer fin de semana de la&nbsp;Feria Artesanal 2024&nbsp;que comenzar\u00e1... Continue reading\" \/>\n<meta property=\"og:url\" content=\"https:\/\/nativainfo.com\/?p=4323\" \/>\n<meta property=\"og:site_name\" content=\"Nativa Info\" \/>\n<meta property=\"article:publisher\" content=\"https:\/\/www.facebook.com\/profile.php?id=61578881597564\" \/>\n<meta property=\"article:published_time\" content=\"2024-07-03T03:08:54+00:00\" \/>\n<meta property=\"article:modified_time\" content=\"2024-07-03T03:08:55+00:00\" \/>\n<meta property=\"og:image\" content=\"http:\/\/nativainfo.com\/wp-content\/uploads\/2024\/07\/imagen_2024-07-03_000841075.png\" \/>\n<meta name=\"author\" content=\"Nativa Info\" \/>\n<meta name=\"twitter:card\" content=\"summary_large_image\" \/>\n<meta name=\"twitter:label1\" content=\"Escrito por\" \/>\n\t<meta name=\"twitter:data1\" content=\"Nativa Info\" \/>\n\t<meta name=\"twitter:label2\" content=\"Tiempo de lectura\" \/>\n\t<meta name=\"twitter:data2\" content=\"1 minuto\" \/>\n<script type=\"application\/ld+json\" class=\"yoast-schema-graph\">{\"@context\":\"https:\/\/schema.org\",\"@graph\":[{\"@type\":\"Article\",\"@id\":\"https:\/\/nativainfo.com\/?p=4323#article\",\"isPartOf\":{\"@id\":\"https:\/\/nativainfo.com\/?p=4323\"},\"author\":{\"name\":\"Nativa Info\",\"@id\":\"https:\/\/nativainfo.com\/#\/schema\/person\/24893b64a9cd564ddb5d102d36eb4b5c\"},\"headline\":\"Estos ser\u00e1n los espect\u00e1culos musicales este fin de semana en la Feria Artesanal\",\"datePublished\":\"2024-07-03T03:08:54+00:00\",\"dateModified\":\"2024-07-03T03:08:55+00:00\",\"mainEntityOfPage\":{\"@id\":\"https:\/\/nativainfo.com\/?p=4323\"},\"wordCount\":257,\"commentCount\":0,\"publisher\":{\"@id\":\"https:\/\/nativainfo.com\/#organization\"},\"image\":{\"@id\":\"https:\/\/nativainfo.com\/?p=4323#primaryimage\"},\"thumbnailUrl\":\"http:\/\/nativainfo.com\/wp-content\/uploads\/2024\/07\/imagen_2024-07-03_000841075.png\",\"articleSection\":[\"Cultura\",\"Santiago del Estero\"],\"inLanguage\":\"es-AR\",\"potentialAction\":[{\"@type\":\"CommentAction\",\"name\":\"Comment\",\"target\":[\"https:\/\/nativainfo.com\/?p=4323#respond\"]}]},{\"@type\":\"WebPage\",\"@id\":\"https:\/\/nativainfo.com\/?p=4323\",\"url\":\"https:\/\/nativainfo.com\/?p=4323\",\"name\":\"Estos ser\u00e1n los espect\u00e1culos musicales este fin de semana en la Feria Artesanal - Nativa Info\",\"isPartOf\":{\"@id\":\"https:\/\/nativainfo.com\/#website\"},\"primaryImageOfPage\":{\"@id\":\"https:\/\/nativainfo.com\/?p=4323#primaryimage\"},\"image\":{\"@id\":\"https:\/\/nativainfo.com\/?p=4323#primaryimage\"},\"thumbnailUrl\":\"http:\/\/nativainfo.com\/wp-content\/uploads\/2024\/07\/imagen_2024-07-03_000841075.png\",\"datePublished\":\"2024-07-03T03:08:54+00:00\",\"dateModified\":\"2024-07-03T03:08:55+00:00\",\"breadcrumb\":{\"@id\":\"https:\/\/nativainfo.com\/?p=4323#breadcrumb\"},\"inLanguage\":\"es-AR\",\"potentialAction\":[{\"@type\":\"ReadAction\",\"target\":[\"https:\/\/nativainfo.com\/?p=4323\"]}]},{\"@type\":\"ImageObject\",\"inLanguage\":\"es-AR\",\"@id\":\"https:\/\/nativainfo.com\/?p=4323#primaryimage\",\"url\":\"https:\/\/nativainfo.com\/wp-content\/uploads\/2024\/07\/imagen_2024-07-03_000841075.png\",\"contentUrl\":\"https:\/\/nativainfo.com\/wp-content\/uploads\/2024\/07\/imagen_2024-07-03_000841075.png\",\"width\":1010,\"height\":567},{\"@type\":\"BreadcrumbList\",\"@id\":\"https:\/\/nativainfo.com\/?p=4323#breadcrumb\",\"itemListElement\":[{\"@type\":\"ListItem\",\"position\":1,\"name\":\"Inicio\",\"item\":\"https:\/\/nativainfo.com\/\"},{\"@type\":\"ListItem\",\"position\":2,\"name\":\"Estos ser\u00e1n los espect\u00e1culos musicales este fin de semana en la Feria Artesanal\"}]},{\"@type\":\"WebSite\",\"@id\":\"https:\/\/nativainfo.com\/#website\",\"url\":\"https:\/\/nativainfo.com\/\",\"name\":\"Nativa Info\",\"description\":\"Diario Digital\",\"publisher\":{\"@id\":\"https:\/\/nativainfo.com\/#organization\"},\"potentialAction\":[{\"@type\":\"SearchAction\",\"target\":{\"@type\":\"EntryPoint\",\"urlTemplate\":\"https:\/\/nativainfo.com\/?s={search_term_string}\"},\"query-input\":{\"@type\":\"PropertyValueSpecification\",\"valueRequired\":true,\"valueName\":\"search_term_string\"}}],\"inLanguage\":\"es-AR\"},{\"@type\":\"Organization\",\"@id\":\"https:\/\/nativainfo.com\/#organization\",\"name\":\"Nativa Info\",\"url\":\"https:\/\/nativainfo.com\/\",\"logo\":{\"@type\":\"ImageObject\",\"inLanguage\":\"es-AR\",\"@id\":\"https:\/\/nativainfo.com\/#\/schema\/logo\/image\/\",\"url\":\"https:\/\/nativainfo.com\/wp-content\/uploads\/2025\/08\/LOGO-NATIVA-FACE.jpg\",\"contentUrl\":\"https:\/\/nativainfo.com\/wp-content\/uploads\/2025\/08\/LOGO-NATIVA-FACE.jpg\",\"width\":400,\"height\":400,\"caption\":\"Nativa Info\"},\"image\":{\"@id\":\"https:\/\/nativainfo.com\/#\/schema\/logo\/image\/\"},\"sameAs\":[\"https:\/\/www.facebook.com\/profile.php?id=61578881597564\"]},{\"@type\":\"Person\",\"@id\":\"https:\/\/nativainfo.com\/#\/schema\/person\/24893b64a9cd564ddb5d102d36eb4b5c\",\"name\":\"Nativa Info\",\"image\":{\"@type\":\"ImageObject\",\"inLanguage\":\"es-AR\",\"@id\":\"https:\/\/nativainfo.com\/#\/schema\/person\/image\/\",\"url\":\"https:\/\/secure.gravatar.com\/avatar\/016fa1cf068d85136d938e1507b9b619cb766e2565cbb1faa1e571762460c785?s=96&d=mm&r=g\",\"contentUrl\":\"https:\/\/secure.gravatar.com\/avatar\/016fa1cf068d85136d938e1507b9b619cb766e2565cbb1faa1e571762460c785?s=96&d=mm&r=g\",\"caption\":\"Nativa Info\"},\"sameAs\":[\"http:\/\/nativainfo.com\"],\"url\":\"https:\/\/nativainfo.com\/?author=1\"}]}<\/script>\n<!-- \/ Yoast SEO plugin. -->","yoast_head_json":{"title":"Estos ser\u00e1n los espect\u00e1culos musicales este fin de semana en la Feria Artesanal - Nativa Info","robots":{"index":"index","follow":"follow","max-snippet":"max-snippet:-1","max-image-preview":"max-image-preview:large","max-video-preview":"max-video-preview:-1"},"canonical":"https:\/\/nativainfo.com\/?p=4323","og_locale":"es_ES","og_type":"article","og_title":"Estos ser\u00e1n los espect\u00e1culos musicales este fin de semana en la Feria Artesanal - Nativa Info","og_description":"Destacados artistas se subir\u00e1n al escenario del Parque Aguirre. Durante el primer fin de semana de la&nbsp;Feria Artesanal 2024&nbsp;que comenzar\u00e1... Continue reading","og_url":"https:\/\/nativainfo.com\/?p=4323","og_site_name":"Nativa Info","article_publisher":"https:\/\/www.facebook.com\/profile.php?id=61578881597564","article_published_time":"2024-07-03T03:08:54+00:00","article_modified_time":"2024-07-03T03:08:55+00:00","og_image":[{"url":"http:\/\/nativainfo.com\/wp-content\/uploads\/2024\/07\/imagen_2024-07-03_000841075.png","type":"","width":"","height":""}],"author":"Nativa Info","twitter_card":"summary_large_image","twitter_misc":{"Escrito por":"Nativa Info","Tiempo de lectura":"1 minuto"},"schema":{"@context":"https:\/\/schema.org","@graph":[{"@type":"Article","@id":"https:\/\/nativainfo.com\/?p=4323#article","isPartOf":{"@id":"https:\/\/nativainfo.com\/?p=4323"},"author":{"name":"Nativa Info","@id":"https:\/\/nativainfo.com\/#\/schema\/person\/24893b64a9cd564ddb5d102d36eb4b5c"},"headline":"Estos ser\u00e1n los espect\u00e1culos musicales este fin de semana en la Feria Artesanal","datePublished":"2024-07-03T03:08:54+00:00","dateModified":"2024-07-03T03:08:55+00:00","mainEntityOfPage":{"@id":"https:\/\/nativainfo.com\/?p=4323"},"wordCount":257,"commentCount":0,"publisher":{"@id":"https:\/\/nativainfo.com\/#organization"},"image":{"@id":"https:\/\/nativainfo.com\/?p=4323#primaryimage"},"thumbnailUrl":"http:\/\/nativainfo.com\/wp-content\/uploads\/2024\/07\/imagen_2024-07-03_000841075.png","articleSection":["Cultura","Santiago del Estero"],"inLanguage":"es-AR","potentialAction":[{"@type":"CommentAction","name":"Comment","target":["https:\/\/nativainfo.com\/?p=4323#respond"]}]},{"@type":"WebPage","@id":"https:\/\/nativainfo.com\/?p=4323","url":"https:\/\/nativainfo.com\/?p=4323","name":"Estos ser\u00e1n los espect\u00e1culos musicales este fin de semana en la Feria Artesanal - Nativa Info","isPartOf":{"@id":"https:\/\/nativainfo.com\/#website"},"primaryImageOfPage":{"@id":"https:\/\/nativainfo.com\/?p=4323#primaryimage"},"image":{"@id":"https:\/\/nativainfo.com\/?p=4323#primaryimage"},"thumbnailUrl":"http:\/\/nativainfo.com\/wp-content\/uploads\/2024\/07\/imagen_2024-07-03_000841075.png","datePublished":"2024-07-03T03:08:54+00:00","dateModified":"2024-07-03T03:08:55+00:00","breadcrumb":{"@id":"https:\/\/nativainfo.com\/?p=4323#breadcrumb"},"inLanguage":"es-AR","potentialAction":[{"@type":"ReadAction","target":["https:\/\/nativainfo.com\/?p=4323"]}]},{"@type":"ImageObject","inLanguage":"es-AR","@id":"https:\/\/nativainfo.com\/?p=4323#primaryimage","url":"https:\/\/nativainfo.com\/wp-content\/uploads\/2024\/07\/imagen_2024-07-03_000841075.png","contentUrl":"https:\/\/nativainfo.com\/wp-content\/uploads\/2024\/07\/imagen_2024-07-03_000841075.png","width":1010,"height":567},{"@type":"BreadcrumbList","@id":"https:\/\/nativainfo.com\/?p=4323#breadcrumb","itemListElement":[{"@type":"ListItem","position":1,"name":"Inicio","item":"https:\/\/nativainfo.com\/"},{"@type":"ListItem","position":2,"name":"Estos ser\u00e1n los espect\u00e1culos musicales este fin de semana en la Feria Artesanal"}]},{"@type":"WebSite","@id":"https:\/\/nativainfo.com\/#website","url":"https:\/\/nativainfo.com\/","name":"Nativa Info","description":"Diario Digital","publisher":{"@id":"https:\/\/nativainfo.com\/#organization"},"potentialAction":[{"@type":"SearchAction","target":{"@type":"EntryPoint","urlTemplate":"https:\/\/nativainfo.com\/?s={search_term_string}"},"query-input":{"@type":"PropertyValueSpecification","valueRequired":true,"valueName":"search_term_string"}}],"inLanguage":"es-AR"},{"@type":"Organization","@id":"https:\/\/nativainfo.com\/#organization","name":"Nativa Info","url":"https:\/\/nativainfo.com\/","logo":{"@type":"ImageObject","inLanguage":"es-AR","@id":"https:\/\/nativainfo.com\/#\/schema\/logo\/image\/","url":"https:\/\/nativainfo.com\/wp-content\/uploads\/2025\/08\/LOGO-NATIVA-FACE.jpg","contentUrl":"https:\/\/nativainfo.com\/wp-content\/uploads\/2025\/08\/LOGO-NATIVA-FACE.jpg","width":400,"height":400,"caption":"Nativa Info"},"image":{"@id":"https:\/\/nativainfo.com\/#\/schema\/logo\/image\/"},"sameAs":["https:\/\/www.facebook.com\/profile.php?id=61578881597564"]},{"@type":"Person","@id":"https:\/\/nativainfo.com\/#\/schema\/person\/24893b64a9cd564ddb5d102d36eb4b5c","name":"Nativa Info","image":{"@type":"ImageObject","inLanguage":"es-AR","@id":"https:\/\/nativainfo.com\/#\/schema\/person\/image\/","url":"https:\/\/secure.gravatar.com\/avatar\/016fa1cf068d85136d938e1507b9b619cb766e2565cbb1faa1e571762460c785?s=96&d=mm&r=g","contentUrl":"https:\/\/secure.gravatar.com\/avatar\/016fa1cf068d85136d938e1507b9b619cb766e2565cbb1faa1e571762460c785?s=96&d=mm&r=g","caption":"Nativa Info"},"sameAs":["http:\/\/nativainfo.com"],"url":"https:\/\/nativainfo.com\/?author=1"}]}},"jetpack_publicize_connections":[],"_links":{"self":[{"href":"https:\/\/nativainfo.com\/index.php?rest_route=\/wp\/v2\/posts\/4323","targetHints":{"allow":["GET"]}}],"collection":[{"href":"https:\/\/nativainfo.com\/index.php?rest_route=\/wp\/v2\/posts"}],"about":[{"href":"https:\/\/nativainfo.com\/index.php?rest_route=\/wp\/v2\/types\/post"}],"author":[{"embeddable":true,"href":"https:\/\/nativainfo.com\/index.php?rest_route=\/wp\/v2\/users\/1"}],"replies":[{"embeddable":true,"href":"https:\/\/nativainfo.com\/index.php?rest_route=%2Fwp%2Fv2%2Fcomments&post=4323"}],"version-history":[{"count":1,"href":"https:\/\/nativainfo.com\/index.php?rest_route=\/wp\/v2\/posts\/4323\/revisions"}],"predecessor-version":[{"id":4328,"href":"https:\/\/nativainfo.com\/index.php?rest_route=\/wp\/v2\/posts\/4323\/revisions\/4328"}],"wp:attachment":[{"href":"https:\/\/nativainfo.com\/index.php?rest_route=%2Fwp%2Fv2%2Fmedia&parent=4323"}],"wp:term":[{"taxonomy":"category","embeddable":true,"href":"https:\/\/nativainfo.com\/index.php?rest_route=%2Fwp%2Fv2%2Fcategories&post=4323"},{"taxonomy":"post_tag","embeddable":true,"href":"https:\/\/nativainfo.com\/index.php?rest_route=%2Fwp%2Fv2%2Ftags&post=4323"}],"curies":[{"name":"wp","href":"https:\/\/api.w.org\/{rel}","templated":true}]}}