{"id":4315,"date":"2024-06-26T02:05:30","date_gmt":"2024-06-26T05:05:30","guid":{"rendered":"http:\/\/nativainfo.com\/?p=4315"},"modified":"2024-06-26T02:05:39","modified_gmt":"2024-06-26T05:05:39","slug":"femicidio-de-carolina-ledesma-confirmaron-que-los-restos-oseos-hallados-en-el-quemao-pertenecen-a-matias-loto","status":"publish","type":"post","link":"https:\/\/nativainfo.com\/?p=4315","title":{"rendered":"Femicidio de Carolina Ledesma: confirmaron que los restos \u00f3seos hallados en El Quemao pertenecen a Mat\u00edas Loto"},"content":{"rendered":"\n<p>&#8220;Es Mat\u00edas Loto&#8221;, afirm\u00f3 a Diario Panorama el abogado querellante de la familia, Dr. Fanklin Moyano. Los restos \u00f3seos fueron encontrados el pasado 6 de mayo, junto con prendas de vestir, documentaci\u00f3n y una escopeta.<\/p>\n\n\n\n<figure class=\"wp-block-image size-large\"><img fetchpriority=\"high\" decoding=\"async\" width=\"1010\" height=\"567\" src=\"http:\/\/nativainfo.com\/wp-content\/uploads\/2024\/06\/imagen_2024-06-26_020505894.png\" alt=\"\" class=\"wp-image-4317\" srcset=\"https:\/\/nativainfo.com\/wp-content\/uploads\/2024\/06\/imagen_2024-06-26_020505894.png 1010w, https:\/\/nativainfo.com\/wp-content\/uploads\/2024\/06\/imagen_2024-06-26_020505894-300x168.png 300w, https:\/\/nativainfo.com\/wp-content\/uploads\/2024\/06\/imagen_2024-06-26_020505894-768x431.png 768w, https:\/\/nativainfo.com\/wp-content\/uploads\/2024\/06\/imagen_2024-06-26_020505894-623x350.png 623w, https:\/\/nativainfo.com\/wp-content\/uploads\/2024\/06\/imagen_2024-06-26_020505894-150x84.png 150w\" sizes=\"(max-width: 1010px) 100vw, 1010px\" \/><\/figure>\n\n\n\n<p>Este martes la justicia y las autoridades abocadas a la investigaci\u00f3n sobre el femicidio de&nbsp;<strong>Carolina Ledesma<\/strong>, ocurrido durante el mes de febrero en Santiago del Estero, pudieron determinar que&nbsp;<strong>los restos \u00f3seos encontrados el pasado 6 de mayo pertenecen a Mat\u00edas Loto.<\/strong><\/p>\n\n\n\n<p>Cabe recordar que estos restos fueron hallados en el paraje El Quemao, departamento Robles, en donde tambi\u00e9n encontraron prendas de vestir, documentaci\u00f3n y otros objetos.<\/p>\n\n\n\n<p><strong><em>\u201cEs Mat\u00edas Loto\u201d<\/em><\/strong>, confirm\u00f3 a&nbsp;<strong>Diario Panorama<\/strong>&nbsp;el abogado querellante de la familia,&nbsp;<strong>Dr. Franklin Moyano<\/strong>.<\/p>\n\n\n\n<p>Esto se supo luego de que el Dr. Pedro Luis Ib\u00e1\u00f1ez, integrante de la Unidad Fiscal de G\u00e9nero y Violencia Intrafamiliar para la Circunscripci\u00f3n Banda y Robles, recibiera en la ma\u00f1ana de este lunes el&nbsp;<strong>informe de los estudios de ADN<\/strong>&nbsp;que realizaron los profesionales del Laboratorio de Gen\u00e9tica Forense del Poder Judicial.<\/p>\n\n\n\n<p>Tambi\u00e9n cabe destacar que un t\u00edo de Mat\u00edas Loto reconoci\u00f3 la escopeta que hallaron junto a los huesos, con la que aparentemente se habr\u00eda quitado la vida.\u00a0<\/p>\n\n\n\n<p>Fuente: Diario Panorama<\/p>\n","protected":false},"excerpt":{"rendered":"<p>&#8220;Es Mat\u00edas Loto&#8221;, afirm\u00f3 a Diario Panorama el abogado querellante de la familia, Dr. Fanklin Moyano. Los restos \u00f3seos fueron&#8230; <a class=\"continue-reading-link\" href=\"https:\/\/nativainfo.com\/?p=4315\">Continue reading<\/a><\/p>\n","protected":false},"author":1,"featured_media":0,"comment_status":"open","ping_status":"open","sticky":false,"template":"","format":"standard","meta":{"rop_custom_images_group":[],"rop_custom_messages_group":[],"rop_publish_now":"initial","rop_publish_now_accounts":[],"rop_publish_now_history":[],"rop_publish_now_status":"pending","footnotes":"","jetpack_publicize_message":"","jetpack_publicize_feature_enabled":true,"jetpack_social_post_already_shared":false,"jetpack_social_options":{"image_generator_settings":{"template":"highway","default_image_id":0,"font":"","enabled":false},"version":2}},"categories":[29,40],"tags":[],"class_list":["post-4315","post","type-post","status-publish","format-standard","hentry","category-policial","category-santiago-del-estero"],"yoast_head":"<!-- This site is optimized with the Yoast SEO plugin v25.6 - https:\/\/yoast.com\/wordpress\/plugins\/seo\/ -->\n<title>Femicidio de Carolina Ledesma: confirmaron que los restos \u00f3seos hallados en El Quemao pertenecen a Mat\u00edas Loto - Nativa Info<\/title>\n<meta name=\"robots\" content=\"index, follow, max-snippet:-1, max-image-preview:large, max-video-preview:-1\" \/>\n<link rel=\"canonical\" href=\"https:\/\/nativainfo.com\/?p=4315\" \/>\n<meta property=\"og:locale\" content=\"es_ES\" \/>\n<meta property=\"og:type\" content=\"article\" \/>\n<meta property=\"og:title\" content=\"Femicidio de Carolina Ledesma: confirmaron que los restos \u00f3seos hallados en El Quemao pertenecen a Mat\u00edas Loto - Nativa Info\" \/>\n<meta property=\"og:description\" content=\"&#8220;Es Mat\u00edas Loto&#8221;, afirm\u00f3 a Diario Panorama el abogado querellante de la familia, Dr. Fanklin Moyano. Los restos \u00f3seos fueron... Continue reading\" \/>\n<meta property=\"og:url\" content=\"https:\/\/nativainfo.com\/?p=4315\" \/>\n<meta property=\"og:site_name\" content=\"Nativa Info\" \/>\n<meta property=\"article:publisher\" content=\"https:\/\/www.facebook.com\/profile.php?id=61578881597564\" \/>\n<meta property=\"article:published_time\" content=\"2024-06-26T05:05:30+00:00\" \/>\n<meta property=\"article:modified_time\" content=\"2024-06-26T05:05:39+00:00\" \/>\n<meta property=\"og:image\" content=\"http:\/\/nativainfo.com\/wp-content\/uploads\/2024\/06\/imagen_2024-06-26_020505894.png\" \/>\n<meta name=\"author\" content=\"Nativa Info\" \/>\n<meta name=\"twitter:card\" content=\"summary_large_image\" \/>\n<meta name=\"twitter:label1\" content=\"Escrito por\" \/>\n\t<meta name=\"twitter:data1\" content=\"Nativa Info\" \/>\n\t<meta name=\"twitter:label2\" content=\"Tiempo de lectura\" \/>\n\t<meta name=\"twitter:data2\" content=\"1 minuto\" \/>\n<script type=\"application\/ld+json\" class=\"yoast-schema-graph\">{\"@context\":\"https:\/\/schema.org\",\"@graph\":[{\"@type\":\"Article\",\"@id\":\"https:\/\/nativainfo.com\/?p=4315#article\",\"isPartOf\":{\"@id\":\"https:\/\/nativainfo.com\/?p=4315\"},\"author\":{\"name\":\"Nativa Info\",\"@id\":\"https:\/\/nativainfo.com\/#\/schema\/person\/24893b64a9cd564ddb5d102d36eb4b5c\"},\"headline\":\"Femicidio de Carolina Ledesma: confirmaron que los restos \u00f3seos hallados en El Quemao pertenecen a Mat\u00edas Loto\",\"datePublished\":\"2024-06-26T05:05:30+00:00\",\"dateModified\":\"2024-06-26T05:05:39+00:00\",\"mainEntityOfPage\":{\"@id\":\"https:\/\/nativainfo.com\/?p=4315\"},\"wordCount\":241,\"commentCount\":0,\"publisher\":{\"@id\":\"https:\/\/nativainfo.com\/#organization\"},\"image\":{\"@id\":\"https:\/\/nativainfo.com\/?p=4315#primaryimage\"},\"thumbnailUrl\":\"http:\/\/nativainfo.com\/wp-content\/uploads\/2024\/06\/imagen_2024-06-26_020505894.png\",\"articleSection\":[\"Policial\",\"Santiago del Estero\"],\"inLanguage\":\"es-AR\",\"potentialAction\":[{\"@type\":\"CommentAction\",\"name\":\"Comment\",\"target\":[\"https:\/\/nativainfo.com\/?p=4315#respond\"]}]},{\"@type\":\"WebPage\",\"@id\":\"https:\/\/nativainfo.com\/?p=4315\",\"url\":\"https:\/\/nativainfo.com\/?p=4315\",\"name\":\"Femicidio de Carolina Ledesma: confirmaron que los restos \u00f3seos hallados en El Quemao pertenecen a Mat\u00edas Loto - Nativa Info\",\"isPartOf\":{\"@id\":\"https:\/\/nativainfo.com\/#website\"},\"primaryImageOfPage\":{\"@id\":\"https:\/\/nativainfo.com\/?p=4315#primaryimage\"},\"image\":{\"@id\":\"https:\/\/nativainfo.com\/?p=4315#primaryimage\"},\"thumbnailUrl\":\"http:\/\/nativainfo.com\/wp-content\/uploads\/2024\/06\/imagen_2024-06-26_020505894.png\",\"datePublished\":\"2024-06-26T05:05:30+00:00\",\"dateModified\":\"2024-06-26T05:05:39+00:00\",\"breadcrumb\":{\"@id\":\"https:\/\/nativainfo.com\/?p=4315#breadcrumb\"},\"inLanguage\":\"es-AR\",\"potentialAction\":[{\"@type\":\"ReadAction\",\"target\":[\"https:\/\/nativainfo.com\/?p=4315\"]}]},{\"@type\":\"ImageObject\",\"inLanguage\":\"es-AR\",\"@id\":\"https:\/\/nativainfo.com\/?p=4315#primaryimage\",\"url\":\"https:\/\/nativainfo.com\/wp-content\/uploads\/2024\/06\/imagen_2024-06-26_020505894.png\",\"contentUrl\":\"https:\/\/nativainfo.com\/wp-content\/uploads\/2024\/06\/imagen_2024-06-26_020505894.png\",\"width\":1010,\"height\":567},{\"@type\":\"BreadcrumbList\",\"@id\":\"https:\/\/nativainfo.com\/?p=4315#breadcrumb\",\"itemListElement\":[{\"@type\":\"ListItem\",\"position\":1,\"name\":\"Inicio\",\"item\":\"https:\/\/nativainfo.com\/\"},{\"@type\":\"ListItem\",\"position\":2,\"name\":\"Femicidio de Carolina Ledesma: confirmaron que los restos \u00f3seos hallados en El Quemao pertenecen a Mat\u00edas Loto\"}]},{\"@type\":\"WebSite\",\"@id\":\"https:\/\/nativainfo.com\/#website\",\"url\":\"https:\/\/nativainfo.com\/\",\"name\":\"Nativa Info\",\"description\":\"Diario Digital\",\"publisher\":{\"@id\":\"https:\/\/nativainfo.com\/#organization\"},\"potentialAction\":[{\"@type\":\"SearchAction\",\"target\":{\"@type\":\"EntryPoint\",\"urlTemplate\":\"https:\/\/nativainfo.com\/?s={search_term_string}\"},\"query-input\":{\"@type\":\"PropertyValueSpecification\",\"valueRequired\":true,\"valueName\":\"search_term_string\"}}],\"inLanguage\":\"es-AR\"},{\"@type\":\"Organization\",\"@id\":\"https:\/\/nativainfo.com\/#organization\",\"name\":\"Nativa Info\",\"url\":\"https:\/\/nativainfo.com\/\",\"logo\":{\"@type\":\"ImageObject\",\"inLanguage\":\"es-AR\",\"@id\":\"https:\/\/nativainfo.com\/#\/schema\/logo\/image\/\",\"url\":\"https:\/\/nativainfo.com\/wp-content\/uploads\/2025\/08\/LOGO-NATIVA-FACE.jpg\",\"contentUrl\":\"https:\/\/nativainfo.com\/wp-content\/uploads\/2025\/08\/LOGO-NATIVA-FACE.jpg\",\"width\":400,\"height\":400,\"caption\":\"Nativa Info\"},\"image\":{\"@id\":\"https:\/\/nativainfo.com\/#\/schema\/logo\/image\/\"},\"sameAs\":[\"https:\/\/www.facebook.com\/profile.php?id=61578881597564\"]},{\"@type\":\"Person\",\"@id\":\"https:\/\/nativainfo.com\/#\/schema\/person\/24893b64a9cd564ddb5d102d36eb4b5c\",\"name\":\"Nativa Info\",\"image\":{\"@type\":\"ImageObject\",\"inLanguage\":\"es-AR\",\"@id\":\"https:\/\/nativainfo.com\/#\/schema\/person\/image\/\",\"url\":\"https:\/\/secure.gravatar.com\/avatar\/016fa1cf068d85136d938e1507b9b619cb766e2565cbb1faa1e571762460c785?s=96&d=mm&r=g\",\"contentUrl\":\"https:\/\/secure.gravatar.com\/avatar\/016fa1cf068d85136d938e1507b9b619cb766e2565cbb1faa1e571762460c785?s=96&d=mm&r=g\",\"caption\":\"Nativa Info\"},\"sameAs\":[\"http:\/\/nativainfo.com\"],\"url\":\"https:\/\/nativainfo.com\/?author=1\"}]}<\/script>\n<!-- \/ Yoast SEO plugin. -->","yoast_head_json":{"title":"Femicidio de Carolina Ledesma: confirmaron que los restos \u00f3seos hallados en El Quemao pertenecen a Mat\u00edas Loto - Nativa Info","robots":{"index":"index","follow":"follow","max-snippet":"max-snippet:-1","max-image-preview":"max-image-preview:large","max-video-preview":"max-video-preview:-1"},"canonical":"https:\/\/nativainfo.com\/?p=4315","og_locale":"es_ES","og_type":"article","og_title":"Femicidio de Carolina Ledesma: confirmaron que los restos \u00f3seos hallados en El Quemao pertenecen a Mat\u00edas Loto - Nativa Info","og_description":"&#8220;Es Mat\u00edas Loto&#8221;, afirm\u00f3 a Diario Panorama el abogado querellante de la familia, Dr. Fanklin Moyano. Los restos \u00f3seos fueron... Continue reading","og_url":"https:\/\/nativainfo.com\/?p=4315","og_site_name":"Nativa Info","article_publisher":"https:\/\/www.facebook.com\/profile.php?id=61578881597564","article_published_time":"2024-06-26T05:05:30+00:00","article_modified_time":"2024-06-26T05:05:39+00:00","og_image":[{"url":"http:\/\/nativainfo.com\/wp-content\/uploads\/2024\/06\/imagen_2024-06-26_020505894.png","type":"","width":"","height":""}],"author":"Nativa Info","twitter_card":"summary_large_image","twitter_misc":{"Escrito por":"Nativa Info","Tiempo de lectura":"1 minuto"},"schema":{"@context":"https:\/\/schema.org","@graph":[{"@type":"Article","@id":"https:\/\/nativainfo.com\/?p=4315#article","isPartOf":{"@id":"https:\/\/nativainfo.com\/?p=4315"},"author":{"name":"Nativa Info","@id":"https:\/\/nativainfo.com\/#\/schema\/person\/24893b64a9cd564ddb5d102d36eb4b5c"},"headline":"Femicidio de Carolina Ledesma: confirmaron que los restos \u00f3seos hallados en El Quemao pertenecen a Mat\u00edas Loto","datePublished":"2024-06-26T05:05:30+00:00","dateModified":"2024-06-26T05:05:39+00:00","mainEntityOfPage":{"@id":"https:\/\/nativainfo.com\/?p=4315"},"wordCount":241,"commentCount":0,"publisher":{"@id":"https:\/\/nativainfo.com\/#organization"},"image":{"@id":"https:\/\/nativainfo.com\/?p=4315#primaryimage"},"thumbnailUrl":"http:\/\/nativainfo.com\/wp-content\/uploads\/2024\/06\/imagen_2024-06-26_020505894.png","articleSection":["Policial","Santiago del Estero"],"inLanguage":"es-AR","potentialAction":[{"@type":"CommentAction","name":"Comment","target":["https:\/\/nativainfo.com\/?p=4315#respond"]}]},{"@type":"WebPage","@id":"https:\/\/nativainfo.com\/?p=4315","url":"https:\/\/nativainfo.com\/?p=4315","name":"Femicidio de Carolina Ledesma: confirmaron que los restos \u00f3seos hallados en El Quemao pertenecen a Mat\u00edas Loto - Nativa Info","isPartOf":{"@id":"https:\/\/nativainfo.com\/#website"},"primaryImageOfPage":{"@id":"https:\/\/nativainfo.com\/?p=4315#primaryimage"},"image":{"@id":"https:\/\/nativainfo.com\/?p=4315#primaryimage"},"thumbnailUrl":"http:\/\/nativainfo.com\/wp-content\/uploads\/2024\/06\/imagen_2024-06-26_020505894.png","datePublished":"2024-06-26T05:05:30+00:00","dateModified":"2024-06-26T05:05:39+00:00","breadcrumb":{"@id":"https:\/\/nativainfo.com\/?p=4315#breadcrumb"},"inLanguage":"es-AR","potentialAction":[{"@type":"ReadAction","target":["https:\/\/nativainfo.com\/?p=4315"]}]},{"@type":"ImageObject","inLanguage":"es-AR","@id":"https:\/\/nativainfo.com\/?p=4315#primaryimage","url":"https:\/\/nativainfo.com\/wp-content\/uploads\/2024\/06\/imagen_2024-06-26_020505894.png","contentUrl":"https:\/\/nativainfo.com\/wp-content\/uploads\/2024\/06\/imagen_2024-06-26_020505894.png","width":1010,"height":567},{"@type":"BreadcrumbList","@id":"https:\/\/nativainfo.com\/?p=4315#breadcrumb","itemListElement":[{"@type":"ListItem","position":1,"name":"Inicio","item":"https:\/\/nativainfo.com\/"},{"@type":"ListItem","position":2,"name":"Femicidio de Carolina Ledesma: confirmaron que los restos \u00f3seos hallados en El Quemao pertenecen a Mat\u00edas Loto"}]},{"@type":"WebSite","@id":"https:\/\/nativainfo.com\/#website","url":"https:\/\/nativainfo.com\/","name":"Nativa Info","description":"Diario Digital","publisher":{"@id":"https:\/\/nativainfo.com\/#organization"},"potentialAction":[{"@type":"SearchAction","target":{"@type":"EntryPoint","urlTemplate":"https:\/\/nativainfo.com\/?s={search_term_string}"},"query-input":{"@type":"PropertyValueSpecification","valueRequired":true,"valueName":"search_term_string"}}],"inLanguage":"es-AR"},{"@type":"Organization","@id":"https:\/\/nativainfo.com\/#organization","name":"Nativa Info","url":"https:\/\/nativainfo.com\/","logo":{"@type":"ImageObject","inLanguage":"es-AR","@id":"https:\/\/nativainfo.com\/#\/schema\/logo\/image\/","url":"https:\/\/nativainfo.com\/wp-content\/uploads\/2025\/08\/LOGO-NATIVA-FACE.jpg","contentUrl":"https:\/\/nativainfo.com\/wp-content\/uploads\/2025\/08\/LOGO-NATIVA-FACE.jpg","width":400,"height":400,"caption":"Nativa Info"},"image":{"@id":"https:\/\/nativainfo.com\/#\/schema\/logo\/image\/"},"sameAs":["https:\/\/www.facebook.com\/profile.php?id=61578881597564"]},{"@type":"Person","@id":"https:\/\/nativainfo.com\/#\/schema\/person\/24893b64a9cd564ddb5d102d36eb4b5c","name":"Nativa Info","image":{"@type":"ImageObject","inLanguage":"es-AR","@id":"https:\/\/nativainfo.com\/#\/schema\/person\/image\/","url":"https:\/\/secure.gravatar.com\/avatar\/016fa1cf068d85136d938e1507b9b619cb766e2565cbb1faa1e571762460c785?s=96&d=mm&r=g","contentUrl":"https:\/\/secure.gravatar.com\/avatar\/016fa1cf068d85136d938e1507b9b619cb766e2565cbb1faa1e571762460c785?s=96&d=mm&r=g","caption":"Nativa Info"},"sameAs":["http:\/\/nativainfo.com"],"url":"https:\/\/nativainfo.com\/?author=1"}]}},"jetpack_publicize_connections":[],"_links":{"self":[{"href":"https:\/\/nativainfo.com\/index.php?rest_route=\/wp\/v2\/posts\/4315","targetHints":{"allow":["GET"]}}],"collection":[{"href":"https:\/\/nativainfo.com\/index.php?rest_route=\/wp\/v2\/posts"}],"about":[{"href":"https:\/\/nativainfo.com\/index.php?rest_route=\/wp\/v2\/types\/post"}],"author":[{"embeddable":true,"href":"https:\/\/nativainfo.com\/index.php?rest_route=\/wp\/v2\/users\/1"}],"replies":[{"embeddable":true,"href":"https:\/\/nativainfo.com\/index.php?rest_route=%2Fwp%2Fv2%2Fcomments&post=4315"}],"version-history":[{"count":1,"href":"https:\/\/nativainfo.com\/index.php?rest_route=\/wp\/v2\/posts\/4315\/revisions"}],"predecessor-version":[{"id":4318,"href":"https:\/\/nativainfo.com\/index.php?rest_route=\/wp\/v2\/posts\/4315\/revisions\/4318"}],"wp:attachment":[{"href":"https:\/\/nativainfo.com\/index.php?rest_route=%2Fwp%2Fv2%2Fmedia&parent=4315"}],"wp:term":[{"taxonomy":"category","embeddable":true,"href":"https:\/\/nativainfo.com\/index.php?rest_route=%2Fwp%2Fv2%2Fcategories&post=4315"},{"taxonomy":"post_tag","embeddable":true,"href":"https:\/\/nativainfo.com\/index.php?rest_route=%2Fwp%2Fv2%2Ftags&post=4315"}],"curies":[{"name":"wp","href":"https:\/\/api.w.org\/{rel}","templated":true}]}}