{"id":4300,"date":"2024-06-17T23:31:02","date_gmt":"2024-06-18T02:31:02","guid":{"rendered":"http:\/\/nativainfo.com\/?p=4300"},"modified":"2024-06-17T23:31:28","modified_gmt":"2024-06-18T02:31:28","slug":"le-fracturaron-el-tabique-a-mbappe-y-debera-ser-operado-se-pierde-toda-la-eurocopa","status":"publish","type":"post","link":"https:\/\/nativainfo.com\/?p=4300","title":{"rendered":"Le fracturaron el tabique a Mbapp\u00e9 y deber\u00e1 ser operado: \u00bfse pierde toda la Eurocopa?"},"content":{"rendered":"\n<p>El delantero choc\u00f3 con un defensor austriaco y debi\u00f3 ser atendido de urgencia en el vestuario.<\/p>\n\n\n\n<figure class=\"wp-block-image size-large\"><img fetchpriority=\"high\" decoding=\"async\" width=\"565\" height=\"288\" src=\"http:\/\/nativainfo.com\/wp-content\/uploads\/2024\/06\/imagen_2024-06-17_233059194.png\" alt=\"\" class=\"wp-image-4304\" srcset=\"https:\/\/nativainfo.com\/wp-content\/uploads\/2024\/06\/imagen_2024-06-17_233059194.png 565w, https:\/\/nativainfo.com\/wp-content\/uploads\/2024\/06\/imagen_2024-06-17_233059194-300x153.png 300w, https:\/\/nativainfo.com\/wp-content\/uploads\/2024\/06\/imagen_2024-06-17_233059194-150x76.png 150w\" sizes=\"(max-width: 565px) 100vw, 565px\" \/><\/figure>\n\n\n\n<p>Kylian Mbapp\u00e9, delantero estrella de Francia, deber\u00e1 ser operado de la fractura de su tabique nasal que sufri\u00f3 al chocar con el hombro de un rival durante la victoria de su seleccionado frente a Austria por 1 a 0 en el debut en la Eurocopa de Alemania 2024.<\/p>\n\n\n\n<p>Mbapp\u00e9 ser\u00e1 intervenido quir\u00fargicamente en las pr\u00f3ximas horas en el Hospital Universitario de D\u00fcsseldorf seg\u00fan el diario L&#8217;Equipe y se perder\u00eda, al menos, lo que resta de la competencia, aunque intentar\u00e1n recuperarlo para los cuartos de final. Francia jugar\u00e1 ante Pa\u00edses Bajos la pr\u00f3xima fecha en el duelo m\u00e1s importante del grupo.<\/p>\n\n\n\n<p>\u201cSu nariz no est\u00e1 bien del todo. Habr\u00e1 que ver. Es el punto negro de esta noche. Aunque s\u00f3lo sea la nariz, es muy molesto para nosotros. Probablemente se ha roto la nariz\u201d, afirm\u00f3 el entrenador Didier Deschamps en di\u00e1logo con el medio TF1 sobre la lesi\u00f3n del goleador.<\/p>\n","protected":false},"excerpt":{"rendered":"<p>El delantero choc\u00f3 con un defensor austriaco y debi\u00f3 ser atendido de urgencia en el vestuario. Kylian Mbapp\u00e9, delantero estrella&#8230; <a class=\"continue-reading-link\" href=\"https:\/\/nativainfo.com\/?p=4300\">Continue reading<\/a><\/p>\n","protected":false},"author":1,"featured_media":0,"comment_status":"open","ping_status":"open","sticky":false,"template":"","format":"standard","meta":{"rop_custom_images_group":[],"rop_custom_messages_group":[],"rop_publish_now":"initial","rop_publish_now_accounts":[],"rop_publish_now_history":[],"rop_publish_now_status":"pending","footnotes":"","jetpack_publicize_message":"","jetpack_publicize_feature_enabled":true,"jetpack_social_post_already_shared":false,"jetpack_social_options":{"image_generator_settings":{"template":"highway","default_image_id":0,"font":"","enabled":false},"version":2}},"categories":[35],"tags":[],"class_list":["post-4300","post","type-post","status-publish","format-standard","hentry","category-futbol-internacional"],"yoast_head":"<!-- This site is optimized with the Yoast SEO plugin v25.6 - https:\/\/yoast.com\/wordpress\/plugins\/seo\/ -->\n<title>Le fracturaron el tabique a Mbapp\u00e9 y deber\u00e1 ser operado: \u00bfse pierde toda la Eurocopa? - Nativa Info<\/title>\n<meta name=\"robots\" content=\"index, follow, max-snippet:-1, max-image-preview:large, max-video-preview:-1\" \/>\n<link rel=\"canonical\" href=\"https:\/\/nativainfo.com\/?p=4300\" \/>\n<meta property=\"og:locale\" content=\"es_ES\" \/>\n<meta property=\"og:type\" content=\"article\" \/>\n<meta property=\"og:title\" content=\"Le fracturaron el tabique a Mbapp\u00e9 y deber\u00e1 ser operado: \u00bfse pierde toda la Eurocopa? - Nativa Info\" \/>\n<meta property=\"og:description\" content=\"El delantero choc\u00f3 con un defensor austriaco y debi\u00f3 ser atendido de urgencia en el vestuario. Kylian Mbapp\u00e9, delantero estrella... Continue reading\" \/>\n<meta property=\"og:url\" content=\"https:\/\/nativainfo.com\/?p=4300\" \/>\n<meta property=\"og:site_name\" content=\"Nativa Info\" \/>\n<meta property=\"article:publisher\" content=\"https:\/\/www.facebook.com\/profile.php?id=61578881597564\" \/>\n<meta property=\"article:published_time\" content=\"2024-06-18T02:31:02+00:00\" \/>\n<meta property=\"article:modified_time\" content=\"2024-06-18T02:31:28+00:00\" \/>\n<meta property=\"og:image\" content=\"http:\/\/nativainfo.com\/wp-content\/uploads\/2024\/06\/imagen_2024-06-17_233059194.png\" \/>\n<meta name=\"author\" content=\"Nativa Info\" \/>\n<meta name=\"twitter:card\" content=\"summary_large_image\" \/>\n<meta name=\"twitter:label1\" content=\"Escrito por\" \/>\n\t<meta name=\"twitter:data1\" content=\"Nativa Info\" \/>\n\t<meta name=\"twitter:label2\" content=\"Tiempo de lectura\" \/>\n\t<meta name=\"twitter:data2\" content=\"1 minuto\" \/>\n<script type=\"application\/ld+json\" class=\"yoast-schema-graph\">{\"@context\":\"https:\/\/schema.org\",\"@graph\":[{\"@type\":\"Article\",\"@id\":\"https:\/\/nativainfo.com\/?p=4300#article\",\"isPartOf\":{\"@id\":\"https:\/\/nativainfo.com\/?p=4300\"},\"author\":{\"name\":\"Nativa Info\",\"@id\":\"https:\/\/nativainfo.com\/#\/schema\/person\/24893b64a9cd564ddb5d102d36eb4b5c\"},\"headline\":\"Le fracturaron el tabique a Mbapp\u00e9 y deber\u00e1 ser operado: \u00bfse pierde toda la Eurocopa?\",\"datePublished\":\"2024-06-18T02:31:02+00:00\",\"dateModified\":\"2024-06-18T02:31:28+00:00\",\"mainEntityOfPage\":{\"@id\":\"https:\/\/nativainfo.com\/?p=4300\"},\"wordCount\":189,\"commentCount\":0,\"publisher\":{\"@id\":\"https:\/\/nativainfo.com\/#organization\"},\"image\":{\"@id\":\"https:\/\/nativainfo.com\/?p=4300#primaryimage\"},\"thumbnailUrl\":\"http:\/\/nativainfo.com\/wp-content\/uploads\/2024\/06\/imagen_2024-06-17_233059194.png\",\"articleSection\":[\"F\u00fatbol Internacional\"],\"inLanguage\":\"es-AR\",\"potentialAction\":[{\"@type\":\"CommentAction\",\"name\":\"Comment\",\"target\":[\"https:\/\/nativainfo.com\/?p=4300#respond\"]}]},{\"@type\":\"WebPage\",\"@id\":\"https:\/\/nativainfo.com\/?p=4300\",\"url\":\"https:\/\/nativainfo.com\/?p=4300\",\"name\":\"Le fracturaron el tabique a Mbapp\u00e9 y deber\u00e1 ser operado: \u00bfse pierde toda la Eurocopa? - Nativa Info\",\"isPartOf\":{\"@id\":\"https:\/\/nativainfo.com\/#website\"},\"primaryImageOfPage\":{\"@id\":\"https:\/\/nativainfo.com\/?p=4300#primaryimage\"},\"image\":{\"@id\":\"https:\/\/nativainfo.com\/?p=4300#primaryimage\"},\"thumbnailUrl\":\"http:\/\/nativainfo.com\/wp-content\/uploads\/2024\/06\/imagen_2024-06-17_233059194.png\",\"datePublished\":\"2024-06-18T02:31:02+00:00\",\"dateModified\":\"2024-06-18T02:31:28+00:00\",\"breadcrumb\":{\"@id\":\"https:\/\/nativainfo.com\/?p=4300#breadcrumb\"},\"inLanguage\":\"es-AR\",\"potentialAction\":[{\"@type\":\"ReadAction\",\"target\":[\"https:\/\/nativainfo.com\/?p=4300\"]}]},{\"@type\":\"ImageObject\",\"inLanguage\":\"es-AR\",\"@id\":\"https:\/\/nativainfo.com\/?p=4300#primaryimage\",\"url\":\"https:\/\/nativainfo.com\/wp-content\/uploads\/2024\/06\/imagen_2024-06-17_233059194.png\",\"contentUrl\":\"https:\/\/nativainfo.com\/wp-content\/uploads\/2024\/06\/imagen_2024-06-17_233059194.png\",\"width\":565,\"height\":288},{\"@type\":\"BreadcrumbList\",\"@id\":\"https:\/\/nativainfo.com\/?p=4300#breadcrumb\",\"itemListElement\":[{\"@type\":\"ListItem\",\"position\":1,\"name\":\"Inicio\",\"item\":\"https:\/\/nativainfo.com\/\"},{\"@type\":\"ListItem\",\"position\":2,\"name\":\"Le fracturaron el tabique a Mbapp\u00e9 y deber\u00e1 ser operado: \u00bfse pierde toda la Eurocopa?\"}]},{\"@type\":\"WebSite\",\"@id\":\"https:\/\/nativainfo.com\/#website\",\"url\":\"https:\/\/nativainfo.com\/\",\"name\":\"Nativa Info\",\"description\":\"Diario Digital\",\"publisher\":{\"@id\":\"https:\/\/nativainfo.com\/#organization\"},\"potentialAction\":[{\"@type\":\"SearchAction\",\"target\":{\"@type\":\"EntryPoint\",\"urlTemplate\":\"https:\/\/nativainfo.com\/?s={search_term_string}\"},\"query-input\":{\"@type\":\"PropertyValueSpecification\",\"valueRequired\":true,\"valueName\":\"search_term_string\"}}],\"inLanguage\":\"es-AR\"},{\"@type\":\"Organization\",\"@id\":\"https:\/\/nativainfo.com\/#organization\",\"name\":\"Nativa Info\",\"url\":\"https:\/\/nativainfo.com\/\",\"logo\":{\"@type\":\"ImageObject\",\"inLanguage\":\"es-AR\",\"@id\":\"https:\/\/nativainfo.com\/#\/schema\/logo\/image\/\",\"url\":\"https:\/\/nativainfo.com\/wp-content\/uploads\/2025\/08\/LOGO-NATIVA-FACE.jpg\",\"contentUrl\":\"https:\/\/nativainfo.com\/wp-content\/uploads\/2025\/08\/LOGO-NATIVA-FACE.jpg\",\"width\":400,\"height\":400,\"caption\":\"Nativa Info\"},\"image\":{\"@id\":\"https:\/\/nativainfo.com\/#\/schema\/logo\/image\/\"},\"sameAs\":[\"https:\/\/www.facebook.com\/profile.php?id=61578881597564\"]},{\"@type\":\"Person\",\"@id\":\"https:\/\/nativainfo.com\/#\/schema\/person\/24893b64a9cd564ddb5d102d36eb4b5c\",\"name\":\"Nativa Info\",\"image\":{\"@type\":\"ImageObject\",\"inLanguage\":\"es-AR\",\"@id\":\"https:\/\/nativainfo.com\/#\/schema\/person\/image\/\",\"url\":\"https:\/\/secure.gravatar.com\/avatar\/016fa1cf068d85136d938e1507b9b619cb766e2565cbb1faa1e571762460c785?s=96&d=mm&r=g\",\"contentUrl\":\"https:\/\/secure.gravatar.com\/avatar\/016fa1cf068d85136d938e1507b9b619cb766e2565cbb1faa1e571762460c785?s=96&d=mm&r=g\",\"caption\":\"Nativa Info\"},\"sameAs\":[\"http:\/\/nativainfo.com\"],\"url\":\"https:\/\/nativainfo.com\/?author=1\"}]}<\/script>\n<!-- \/ Yoast SEO plugin. -->","yoast_head_json":{"title":"Le fracturaron el tabique a Mbapp\u00e9 y deber\u00e1 ser operado: \u00bfse pierde toda la Eurocopa? - Nativa Info","robots":{"index":"index","follow":"follow","max-snippet":"max-snippet:-1","max-image-preview":"max-image-preview:large","max-video-preview":"max-video-preview:-1"},"canonical":"https:\/\/nativainfo.com\/?p=4300","og_locale":"es_ES","og_type":"article","og_title":"Le fracturaron el tabique a Mbapp\u00e9 y deber\u00e1 ser operado: \u00bfse pierde toda la Eurocopa? - Nativa Info","og_description":"El delantero choc\u00f3 con un defensor austriaco y debi\u00f3 ser atendido de urgencia en el vestuario. Kylian Mbapp\u00e9, delantero estrella... Continue reading","og_url":"https:\/\/nativainfo.com\/?p=4300","og_site_name":"Nativa Info","article_publisher":"https:\/\/www.facebook.com\/profile.php?id=61578881597564","article_published_time":"2024-06-18T02:31:02+00:00","article_modified_time":"2024-06-18T02:31:28+00:00","og_image":[{"url":"http:\/\/nativainfo.com\/wp-content\/uploads\/2024\/06\/imagen_2024-06-17_233059194.png","type":"","width":"","height":""}],"author":"Nativa Info","twitter_card":"summary_large_image","twitter_misc":{"Escrito por":"Nativa Info","Tiempo de lectura":"1 minuto"},"schema":{"@context":"https:\/\/schema.org","@graph":[{"@type":"Article","@id":"https:\/\/nativainfo.com\/?p=4300#article","isPartOf":{"@id":"https:\/\/nativainfo.com\/?p=4300"},"author":{"name":"Nativa Info","@id":"https:\/\/nativainfo.com\/#\/schema\/person\/24893b64a9cd564ddb5d102d36eb4b5c"},"headline":"Le fracturaron el tabique a Mbapp\u00e9 y deber\u00e1 ser operado: \u00bfse pierde toda la Eurocopa?","datePublished":"2024-06-18T02:31:02+00:00","dateModified":"2024-06-18T02:31:28+00:00","mainEntityOfPage":{"@id":"https:\/\/nativainfo.com\/?p=4300"},"wordCount":189,"commentCount":0,"publisher":{"@id":"https:\/\/nativainfo.com\/#organization"},"image":{"@id":"https:\/\/nativainfo.com\/?p=4300#primaryimage"},"thumbnailUrl":"http:\/\/nativainfo.com\/wp-content\/uploads\/2024\/06\/imagen_2024-06-17_233059194.png","articleSection":["F\u00fatbol Internacional"],"inLanguage":"es-AR","potentialAction":[{"@type":"CommentAction","name":"Comment","target":["https:\/\/nativainfo.com\/?p=4300#respond"]}]},{"@type":"WebPage","@id":"https:\/\/nativainfo.com\/?p=4300","url":"https:\/\/nativainfo.com\/?p=4300","name":"Le fracturaron el tabique a Mbapp\u00e9 y deber\u00e1 ser operado: \u00bfse pierde toda la Eurocopa? - Nativa Info","isPartOf":{"@id":"https:\/\/nativainfo.com\/#website"},"primaryImageOfPage":{"@id":"https:\/\/nativainfo.com\/?p=4300#primaryimage"},"image":{"@id":"https:\/\/nativainfo.com\/?p=4300#primaryimage"},"thumbnailUrl":"http:\/\/nativainfo.com\/wp-content\/uploads\/2024\/06\/imagen_2024-06-17_233059194.png","datePublished":"2024-06-18T02:31:02+00:00","dateModified":"2024-06-18T02:31:28+00:00","breadcrumb":{"@id":"https:\/\/nativainfo.com\/?p=4300#breadcrumb"},"inLanguage":"es-AR","potentialAction":[{"@type":"ReadAction","target":["https:\/\/nativainfo.com\/?p=4300"]}]},{"@type":"ImageObject","inLanguage":"es-AR","@id":"https:\/\/nativainfo.com\/?p=4300#primaryimage","url":"https:\/\/nativainfo.com\/wp-content\/uploads\/2024\/06\/imagen_2024-06-17_233059194.png","contentUrl":"https:\/\/nativainfo.com\/wp-content\/uploads\/2024\/06\/imagen_2024-06-17_233059194.png","width":565,"height":288},{"@type":"BreadcrumbList","@id":"https:\/\/nativainfo.com\/?p=4300#breadcrumb","itemListElement":[{"@type":"ListItem","position":1,"name":"Inicio","item":"https:\/\/nativainfo.com\/"},{"@type":"ListItem","position":2,"name":"Le fracturaron el tabique a Mbapp\u00e9 y deber\u00e1 ser operado: \u00bfse pierde toda la Eurocopa?"}]},{"@type":"WebSite","@id":"https:\/\/nativainfo.com\/#website","url":"https:\/\/nativainfo.com\/","name":"Nativa Info","description":"Diario Digital","publisher":{"@id":"https:\/\/nativainfo.com\/#organization"},"potentialAction":[{"@type":"SearchAction","target":{"@type":"EntryPoint","urlTemplate":"https:\/\/nativainfo.com\/?s={search_term_string}"},"query-input":{"@type":"PropertyValueSpecification","valueRequired":true,"valueName":"search_term_string"}}],"inLanguage":"es-AR"},{"@type":"Organization","@id":"https:\/\/nativainfo.com\/#organization","name":"Nativa Info","url":"https:\/\/nativainfo.com\/","logo":{"@type":"ImageObject","inLanguage":"es-AR","@id":"https:\/\/nativainfo.com\/#\/schema\/logo\/image\/","url":"https:\/\/nativainfo.com\/wp-content\/uploads\/2025\/08\/LOGO-NATIVA-FACE.jpg","contentUrl":"https:\/\/nativainfo.com\/wp-content\/uploads\/2025\/08\/LOGO-NATIVA-FACE.jpg","width":400,"height":400,"caption":"Nativa Info"},"image":{"@id":"https:\/\/nativainfo.com\/#\/schema\/logo\/image\/"},"sameAs":["https:\/\/www.facebook.com\/profile.php?id=61578881597564"]},{"@type":"Person","@id":"https:\/\/nativainfo.com\/#\/schema\/person\/24893b64a9cd564ddb5d102d36eb4b5c","name":"Nativa Info","image":{"@type":"ImageObject","inLanguage":"es-AR","@id":"https:\/\/nativainfo.com\/#\/schema\/person\/image\/","url":"https:\/\/secure.gravatar.com\/avatar\/016fa1cf068d85136d938e1507b9b619cb766e2565cbb1faa1e571762460c785?s=96&d=mm&r=g","contentUrl":"https:\/\/secure.gravatar.com\/avatar\/016fa1cf068d85136d938e1507b9b619cb766e2565cbb1faa1e571762460c785?s=96&d=mm&r=g","caption":"Nativa Info"},"sameAs":["http:\/\/nativainfo.com"],"url":"https:\/\/nativainfo.com\/?author=1"}]}},"jetpack_publicize_connections":[],"_links":{"self":[{"href":"https:\/\/nativainfo.com\/index.php?rest_route=\/wp\/v2\/posts\/4300","targetHints":{"allow":["GET"]}}],"collection":[{"href":"https:\/\/nativainfo.com\/index.php?rest_route=\/wp\/v2\/posts"}],"about":[{"href":"https:\/\/nativainfo.com\/index.php?rest_route=\/wp\/v2\/types\/post"}],"author":[{"embeddable":true,"href":"https:\/\/nativainfo.com\/index.php?rest_route=\/wp\/v2\/users\/1"}],"replies":[{"embeddable":true,"href":"https:\/\/nativainfo.com\/index.php?rest_route=%2Fwp%2Fv2%2Fcomments&post=4300"}],"version-history":[{"count":1,"href":"https:\/\/nativainfo.com\/index.php?rest_route=\/wp\/v2\/posts\/4300\/revisions"}],"predecessor-version":[{"id":4305,"href":"https:\/\/nativainfo.com\/index.php?rest_route=\/wp\/v2\/posts\/4300\/revisions\/4305"}],"wp:attachment":[{"href":"https:\/\/nativainfo.com\/index.php?rest_route=%2Fwp%2Fv2%2Fmedia&parent=4300"}],"wp:term":[{"taxonomy":"category","embeddable":true,"href":"https:\/\/nativainfo.com\/index.php?rest_route=%2Fwp%2Fv2%2Fcategories&post=4300"},{"taxonomy":"post_tag","embeddable":true,"href":"https:\/\/nativainfo.com\/index.php?rest_route=%2Fwp%2Fv2%2Ftags&post=4300"}],"curies":[{"name":"wp","href":"https:\/\/api.w.org\/{rel}","templated":true}]}}