{"id":428,"date":"2020-07-29T23:00:31","date_gmt":"2020-07-30T02:00:31","guid":{"rendered":"http:\/\/nativainfo.com\/?p=428"},"modified":"2020-07-29T23:00:31","modified_gmt":"2020-07-30T02:00:31","slug":"david-lebon-lo-mas-importante-para-mi-es-estar-frente-al-publico","status":"publish","type":"post","link":"https:\/\/nativainfo.com\/?p=428","title":{"rendered":"David Leb\u00f3n: \u201cLo m\u00e1s importante para m\u00ed es estar frente al p\u00fablico\u201d"},"content":{"rendered":"\n<p>Est\u00e1 orgulloso por las ocho nominaciones a los Premios Gardel 2020 y no puede disimular sus ganas de ganar \u201cal menos una\u201d estatuilla. Est\u00e1 feliz con el reconocimiento de una nueva generaci\u00f3n de fans y tiene ganas de iniciar la grabaci\u00f3n de un segundo volumen de \u201cLeb\u00f3n &amp; Co.\u201d lo antes posible.<\/p>\n\n\n\n<figure class=\"wp-block-image size-large\"><img fetchpriority=\"high\" decoding=\"async\" width=\"1024\" height=\"1024\" src=\"http:\/\/nativainfo.com\/wp-content\/uploads\/2020\/07\/lebon-and-co-1024x1024.jpeg\" alt=\"\" class=\"wp-image-429\" srcset=\"https:\/\/nativainfo.com\/wp-content\/uploads\/2020\/07\/lebon-and-co-1024x1024.jpeg 1024w, https:\/\/nativainfo.com\/wp-content\/uploads\/2020\/07\/lebon-and-co-300x300.jpeg 300w, https:\/\/nativainfo.com\/wp-content\/uploads\/2020\/07\/lebon-and-co-150x150.jpeg 150w, https:\/\/nativainfo.com\/wp-content\/uploads\/2020\/07\/lebon-and-co-768x768.jpeg 768w, https:\/\/nativainfo.com\/wp-content\/uploads\/2020\/07\/lebon-and-co-1536x1536.jpeg 1536w, https:\/\/nativainfo.com\/wp-content\/uploads\/2020\/07\/lebon-and-co-350x350.jpeg 350w, https:\/\/nativainfo.com\/wp-content\/uploads\/2020\/07\/lebon-and-co.jpeg 1600w\" sizes=\"(max-width: 1024px) 100vw, 1024px\" \/><figcaption>Portada del disco &#8220;Lebon &amp;Co&#8221;<\/figcaption><\/figure>\n\n\n\n<p><strong>David Leb\u00f3n\u00a0<\/strong>pertenece a ese pu\u00f1ado de pioneros del rock argentino que siguen vigentes y no viven solo de un glorioso pasado. Su presente es tan poderoso que hace pocas semanas encabez\u00f3 junto a\u00a0<strong>Wos\u00a0<\/strong>la lista de nominaciones a los Premios Gardel: \u00c1lbum del A\u00f1o (<em>Leb\u00f3n &amp; Co.<\/em>), Canci\u00f3n del A\u00f1o (por \u201cMundo agradable\u201d), Grabaci\u00f3n del A\u00f1o, Mejor Ingenier\u00eda de Grabaci\u00f3n, Mejor Album Artista de Rock, Mejor Dise\u00f1o de Portada, Mejor Canci\u00f3n de Dueto\/Colaboraci\u00f3n y Productor del A\u00f1o.<\/p>\n\n\n\n<p>-Fuente: Billboard Argentina- <\/p>\n","protected":false},"excerpt":{"rendered":"<p>Est\u00e1 orgulloso por las ocho nominaciones a los Premios Gardel 2020 y no puede disimular sus ganas de ganar \u201cal&#8230; <a class=\"continue-reading-link\" href=\"https:\/\/nativainfo.com\/?p=428\">Continue reading<\/a><\/p>\n","protected":false},"author":3,"featured_media":0,"comment_status":"open","ping_status":"open","sticky":false,"template":"","format":"standard","meta":{"rop_custom_images_group":[],"rop_custom_messages_group":[],"rop_publish_now":"initial","rop_publish_now_accounts":[],"rop_publish_now_history":[],"rop_publish_now_status":"pending","footnotes":"","jetpack_publicize_message":"","jetpack_publicize_feature_enabled":true,"jetpack_social_post_already_shared":false,"jetpack_social_options":{"image_generator_settings":{"template":"highway","default_image_id":0,"font":"","enabled":false},"version":2}},"categories":[25,7],"tags":[],"class_list":["post-428","post","type-post","status-publish","format-standard","hentry","category-cultura","category-musica"],"yoast_head":"<!-- This site is optimized with the Yoast SEO plugin v25.6 - https:\/\/yoast.com\/wordpress\/plugins\/seo\/ -->\n<title>David Leb\u00f3n: \u201cLo m\u00e1s importante para m\u00ed es estar frente al p\u00fablico\u201d - Nativa Info<\/title>\n<meta name=\"robots\" content=\"index, follow, max-snippet:-1, max-image-preview:large, max-video-preview:-1\" \/>\n<link rel=\"canonical\" href=\"https:\/\/nativainfo.com\/?p=428\" \/>\n<meta property=\"og:locale\" content=\"es_ES\" \/>\n<meta property=\"og:type\" content=\"article\" \/>\n<meta property=\"og:title\" content=\"David Leb\u00f3n: \u201cLo m\u00e1s importante para m\u00ed es estar frente al p\u00fablico\u201d - Nativa Info\" \/>\n<meta property=\"og:description\" content=\"Est\u00e1 orgulloso por las ocho nominaciones a los Premios Gardel 2020 y no puede disimular sus ganas de ganar \u201cal... Continue reading\" \/>\n<meta property=\"og:url\" content=\"https:\/\/nativainfo.com\/?p=428\" \/>\n<meta property=\"og:site_name\" content=\"Nativa Info\" \/>\n<meta property=\"article:publisher\" content=\"https:\/\/www.facebook.com\/profile.php?id=61578881597564\" \/>\n<meta property=\"article:published_time\" content=\"2020-07-30T02:00:31+00:00\" \/>\n<meta property=\"og:image\" content=\"http:\/\/nativainfo.com\/wp-content\/uploads\/2020\/07\/lebon-and-co-1024x1024.jpeg\" \/>\n<meta name=\"author\" content=\"Santiago Yocca\" \/>\n<meta name=\"twitter:card\" content=\"summary_large_image\" \/>\n<meta name=\"twitter:label1\" content=\"Escrito por\" \/>\n\t<meta name=\"twitter:data1\" content=\"Santiago Yocca\" \/>\n\t<meta name=\"twitter:label2\" content=\"Tiempo de lectura\" \/>\n\t<meta name=\"twitter:data2\" content=\"1 minuto\" \/>\n<script type=\"application\/ld+json\" class=\"yoast-schema-graph\">{\"@context\":\"https:\/\/schema.org\",\"@graph\":[{\"@type\":\"Article\",\"@id\":\"https:\/\/nativainfo.com\/?p=428#article\",\"isPartOf\":{\"@id\":\"https:\/\/nativainfo.com\/?p=428\"},\"author\":{\"name\":\"Santiago Yocca\",\"@id\":\"https:\/\/nativainfo.com\/#\/schema\/person\/290e0ad5981c54e50e456539865cc684\"},\"headline\":\"David Leb\u00f3n: \u201cLo m\u00e1s importante para m\u00ed es estar frente al p\u00fablico\u201d\",\"datePublished\":\"2020-07-30T02:00:31+00:00\",\"mainEntityOfPage\":{\"@id\":\"https:\/\/nativainfo.com\/?p=428\"},\"wordCount\":172,\"commentCount\":0,\"publisher\":{\"@id\":\"https:\/\/nativainfo.com\/#organization\"},\"image\":{\"@id\":\"https:\/\/nativainfo.com\/?p=428#primaryimage\"},\"thumbnailUrl\":\"http:\/\/nativainfo.com\/wp-content\/uploads\/2020\/07\/lebon-and-co-1024x1024.jpeg\",\"articleSection\":[\"Cultura\",\"M\u00fasica\"],\"inLanguage\":\"es-AR\",\"potentialAction\":[{\"@type\":\"CommentAction\",\"name\":\"Comment\",\"target\":[\"https:\/\/nativainfo.com\/?p=428#respond\"]}]},{\"@type\":\"WebPage\",\"@id\":\"https:\/\/nativainfo.com\/?p=428\",\"url\":\"https:\/\/nativainfo.com\/?p=428\",\"name\":\"David Leb\u00f3n: \u201cLo m\u00e1s importante para m\u00ed es estar frente al p\u00fablico\u201d - Nativa Info\",\"isPartOf\":{\"@id\":\"https:\/\/nativainfo.com\/#website\"},\"primaryImageOfPage\":{\"@id\":\"https:\/\/nativainfo.com\/?p=428#primaryimage\"},\"image\":{\"@id\":\"https:\/\/nativainfo.com\/?p=428#primaryimage\"},\"thumbnailUrl\":\"http:\/\/nativainfo.com\/wp-content\/uploads\/2020\/07\/lebon-and-co-1024x1024.jpeg\",\"datePublished\":\"2020-07-30T02:00:31+00:00\",\"breadcrumb\":{\"@id\":\"https:\/\/nativainfo.com\/?p=428#breadcrumb\"},\"inLanguage\":\"es-AR\",\"potentialAction\":[{\"@type\":\"ReadAction\",\"target\":[\"https:\/\/nativainfo.com\/?p=428\"]}]},{\"@type\":\"ImageObject\",\"inLanguage\":\"es-AR\",\"@id\":\"https:\/\/nativainfo.com\/?p=428#primaryimage\",\"url\":\"http:\/\/nativainfo.com\/wp-content\/uploads\/2020\/07\/lebon-and-co-1024x1024.jpeg\",\"contentUrl\":\"http:\/\/nativainfo.com\/wp-content\/uploads\/2020\/07\/lebon-and-co-1024x1024.jpeg\"},{\"@type\":\"BreadcrumbList\",\"@id\":\"https:\/\/nativainfo.com\/?p=428#breadcrumb\",\"itemListElement\":[{\"@type\":\"ListItem\",\"position\":1,\"name\":\"Inicio\",\"item\":\"https:\/\/nativainfo.com\/\"},{\"@type\":\"ListItem\",\"position\":2,\"name\":\"David Leb\u00f3n: \u201cLo m\u00e1s importante para m\u00ed es estar frente al p\u00fablico\u201d\"}]},{\"@type\":\"WebSite\",\"@id\":\"https:\/\/nativainfo.com\/#website\",\"url\":\"https:\/\/nativainfo.com\/\",\"name\":\"Nativa Info\",\"description\":\"Diario Digital\",\"publisher\":{\"@id\":\"https:\/\/nativainfo.com\/#organization\"},\"potentialAction\":[{\"@type\":\"SearchAction\",\"target\":{\"@type\":\"EntryPoint\",\"urlTemplate\":\"https:\/\/nativainfo.com\/?s={search_term_string}\"},\"query-input\":{\"@type\":\"PropertyValueSpecification\",\"valueRequired\":true,\"valueName\":\"search_term_string\"}}],\"inLanguage\":\"es-AR\"},{\"@type\":\"Organization\",\"@id\":\"https:\/\/nativainfo.com\/#organization\",\"name\":\"Nativa Info\",\"url\":\"https:\/\/nativainfo.com\/\",\"logo\":{\"@type\":\"ImageObject\",\"inLanguage\":\"es-AR\",\"@id\":\"https:\/\/nativainfo.com\/#\/schema\/logo\/image\/\",\"url\":\"https:\/\/nativainfo.com\/wp-content\/uploads\/2025\/08\/LOGO-NATIVA-FACE.jpg\",\"contentUrl\":\"https:\/\/nativainfo.com\/wp-content\/uploads\/2025\/08\/LOGO-NATIVA-FACE.jpg\",\"width\":400,\"height\":400,\"caption\":\"Nativa Info\"},\"image\":{\"@id\":\"https:\/\/nativainfo.com\/#\/schema\/logo\/image\/\"},\"sameAs\":[\"https:\/\/www.facebook.com\/profile.php?id=61578881597564\"]},{\"@type\":\"Person\",\"@id\":\"https:\/\/nativainfo.com\/#\/schema\/person\/290e0ad5981c54e50e456539865cc684\",\"name\":\"Santiago Yocca\",\"image\":{\"@type\":\"ImageObject\",\"inLanguage\":\"es-AR\",\"@id\":\"https:\/\/nativainfo.com\/#\/schema\/person\/image\/\",\"url\":\"https:\/\/secure.gravatar.com\/avatar\/1094c9085fc74f328d93973860ca15199d7aa8dc3413fab05072a0d192bc70ec?s=96&d=mm&r=g\",\"contentUrl\":\"https:\/\/secure.gravatar.com\/avatar\/1094c9085fc74f328d93973860ca15199d7aa8dc3413fab05072a0d192bc70ec?s=96&d=mm&r=g\",\"caption\":\"Santiago Yocca\"},\"url\":\"https:\/\/nativainfo.com\/?author=3\"}]}<\/script>\n<!-- \/ Yoast SEO plugin. -->","yoast_head_json":{"title":"David Leb\u00f3n: \u201cLo m\u00e1s importante para m\u00ed es estar frente al p\u00fablico\u201d - Nativa Info","robots":{"index":"index","follow":"follow","max-snippet":"max-snippet:-1","max-image-preview":"max-image-preview:large","max-video-preview":"max-video-preview:-1"},"canonical":"https:\/\/nativainfo.com\/?p=428","og_locale":"es_ES","og_type":"article","og_title":"David Leb\u00f3n: \u201cLo m\u00e1s importante para m\u00ed es estar frente al p\u00fablico\u201d - Nativa Info","og_description":"Est\u00e1 orgulloso por las ocho nominaciones a los Premios Gardel 2020 y no puede disimular sus ganas de ganar \u201cal... Continue reading","og_url":"https:\/\/nativainfo.com\/?p=428","og_site_name":"Nativa Info","article_publisher":"https:\/\/www.facebook.com\/profile.php?id=61578881597564","article_published_time":"2020-07-30T02:00:31+00:00","og_image":[{"url":"http:\/\/nativainfo.com\/wp-content\/uploads\/2020\/07\/lebon-and-co-1024x1024.jpeg","type":"","width":"","height":""}],"author":"Santiago Yocca","twitter_card":"summary_large_image","twitter_misc":{"Escrito por":"Santiago Yocca","Tiempo de lectura":"1 minuto"},"schema":{"@context":"https:\/\/schema.org","@graph":[{"@type":"Article","@id":"https:\/\/nativainfo.com\/?p=428#article","isPartOf":{"@id":"https:\/\/nativainfo.com\/?p=428"},"author":{"name":"Santiago Yocca","@id":"https:\/\/nativainfo.com\/#\/schema\/person\/290e0ad5981c54e50e456539865cc684"},"headline":"David Leb\u00f3n: \u201cLo m\u00e1s importante para m\u00ed es estar frente al p\u00fablico\u201d","datePublished":"2020-07-30T02:00:31+00:00","mainEntityOfPage":{"@id":"https:\/\/nativainfo.com\/?p=428"},"wordCount":172,"commentCount":0,"publisher":{"@id":"https:\/\/nativainfo.com\/#organization"},"image":{"@id":"https:\/\/nativainfo.com\/?p=428#primaryimage"},"thumbnailUrl":"http:\/\/nativainfo.com\/wp-content\/uploads\/2020\/07\/lebon-and-co-1024x1024.jpeg","articleSection":["Cultura","M\u00fasica"],"inLanguage":"es-AR","potentialAction":[{"@type":"CommentAction","name":"Comment","target":["https:\/\/nativainfo.com\/?p=428#respond"]}]},{"@type":"WebPage","@id":"https:\/\/nativainfo.com\/?p=428","url":"https:\/\/nativainfo.com\/?p=428","name":"David Leb\u00f3n: \u201cLo m\u00e1s importante para m\u00ed es estar frente al p\u00fablico\u201d - Nativa Info","isPartOf":{"@id":"https:\/\/nativainfo.com\/#website"},"primaryImageOfPage":{"@id":"https:\/\/nativainfo.com\/?p=428#primaryimage"},"image":{"@id":"https:\/\/nativainfo.com\/?p=428#primaryimage"},"thumbnailUrl":"http:\/\/nativainfo.com\/wp-content\/uploads\/2020\/07\/lebon-and-co-1024x1024.jpeg","datePublished":"2020-07-30T02:00:31+00:00","breadcrumb":{"@id":"https:\/\/nativainfo.com\/?p=428#breadcrumb"},"inLanguage":"es-AR","potentialAction":[{"@type":"ReadAction","target":["https:\/\/nativainfo.com\/?p=428"]}]},{"@type":"ImageObject","inLanguage":"es-AR","@id":"https:\/\/nativainfo.com\/?p=428#primaryimage","url":"http:\/\/nativainfo.com\/wp-content\/uploads\/2020\/07\/lebon-and-co-1024x1024.jpeg","contentUrl":"http:\/\/nativainfo.com\/wp-content\/uploads\/2020\/07\/lebon-and-co-1024x1024.jpeg"},{"@type":"BreadcrumbList","@id":"https:\/\/nativainfo.com\/?p=428#breadcrumb","itemListElement":[{"@type":"ListItem","position":1,"name":"Inicio","item":"https:\/\/nativainfo.com\/"},{"@type":"ListItem","position":2,"name":"David Leb\u00f3n: \u201cLo m\u00e1s importante para m\u00ed es estar frente al p\u00fablico\u201d"}]},{"@type":"WebSite","@id":"https:\/\/nativainfo.com\/#website","url":"https:\/\/nativainfo.com\/","name":"Nativa Info","description":"Diario Digital","publisher":{"@id":"https:\/\/nativainfo.com\/#organization"},"potentialAction":[{"@type":"SearchAction","target":{"@type":"EntryPoint","urlTemplate":"https:\/\/nativainfo.com\/?s={search_term_string}"},"query-input":{"@type":"PropertyValueSpecification","valueRequired":true,"valueName":"search_term_string"}}],"inLanguage":"es-AR"},{"@type":"Organization","@id":"https:\/\/nativainfo.com\/#organization","name":"Nativa Info","url":"https:\/\/nativainfo.com\/","logo":{"@type":"ImageObject","inLanguage":"es-AR","@id":"https:\/\/nativainfo.com\/#\/schema\/logo\/image\/","url":"https:\/\/nativainfo.com\/wp-content\/uploads\/2025\/08\/LOGO-NATIVA-FACE.jpg","contentUrl":"https:\/\/nativainfo.com\/wp-content\/uploads\/2025\/08\/LOGO-NATIVA-FACE.jpg","width":400,"height":400,"caption":"Nativa Info"},"image":{"@id":"https:\/\/nativainfo.com\/#\/schema\/logo\/image\/"},"sameAs":["https:\/\/www.facebook.com\/profile.php?id=61578881597564"]},{"@type":"Person","@id":"https:\/\/nativainfo.com\/#\/schema\/person\/290e0ad5981c54e50e456539865cc684","name":"Santiago Yocca","image":{"@type":"ImageObject","inLanguage":"es-AR","@id":"https:\/\/nativainfo.com\/#\/schema\/person\/image\/","url":"https:\/\/secure.gravatar.com\/avatar\/1094c9085fc74f328d93973860ca15199d7aa8dc3413fab05072a0d192bc70ec?s=96&d=mm&r=g","contentUrl":"https:\/\/secure.gravatar.com\/avatar\/1094c9085fc74f328d93973860ca15199d7aa8dc3413fab05072a0d192bc70ec?s=96&d=mm&r=g","caption":"Santiago Yocca"},"url":"https:\/\/nativainfo.com\/?author=3"}]}},"jetpack_publicize_connections":[],"_links":{"self":[{"href":"https:\/\/nativainfo.com\/index.php?rest_route=\/wp\/v2\/posts\/428","targetHints":{"allow":["GET"]}}],"collection":[{"href":"https:\/\/nativainfo.com\/index.php?rest_route=\/wp\/v2\/posts"}],"about":[{"href":"https:\/\/nativainfo.com\/index.php?rest_route=\/wp\/v2\/types\/post"}],"author":[{"embeddable":true,"href":"https:\/\/nativainfo.com\/index.php?rest_route=\/wp\/v2\/users\/3"}],"replies":[{"embeddable":true,"href":"https:\/\/nativainfo.com\/index.php?rest_route=%2Fwp%2Fv2%2Fcomments&post=428"}],"version-history":[{"count":1,"href":"https:\/\/nativainfo.com\/index.php?rest_route=\/wp\/v2\/posts\/428\/revisions"}],"predecessor-version":[{"id":430,"href":"https:\/\/nativainfo.com\/index.php?rest_route=\/wp\/v2\/posts\/428\/revisions\/430"}],"wp:attachment":[{"href":"https:\/\/nativainfo.com\/index.php?rest_route=%2Fwp%2Fv2%2Fmedia&parent=428"}],"wp:term":[{"taxonomy":"category","embeddable":true,"href":"https:\/\/nativainfo.com\/index.php?rest_route=%2Fwp%2Fv2%2Fcategories&post=428"},{"taxonomy":"post_tag","embeddable":true,"href":"https:\/\/nativainfo.com\/index.php?rest_route=%2Fwp%2Fv2%2Ftags&post=428"}],"curies":[{"name":"wp","href":"https:\/\/api.w.org\/{rel}","templated":true}]}}