{"id":4275,"date":"2024-05-28T21:46:05","date_gmt":"2024-05-29T00:46:05","guid":{"rendered":"http:\/\/nativainfo.com\/?p=4275"},"modified":"2024-05-28T21:46:07","modified_gmt":"2024-05-29T00:46:07","slug":"el-gobernador-zamora-compartio-un-grato-momento-con-alumnos-de-cuatro-departamentos","status":"publish","type":"post","link":"https:\/\/nativainfo.com\/?p=4275","title":{"rendered":"El gobernador Zamora comparti\u00f3 un grato momento con alumnos de cuatro departamentos"},"content":{"rendered":"\n<p>El encuentro se dio en el Sal\u00f3n de Acuerdos &#8220;Juan Felipe Ibarra&#8221; como parte del programa &#8220;Conociendo Mi Provincia&#8221;.<\/p>\n\n\n\n<figure class=\"wp-block-image size-large\"><img fetchpriority=\"high\" decoding=\"async\" width=\"1010\" height=\"567\" src=\"http:\/\/nativainfo.com\/wp-content\/uploads\/2024\/05\/imagen_2024-05-28_214554914.png\" alt=\"\" class=\"wp-image-4279\" srcset=\"https:\/\/nativainfo.com\/wp-content\/uploads\/2024\/05\/imagen_2024-05-28_214554914.png 1010w, https:\/\/nativainfo.com\/wp-content\/uploads\/2024\/05\/imagen_2024-05-28_214554914-300x168.png 300w, https:\/\/nativainfo.com\/wp-content\/uploads\/2024\/05\/imagen_2024-05-28_214554914-768x431.png 768w, https:\/\/nativainfo.com\/wp-content\/uploads\/2024\/05\/imagen_2024-05-28_214554914-623x350.png 623w, https:\/\/nativainfo.com\/wp-content\/uploads\/2024\/05\/imagen_2024-05-28_214554914-150x84.png 150w\" sizes=\"(max-width: 1010px) 100vw, 1010px\" \/><\/figure>\n\n\n\n<p>El gobernador Gerardo Zamora recibi\u00f3 este martes en Casa de Gobierno la visita de 86 alumnos que cursan el \u00faltimo a\u00f1o en los colegios secundarios de la localidad de San Gregorio, departamento Loreto; de Las Delicias, Dpto. Pellegrini, y del Agrot\u00e9cnico San Benito de Santos Lugares, Dpto. Alberdi. Tambi\u00e9n una delegaci\u00f3n del Agrupamiento 86.057 de La Candelaria, Dpto. Copo.<\/p>\n\n\n\n<p>El encuentro se dio en el Sal\u00f3n de Acuerdos &#8220;Juan Felipe Ibarra&#8221; como parte del programa &#8220;Conociendo Mi Provincia&#8221;, que permite a los alumnos que finalizan su formaci\u00f3n en el Nivel &nbsp;Medio recorrer distintos organismos del Estado, espacios deportivos, culturales y tur\u00edsticos de la ciudad Capital, Las Termas y Villa La Punta.<\/p>\n","protected":false},"excerpt":{"rendered":"<p>El encuentro se dio en el Sal\u00f3n de Acuerdos &#8220;Juan Felipe Ibarra&#8221; como parte del programa &#8220;Conociendo Mi Provincia&#8221;. El&#8230; <a class=\"continue-reading-link\" href=\"https:\/\/nativainfo.com\/?p=4275\">Continue reading<\/a><\/p>\n","protected":false},"author":1,"featured_media":0,"comment_status":"open","ping_status":"open","sticky":false,"template":"","format":"standard","meta":{"rop_custom_images_group":[],"rop_custom_messages_group":[],"rop_publish_now":"initial","rop_publish_now_accounts":[],"rop_publish_now_history":[],"rop_publish_now_status":"pending","footnotes":"","jetpack_publicize_message":"","jetpack_publicize_feature_enabled":true,"jetpack_social_post_already_shared":false,"jetpack_social_options":{"image_generator_settings":{"template":"highway","default_image_id":0,"font":"","enabled":false},"version":2}},"categories":[40],"tags":[],"class_list":["post-4275","post","type-post","status-publish","format-standard","hentry","category-santiago-del-estero"],"yoast_head":"<!-- This site is optimized with the Yoast SEO plugin v25.6 - https:\/\/yoast.com\/wordpress\/plugins\/seo\/ -->\n<title>El gobernador Zamora comparti\u00f3 un grato momento con alumnos de cuatro departamentos - Nativa Info<\/title>\n<meta name=\"robots\" content=\"index, follow, max-snippet:-1, max-image-preview:large, max-video-preview:-1\" \/>\n<link rel=\"canonical\" href=\"https:\/\/nativainfo.com\/?p=4275\" \/>\n<meta property=\"og:locale\" content=\"es_ES\" \/>\n<meta property=\"og:type\" content=\"article\" \/>\n<meta property=\"og:title\" content=\"El gobernador Zamora comparti\u00f3 un grato momento con alumnos de cuatro departamentos - Nativa Info\" \/>\n<meta property=\"og:description\" content=\"El encuentro se dio en el Sal\u00f3n de Acuerdos &#8220;Juan Felipe Ibarra&#8221; como parte del programa &#8220;Conociendo Mi Provincia&#8221;. El... Continue reading\" \/>\n<meta property=\"og:url\" content=\"https:\/\/nativainfo.com\/?p=4275\" \/>\n<meta property=\"og:site_name\" content=\"Nativa Info\" \/>\n<meta property=\"article:publisher\" content=\"https:\/\/www.facebook.com\/profile.php?id=61578881597564\" \/>\n<meta property=\"article:published_time\" content=\"2024-05-29T00:46:05+00:00\" \/>\n<meta property=\"article:modified_time\" content=\"2024-05-29T00:46:07+00:00\" \/>\n<meta property=\"og:image\" content=\"http:\/\/nativainfo.com\/wp-content\/uploads\/2024\/05\/imagen_2024-05-28_214554914.png\" \/>\n<meta name=\"author\" content=\"Nativa Info\" \/>\n<meta name=\"twitter:card\" content=\"summary_large_image\" \/>\n<meta name=\"twitter:label1\" content=\"Escrito por\" \/>\n\t<meta name=\"twitter:data1\" content=\"Nativa Info\" \/>\n\t<meta name=\"twitter:label2\" content=\"Tiempo de lectura\" \/>\n\t<meta name=\"twitter:data2\" content=\"1 minuto\" \/>\n<script type=\"application\/ld+json\" class=\"yoast-schema-graph\">{\"@context\":\"https:\/\/schema.org\",\"@graph\":[{\"@type\":\"Article\",\"@id\":\"https:\/\/nativainfo.com\/?p=4275#article\",\"isPartOf\":{\"@id\":\"https:\/\/nativainfo.com\/?p=4275\"},\"author\":{\"name\":\"Nativa Info\",\"@id\":\"https:\/\/nativainfo.com\/#\/schema\/person\/24893b64a9cd564ddb5d102d36eb4b5c\"},\"headline\":\"El gobernador Zamora comparti\u00f3 un grato momento con alumnos de cuatro departamentos\",\"datePublished\":\"2024-05-29T00:46:05+00:00\",\"dateModified\":\"2024-05-29T00:46:07+00:00\",\"mainEntityOfPage\":{\"@id\":\"https:\/\/nativainfo.com\/?p=4275\"},\"wordCount\":149,\"commentCount\":0,\"publisher\":{\"@id\":\"https:\/\/nativainfo.com\/#organization\"},\"image\":{\"@id\":\"https:\/\/nativainfo.com\/?p=4275#primaryimage\"},\"thumbnailUrl\":\"http:\/\/nativainfo.com\/wp-content\/uploads\/2024\/05\/imagen_2024-05-28_214554914.png\",\"articleSection\":[\"Santiago del Estero\"],\"inLanguage\":\"es-AR\",\"potentialAction\":[{\"@type\":\"CommentAction\",\"name\":\"Comment\",\"target\":[\"https:\/\/nativainfo.com\/?p=4275#respond\"]}]},{\"@type\":\"WebPage\",\"@id\":\"https:\/\/nativainfo.com\/?p=4275\",\"url\":\"https:\/\/nativainfo.com\/?p=4275\",\"name\":\"El gobernador Zamora comparti\u00f3 un grato momento con alumnos de cuatro departamentos - Nativa Info\",\"isPartOf\":{\"@id\":\"https:\/\/nativainfo.com\/#website\"},\"primaryImageOfPage\":{\"@id\":\"https:\/\/nativainfo.com\/?p=4275#primaryimage\"},\"image\":{\"@id\":\"https:\/\/nativainfo.com\/?p=4275#primaryimage\"},\"thumbnailUrl\":\"http:\/\/nativainfo.com\/wp-content\/uploads\/2024\/05\/imagen_2024-05-28_214554914.png\",\"datePublished\":\"2024-05-29T00:46:05+00:00\",\"dateModified\":\"2024-05-29T00:46:07+00:00\",\"breadcrumb\":{\"@id\":\"https:\/\/nativainfo.com\/?p=4275#breadcrumb\"},\"inLanguage\":\"es-AR\",\"potentialAction\":[{\"@type\":\"ReadAction\",\"target\":[\"https:\/\/nativainfo.com\/?p=4275\"]}]},{\"@type\":\"ImageObject\",\"inLanguage\":\"es-AR\",\"@id\":\"https:\/\/nativainfo.com\/?p=4275#primaryimage\",\"url\":\"https:\/\/nativainfo.com\/wp-content\/uploads\/2024\/05\/imagen_2024-05-28_214554914.png\",\"contentUrl\":\"https:\/\/nativainfo.com\/wp-content\/uploads\/2024\/05\/imagen_2024-05-28_214554914.png\",\"width\":1010,\"height\":567},{\"@type\":\"BreadcrumbList\",\"@id\":\"https:\/\/nativainfo.com\/?p=4275#breadcrumb\",\"itemListElement\":[{\"@type\":\"ListItem\",\"position\":1,\"name\":\"Inicio\",\"item\":\"https:\/\/nativainfo.com\/\"},{\"@type\":\"ListItem\",\"position\":2,\"name\":\"El gobernador Zamora comparti\u00f3 un grato momento con alumnos de cuatro departamentos\"}]},{\"@type\":\"WebSite\",\"@id\":\"https:\/\/nativainfo.com\/#website\",\"url\":\"https:\/\/nativainfo.com\/\",\"name\":\"Nativa Info\",\"description\":\"Diario Digital\",\"publisher\":{\"@id\":\"https:\/\/nativainfo.com\/#organization\"},\"potentialAction\":[{\"@type\":\"SearchAction\",\"target\":{\"@type\":\"EntryPoint\",\"urlTemplate\":\"https:\/\/nativainfo.com\/?s={search_term_string}\"},\"query-input\":{\"@type\":\"PropertyValueSpecification\",\"valueRequired\":true,\"valueName\":\"search_term_string\"}}],\"inLanguage\":\"es-AR\"},{\"@type\":\"Organization\",\"@id\":\"https:\/\/nativainfo.com\/#organization\",\"name\":\"Nativa Info\",\"url\":\"https:\/\/nativainfo.com\/\",\"logo\":{\"@type\":\"ImageObject\",\"inLanguage\":\"es-AR\",\"@id\":\"https:\/\/nativainfo.com\/#\/schema\/logo\/image\/\",\"url\":\"https:\/\/nativainfo.com\/wp-content\/uploads\/2025\/08\/LOGO-NATIVA-FACE.jpg\",\"contentUrl\":\"https:\/\/nativainfo.com\/wp-content\/uploads\/2025\/08\/LOGO-NATIVA-FACE.jpg\",\"width\":400,\"height\":400,\"caption\":\"Nativa Info\"},\"image\":{\"@id\":\"https:\/\/nativainfo.com\/#\/schema\/logo\/image\/\"},\"sameAs\":[\"https:\/\/www.facebook.com\/profile.php?id=61578881597564\"]},{\"@type\":\"Person\",\"@id\":\"https:\/\/nativainfo.com\/#\/schema\/person\/24893b64a9cd564ddb5d102d36eb4b5c\",\"name\":\"Nativa Info\",\"image\":{\"@type\":\"ImageObject\",\"inLanguage\":\"es-AR\",\"@id\":\"https:\/\/nativainfo.com\/#\/schema\/person\/image\/\",\"url\":\"https:\/\/secure.gravatar.com\/avatar\/016fa1cf068d85136d938e1507b9b619cb766e2565cbb1faa1e571762460c785?s=96&d=mm&r=g\",\"contentUrl\":\"https:\/\/secure.gravatar.com\/avatar\/016fa1cf068d85136d938e1507b9b619cb766e2565cbb1faa1e571762460c785?s=96&d=mm&r=g\",\"caption\":\"Nativa Info\"},\"sameAs\":[\"http:\/\/nativainfo.com\"],\"url\":\"https:\/\/nativainfo.com\/?author=1\"}]}<\/script>\n<!-- \/ Yoast SEO plugin. -->","yoast_head_json":{"title":"El gobernador Zamora comparti\u00f3 un grato momento con alumnos de cuatro departamentos - Nativa Info","robots":{"index":"index","follow":"follow","max-snippet":"max-snippet:-1","max-image-preview":"max-image-preview:large","max-video-preview":"max-video-preview:-1"},"canonical":"https:\/\/nativainfo.com\/?p=4275","og_locale":"es_ES","og_type":"article","og_title":"El gobernador Zamora comparti\u00f3 un grato momento con alumnos de cuatro departamentos - Nativa Info","og_description":"El encuentro se dio en el Sal\u00f3n de Acuerdos &#8220;Juan Felipe Ibarra&#8221; como parte del programa &#8220;Conociendo Mi Provincia&#8221;. El... Continue reading","og_url":"https:\/\/nativainfo.com\/?p=4275","og_site_name":"Nativa Info","article_publisher":"https:\/\/www.facebook.com\/profile.php?id=61578881597564","article_published_time":"2024-05-29T00:46:05+00:00","article_modified_time":"2024-05-29T00:46:07+00:00","og_image":[{"url":"http:\/\/nativainfo.com\/wp-content\/uploads\/2024\/05\/imagen_2024-05-28_214554914.png","type":"","width":"","height":""}],"author":"Nativa Info","twitter_card":"summary_large_image","twitter_misc":{"Escrito por":"Nativa Info","Tiempo de lectura":"1 minuto"},"schema":{"@context":"https:\/\/schema.org","@graph":[{"@type":"Article","@id":"https:\/\/nativainfo.com\/?p=4275#article","isPartOf":{"@id":"https:\/\/nativainfo.com\/?p=4275"},"author":{"name":"Nativa Info","@id":"https:\/\/nativainfo.com\/#\/schema\/person\/24893b64a9cd564ddb5d102d36eb4b5c"},"headline":"El gobernador Zamora comparti\u00f3 un grato momento con alumnos de cuatro departamentos","datePublished":"2024-05-29T00:46:05+00:00","dateModified":"2024-05-29T00:46:07+00:00","mainEntityOfPage":{"@id":"https:\/\/nativainfo.com\/?p=4275"},"wordCount":149,"commentCount":0,"publisher":{"@id":"https:\/\/nativainfo.com\/#organization"},"image":{"@id":"https:\/\/nativainfo.com\/?p=4275#primaryimage"},"thumbnailUrl":"http:\/\/nativainfo.com\/wp-content\/uploads\/2024\/05\/imagen_2024-05-28_214554914.png","articleSection":["Santiago del Estero"],"inLanguage":"es-AR","potentialAction":[{"@type":"CommentAction","name":"Comment","target":["https:\/\/nativainfo.com\/?p=4275#respond"]}]},{"@type":"WebPage","@id":"https:\/\/nativainfo.com\/?p=4275","url":"https:\/\/nativainfo.com\/?p=4275","name":"El gobernador Zamora comparti\u00f3 un grato momento con alumnos de cuatro departamentos - Nativa Info","isPartOf":{"@id":"https:\/\/nativainfo.com\/#website"},"primaryImageOfPage":{"@id":"https:\/\/nativainfo.com\/?p=4275#primaryimage"},"image":{"@id":"https:\/\/nativainfo.com\/?p=4275#primaryimage"},"thumbnailUrl":"http:\/\/nativainfo.com\/wp-content\/uploads\/2024\/05\/imagen_2024-05-28_214554914.png","datePublished":"2024-05-29T00:46:05+00:00","dateModified":"2024-05-29T00:46:07+00:00","breadcrumb":{"@id":"https:\/\/nativainfo.com\/?p=4275#breadcrumb"},"inLanguage":"es-AR","potentialAction":[{"@type":"ReadAction","target":["https:\/\/nativainfo.com\/?p=4275"]}]},{"@type":"ImageObject","inLanguage":"es-AR","@id":"https:\/\/nativainfo.com\/?p=4275#primaryimage","url":"https:\/\/nativainfo.com\/wp-content\/uploads\/2024\/05\/imagen_2024-05-28_214554914.png","contentUrl":"https:\/\/nativainfo.com\/wp-content\/uploads\/2024\/05\/imagen_2024-05-28_214554914.png","width":1010,"height":567},{"@type":"BreadcrumbList","@id":"https:\/\/nativainfo.com\/?p=4275#breadcrumb","itemListElement":[{"@type":"ListItem","position":1,"name":"Inicio","item":"https:\/\/nativainfo.com\/"},{"@type":"ListItem","position":2,"name":"El gobernador Zamora comparti\u00f3 un grato momento con alumnos de cuatro departamentos"}]},{"@type":"WebSite","@id":"https:\/\/nativainfo.com\/#website","url":"https:\/\/nativainfo.com\/","name":"Nativa Info","description":"Diario Digital","publisher":{"@id":"https:\/\/nativainfo.com\/#organization"},"potentialAction":[{"@type":"SearchAction","target":{"@type":"EntryPoint","urlTemplate":"https:\/\/nativainfo.com\/?s={search_term_string}"},"query-input":{"@type":"PropertyValueSpecification","valueRequired":true,"valueName":"search_term_string"}}],"inLanguage":"es-AR"},{"@type":"Organization","@id":"https:\/\/nativainfo.com\/#organization","name":"Nativa Info","url":"https:\/\/nativainfo.com\/","logo":{"@type":"ImageObject","inLanguage":"es-AR","@id":"https:\/\/nativainfo.com\/#\/schema\/logo\/image\/","url":"https:\/\/nativainfo.com\/wp-content\/uploads\/2025\/08\/LOGO-NATIVA-FACE.jpg","contentUrl":"https:\/\/nativainfo.com\/wp-content\/uploads\/2025\/08\/LOGO-NATIVA-FACE.jpg","width":400,"height":400,"caption":"Nativa Info"},"image":{"@id":"https:\/\/nativainfo.com\/#\/schema\/logo\/image\/"},"sameAs":["https:\/\/www.facebook.com\/profile.php?id=61578881597564"]},{"@type":"Person","@id":"https:\/\/nativainfo.com\/#\/schema\/person\/24893b64a9cd564ddb5d102d36eb4b5c","name":"Nativa Info","image":{"@type":"ImageObject","inLanguage":"es-AR","@id":"https:\/\/nativainfo.com\/#\/schema\/person\/image\/","url":"https:\/\/secure.gravatar.com\/avatar\/016fa1cf068d85136d938e1507b9b619cb766e2565cbb1faa1e571762460c785?s=96&d=mm&r=g","contentUrl":"https:\/\/secure.gravatar.com\/avatar\/016fa1cf068d85136d938e1507b9b619cb766e2565cbb1faa1e571762460c785?s=96&d=mm&r=g","caption":"Nativa Info"},"sameAs":["http:\/\/nativainfo.com"],"url":"https:\/\/nativainfo.com\/?author=1"}]}},"jetpack_publicize_connections":[],"_links":{"self":[{"href":"https:\/\/nativainfo.com\/index.php?rest_route=\/wp\/v2\/posts\/4275","targetHints":{"allow":["GET"]}}],"collection":[{"href":"https:\/\/nativainfo.com\/index.php?rest_route=\/wp\/v2\/posts"}],"about":[{"href":"https:\/\/nativainfo.com\/index.php?rest_route=\/wp\/v2\/types\/post"}],"author":[{"embeddable":true,"href":"https:\/\/nativainfo.com\/index.php?rest_route=\/wp\/v2\/users\/1"}],"replies":[{"embeddable":true,"href":"https:\/\/nativainfo.com\/index.php?rest_route=%2Fwp%2Fv2%2Fcomments&post=4275"}],"version-history":[{"count":1,"href":"https:\/\/nativainfo.com\/index.php?rest_route=\/wp\/v2\/posts\/4275\/revisions"}],"predecessor-version":[{"id":4280,"href":"https:\/\/nativainfo.com\/index.php?rest_route=\/wp\/v2\/posts\/4275\/revisions\/4280"}],"wp:attachment":[{"href":"https:\/\/nativainfo.com\/index.php?rest_route=%2Fwp%2Fv2%2Fmedia&parent=4275"}],"wp:term":[{"taxonomy":"category","embeddable":true,"href":"https:\/\/nativainfo.com\/index.php?rest_route=%2Fwp%2Fv2%2Fcategories&post=4275"},{"taxonomy":"post_tag","embeddable":true,"href":"https:\/\/nativainfo.com\/index.php?rest_route=%2Fwp%2Fv2%2Ftags&post=4275"}],"curies":[{"name":"wp","href":"https:\/\/api.w.org\/{rel}","templated":true}]}}