{"id":4274,"date":"2024-05-28T21:45:15","date_gmt":"2024-05-29T00:45:15","guid":{"rendered":"http:\/\/nativainfo.com\/?p=4274"},"modified":"2024-05-28T21:45:16","modified_gmt":"2024-05-29T00:45:16","slug":"marco-trungelliti-se-metio-en-segunda-ronda-del-challenger-de-vicenza","status":"publish","type":"post","link":"https:\/\/nativainfo.com\/?p=4274","title":{"rendered":"Marco Trungelliti se meti\u00f3 en segunda ronda del Challenger de Vicenza"},"content":{"rendered":"\n<p>El tenista santiague\u00f1o se impuso sobre el italiano Lorenzo Carboni por 6-4 y 6-2 para pasar a octavos del certamen.<\/p>\n\n\n\n<figure class=\"wp-block-image size-large\"><img fetchpriority=\"high\" decoding=\"async\" width=\"1010\" height=\"567\" src=\"http:\/\/nativainfo.com\/wp-content\/uploads\/2024\/05\/imagen_2024-05-28_214503392.png\" alt=\"\" class=\"wp-image-4277\" srcset=\"https:\/\/nativainfo.com\/wp-content\/uploads\/2024\/05\/imagen_2024-05-28_214503392.png 1010w, https:\/\/nativainfo.com\/wp-content\/uploads\/2024\/05\/imagen_2024-05-28_214503392-300x168.png 300w, https:\/\/nativainfo.com\/wp-content\/uploads\/2024\/05\/imagen_2024-05-28_214503392-768x431.png 768w, https:\/\/nativainfo.com\/wp-content\/uploads\/2024\/05\/imagen_2024-05-28_214503392-623x350.png 623w, https:\/\/nativainfo.com\/wp-content\/uploads\/2024\/05\/imagen_2024-05-28_214503392-150x84.png 150w\" sizes=\"(max-width: 1010px) 100vw, 1010px\" \/><\/figure>\n\n\n\n<p>En la primera ronda del Challenger 75 de Vicenza, Italia, el santiague\u00f1o Marco Trungelliti, quinto cabeza de serie logr\u00f3 una contundente victoria sobre el local Lorenzo Carboni, quien participaba con una invitaci\u00f3n especial (WC).<\/p>\n\n\n\n<p>Marco Trungelliti se impuso con un marcador de 6-4, 6-2 en apenas una hora y once minutos de juego.<\/p>\n\n\n\n<p>Trungelliti mostr\u00f3 un juego s\u00f3lido y eficiente, destac\u00e1ndose en los momentos clave del partido, lo que le permiti\u00f3 cerrar el encuentro sin mayores complicaciones.<\/p>\n\n\n\n<p>Con este triunfo, el tenista argentino avanz\u00f3 a la siguiente ronda, donde enfrentar\u00e1 al italiano Jacopo Berrettini.<\/p>\n\n\n\n<p>El Challenger de Vicenza contin\u00faa y Trungelliti buscar\u00e1 mantener su buen nivel para seguir avanzando en el torneo.<\/p>\n","protected":false},"excerpt":{"rendered":"<p>El tenista santiague\u00f1o se impuso sobre el italiano Lorenzo Carboni por 6-4 y 6-2 para pasar a octavos del certamen&#8230;. <a class=\"continue-reading-link\" href=\"https:\/\/nativainfo.com\/?p=4274\">Continue reading<\/a><\/p>\n","protected":false},"author":1,"featured_media":0,"comment_status":"open","ping_status":"open","sticky":false,"template":"","format":"standard","meta":{"rop_custom_images_group":[],"rop_custom_messages_group":[],"rop_publish_now":"initial","rop_publish_now_accounts":[],"rop_publish_now_history":[],"rop_publish_now_status":"pending","footnotes":"","jetpack_publicize_message":"","jetpack_publicize_feature_enabled":true,"jetpack_social_post_already_shared":false,"jetpack_social_options":{"image_generator_settings":{"template":"highway","default_image_id":0,"font":"","enabled":false},"version":2}},"categories":[39],"tags":[],"class_list":["post-4274","post","type-post","status-publish","format-standard","hentry","category-tenis"],"yoast_head":"<!-- This site is optimized with the Yoast SEO plugin v25.6 - https:\/\/yoast.com\/wordpress\/plugins\/seo\/ -->\n<title>Marco Trungelliti se meti\u00f3 en segunda ronda del Challenger de Vicenza - Nativa Info<\/title>\n<meta name=\"robots\" content=\"index, follow, max-snippet:-1, max-image-preview:large, max-video-preview:-1\" \/>\n<link rel=\"canonical\" href=\"https:\/\/nativainfo.com\/?p=4274\" \/>\n<meta property=\"og:locale\" content=\"es_ES\" \/>\n<meta property=\"og:type\" content=\"article\" \/>\n<meta property=\"og:title\" content=\"Marco Trungelliti se meti\u00f3 en segunda ronda del Challenger de Vicenza - Nativa Info\" \/>\n<meta property=\"og:description\" content=\"El tenista santiague\u00f1o se impuso sobre el italiano Lorenzo Carboni por 6-4 y 6-2 para pasar a octavos del certamen.... Continue reading\" \/>\n<meta property=\"og:url\" content=\"https:\/\/nativainfo.com\/?p=4274\" \/>\n<meta property=\"og:site_name\" content=\"Nativa Info\" \/>\n<meta property=\"article:publisher\" content=\"https:\/\/www.facebook.com\/profile.php?id=61578881597564\" \/>\n<meta property=\"article:published_time\" content=\"2024-05-29T00:45:15+00:00\" \/>\n<meta property=\"article:modified_time\" content=\"2024-05-29T00:45:16+00:00\" \/>\n<meta property=\"og:image\" content=\"http:\/\/nativainfo.com\/wp-content\/uploads\/2024\/05\/imagen_2024-05-28_214503392.png\" \/>\n<meta name=\"author\" content=\"Nativa Info\" \/>\n<meta name=\"twitter:card\" content=\"summary_large_image\" \/>\n<meta name=\"twitter:label1\" content=\"Escrito por\" \/>\n\t<meta name=\"twitter:data1\" content=\"Nativa Info\" \/>\n\t<meta name=\"twitter:label2\" content=\"Tiempo de lectura\" \/>\n\t<meta name=\"twitter:data2\" content=\"1 minuto\" \/>\n<script type=\"application\/ld+json\" class=\"yoast-schema-graph\">{\"@context\":\"https:\/\/schema.org\",\"@graph\":[{\"@type\":\"Article\",\"@id\":\"https:\/\/nativainfo.com\/?p=4274#article\",\"isPartOf\":{\"@id\":\"https:\/\/nativainfo.com\/?p=4274\"},\"author\":{\"name\":\"Nativa Info\",\"@id\":\"https:\/\/nativainfo.com\/#\/schema\/person\/24893b64a9cd564ddb5d102d36eb4b5c\"},\"headline\":\"Marco Trungelliti se meti\u00f3 en segunda ronda del Challenger de Vicenza\",\"datePublished\":\"2024-05-29T00:45:15+00:00\",\"dateModified\":\"2024-05-29T00:45:16+00:00\",\"mainEntityOfPage\":{\"@id\":\"https:\/\/nativainfo.com\/?p=4274\"},\"wordCount\":148,\"commentCount\":0,\"publisher\":{\"@id\":\"https:\/\/nativainfo.com\/#organization\"},\"image\":{\"@id\":\"https:\/\/nativainfo.com\/?p=4274#primaryimage\"},\"thumbnailUrl\":\"http:\/\/nativainfo.com\/wp-content\/uploads\/2024\/05\/imagen_2024-05-28_214503392.png\",\"articleSection\":[\"Tenis\"],\"inLanguage\":\"es-AR\",\"potentialAction\":[{\"@type\":\"CommentAction\",\"name\":\"Comment\",\"target\":[\"https:\/\/nativainfo.com\/?p=4274#respond\"]}]},{\"@type\":\"WebPage\",\"@id\":\"https:\/\/nativainfo.com\/?p=4274\",\"url\":\"https:\/\/nativainfo.com\/?p=4274\",\"name\":\"Marco Trungelliti se meti\u00f3 en segunda ronda del Challenger de Vicenza - Nativa Info\",\"isPartOf\":{\"@id\":\"https:\/\/nativainfo.com\/#website\"},\"primaryImageOfPage\":{\"@id\":\"https:\/\/nativainfo.com\/?p=4274#primaryimage\"},\"image\":{\"@id\":\"https:\/\/nativainfo.com\/?p=4274#primaryimage\"},\"thumbnailUrl\":\"http:\/\/nativainfo.com\/wp-content\/uploads\/2024\/05\/imagen_2024-05-28_214503392.png\",\"datePublished\":\"2024-05-29T00:45:15+00:00\",\"dateModified\":\"2024-05-29T00:45:16+00:00\",\"breadcrumb\":{\"@id\":\"https:\/\/nativainfo.com\/?p=4274#breadcrumb\"},\"inLanguage\":\"es-AR\",\"potentialAction\":[{\"@type\":\"ReadAction\",\"target\":[\"https:\/\/nativainfo.com\/?p=4274\"]}]},{\"@type\":\"ImageObject\",\"inLanguage\":\"es-AR\",\"@id\":\"https:\/\/nativainfo.com\/?p=4274#primaryimage\",\"url\":\"https:\/\/nativainfo.com\/wp-content\/uploads\/2024\/05\/imagen_2024-05-28_214503392.png\",\"contentUrl\":\"https:\/\/nativainfo.com\/wp-content\/uploads\/2024\/05\/imagen_2024-05-28_214503392.png\",\"width\":1010,\"height\":567},{\"@type\":\"BreadcrumbList\",\"@id\":\"https:\/\/nativainfo.com\/?p=4274#breadcrumb\",\"itemListElement\":[{\"@type\":\"ListItem\",\"position\":1,\"name\":\"Inicio\",\"item\":\"https:\/\/nativainfo.com\/\"},{\"@type\":\"ListItem\",\"position\":2,\"name\":\"Marco Trungelliti se meti\u00f3 en segunda ronda del Challenger de Vicenza\"}]},{\"@type\":\"WebSite\",\"@id\":\"https:\/\/nativainfo.com\/#website\",\"url\":\"https:\/\/nativainfo.com\/\",\"name\":\"Nativa Info\",\"description\":\"Diario Digital\",\"publisher\":{\"@id\":\"https:\/\/nativainfo.com\/#organization\"},\"potentialAction\":[{\"@type\":\"SearchAction\",\"target\":{\"@type\":\"EntryPoint\",\"urlTemplate\":\"https:\/\/nativainfo.com\/?s={search_term_string}\"},\"query-input\":{\"@type\":\"PropertyValueSpecification\",\"valueRequired\":true,\"valueName\":\"search_term_string\"}}],\"inLanguage\":\"es-AR\"},{\"@type\":\"Organization\",\"@id\":\"https:\/\/nativainfo.com\/#organization\",\"name\":\"Nativa Info\",\"url\":\"https:\/\/nativainfo.com\/\",\"logo\":{\"@type\":\"ImageObject\",\"inLanguage\":\"es-AR\",\"@id\":\"https:\/\/nativainfo.com\/#\/schema\/logo\/image\/\",\"url\":\"https:\/\/nativainfo.com\/wp-content\/uploads\/2025\/08\/LOGO-NATIVA-FACE.jpg\",\"contentUrl\":\"https:\/\/nativainfo.com\/wp-content\/uploads\/2025\/08\/LOGO-NATIVA-FACE.jpg\",\"width\":400,\"height\":400,\"caption\":\"Nativa Info\"},\"image\":{\"@id\":\"https:\/\/nativainfo.com\/#\/schema\/logo\/image\/\"},\"sameAs\":[\"https:\/\/www.facebook.com\/profile.php?id=61578881597564\"]},{\"@type\":\"Person\",\"@id\":\"https:\/\/nativainfo.com\/#\/schema\/person\/24893b64a9cd564ddb5d102d36eb4b5c\",\"name\":\"Nativa Info\",\"image\":{\"@type\":\"ImageObject\",\"inLanguage\":\"es-AR\",\"@id\":\"https:\/\/nativainfo.com\/#\/schema\/person\/image\/\",\"url\":\"https:\/\/secure.gravatar.com\/avatar\/016fa1cf068d85136d938e1507b9b619cb766e2565cbb1faa1e571762460c785?s=96&d=mm&r=g\",\"contentUrl\":\"https:\/\/secure.gravatar.com\/avatar\/016fa1cf068d85136d938e1507b9b619cb766e2565cbb1faa1e571762460c785?s=96&d=mm&r=g\",\"caption\":\"Nativa Info\"},\"sameAs\":[\"http:\/\/nativainfo.com\"],\"url\":\"https:\/\/nativainfo.com\/?author=1\"}]}<\/script>\n<!-- \/ Yoast SEO plugin. -->","yoast_head_json":{"title":"Marco Trungelliti se meti\u00f3 en segunda ronda del Challenger de Vicenza - Nativa Info","robots":{"index":"index","follow":"follow","max-snippet":"max-snippet:-1","max-image-preview":"max-image-preview:large","max-video-preview":"max-video-preview:-1"},"canonical":"https:\/\/nativainfo.com\/?p=4274","og_locale":"es_ES","og_type":"article","og_title":"Marco Trungelliti se meti\u00f3 en segunda ronda del Challenger de Vicenza - Nativa Info","og_description":"El tenista santiague\u00f1o se impuso sobre el italiano Lorenzo Carboni por 6-4 y 6-2 para pasar a octavos del certamen.... Continue reading","og_url":"https:\/\/nativainfo.com\/?p=4274","og_site_name":"Nativa Info","article_publisher":"https:\/\/www.facebook.com\/profile.php?id=61578881597564","article_published_time":"2024-05-29T00:45:15+00:00","article_modified_time":"2024-05-29T00:45:16+00:00","og_image":[{"url":"http:\/\/nativainfo.com\/wp-content\/uploads\/2024\/05\/imagen_2024-05-28_214503392.png","type":"","width":"","height":""}],"author":"Nativa Info","twitter_card":"summary_large_image","twitter_misc":{"Escrito por":"Nativa Info","Tiempo de lectura":"1 minuto"},"schema":{"@context":"https:\/\/schema.org","@graph":[{"@type":"Article","@id":"https:\/\/nativainfo.com\/?p=4274#article","isPartOf":{"@id":"https:\/\/nativainfo.com\/?p=4274"},"author":{"name":"Nativa Info","@id":"https:\/\/nativainfo.com\/#\/schema\/person\/24893b64a9cd564ddb5d102d36eb4b5c"},"headline":"Marco Trungelliti se meti\u00f3 en segunda ronda del Challenger de Vicenza","datePublished":"2024-05-29T00:45:15+00:00","dateModified":"2024-05-29T00:45:16+00:00","mainEntityOfPage":{"@id":"https:\/\/nativainfo.com\/?p=4274"},"wordCount":148,"commentCount":0,"publisher":{"@id":"https:\/\/nativainfo.com\/#organization"},"image":{"@id":"https:\/\/nativainfo.com\/?p=4274#primaryimage"},"thumbnailUrl":"http:\/\/nativainfo.com\/wp-content\/uploads\/2024\/05\/imagen_2024-05-28_214503392.png","articleSection":["Tenis"],"inLanguage":"es-AR","potentialAction":[{"@type":"CommentAction","name":"Comment","target":["https:\/\/nativainfo.com\/?p=4274#respond"]}]},{"@type":"WebPage","@id":"https:\/\/nativainfo.com\/?p=4274","url":"https:\/\/nativainfo.com\/?p=4274","name":"Marco Trungelliti se meti\u00f3 en segunda ronda del Challenger de Vicenza - Nativa Info","isPartOf":{"@id":"https:\/\/nativainfo.com\/#website"},"primaryImageOfPage":{"@id":"https:\/\/nativainfo.com\/?p=4274#primaryimage"},"image":{"@id":"https:\/\/nativainfo.com\/?p=4274#primaryimage"},"thumbnailUrl":"http:\/\/nativainfo.com\/wp-content\/uploads\/2024\/05\/imagen_2024-05-28_214503392.png","datePublished":"2024-05-29T00:45:15+00:00","dateModified":"2024-05-29T00:45:16+00:00","breadcrumb":{"@id":"https:\/\/nativainfo.com\/?p=4274#breadcrumb"},"inLanguage":"es-AR","potentialAction":[{"@type":"ReadAction","target":["https:\/\/nativainfo.com\/?p=4274"]}]},{"@type":"ImageObject","inLanguage":"es-AR","@id":"https:\/\/nativainfo.com\/?p=4274#primaryimage","url":"https:\/\/nativainfo.com\/wp-content\/uploads\/2024\/05\/imagen_2024-05-28_214503392.png","contentUrl":"https:\/\/nativainfo.com\/wp-content\/uploads\/2024\/05\/imagen_2024-05-28_214503392.png","width":1010,"height":567},{"@type":"BreadcrumbList","@id":"https:\/\/nativainfo.com\/?p=4274#breadcrumb","itemListElement":[{"@type":"ListItem","position":1,"name":"Inicio","item":"https:\/\/nativainfo.com\/"},{"@type":"ListItem","position":2,"name":"Marco Trungelliti se meti\u00f3 en segunda ronda del Challenger de Vicenza"}]},{"@type":"WebSite","@id":"https:\/\/nativainfo.com\/#website","url":"https:\/\/nativainfo.com\/","name":"Nativa Info","description":"Diario Digital","publisher":{"@id":"https:\/\/nativainfo.com\/#organization"},"potentialAction":[{"@type":"SearchAction","target":{"@type":"EntryPoint","urlTemplate":"https:\/\/nativainfo.com\/?s={search_term_string}"},"query-input":{"@type":"PropertyValueSpecification","valueRequired":true,"valueName":"search_term_string"}}],"inLanguage":"es-AR"},{"@type":"Organization","@id":"https:\/\/nativainfo.com\/#organization","name":"Nativa Info","url":"https:\/\/nativainfo.com\/","logo":{"@type":"ImageObject","inLanguage":"es-AR","@id":"https:\/\/nativainfo.com\/#\/schema\/logo\/image\/","url":"https:\/\/nativainfo.com\/wp-content\/uploads\/2025\/08\/LOGO-NATIVA-FACE.jpg","contentUrl":"https:\/\/nativainfo.com\/wp-content\/uploads\/2025\/08\/LOGO-NATIVA-FACE.jpg","width":400,"height":400,"caption":"Nativa Info"},"image":{"@id":"https:\/\/nativainfo.com\/#\/schema\/logo\/image\/"},"sameAs":["https:\/\/www.facebook.com\/profile.php?id=61578881597564"]},{"@type":"Person","@id":"https:\/\/nativainfo.com\/#\/schema\/person\/24893b64a9cd564ddb5d102d36eb4b5c","name":"Nativa Info","image":{"@type":"ImageObject","inLanguage":"es-AR","@id":"https:\/\/nativainfo.com\/#\/schema\/person\/image\/","url":"https:\/\/secure.gravatar.com\/avatar\/016fa1cf068d85136d938e1507b9b619cb766e2565cbb1faa1e571762460c785?s=96&d=mm&r=g","contentUrl":"https:\/\/secure.gravatar.com\/avatar\/016fa1cf068d85136d938e1507b9b619cb766e2565cbb1faa1e571762460c785?s=96&d=mm&r=g","caption":"Nativa Info"},"sameAs":["http:\/\/nativainfo.com"],"url":"https:\/\/nativainfo.com\/?author=1"}]}},"jetpack_publicize_connections":[],"_links":{"self":[{"href":"https:\/\/nativainfo.com\/index.php?rest_route=\/wp\/v2\/posts\/4274","targetHints":{"allow":["GET"]}}],"collection":[{"href":"https:\/\/nativainfo.com\/index.php?rest_route=\/wp\/v2\/posts"}],"about":[{"href":"https:\/\/nativainfo.com\/index.php?rest_route=\/wp\/v2\/types\/post"}],"author":[{"embeddable":true,"href":"https:\/\/nativainfo.com\/index.php?rest_route=\/wp\/v2\/users\/1"}],"replies":[{"embeddable":true,"href":"https:\/\/nativainfo.com\/index.php?rest_route=%2Fwp%2Fv2%2Fcomments&post=4274"}],"version-history":[{"count":1,"href":"https:\/\/nativainfo.com\/index.php?rest_route=\/wp\/v2\/posts\/4274\/revisions"}],"predecessor-version":[{"id":4278,"href":"https:\/\/nativainfo.com\/index.php?rest_route=\/wp\/v2\/posts\/4274\/revisions\/4278"}],"wp:attachment":[{"href":"https:\/\/nativainfo.com\/index.php?rest_route=%2Fwp%2Fv2%2Fmedia&parent=4274"}],"wp:term":[{"taxonomy":"category","embeddable":true,"href":"https:\/\/nativainfo.com\/index.php?rest_route=%2Fwp%2Fv2%2Fcategories&post=4274"},{"taxonomy":"post_tag","embeddable":true,"href":"https:\/\/nativainfo.com\/index.php?rest_route=%2Fwp%2Fv2%2Ftags&post=4274"}],"curies":[{"name":"wp","href":"https:\/\/api.w.org\/{rel}","templated":true}]}}