{"id":4263,"date":"2024-05-13T23:33:53","date_gmt":"2024-05-14T02:33:53","guid":{"rendered":"http:\/\/nativainfo.com\/?p=4263"},"modified":"2024-05-13T23:33:55","modified_gmt":"2024-05-14T02:33:55","slug":"el-gobernador-entrego-viviendas-e-inauguro-obras-en-el-hospital-y-el-nuevo-edificio-de-la-escuela-de-capacitacion-no6-de-suncho-corral","status":"publish","type":"post","link":"https:\/\/nativainfo.com\/?p=4263","title":{"rendered":"El Gobernador entreg\u00f3 viviendas e inaugur\u00f3 obras en el hospital y el nuevo edificio de la Escuela de Capacitaci\u00f3n N\u00ba6 de Suncho Corral"},"content":{"rendered":"\n<p>El mandatario fue acompa\u00f1ado por el vicegobernador Carlos Silva Neder y los ministros de Salud, de Obras P\u00fablicas y de Desarrollo Social.<\/p>\n\n\n\n<figure class=\"wp-block-image size-large\"><img fetchpriority=\"high\" decoding=\"async\" width=\"1010\" height=\"567\" src=\"http:\/\/nativainfo.com\/wp-content\/uploads\/2024\/05\/imagen_2024-05-13_233339395.png\" alt=\"\" class=\"wp-image-4265\" srcset=\"https:\/\/nativainfo.com\/wp-content\/uploads\/2024\/05\/imagen_2024-05-13_233339395.png 1010w, https:\/\/nativainfo.com\/wp-content\/uploads\/2024\/05\/imagen_2024-05-13_233339395-300x168.png 300w, https:\/\/nativainfo.com\/wp-content\/uploads\/2024\/05\/imagen_2024-05-13_233339395-768x431.png 768w, https:\/\/nativainfo.com\/wp-content\/uploads\/2024\/05\/imagen_2024-05-13_233339395-623x350.png 623w, https:\/\/nativainfo.com\/wp-content\/uploads\/2024\/05\/imagen_2024-05-13_233339395-150x84.png 150w\" sizes=\"(max-width: 1010px) 100vw, 1010px\" \/><\/figure>\n\n\n\n<p><strong>El gobernador Gerardo Zamora visit\u00f3 este lunes la ciudad de Suncho Corral, cabecera del departamento Juan Felipe Ibarra, donde entreg\u00f3 viviendas sociales a 14 familias de la zona y dej\u00f3 inauguradas obras de refacci\u00f3n y ampliaci\u00f3n en el Hospital Distrital y el nuevo edificio de la Escuela de Formaci\u00f3n Profesional y Capacitaci\u00f3n Laboral N\u00b0 6 &#8220;Santa Rosa de Lima&#8221;, completamente equipado.<\/strong><\/p>\n\n\n\n<p>El mandatario lleg\u00f3 acompa\u00f1ado por el vicegobernador&nbsp;<strong>Carlos Silva Neder<\/strong>&nbsp;y los ministros de Salud,&nbsp;<strong>Natividad Nassif<\/strong>; de Educaci\u00f3n,&nbsp;<strong>Mariela Nassif<\/strong>; de Obras P\u00fablicas,&nbsp;<strong>Aldo Hid<\/strong>; de Gobierno,&nbsp;<strong>Marcelo Barbur<\/strong>, y de Desarrollo Social,&nbsp;<strong>\u00c1ngel Niccolai<\/strong>. Tambi\u00e9n por la presidente del Consejo General de Educaci\u00f3n,&nbsp;<strong>Mar\u00eda Elena Herrera<\/strong>.<\/p>\n","protected":false},"excerpt":{"rendered":"<p>El mandatario fue acompa\u00f1ado por el vicegobernador Carlos Silva Neder y los ministros de Salud, de Obras P\u00fablicas y de&#8230; <a class=\"continue-reading-link\" href=\"https:\/\/nativainfo.com\/?p=4263\">Continue reading<\/a><\/p>\n","protected":false},"author":1,"featured_media":0,"comment_status":"open","ping_status":"open","sticky":false,"template":"","format":"standard","meta":{"rop_custom_images_group":[],"rop_custom_messages_group":[],"rop_publish_now":"initial","rop_publish_now_accounts":[],"rop_publish_now_history":[],"rop_publish_now_status":"pending","footnotes":"","jetpack_publicize_message":"","jetpack_publicize_feature_enabled":true,"jetpack_social_post_already_shared":false,"jetpack_social_options":{"image_generator_settings":{"template":"highway","default_image_id":0,"font":"","enabled":false},"version":2}},"categories":[40],"tags":[],"class_list":["post-4263","post","type-post","status-publish","format-standard","hentry","category-santiago-del-estero"],"yoast_head":"<!-- This site is optimized with the Yoast SEO plugin v25.6 - https:\/\/yoast.com\/wordpress\/plugins\/seo\/ -->\n<title>El Gobernador entreg\u00f3 viviendas e inaugur\u00f3 obras en el hospital y el nuevo edificio de la Escuela de Capacitaci\u00f3n N\u00ba6 de Suncho Corral - Nativa Info<\/title>\n<meta name=\"robots\" content=\"index, follow, max-snippet:-1, max-image-preview:large, max-video-preview:-1\" \/>\n<link rel=\"canonical\" href=\"https:\/\/nativainfo.com\/?p=4263\" \/>\n<meta property=\"og:locale\" content=\"es_ES\" \/>\n<meta property=\"og:type\" content=\"article\" \/>\n<meta property=\"og:title\" content=\"El Gobernador entreg\u00f3 viviendas e inaugur\u00f3 obras en el hospital y el nuevo edificio de la Escuela de Capacitaci\u00f3n N\u00ba6 de Suncho Corral - Nativa Info\" \/>\n<meta property=\"og:description\" content=\"El mandatario fue acompa\u00f1ado por el vicegobernador Carlos Silva Neder y los ministros de Salud, de Obras P\u00fablicas y de... Continue reading\" \/>\n<meta property=\"og:url\" content=\"https:\/\/nativainfo.com\/?p=4263\" \/>\n<meta property=\"og:site_name\" content=\"Nativa Info\" \/>\n<meta property=\"article:publisher\" content=\"https:\/\/www.facebook.com\/profile.php?id=61578881597564\" \/>\n<meta property=\"article:published_time\" content=\"2024-05-14T02:33:53+00:00\" \/>\n<meta property=\"article:modified_time\" content=\"2024-05-14T02:33:55+00:00\" \/>\n<meta property=\"og:image\" content=\"http:\/\/nativainfo.com\/wp-content\/uploads\/2024\/05\/imagen_2024-05-13_233339395.png\" \/>\n<meta name=\"author\" content=\"Nativa Info\" \/>\n<meta name=\"twitter:card\" content=\"summary_large_image\" \/>\n<meta name=\"twitter:label1\" content=\"Escrito por\" \/>\n\t<meta name=\"twitter:data1\" content=\"Nativa Info\" \/>\n\t<meta name=\"twitter:label2\" content=\"Tiempo de lectura\" \/>\n\t<meta name=\"twitter:data2\" content=\"1 minuto\" \/>\n<script type=\"application\/ld+json\" class=\"yoast-schema-graph\">{\"@context\":\"https:\/\/schema.org\",\"@graph\":[{\"@type\":\"Article\",\"@id\":\"https:\/\/nativainfo.com\/?p=4263#article\",\"isPartOf\":{\"@id\":\"https:\/\/nativainfo.com\/?p=4263\"},\"author\":{\"name\":\"Nativa Info\",\"@id\":\"https:\/\/nativainfo.com\/#\/schema\/person\/24893b64a9cd564ddb5d102d36eb4b5c\"},\"headline\":\"El Gobernador entreg\u00f3 viviendas e inaugur\u00f3 obras en el hospital y el nuevo edificio de la Escuela de Capacitaci\u00f3n N\u00ba6 de Suncho Corral\",\"datePublished\":\"2024-05-14T02:33:53+00:00\",\"dateModified\":\"2024-05-14T02:33:55+00:00\",\"mainEntityOfPage\":{\"@id\":\"https:\/\/nativainfo.com\/?p=4263\"},\"wordCount\":173,\"commentCount\":0,\"publisher\":{\"@id\":\"https:\/\/nativainfo.com\/#organization\"},\"image\":{\"@id\":\"https:\/\/nativainfo.com\/?p=4263#primaryimage\"},\"thumbnailUrl\":\"http:\/\/nativainfo.com\/wp-content\/uploads\/2024\/05\/imagen_2024-05-13_233339395.png\",\"articleSection\":[\"Santiago del Estero\"],\"inLanguage\":\"es-AR\",\"potentialAction\":[{\"@type\":\"CommentAction\",\"name\":\"Comment\",\"target\":[\"https:\/\/nativainfo.com\/?p=4263#respond\"]}]},{\"@type\":\"WebPage\",\"@id\":\"https:\/\/nativainfo.com\/?p=4263\",\"url\":\"https:\/\/nativainfo.com\/?p=4263\",\"name\":\"El Gobernador entreg\u00f3 viviendas e inaugur\u00f3 obras en el hospital y el nuevo edificio de la Escuela de Capacitaci\u00f3n N\u00ba6 de Suncho Corral - Nativa Info\",\"isPartOf\":{\"@id\":\"https:\/\/nativainfo.com\/#website\"},\"primaryImageOfPage\":{\"@id\":\"https:\/\/nativainfo.com\/?p=4263#primaryimage\"},\"image\":{\"@id\":\"https:\/\/nativainfo.com\/?p=4263#primaryimage\"},\"thumbnailUrl\":\"http:\/\/nativainfo.com\/wp-content\/uploads\/2024\/05\/imagen_2024-05-13_233339395.png\",\"datePublished\":\"2024-05-14T02:33:53+00:00\",\"dateModified\":\"2024-05-14T02:33:55+00:00\",\"breadcrumb\":{\"@id\":\"https:\/\/nativainfo.com\/?p=4263#breadcrumb\"},\"inLanguage\":\"es-AR\",\"potentialAction\":[{\"@type\":\"ReadAction\",\"target\":[\"https:\/\/nativainfo.com\/?p=4263\"]}]},{\"@type\":\"ImageObject\",\"inLanguage\":\"es-AR\",\"@id\":\"https:\/\/nativainfo.com\/?p=4263#primaryimage\",\"url\":\"https:\/\/nativainfo.com\/wp-content\/uploads\/2024\/05\/imagen_2024-05-13_233339395.png\",\"contentUrl\":\"https:\/\/nativainfo.com\/wp-content\/uploads\/2024\/05\/imagen_2024-05-13_233339395.png\",\"width\":1010,\"height\":567},{\"@type\":\"BreadcrumbList\",\"@id\":\"https:\/\/nativainfo.com\/?p=4263#breadcrumb\",\"itemListElement\":[{\"@type\":\"ListItem\",\"position\":1,\"name\":\"Inicio\",\"item\":\"https:\/\/nativainfo.com\/\"},{\"@type\":\"ListItem\",\"position\":2,\"name\":\"El Gobernador entreg\u00f3 viviendas e inaugur\u00f3 obras en el hospital y el nuevo edificio de la Escuela de Capacitaci\u00f3n N\u00ba6 de Suncho Corral\"}]},{\"@type\":\"WebSite\",\"@id\":\"https:\/\/nativainfo.com\/#website\",\"url\":\"https:\/\/nativainfo.com\/\",\"name\":\"Nativa Info\",\"description\":\"Diario Digital\",\"publisher\":{\"@id\":\"https:\/\/nativainfo.com\/#organization\"},\"potentialAction\":[{\"@type\":\"SearchAction\",\"target\":{\"@type\":\"EntryPoint\",\"urlTemplate\":\"https:\/\/nativainfo.com\/?s={search_term_string}\"},\"query-input\":{\"@type\":\"PropertyValueSpecification\",\"valueRequired\":true,\"valueName\":\"search_term_string\"}}],\"inLanguage\":\"es-AR\"},{\"@type\":\"Organization\",\"@id\":\"https:\/\/nativainfo.com\/#organization\",\"name\":\"Nativa Info\",\"url\":\"https:\/\/nativainfo.com\/\",\"logo\":{\"@type\":\"ImageObject\",\"inLanguage\":\"es-AR\",\"@id\":\"https:\/\/nativainfo.com\/#\/schema\/logo\/image\/\",\"url\":\"https:\/\/nativainfo.com\/wp-content\/uploads\/2025\/08\/LOGO-NATIVA-FACE.jpg\",\"contentUrl\":\"https:\/\/nativainfo.com\/wp-content\/uploads\/2025\/08\/LOGO-NATIVA-FACE.jpg\",\"width\":400,\"height\":400,\"caption\":\"Nativa Info\"},\"image\":{\"@id\":\"https:\/\/nativainfo.com\/#\/schema\/logo\/image\/\"},\"sameAs\":[\"https:\/\/www.facebook.com\/profile.php?id=61578881597564\"]},{\"@type\":\"Person\",\"@id\":\"https:\/\/nativainfo.com\/#\/schema\/person\/24893b64a9cd564ddb5d102d36eb4b5c\",\"name\":\"Nativa Info\",\"image\":{\"@type\":\"ImageObject\",\"inLanguage\":\"es-AR\",\"@id\":\"https:\/\/nativainfo.com\/#\/schema\/person\/image\/\",\"url\":\"https:\/\/secure.gravatar.com\/avatar\/016fa1cf068d85136d938e1507b9b619cb766e2565cbb1faa1e571762460c785?s=96&d=mm&r=g\",\"contentUrl\":\"https:\/\/secure.gravatar.com\/avatar\/016fa1cf068d85136d938e1507b9b619cb766e2565cbb1faa1e571762460c785?s=96&d=mm&r=g\",\"caption\":\"Nativa Info\"},\"sameAs\":[\"http:\/\/nativainfo.com\"],\"url\":\"https:\/\/nativainfo.com\/?author=1\"}]}<\/script>\n<!-- \/ Yoast SEO plugin. -->","yoast_head_json":{"title":"El Gobernador entreg\u00f3 viviendas e inaugur\u00f3 obras en el hospital y el nuevo edificio de la Escuela de Capacitaci\u00f3n N\u00ba6 de Suncho Corral - Nativa Info","robots":{"index":"index","follow":"follow","max-snippet":"max-snippet:-1","max-image-preview":"max-image-preview:large","max-video-preview":"max-video-preview:-1"},"canonical":"https:\/\/nativainfo.com\/?p=4263","og_locale":"es_ES","og_type":"article","og_title":"El Gobernador entreg\u00f3 viviendas e inaugur\u00f3 obras en el hospital y el nuevo edificio de la Escuela de Capacitaci\u00f3n N\u00ba6 de Suncho Corral - Nativa Info","og_description":"El mandatario fue acompa\u00f1ado por el vicegobernador Carlos Silva Neder y los ministros de Salud, de Obras P\u00fablicas y de... Continue reading","og_url":"https:\/\/nativainfo.com\/?p=4263","og_site_name":"Nativa Info","article_publisher":"https:\/\/www.facebook.com\/profile.php?id=61578881597564","article_published_time":"2024-05-14T02:33:53+00:00","article_modified_time":"2024-05-14T02:33:55+00:00","og_image":[{"url":"http:\/\/nativainfo.com\/wp-content\/uploads\/2024\/05\/imagen_2024-05-13_233339395.png","type":"","width":"","height":""}],"author":"Nativa Info","twitter_card":"summary_large_image","twitter_misc":{"Escrito por":"Nativa Info","Tiempo de lectura":"1 minuto"},"schema":{"@context":"https:\/\/schema.org","@graph":[{"@type":"Article","@id":"https:\/\/nativainfo.com\/?p=4263#article","isPartOf":{"@id":"https:\/\/nativainfo.com\/?p=4263"},"author":{"name":"Nativa Info","@id":"https:\/\/nativainfo.com\/#\/schema\/person\/24893b64a9cd564ddb5d102d36eb4b5c"},"headline":"El Gobernador entreg\u00f3 viviendas e inaugur\u00f3 obras en el hospital y el nuevo edificio de la Escuela de Capacitaci\u00f3n N\u00ba6 de Suncho Corral","datePublished":"2024-05-14T02:33:53+00:00","dateModified":"2024-05-14T02:33:55+00:00","mainEntityOfPage":{"@id":"https:\/\/nativainfo.com\/?p=4263"},"wordCount":173,"commentCount":0,"publisher":{"@id":"https:\/\/nativainfo.com\/#organization"},"image":{"@id":"https:\/\/nativainfo.com\/?p=4263#primaryimage"},"thumbnailUrl":"http:\/\/nativainfo.com\/wp-content\/uploads\/2024\/05\/imagen_2024-05-13_233339395.png","articleSection":["Santiago del Estero"],"inLanguage":"es-AR","potentialAction":[{"@type":"CommentAction","name":"Comment","target":["https:\/\/nativainfo.com\/?p=4263#respond"]}]},{"@type":"WebPage","@id":"https:\/\/nativainfo.com\/?p=4263","url":"https:\/\/nativainfo.com\/?p=4263","name":"El Gobernador entreg\u00f3 viviendas e inaugur\u00f3 obras en el hospital y el nuevo edificio de la Escuela de Capacitaci\u00f3n N\u00ba6 de Suncho Corral - Nativa Info","isPartOf":{"@id":"https:\/\/nativainfo.com\/#website"},"primaryImageOfPage":{"@id":"https:\/\/nativainfo.com\/?p=4263#primaryimage"},"image":{"@id":"https:\/\/nativainfo.com\/?p=4263#primaryimage"},"thumbnailUrl":"http:\/\/nativainfo.com\/wp-content\/uploads\/2024\/05\/imagen_2024-05-13_233339395.png","datePublished":"2024-05-14T02:33:53+00:00","dateModified":"2024-05-14T02:33:55+00:00","breadcrumb":{"@id":"https:\/\/nativainfo.com\/?p=4263#breadcrumb"},"inLanguage":"es-AR","potentialAction":[{"@type":"ReadAction","target":["https:\/\/nativainfo.com\/?p=4263"]}]},{"@type":"ImageObject","inLanguage":"es-AR","@id":"https:\/\/nativainfo.com\/?p=4263#primaryimage","url":"https:\/\/nativainfo.com\/wp-content\/uploads\/2024\/05\/imagen_2024-05-13_233339395.png","contentUrl":"https:\/\/nativainfo.com\/wp-content\/uploads\/2024\/05\/imagen_2024-05-13_233339395.png","width":1010,"height":567},{"@type":"BreadcrumbList","@id":"https:\/\/nativainfo.com\/?p=4263#breadcrumb","itemListElement":[{"@type":"ListItem","position":1,"name":"Inicio","item":"https:\/\/nativainfo.com\/"},{"@type":"ListItem","position":2,"name":"El Gobernador entreg\u00f3 viviendas e inaugur\u00f3 obras en el hospital y el nuevo edificio de la Escuela de Capacitaci\u00f3n N\u00ba6 de Suncho Corral"}]},{"@type":"WebSite","@id":"https:\/\/nativainfo.com\/#website","url":"https:\/\/nativainfo.com\/","name":"Nativa Info","description":"Diario Digital","publisher":{"@id":"https:\/\/nativainfo.com\/#organization"},"potentialAction":[{"@type":"SearchAction","target":{"@type":"EntryPoint","urlTemplate":"https:\/\/nativainfo.com\/?s={search_term_string}"},"query-input":{"@type":"PropertyValueSpecification","valueRequired":true,"valueName":"search_term_string"}}],"inLanguage":"es-AR"},{"@type":"Organization","@id":"https:\/\/nativainfo.com\/#organization","name":"Nativa Info","url":"https:\/\/nativainfo.com\/","logo":{"@type":"ImageObject","inLanguage":"es-AR","@id":"https:\/\/nativainfo.com\/#\/schema\/logo\/image\/","url":"https:\/\/nativainfo.com\/wp-content\/uploads\/2025\/08\/LOGO-NATIVA-FACE.jpg","contentUrl":"https:\/\/nativainfo.com\/wp-content\/uploads\/2025\/08\/LOGO-NATIVA-FACE.jpg","width":400,"height":400,"caption":"Nativa Info"},"image":{"@id":"https:\/\/nativainfo.com\/#\/schema\/logo\/image\/"},"sameAs":["https:\/\/www.facebook.com\/profile.php?id=61578881597564"]},{"@type":"Person","@id":"https:\/\/nativainfo.com\/#\/schema\/person\/24893b64a9cd564ddb5d102d36eb4b5c","name":"Nativa Info","image":{"@type":"ImageObject","inLanguage":"es-AR","@id":"https:\/\/nativainfo.com\/#\/schema\/person\/image\/","url":"https:\/\/secure.gravatar.com\/avatar\/016fa1cf068d85136d938e1507b9b619cb766e2565cbb1faa1e571762460c785?s=96&d=mm&r=g","contentUrl":"https:\/\/secure.gravatar.com\/avatar\/016fa1cf068d85136d938e1507b9b619cb766e2565cbb1faa1e571762460c785?s=96&d=mm&r=g","caption":"Nativa Info"},"sameAs":["http:\/\/nativainfo.com"],"url":"https:\/\/nativainfo.com\/?author=1"}]}},"jetpack_publicize_connections":[],"_links":{"self":[{"href":"https:\/\/nativainfo.com\/index.php?rest_route=\/wp\/v2\/posts\/4263","targetHints":{"allow":["GET"]}}],"collection":[{"href":"https:\/\/nativainfo.com\/index.php?rest_route=\/wp\/v2\/posts"}],"about":[{"href":"https:\/\/nativainfo.com\/index.php?rest_route=\/wp\/v2\/types\/post"}],"author":[{"embeddable":true,"href":"https:\/\/nativainfo.com\/index.php?rest_route=\/wp\/v2\/users\/1"}],"replies":[{"embeddable":true,"href":"https:\/\/nativainfo.com\/index.php?rest_route=%2Fwp%2Fv2%2Fcomments&post=4263"}],"version-history":[{"count":1,"href":"https:\/\/nativainfo.com\/index.php?rest_route=\/wp\/v2\/posts\/4263\/revisions"}],"predecessor-version":[{"id":4266,"href":"https:\/\/nativainfo.com\/index.php?rest_route=\/wp\/v2\/posts\/4263\/revisions\/4266"}],"wp:attachment":[{"href":"https:\/\/nativainfo.com\/index.php?rest_route=%2Fwp%2Fv2%2Fmedia&parent=4263"}],"wp:term":[{"taxonomy":"category","embeddable":true,"href":"https:\/\/nativainfo.com\/index.php?rest_route=%2Fwp%2Fv2%2Fcategories&post=4263"},{"taxonomy":"post_tag","embeddable":true,"href":"https:\/\/nativainfo.com\/index.php?rest_route=%2Fwp%2Fv2%2Ftags&post=4263"}],"curies":[{"name":"wp","href":"https:\/\/api.w.org\/{rel}","templated":true}]}}