{"id":4238,"date":"2024-04-25T23:09:21","date_gmt":"2024-04-26T02:09:21","guid":{"rendered":"http:\/\/nativainfo.com\/?p=4238"},"modified":"2024-04-25T23:09:23","modified_gmt":"2024-04-26T02:09:23","slug":"como-trabajaran-los-comercios-de-santiago-durante-el-feriado-del-sabado-27-de-abril","status":"publish","type":"post","link":"https:\/\/nativainfo.com\/?p=4238","title":{"rendered":"C\u00f3mo trabajar\u00e1n los comercios de Santiago durante el feriado del s\u00e1bado 27 de abril"},"content":{"rendered":"\n<p>La C\u00e1mara de Comercio inform\u00f3 sobre la modalidad de trabajo.<br><\/p>\n\n\n\n<figure class=\"wp-block-image size-large\"><img fetchpriority=\"high\" decoding=\"async\" width=\"1000\" height=\"1000\" src=\"http:\/\/nativainfo.com\/wp-content\/uploads\/2024\/04\/imagen_2024-04-25_230913266.png\" alt=\"\" class=\"wp-image-4241\" srcset=\"https:\/\/nativainfo.com\/wp-content\/uploads\/2024\/04\/imagen_2024-04-25_230913266.png 1000w, https:\/\/nativainfo.com\/wp-content\/uploads\/2024\/04\/imagen_2024-04-25_230913266-300x300.png 300w, https:\/\/nativainfo.com\/wp-content\/uploads\/2024\/04\/imagen_2024-04-25_230913266-150x150.png 150w, https:\/\/nativainfo.com\/wp-content\/uploads\/2024\/04\/imagen_2024-04-25_230913266-768x768.png 768w, https:\/\/nativainfo.com\/wp-content\/uploads\/2024\/04\/imagen_2024-04-25_230913266-350x350.png 350w\" sizes=\"(max-width: 1000px) 100vw, 1000px\" \/><\/figure>\n\n\n\n<p>Como es de p\u00fablico conocimiento, este s\u00e1bado 27 de abril se conmemora el D\u00eda de la Autonom\u00eda de Santiago del Estero. Es ante esto que los santiague\u00f1os se preguntan cu\u00e1l ser\u00e1 la modalidad de trabajo que tendr\u00e1n los comercios de toda la provincia.<\/p>\n\n\n\n<p>En ese sentido, la C\u00e1mara de Comercio e Industria de la provincia dio a conocer que este s\u00e1bado 27 de abril, a trav\u00e9s de los art\u00edculos 165 y 166 de la LCT 20.744, sugirieron que los comercios se mantengan abiertos y trabajen en el horario convencional.<\/p>\n\n\n\n<p><br><\/p>\n","protected":false},"excerpt":{"rendered":"<p>La C\u00e1mara de Comercio inform\u00f3 sobre la modalidad de trabajo. Como es de p\u00fablico conocimiento, este s\u00e1bado 27 de abril&#8230; <a class=\"continue-reading-link\" href=\"https:\/\/nativainfo.com\/?p=4238\">Continue reading<\/a><\/p>\n","protected":false},"author":1,"featured_media":0,"comment_status":"open","ping_status":"open","sticky":false,"template":"","format":"standard","meta":{"rop_custom_images_group":[],"rop_custom_messages_group":[],"rop_publish_now":"initial","rop_publish_now_accounts":[],"rop_publish_now_history":[],"rop_publish_now_status":"pending","footnotes":"","jetpack_publicize_message":"","jetpack_publicize_feature_enabled":true,"jetpack_social_post_already_shared":false,"jetpack_social_options":{"image_generator_settings":{"template":"highway","default_image_id":0,"font":"","enabled":false},"version":2}},"categories":[8,40],"tags":[],"class_list":["post-4238","post","type-post","status-publish","format-standard","hentry","category-noticias","category-santiago-del-estero"],"yoast_head":"<!-- This site is optimized with the Yoast SEO plugin v25.6 - https:\/\/yoast.com\/wordpress\/plugins\/seo\/ -->\n<title>C\u00f3mo trabajar\u00e1n los comercios de Santiago durante el feriado del s\u00e1bado 27 de abril - Nativa Info<\/title>\n<meta name=\"robots\" content=\"index, follow, max-snippet:-1, max-image-preview:large, max-video-preview:-1\" \/>\n<link rel=\"canonical\" href=\"https:\/\/nativainfo.com\/?p=4238\" \/>\n<meta property=\"og:locale\" content=\"es_ES\" \/>\n<meta property=\"og:type\" content=\"article\" \/>\n<meta property=\"og:title\" content=\"C\u00f3mo trabajar\u00e1n los comercios de Santiago durante el feriado del s\u00e1bado 27 de abril - Nativa Info\" \/>\n<meta property=\"og:description\" content=\"La C\u00e1mara de Comercio inform\u00f3 sobre la modalidad de trabajo. Como es de p\u00fablico conocimiento, este s\u00e1bado 27 de abril... Continue reading\" \/>\n<meta property=\"og:url\" content=\"https:\/\/nativainfo.com\/?p=4238\" \/>\n<meta property=\"og:site_name\" content=\"Nativa Info\" \/>\n<meta property=\"article:publisher\" content=\"https:\/\/www.facebook.com\/profile.php?id=61578881597564\" \/>\n<meta property=\"article:published_time\" content=\"2024-04-26T02:09:21+00:00\" \/>\n<meta property=\"article:modified_time\" content=\"2024-04-26T02:09:23+00:00\" \/>\n<meta property=\"og:image\" content=\"http:\/\/nativainfo.com\/wp-content\/uploads\/2024\/04\/imagen_2024-04-25_230913266.png\" \/>\n<meta name=\"author\" content=\"Nativa Info\" \/>\n<meta name=\"twitter:card\" content=\"summary_large_image\" \/>\n<meta name=\"twitter:label1\" content=\"Escrito por\" \/>\n\t<meta name=\"twitter:data1\" content=\"Nativa Info\" \/>\n\t<meta name=\"twitter:label2\" content=\"Tiempo de lectura\" \/>\n\t<meta name=\"twitter:data2\" content=\"1 minuto\" \/>\n<script type=\"application\/ld+json\" class=\"yoast-schema-graph\">{\"@context\":\"https:\/\/schema.org\",\"@graph\":[{\"@type\":\"Article\",\"@id\":\"https:\/\/nativainfo.com\/?p=4238#article\",\"isPartOf\":{\"@id\":\"https:\/\/nativainfo.com\/?p=4238\"},\"author\":{\"name\":\"Nativa Info\",\"@id\":\"https:\/\/nativainfo.com\/#\/schema\/person\/24893b64a9cd564ddb5d102d36eb4b5c\"},\"headline\":\"C\u00f3mo trabajar\u00e1n los comercios de Santiago durante el feriado del s\u00e1bado 27 de abril\",\"datePublished\":\"2024-04-26T02:09:21+00:00\",\"dateModified\":\"2024-04-26T02:09:23+00:00\",\"mainEntityOfPage\":{\"@id\":\"https:\/\/nativainfo.com\/?p=4238\"},\"wordCount\":122,\"commentCount\":0,\"publisher\":{\"@id\":\"https:\/\/nativainfo.com\/#organization\"},\"image\":{\"@id\":\"https:\/\/nativainfo.com\/?p=4238#primaryimage\"},\"thumbnailUrl\":\"http:\/\/nativainfo.com\/wp-content\/uploads\/2024\/04\/imagen_2024-04-25_230913266.png\",\"articleSection\":[\"Noticias\",\"Santiago del Estero\"],\"inLanguage\":\"es-AR\",\"potentialAction\":[{\"@type\":\"CommentAction\",\"name\":\"Comment\",\"target\":[\"https:\/\/nativainfo.com\/?p=4238#respond\"]}]},{\"@type\":\"WebPage\",\"@id\":\"https:\/\/nativainfo.com\/?p=4238\",\"url\":\"https:\/\/nativainfo.com\/?p=4238\",\"name\":\"C\u00f3mo trabajar\u00e1n los comercios de Santiago durante el feriado del s\u00e1bado 27 de abril - Nativa Info\",\"isPartOf\":{\"@id\":\"https:\/\/nativainfo.com\/#website\"},\"primaryImageOfPage\":{\"@id\":\"https:\/\/nativainfo.com\/?p=4238#primaryimage\"},\"image\":{\"@id\":\"https:\/\/nativainfo.com\/?p=4238#primaryimage\"},\"thumbnailUrl\":\"http:\/\/nativainfo.com\/wp-content\/uploads\/2024\/04\/imagen_2024-04-25_230913266.png\",\"datePublished\":\"2024-04-26T02:09:21+00:00\",\"dateModified\":\"2024-04-26T02:09:23+00:00\",\"breadcrumb\":{\"@id\":\"https:\/\/nativainfo.com\/?p=4238#breadcrumb\"},\"inLanguage\":\"es-AR\",\"potentialAction\":[{\"@type\":\"ReadAction\",\"target\":[\"https:\/\/nativainfo.com\/?p=4238\"]}]},{\"@type\":\"ImageObject\",\"inLanguage\":\"es-AR\",\"@id\":\"https:\/\/nativainfo.com\/?p=4238#primaryimage\",\"url\":\"https:\/\/nativainfo.com\/wp-content\/uploads\/2024\/04\/imagen_2024-04-25_230913266.png\",\"contentUrl\":\"https:\/\/nativainfo.com\/wp-content\/uploads\/2024\/04\/imagen_2024-04-25_230913266.png\",\"width\":1000,\"height\":1000},{\"@type\":\"BreadcrumbList\",\"@id\":\"https:\/\/nativainfo.com\/?p=4238#breadcrumb\",\"itemListElement\":[{\"@type\":\"ListItem\",\"position\":1,\"name\":\"Inicio\",\"item\":\"https:\/\/nativainfo.com\/\"},{\"@type\":\"ListItem\",\"position\":2,\"name\":\"C\u00f3mo trabajar\u00e1n los comercios de Santiago durante el feriado del s\u00e1bado 27 de abril\"}]},{\"@type\":\"WebSite\",\"@id\":\"https:\/\/nativainfo.com\/#website\",\"url\":\"https:\/\/nativainfo.com\/\",\"name\":\"Nativa Info\",\"description\":\"Diario Digital\",\"publisher\":{\"@id\":\"https:\/\/nativainfo.com\/#organization\"},\"potentialAction\":[{\"@type\":\"SearchAction\",\"target\":{\"@type\":\"EntryPoint\",\"urlTemplate\":\"https:\/\/nativainfo.com\/?s={search_term_string}\"},\"query-input\":{\"@type\":\"PropertyValueSpecification\",\"valueRequired\":true,\"valueName\":\"search_term_string\"}}],\"inLanguage\":\"es-AR\"},{\"@type\":\"Organization\",\"@id\":\"https:\/\/nativainfo.com\/#organization\",\"name\":\"Nativa Info\",\"url\":\"https:\/\/nativainfo.com\/\",\"logo\":{\"@type\":\"ImageObject\",\"inLanguage\":\"es-AR\",\"@id\":\"https:\/\/nativainfo.com\/#\/schema\/logo\/image\/\",\"url\":\"https:\/\/nativainfo.com\/wp-content\/uploads\/2025\/08\/LOGO-NATIVA-FACE.jpg\",\"contentUrl\":\"https:\/\/nativainfo.com\/wp-content\/uploads\/2025\/08\/LOGO-NATIVA-FACE.jpg\",\"width\":400,\"height\":400,\"caption\":\"Nativa Info\"},\"image\":{\"@id\":\"https:\/\/nativainfo.com\/#\/schema\/logo\/image\/\"},\"sameAs\":[\"https:\/\/www.facebook.com\/profile.php?id=61578881597564\"]},{\"@type\":\"Person\",\"@id\":\"https:\/\/nativainfo.com\/#\/schema\/person\/24893b64a9cd564ddb5d102d36eb4b5c\",\"name\":\"Nativa Info\",\"image\":{\"@type\":\"ImageObject\",\"inLanguage\":\"es-AR\",\"@id\":\"https:\/\/nativainfo.com\/#\/schema\/person\/image\/\",\"url\":\"https:\/\/secure.gravatar.com\/avatar\/016fa1cf068d85136d938e1507b9b619cb766e2565cbb1faa1e571762460c785?s=96&d=mm&r=g\",\"contentUrl\":\"https:\/\/secure.gravatar.com\/avatar\/016fa1cf068d85136d938e1507b9b619cb766e2565cbb1faa1e571762460c785?s=96&d=mm&r=g\",\"caption\":\"Nativa Info\"},\"sameAs\":[\"http:\/\/nativainfo.com\"],\"url\":\"https:\/\/nativainfo.com\/?author=1\"}]}<\/script>\n<!-- \/ Yoast SEO plugin. -->","yoast_head_json":{"title":"C\u00f3mo trabajar\u00e1n los comercios de Santiago durante el feriado del s\u00e1bado 27 de abril - Nativa Info","robots":{"index":"index","follow":"follow","max-snippet":"max-snippet:-1","max-image-preview":"max-image-preview:large","max-video-preview":"max-video-preview:-1"},"canonical":"https:\/\/nativainfo.com\/?p=4238","og_locale":"es_ES","og_type":"article","og_title":"C\u00f3mo trabajar\u00e1n los comercios de Santiago durante el feriado del s\u00e1bado 27 de abril - Nativa Info","og_description":"La C\u00e1mara de Comercio inform\u00f3 sobre la modalidad de trabajo. Como es de p\u00fablico conocimiento, este s\u00e1bado 27 de abril... Continue reading","og_url":"https:\/\/nativainfo.com\/?p=4238","og_site_name":"Nativa Info","article_publisher":"https:\/\/www.facebook.com\/profile.php?id=61578881597564","article_published_time":"2024-04-26T02:09:21+00:00","article_modified_time":"2024-04-26T02:09:23+00:00","og_image":[{"url":"http:\/\/nativainfo.com\/wp-content\/uploads\/2024\/04\/imagen_2024-04-25_230913266.png","type":"","width":"","height":""}],"author":"Nativa Info","twitter_card":"summary_large_image","twitter_misc":{"Escrito por":"Nativa Info","Tiempo de lectura":"1 minuto"},"schema":{"@context":"https:\/\/schema.org","@graph":[{"@type":"Article","@id":"https:\/\/nativainfo.com\/?p=4238#article","isPartOf":{"@id":"https:\/\/nativainfo.com\/?p=4238"},"author":{"name":"Nativa Info","@id":"https:\/\/nativainfo.com\/#\/schema\/person\/24893b64a9cd564ddb5d102d36eb4b5c"},"headline":"C\u00f3mo trabajar\u00e1n los comercios de Santiago durante el feriado del s\u00e1bado 27 de abril","datePublished":"2024-04-26T02:09:21+00:00","dateModified":"2024-04-26T02:09:23+00:00","mainEntityOfPage":{"@id":"https:\/\/nativainfo.com\/?p=4238"},"wordCount":122,"commentCount":0,"publisher":{"@id":"https:\/\/nativainfo.com\/#organization"},"image":{"@id":"https:\/\/nativainfo.com\/?p=4238#primaryimage"},"thumbnailUrl":"http:\/\/nativainfo.com\/wp-content\/uploads\/2024\/04\/imagen_2024-04-25_230913266.png","articleSection":["Noticias","Santiago del Estero"],"inLanguage":"es-AR","potentialAction":[{"@type":"CommentAction","name":"Comment","target":["https:\/\/nativainfo.com\/?p=4238#respond"]}]},{"@type":"WebPage","@id":"https:\/\/nativainfo.com\/?p=4238","url":"https:\/\/nativainfo.com\/?p=4238","name":"C\u00f3mo trabajar\u00e1n los comercios de Santiago durante el feriado del s\u00e1bado 27 de abril - Nativa Info","isPartOf":{"@id":"https:\/\/nativainfo.com\/#website"},"primaryImageOfPage":{"@id":"https:\/\/nativainfo.com\/?p=4238#primaryimage"},"image":{"@id":"https:\/\/nativainfo.com\/?p=4238#primaryimage"},"thumbnailUrl":"http:\/\/nativainfo.com\/wp-content\/uploads\/2024\/04\/imagen_2024-04-25_230913266.png","datePublished":"2024-04-26T02:09:21+00:00","dateModified":"2024-04-26T02:09:23+00:00","breadcrumb":{"@id":"https:\/\/nativainfo.com\/?p=4238#breadcrumb"},"inLanguage":"es-AR","potentialAction":[{"@type":"ReadAction","target":["https:\/\/nativainfo.com\/?p=4238"]}]},{"@type":"ImageObject","inLanguage":"es-AR","@id":"https:\/\/nativainfo.com\/?p=4238#primaryimage","url":"https:\/\/nativainfo.com\/wp-content\/uploads\/2024\/04\/imagen_2024-04-25_230913266.png","contentUrl":"https:\/\/nativainfo.com\/wp-content\/uploads\/2024\/04\/imagen_2024-04-25_230913266.png","width":1000,"height":1000},{"@type":"BreadcrumbList","@id":"https:\/\/nativainfo.com\/?p=4238#breadcrumb","itemListElement":[{"@type":"ListItem","position":1,"name":"Inicio","item":"https:\/\/nativainfo.com\/"},{"@type":"ListItem","position":2,"name":"C\u00f3mo trabajar\u00e1n los comercios de Santiago durante el feriado del s\u00e1bado 27 de abril"}]},{"@type":"WebSite","@id":"https:\/\/nativainfo.com\/#website","url":"https:\/\/nativainfo.com\/","name":"Nativa Info","description":"Diario Digital","publisher":{"@id":"https:\/\/nativainfo.com\/#organization"},"potentialAction":[{"@type":"SearchAction","target":{"@type":"EntryPoint","urlTemplate":"https:\/\/nativainfo.com\/?s={search_term_string}"},"query-input":{"@type":"PropertyValueSpecification","valueRequired":true,"valueName":"search_term_string"}}],"inLanguage":"es-AR"},{"@type":"Organization","@id":"https:\/\/nativainfo.com\/#organization","name":"Nativa Info","url":"https:\/\/nativainfo.com\/","logo":{"@type":"ImageObject","inLanguage":"es-AR","@id":"https:\/\/nativainfo.com\/#\/schema\/logo\/image\/","url":"https:\/\/nativainfo.com\/wp-content\/uploads\/2025\/08\/LOGO-NATIVA-FACE.jpg","contentUrl":"https:\/\/nativainfo.com\/wp-content\/uploads\/2025\/08\/LOGO-NATIVA-FACE.jpg","width":400,"height":400,"caption":"Nativa Info"},"image":{"@id":"https:\/\/nativainfo.com\/#\/schema\/logo\/image\/"},"sameAs":["https:\/\/www.facebook.com\/profile.php?id=61578881597564"]},{"@type":"Person","@id":"https:\/\/nativainfo.com\/#\/schema\/person\/24893b64a9cd564ddb5d102d36eb4b5c","name":"Nativa Info","image":{"@type":"ImageObject","inLanguage":"es-AR","@id":"https:\/\/nativainfo.com\/#\/schema\/person\/image\/","url":"https:\/\/secure.gravatar.com\/avatar\/016fa1cf068d85136d938e1507b9b619cb766e2565cbb1faa1e571762460c785?s=96&d=mm&r=g","contentUrl":"https:\/\/secure.gravatar.com\/avatar\/016fa1cf068d85136d938e1507b9b619cb766e2565cbb1faa1e571762460c785?s=96&d=mm&r=g","caption":"Nativa Info"},"sameAs":["http:\/\/nativainfo.com"],"url":"https:\/\/nativainfo.com\/?author=1"}]}},"jetpack_publicize_connections":[],"_links":{"self":[{"href":"https:\/\/nativainfo.com\/index.php?rest_route=\/wp\/v2\/posts\/4238","targetHints":{"allow":["GET"]}}],"collection":[{"href":"https:\/\/nativainfo.com\/index.php?rest_route=\/wp\/v2\/posts"}],"about":[{"href":"https:\/\/nativainfo.com\/index.php?rest_route=\/wp\/v2\/types\/post"}],"author":[{"embeddable":true,"href":"https:\/\/nativainfo.com\/index.php?rest_route=\/wp\/v2\/users\/1"}],"replies":[{"embeddable":true,"href":"https:\/\/nativainfo.com\/index.php?rest_route=%2Fwp%2Fv2%2Fcomments&post=4238"}],"version-history":[{"count":1,"href":"https:\/\/nativainfo.com\/index.php?rest_route=\/wp\/v2\/posts\/4238\/revisions"}],"predecessor-version":[{"id":4242,"href":"https:\/\/nativainfo.com\/index.php?rest_route=\/wp\/v2\/posts\/4238\/revisions\/4242"}],"wp:attachment":[{"href":"https:\/\/nativainfo.com\/index.php?rest_route=%2Fwp%2Fv2%2Fmedia&parent=4238"}],"wp:term":[{"taxonomy":"category","embeddable":true,"href":"https:\/\/nativainfo.com\/index.php?rest_route=%2Fwp%2Fv2%2Fcategories&post=4238"},{"taxonomy":"post_tag","embeddable":true,"href":"https:\/\/nativainfo.com\/index.php?rest_route=%2Fwp%2Fv2%2Ftags&post=4238"}],"curies":[{"name":"wp","href":"https:\/\/api.w.org\/{rel}","templated":true}]}}