{"id":4233,"date":"2024-04-23T23:20:25","date_gmt":"2024-04-24T02:20:25","guid":{"rendered":"http:\/\/nativainfo.com\/?p=4233"},"modified":"2024-04-23T23:20:26","modified_gmt":"2024-04-24T02:20:26","slug":"con-masiva-convocatoria-santiago-del-estero-marcho-en-defensa-de-las-universidades-nacionales-y-la-educacion-publica","status":"publish","type":"post","link":"https:\/\/nativainfo.com\/?p=4233","title":{"rendered":"Con masiva convocatoria, Santiago del Estero march\u00f3 en defensa de las universidades nacionales y la educaci\u00f3n p\u00fablica"},"content":{"rendered":"\n<p>Se trat\u00f3 de una convocatoria que abarc\u00f3 a todo el pa\u00eds y tuvo como objetivo visibilizar la dif\u00edcil situaci\u00f3n que enfrentan las instituciones educativas, ante la falta de presupuesto y las pol\u00edticas de ajuste de Javier Milei.<\/p>\n\n\n\n<figure class=\"wp-block-image size-large\"><img fetchpriority=\"high\" decoding=\"async\" width=\"1010\" height=\"567\" src=\"http:\/\/nativainfo.com\/wp-content\/uploads\/2024\/04\/imagen_2024-04-23_232017537.png\" alt=\"\" class=\"wp-image-4236\" srcset=\"https:\/\/nativainfo.com\/wp-content\/uploads\/2024\/04\/imagen_2024-04-23_232017537.png 1010w, https:\/\/nativainfo.com\/wp-content\/uploads\/2024\/04\/imagen_2024-04-23_232017537-300x168.png 300w, https:\/\/nativainfo.com\/wp-content\/uploads\/2024\/04\/imagen_2024-04-23_232017537-768x431.png 768w, https:\/\/nativainfo.com\/wp-content\/uploads\/2024\/04\/imagen_2024-04-23_232017537-623x350.png 623w, https:\/\/nativainfo.com\/wp-content\/uploads\/2024\/04\/imagen_2024-04-23_232017537-150x84.png 150w\" sizes=\"(max-width: 1010px) 100vw, 1010px\" \/><\/figure>\n\n\n\n<p>A ra\u00edz de la convocatoria a nivel nacional para marchar, este martes, en\u00a0<strong>defensa de las universidades nacionales de todo el pa\u00eds y de la educaci\u00f3n p\u00fablica<\/strong>, miembros de la asamblea de la UNSE expresaron en la previa:\u00a0<em><strong>&#8220;No es solamente un pedido de presupuesto, sino que est\u00e1 corriendo un peligro del derecho a acceder a la educaci\u00f3n p\u00fablica, los sectores populares y los que somos primera generaci\u00f3n en la universidad para acceder a un t\u00edtulo&#8221;.<\/strong><\/em><\/p>\n\n\n\n<p>La marcha comenz\u00f3 con la lectura de documentos que describen la situaci\u00f3n actual que atraviesan todas las universidades p\u00fablicas en el pa\u00eds. La medida empez\u00f3 con un\u00a0<strong>ruidazo\u00a0<\/strong>en la sede central de la UNSE, luego emprender camino por avenida Belgrano y marchar hacia la plaza Libertad,\u00a0hasta rodearla\u00a0por las calles Independencia y Avellaneda, y culmin\u00f3 en la retreta.<\/p>\n","protected":false},"excerpt":{"rendered":"<p>Se trat\u00f3 de una convocatoria que abarc\u00f3 a todo el pa\u00eds y tuvo como objetivo visibilizar la dif\u00edcil situaci\u00f3n que&#8230; <a class=\"continue-reading-link\" href=\"https:\/\/nativainfo.com\/?p=4233\">Continue reading<\/a><\/p>\n","protected":false},"author":1,"featured_media":0,"comment_status":"open","ping_status":"open","sticky":false,"template":"","format":"standard","meta":{"rop_custom_images_group":[],"rop_custom_messages_group":[],"rop_publish_now":"initial","rop_publish_now_accounts":[],"rop_publish_now_history":[],"rop_publish_now_status":"pending","footnotes":"","jetpack_publicize_message":"","jetpack_publicize_feature_enabled":true,"jetpack_social_post_already_shared":false,"jetpack_social_options":{"image_generator_settings":{"template":"highway","default_image_id":0,"font":"","enabled":false},"version":2}},"categories":[24,46],"tags":[],"class_list":["post-4233","post","type-post","status-publish","format-standard","hentry","category-educacion","category-seleccion-argentina"],"yoast_head":"<!-- This site is optimized with the Yoast SEO plugin v25.6 - https:\/\/yoast.com\/wordpress\/plugins\/seo\/ -->\n<title>Con masiva convocatoria, Santiago del Estero march\u00f3 en defensa de las universidades nacionales y la educaci\u00f3n p\u00fablica - Nativa Info<\/title>\n<meta name=\"robots\" content=\"index, follow, max-snippet:-1, max-image-preview:large, max-video-preview:-1\" \/>\n<link rel=\"canonical\" href=\"https:\/\/nativainfo.com\/?p=4233\" \/>\n<meta property=\"og:locale\" content=\"es_ES\" \/>\n<meta property=\"og:type\" content=\"article\" \/>\n<meta property=\"og:title\" content=\"Con masiva convocatoria, Santiago del Estero march\u00f3 en defensa de las universidades nacionales y la educaci\u00f3n p\u00fablica - Nativa Info\" \/>\n<meta property=\"og:description\" content=\"Se trat\u00f3 de una convocatoria que abarc\u00f3 a todo el pa\u00eds y tuvo como objetivo visibilizar la dif\u00edcil situaci\u00f3n que... Continue reading\" \/>\n<meta property=\"og:url\" content=\"https:\/\/nativainfo.com\/?p=4233\" \/>\n<meta property=\"og:site_name\" content=\"Nativa Info\" \/>\n<meta property=\"article:publisher\" content=\"https:\/\/www.facebook.com\/profile.php?id=61578881597564\" \/>\n<meta property=\"article:published_time\" content=\"2024-04-24T02:20:25+00:00\" \/>\n<meta property=\"article:modified_time\" content=\"2024-04-24T02:20:26+00:00\" \/>\n<meta property=\"og:image\" content=\"http:\/\/nativainfo.com\/wp-content\/uploads\/2024\/04\/imagen_2024-04-23_232017537.png\" \/>\n<meta name=\"author\" content=\"Nativa Info\" \/>\n<meta name=\"twitter:card\" content=\"summary_large_image\" \/>\n<meta name=\"twitter:label1\" content=\"Escrito por\" \/>\n\t<meta name=\"twitter:data1\" content=\"Nativa Info\" \/>\n\t<meta name=\"twitter:label2\" content=\"Tiempo de lectura\" \/>\n\t<meta name=\"twitter:data2\" content=\"1 minuto\" \/>\n<script type=\"application\/ld+json\" class=\"yoast-schema-graph\">{\"@context\":\"https:\/\/schema.org\",\"@graph\":[{\"@type\":\"Article\",\"@id\":\"https:\/\/nativainfo.com\/?p=4233#article\",\"isPartOf\":{\"@id\":\"https:\/\/nativainfo.com\/?p=4233\"},\"author\":{\"name\":\"Nativa Info\",\"@id\":\"https:\/\/nativainfo.com\/#\/schema\/person\/24893b64a9cd564ddb5d102d36eb4b5c\"},\"headline\":\"Con masiva convocatoria, Santiago del Estero march\u00f3 en defensa de las universidades nacionales y la educaci\u00f3n p\u00fablica\",\"datePublished\":\"2024-04-24T02:20:25+00:00\",\"dateModified\":\"2024-04-24T02:20:26+00:00\",\"mainEntityOfPage\":{\"@id\":\"https:\/\/nativainfo.com\/?p=4233\"},\"wordCount\":207,\"commentCount\":0,\"publisher\":{\"@id\":\"https:\/\/nativainfo.com\/#organization\"},\"image\":{\"@id\":\"https:\/\/nativainfo.com\/?p=4233#primaryimage\"},\"thumbnailUrl\":\"http:\/\/nativainfo.com\/wp-content\/uploads\/2024\/04\/imagen_2024-04-23_232017537.png\",\"articleSection\":[\"Educaci\u00f3n\",\"Selecci\u00f3n Argentina\"],\"inLanguage\":\"es-AR\",\"potentialAction\":[{\"@type\":\"CommentAction\",\"name\":\"Comment\",\"target\":[\"https:\/\/nativainfo.com\/?p=4233#respond\"]}]},{\"@type\":\"WebPage\",\"@id\":\"https:\/\/nativainfo.com\/?p=4233\",\"url\":\"https:\/\/nativainfo.com\/?p=4233\",\"name\":\"Con masiva convocatoria, Santiago del Estero march\u00f3 en defensa de las universidades nacionales y la educaci\u00f3n p\u00fablica - Nativa Info\",\"isPartOf\":{\"@id\":\"https:\/\/nativainfo.com\/#website\"},\"primaryImageOfPage\":{\"@id\":\"https:\/\/nativainfo.com\/?p=4233#primaryimage\"},\"image\":{\"@id\":\"https:\/\/nativainfo.com\/?p=4233#primaryimage\"},\"thumbnailUrl\":\"http:\/\/nativainfo.com\/wp-content\/uploads\/2024\/04\/imagen_2024-04-23_232017537.png\",\"datePublished\":\"2024-04-24T02:20:25+00:00\",\"dateModified\":\"2024-04-24T02:20:26+00:00\",\"breadcrumb\":{\"@id\":\"https:\/\/nativainfo.com\/?p=4233#breadcrumb\"},\"inLanguage\":\"es-AR\",\"potentialAction\":[{\"@type\":\"ReadAction\",\"target\":[\"https:\/\/nativainfo.com\/?p=4233\"]}]},{\"@type\":\"ImageObject\",\"inLanguage\":\"es-AR\",\"@id\":\"https:\/\/nativainfo.com\/?p=4233#primaryimage\",\"url\":\"https:\/\/nativainfo.com\/wp-content\/uploads\/2024\/04\/imagen_2024-04-23_232017537.png\",\"contentUrl\":\"https:\/\/nativainfo.com\/wp-content\/uploads\/2024\/04\/imagen_2024-04-23_232017537.png\",\"width\":1010,\"height\":567},{\"@type\":\"BreadcrumbList\",\"@id\":\"https:\/\/nativainfo.com\/?p=4233#breadcrumb\",\"itemListElement\":[{\"@type\":\"ListItem\",\"position\":1,\"name\":\"Inicio\",\"item\":\"https:\/\/nativainfo.com\/\"},{\"@type\":\"ListItem\",\"position\":2,\"name\":\"Con masiva convocatoria, Santiago del Estero march\u00f3 en defensa de las universidades nacionales y la educaci\u00f3n p\u00fablica\"}]},{\"@type\":\"WebSite\",\"@id\":\"https:\/\/nativainfo.com\/#website\",\"url\":\"https:\/\/nativainfo.com\/\",\"name\":\"Nativa Info\",\"description\":\"Diario Digital\",\"publisher\":{\"@id\":\"https:\/\/nativainfo.com\/#organization\"},\"potentialAction\":[{\"@type\":\"SearchAction\",\"target\":{\"@type\":\"EntryPoint\",\"urlTemplate\":\"https:\/\/nativainfo.com\/?s={search_term_string}\"},\"query-input\":{\"@type\":\"PropertyValueSpecification\",\"valueRequired\":true,\"valueName\":\"search_term_string\"}}],\"inLanguage\":\"es-AR\"},{\"@type\":\"Organization\",\"@id\":\"https:\/\/nativainfo.com\/#organization\",\"name\":\"Nativa Info\",\"url\":\"https:\/\/nativainfo.com\/\",\"logo\":{\"@type\":\"ImageObject\",\"inLanguage\":\"es-AR\",\"@id\":\"https:\/\/nativainfo.com\/#\/schema\/logo\/image\/\",\"url\":\"https:\/\/nativainfo.com\/wp-content\/uploads\/2025\/08\/LOGO-NATIVA-FACE.jpg\",\"contentUrl\":\"https:\/\/nativainfo.com\/wp-content\/uploads\/2025\/08\/LOGO-NATIVA-FACE.jpg\",\"width\":400,\"height\":400,\"caption\":\"Nativa Info\"},\"image\":{\"@id\":\"https:\/\/nativainfo.com\/#\/schema\/logo\/image\/\"},\"sameAs\":[\"https:\/\/www.facebook.com\/profile.php?id=61578881597564\"]},{\"@type\":\"Person\",\"@id\":\"https:\/\/nativainfo.com\/#\/schema\/person\/24893b64a9cd564ddb5d102d36eb4b5c\",\"name\":\"Nativa Info\",\"image\":{\"@type\":\"ImageObject\",\"inLanguage\":\"es-AR\",\"@id\":\"https:\/\/nativainfo.com\/#\/schema\/person\/image\/\",\"url\":\"https:\/\/secure.gravatar.com\/avatar\/016fa1cf068d85136d938e1507b9b619cb766e2565cbb1faa1e571762460c785?s=96&d=mm&r=g\",\"contentUrl\":\"https:\/\/secure.gravatar.com\/avatar\/016fa1cf068d85136d938e1507b9b619cb766e2565cbb1faa1e571762460c785?s=96&d=mm&r=g\",\"caption\":\"Nativa Info\"},\"sameAs\":[\"http:\/\/nativainfo.com\"],\"url\":\"https:\/\/nativainfo.com\/?author=1\"}]}<\/script>\n<!-- \/ Yoast SEO plugin. -->","yoast_head_json":{"title":"Con masiva convocatoria, Santiago del Estero march\u00f3 en defensa de las universidades nacionales y la educaci\u00f3n p\u00fablica - Nativa Info","robots":{"index":"index","follow":"follow","max-snippet":"max-snippet:-1","max-image-preview":"max-image-preview:large","max-video-preview":"max-video-preview:-1"},"canonical":"https:\/\/nativainfo.com\/?p=4233","og_locale":"es_ES","og_type":"article","og_title":"Con masiva convocatoria, Santiago del Estero march\u00f3 en defensa de las universidades nacionales y la educaci\u00f3n p\u00fablica - Nativa Info","og_description":"Se trat\u00f3 de una convocatoria que abarc\u00f3 a todo el pa\u00eds y tuvo como objetivo visibilizar la dif\u00edcil situaci\u00f3n que... Continue reading","og_url":"https:\/\/nativainfo.com\/?p=4233","og_site_name":"Nativa Info","article_publisher":"https:\/\/www.facebook.com\/profile.php?id=61578881597564","article_published_time":"2024-04-24T02:20:25+00:00","article_modified_time":"2024-04-24T02:20:26+00:00","og_image":[{"url":"http:\/\/nativainfo.com\/wp-content\/uploads\/2024\/04\/imagen_2024-04-23_232017537.png","type":"","width":"","height":""}],"author":"Nativa Info","twitter_card":"summary_large_image","twitter_misc":{"Escrito por":"Nativa Info","Tiempo de lectura":"1 minuto"},"schema":{"@context":"https:\/\/schema.org","@graph":[{"@type":"Article","@id":"https:\/\/nativainfo.com\/?p=4233#article","isPartOf":{"@id":"https:\/\/nativainfo.com\/?p=4233"},"author":{"name":"Nativa Info","@id":"https:\/\/nativainfo.com\/#\/schema\/person\/24893b64a9cd564ddb5d102d36eb4b5c"},"headline":"Con masiva convocatoria, Santiago del Estero march\u00f3 en defensa de las universidades nacionales y la educaci\u00f3n p\u00fablica","datePublished":"2024-04-24T02:20:25+00:00","dateModified":"2024-04-24T02:20:26+00:00","mainEntityOfPage":{"@id":"https:\/\/nativainfo.com\/?p=4233"},"wordCount":207,"commentCount":0,"publisher":{"@id":"https:\/\/nativainfo.com\/#organization"},"image":{"@id":"https:\/\/nativainfo.com\/?p=4233#primaryimage"},"thumbnailUrl":"http:\/\/nativainfo.com\/wp-content\/uploads\/2024\/04\/imagen_2024-04-23_232017537.png","articleSection":["Educaci\u00f3n","Selecci\u00f3n Argentina"],"inLanguage":"es-AR","potentialAction":[{"@type":"CommentAction","name":"Comment","target":["https:\/\/nativainfo.com\/?p=4233#respond"]}]},{"@type":"WebPage","@id":"https:\/\/nativainfo.com\/?p=4233","url":"https:\/\/nativainfo.com\/?p=4233","name":"Con masiva convocatoria, Santiago del Estero march\u00f3 en defensa de las universidades nacionales y la educaci\u00f3n p\u00fablica - Nativa Info","isPartOf":{"@id":"https:\/\/nativainfo.com\/#website"},"primaryImageOfPage":{"@id":"https:\/\/nativainfo.com\/?p=4233#primaryimage"},"image":{"@id":"https:\/\/nativainfo.com\/?p=4233#primaryimage"},"thumbnailUrl":"http:\/\/nativainfo.com\/wp-content\/uploads\/2024\/04\/imagen_2024-04-23_232017537.png","datePublished":"2024-04-24T02:20:25+00:00","dateModified":"2024-04-24T02:20:26+00:00","breadcrumb":{"@id":"https:\/\/nativainfo.com\/?p=4233#breadcrumb"},"inLanguage":"es-AR","potentialAction":[{"@type":"ReadAction","target":["https:\/\/nativainfo.com\/?p=4233"]}]},{"@type":"ImageObject","inLanguage":"es-AR","@id":"https:\/\/nativainfo.com\/?p=4233#primaryimage","url":"https:\/\/nativainfo.com\/wp-content\/uploads\/2024\/04\/imagen_2024-04-23_232017537.png","contentUrl":"https:\/\/nativainfo.com\/wp-content\/uploads\/2024\/04\/imagen_2024-04-23_232017537.png","width":1010,"height":567},{"@type":"BreadcrumbList","@id":"https:\/\/nativainfo.com\/?p=4233#breadcrumb","itemListElement":[{"@type":"ListItem","position":1,"name":"Inicio","item":"https:\/\/nativainfo.com\/"},{"@type":"ListItem","position":2,"name":"Con masiva convocatoria, Santiago del Estero march\u00f3 en defensa de las universidades nacionales y la educaci\u00f3n p\u00fablica"}]},{"@type":"WebSite","@id":"https:\/\/nativainfo.com\/#website","url":"https:\/\/nativainfo.com\/","name":"Nativa Info","description":"Diario Digital","publisher":{"@id":"https:\/\/nativainfo.com\/#organization"},"potentialAction":[{"@type":"SearchAction","target":{"@type":"EntryPoint","urlTemplate":"https:\/\/nativainfo.com\/?s={search_term_string}"},"query-input":{"@type":"PropertyValueSpecification","valueRequired":true,"valueName":"search_term_string"}}],"inLanguage":"es-AR"},{"@type":"Organization","@id":"https:\/\/nativainfo.com\/#organization","name":"Nativa Info","url":"https:\/\/nativainfo.com\/","logo":{"@type":"ImageObject","inLanguage":"es-AR","@id":"https:\/\/nativainfo.com\/#\/schema\/logo\/image\/","url":"https:\/\/nativainfo.com\/wp-content\/uploads\/2025\/08\/LOGO-NATIVA-FACE.jpg","contentUrl":"https:\/\/nativainfo.com\/wp-content\/uploads\/2025\/08\/LOGO-NATIVA-FACE.jpg","width":400,"height":400,"caption":"Nativa Info"},"image":{"@id":"https:\/\/nativainfo.com\/#\/schema\/logo\/image\/"},"sameAs":["https:\/\/www.facebook.com\/profile.php?id=61578881597564"]},{"@type":"Person","@id":"https:\/\/nativainfo.com\/#\/schema\/person\/24893b64a9cd564ddb5d102d36eb4b5c","name":"Nativa Info","image":{"@type":"ImageObject","inLanguage":"es-AR","@id":"https:\/\/nativainfo.com\/#\/schema\/person\/image\/","url":"https:\/\/secure.gravatar.com\/avatar\/016fa1cf068d85136d938e1507b9b619cb766e2565cbb1faa1e571762460c785?s=96&d=mm&r=g","contentUrl":"https:\/\/secure.gravatar.com\/avatar\/016fa1cf068d85136d938e1507b9b619cb766e2565cbb1faa1e571762460c785?s=96&d=mm&r=g","caption":"Nativa Info"},"sameAs":["http:\/\/nativainfo.com"],"url":"https:\/\/nativainfo.com\/?author=1"}]}},"jetpack_publicize_connections":[],"_links":{"self":[{"href":"https:\/\/nativainfo.com\/index.php?rest_route=\/wp\/v2\/posts\/4233","targetHints":{"allow":["GET"]}}],"collection":[{"href":"https:\/\/nativainfo.com\/index.php?rest_route=\/wp\/v2\/posts"}],"about":[{"href":"https:\/\/nativainfo.com\/index.php?rest_route=\/wp\/v2\/types\/post"}],"author":[{"embeddable":true,"href":"https:\/\/nativainfo.com\/index.php?rest_route=\/wp\/v2\/users\/1"}],"replies":[{"embeddable":true,"href":"https:\/\/nativainfo.com\/index.php?rest_route=%2Fwp%2Fv2%2Fcomments&post=4233"}],"version-history":[{"count":1,"href":"https:\/\/nativainfo.com\/index.php?rest_route=\/wp\/v2\/posts\/4233\/revisions"}],"predecessor-version":[{"id":4237,"href":"https:\/\/nativainfo.com\/index.php?rest_route=\/wp\/v2\/posts\/4233\/revisions\/4237"}],"wp:attachment":[{"href":"https:\/\/nativainfo.com\/index.php?rest_route=%2Fwp%2Fv2%2Fmedia&parent=4233"}],"wp:term":[{"taxonomy":"category","embeddable":true,"href":"https:\/\/nativainfo.com\/index.php?rest_route=%2Fwp%2Fv2%2Fcategories&post=4233"},{"taxonomy":"post_tag","embeddable":true,"href":"https:\/\/nativainfo.com\/index.php?rest_route=%2Fwp%2Fv2%2Ftags&post=4233"}],"curies":[{"name":"wp","href":"https:\/\/api.w.org\/{rel}","templated":true}]}}