{"id":4225,"date":"2024-04-17T22:53:41","date_gmt":"2024-04-18T01:53:41","guid":{"rendered":"http:\/\/nativainfo.com\/?p=4225"},"modified":"2024-04-17T22:53:42","modified_gmt":"2024-04-18T01:53:42","slug":"el-gobierno-anuncio-que-las-prepagas-van-a-dar-marcha-atras-con-los-aumentos-en-las-cuotas","status":"publish","type":"post","link":"https:\/\/nativainfo.com\/?p=4225","title":{"rendered":"El Gobierno anunci\u00f3 que las prepagas van a dar marcha atr\u00e1s con los aumentos en las cuotas"},"content":{"rendered":"\n<p>As\u00ed lo afirm\u00f3 el vocero presidencial, Manuel Adorni. Afecta a las empresa que concentran casi del 75% de los afiliados. Adem\u00e1s, se present\u00f3 una cautelar ante la Justicia para pedir la devoluci\u00f3n de los montos que se hayan cobrado por encima del IPC medido por el INDEC.<\/p>\n\n\n\n<figure class=\"wp-block-image size-large\"><img fetchpriority=\"high\" decoding=\"async\" width=\"1010\" height=\"567\" src=\"http:\/\/nativainfo.com\/wp-content\/uploads\/2024\/04\/imagen_2024-04-17_225333591.png\" alt=\"\" class=\"wp-image-4227\" srcset=\"https:\/\/nativainfo.com\/wp-content\/uploads\/2024\/04\/imagen_2024-04-17_225333591.png 1010w, https:\/\/nativainfo.com\/wp-content\/uploads\/2024\/04\/imagen_2024-04-17_225333591-300x168.png 300w, https:\/\/nativainfo.com\/wp-content\/uploads\/2024\/04\/imagen_2024-04-17_225333591-768x431.png 768w, https:\/\/nativainfo.com\/wp-content\/uploads\/2024\/04\/imagen_2024-04-17_225333591-623x350.png 623w, https:\/\/nativainfo.com\/wp-content\/uploads\/2024\/04\/imagen_2024-04-17_225333591-150x84.png 150w\" sizes=\"(max-width: 1010px) 100vw, 1010px\" \/><\/figure>\n\n\n\n<p>El&nbsp;<strong>Gobierno de&nbsp;<\/strong><strong>Javier Milei&nbsp;<\/strong>resolvi\u00f3 que las<strong>&nbsp;empresas de medicina&nbsp;<\/strong><strong>prepaga retrotraigan el valor de las cuota a diciembre<\/strong>&nbsp;y lo ajusten por inflaci\u00f3n. Adem\u00e1s&nbsp;<strong>present\u00f3 una cautelar en la Justicia para que devuelvan lo que hayan cobrado por encima del IPC medido por el Indec<\/strong>&nbsp;desde que se desregul\u00f3 el sistema.<\/p>\n\n\n\n<p><em><strong>&#8220;Por disposici\u00f3n del ministerio de Econom\u00eda un grupo de empresas de medicina privada, que representa casi el 75% de los afiliados van a retrotraer el valor de sus cuotas a diciembre de 2023, ajustada por IPC a partir de all\u00ed&#8221;<\/strong><\/em>, afirm\u00f3 el vocero presidencial&nbsp;<strong>Manuel Adorni<\/strong>.<\/p>\n\n\n\n<p><em>&#8220;Deber\u00e1n aplicar como m\u00e1ximo este \u00edndice de precios al consumidor para aplicar las cuotas por estos seis meses, es el resultado de tutela anticipada de una denuncia por presunta cartelizaci\u00f3n&#8221;<\/em>, agreg\u00f3 y plante\u00f3 que&nbsp;<em><strong>&#8220;el gobierno del presidente Javier Milei no va a convalidar maniobras especulativas bajo ning\u00fan punto de vista, la Argentina de la avivada se termin\u00f3 el 10 de diciembre&#8221;<\/strong><\/em>.<\/p>\n\n\n\n<p>El portavoz agreg\u00f3 que&nbsp;<strong>la Superintendencia de Servicios de Salud present\u00f3&nbsp;<em>&#8220;una cautelar ante la Justicia para obligar a las empresas que concentran el 90% a retrotraer y devolver el monto por encima de la inflaci\u00f3n que cobraron desde diciembre hasta la fecha<\/em><\/strong><em>&#8220;<\/em>. Aclar\u00f3 que el organismo&nbsp;<em>&#8220;no controla precios. pero s\u00ed busca garantizar la libre competencia y libertad de elegir en beneficio de los argentinos&#8221;<\/em>.<\/p>\n","protected":false},"excerpt":{"rendered":"<p>As\u00ed lo afirm\u00f3 el vocero presidencial, Manuel Adorni. Afecta a las empresa que concentran casi del 75% de los afiliados&#8230;. <a class=\"continue-reading-link\" href=\"https:\/\/nativainfo.com\/?p=4225\">Continue reading<\/a><\/p>\n","protected":false},"author":1,"featured_media":0,"comment_status":"open","ping_status":"open","sticky":false,"template":"","format":"standard","meta":{"rop_custom_images_group":[],"rop_custom_messages_group":[],"rop_publish_now":"initial","rop_publish_now_accounts":[],"rop_publish_now_history":[],"rop_publish_now_status":"pending","footnotes":"","jetpack_publicize_message":"","jetpack_publicize_feature_enabled":true,"jetpack_social_post_already_shared":false,"jetpack_social_options":{"image_generator_settings":{"template":"highway","default_image_id":0,"font":"","enabled":false},"version":2}},"categories":[8],"tags":[],"class_list":["post-4225","post","type-post","status-publish","format-standard","hentry","category-noticias"],"yoast_head":"<!-- This site is optimized with the Yoast SEO plugin v25.6 - https:\/\/yoast.com\/wordpress\/plugins\/seo\/ -->\n<title>El Gobierno anunci\u00f3 que las prepagas van a dar marcha atr\u00e1s con los aumentos en las cuotas - Nativa Info<\/title>\n<meta name=\"robots\" content=\"index, follow, max-snippet:-1, max-image-preview:large, max-video-preview:-1\" \/>\n<link rel=\"canonical\" href=\"https:\/\/nativainfo.com\/?p=4225\" \/>\n<meta property=\"og:locale\" content=\"es_ES\" \/>\n<meta property=\"og:type\" content=\"article\" \/>\n<meta property=\"og:title\" content=\"El Gobierno anunci\u00f3 que las prepagas van a dar marcha atr\u00e1s con los aumentos en las cuotas - Nativa Info\" \/>\n<meta property=\"og:description\" content=\"As\u00ed lo afirm\u00f3 el vocero presidencial, Manuel Adorni. Afecta a las empresa que concentran casi del 75% de los afiliados.... Continue reading\" \/>\n<meta property=\"og:url\" content=\"https:\/\/nativainfo.com\/?p=4225\" \/>\n<meta property=\"og:site_name\" content=\"Nativa Info\" \/>\n<meta property=\"article:publisher\" content=\"https:\/\/www.facebook.com\/profile.php?id=61578881597564\" \/>\n<meta property=\"article:published_time\" content=\"2024-04-18T01:53:41+00:00\" \/>\n<meta property=\"article:modified_time\" content=\"2024-04-18T01:53:42+00:00\" \/>\n<meta property=\"og:image\" content=\"http:\/\/nativainfo.com\/wp-content\/uploads\/2024\/04\/imagen_2024-04-17_225333591.png\" \/>\n<meta name=\"author\" content=\"Nativa Info\" \/>\n<meta name=\"twitter:card\" content=\"summary_large_image\" \/>\n<meta name=\"twitter:label1\" content=\"Escrito por\" \/>\n\t<meta name=\"twitter:data1\" content=\"Nativa Info\" \/>\n\t<meta name=\"twitter:label2\" content=\"Tiempo de lectura\" \/>\n\t<meta name=\"twitter:data2\" content=\"1 minuto\" \/>\n<script type=\"application\/ld+json\" class=\"yoast-schema-graph\">{\"@context\":\"https:\/\/schema.org\",\"@graph\":[{\"@type\":\"Article\",\"@id\":\"https:\/\/nativainfo.com\/?p=4225#article\",\"isPartOf\":{\"@id\":\"https:\/\/nativainfo.com\/?p=4225\"},\"author\":{\"name\":\"Nativa Info\",\"@id\":\"https:\/\/nativainfo.com\/#\/schema\/person\/24893b64a9cd564ddb5d102d36eb4b5c\"},\"headline\":\"El Gobierno anunci\u00f3 que las prepagas van a dar marcha atr\u00e1s con los aumentos en las cuotas\",\"datePublished\":\"2024-04-18T01:53:41+00:00\",\"dateModified\":\"2024-04-18T01:53:42+00:00\",\"mainEntityOfPage\":{\"@id\":\"https:\/\/nativainfo.com\/?p=4225\"},\"wordCount\":311,\"commentCount\":0,\"publisher\":{\"@id\":\"https:\/\/nativainfo.com\/#organization\"},\"image\":{\"@id\":\"https:\/\/nativainfo.com\/?p=4225#primaryimage\"},\"thumbnailUrl\":\"http:\/\/nativainfo.com\/wp-content\/uploads\/2024\/04\/imagen_2024-04-17_225333591.png\",\"articleSection\":[\"Noticias\"],\"inLanguage\":\"es-AR\",\"potentialAction\":[{\"@type\":\"CommentAction\",\"name\":\"Comment\",\"target\":[\"https:\/\/nativainfo.com\/?p=4225#respond\"]}]},{\"@type\":\"WebPage\",\"@id\":\"https:\/\/nativainfo.com\/?p=4225\",\"url\":\"https:\/\/nativainfo.com\/?p=4225\",\"name\":\"El Gobierno anunci\u00f3 que las prepagas van a dar marcha atr\u00e1s con los aumentos en las cuotas - Nativa Info\",\"isPartOf\":{\"@id\":\"https:\/\/nativainfo.com\/#website\"},\"primaryImageOfPage\":{\"@id\":\"https:\/\/nativainfo.com\/?p=4225#primaryimage\"},\"image\":{\"@id\":\"https:\/\/nativainfo.com\/?p=4225#primaryimage\"},\"thumbnailUrl\":\"http:\/\/nativainfo.com\/wp-content\/uploads\/2024\/04\/imagen_2024-04-17_225333591.png\",\"datePublished\":\"2024-04-18T01:53:41+00:00\",\"dateModified\":\"2024-04-18T01:53:42+00:00\",\"breadcrumb\":{\"@id\":\"https:\/\/nativainfo.com\/?p=4225#breadcrumb\"},\"inLanguage\":\"es-AR\",\"potentialAction\":[{\"@type\":\"ReadAction\",\"target\":[\"https:\/\/nativainfo.com\/?p=4225\"]}]},{\"@type\":\"ImageObject\",\"inLanguage\":\"es-AR\",\"@id\":\"https:\/\/nativainfo.com\/?p=4225#primaryimage\",\"url\":\"https:\/\/nativainfo.com\/wp-content\/uploads\/2024\/04\/imagen_2024-04-17_225333591.png\",\"contentUrl\":\"https:\/\/nativainfo.com\/wp-content\/uploads\/2024\/04\/imagen_2024-04-17_225333591.png\",\"width\":1010,\"height\":567},{\"@type\":\"BreadcrumbList\",\"@id\":\"https:\/\/nativainfo.com\/?p=4225#breadcrumb\",\"itemListElement\":[{\"@type\":\"ListItem\",\"position\":1,\"name\":\"Inicio\",\"item\":\"https:\/\/nativainfo.com\/\"},{\"@type\":\"ListItem\",\"position\":2,\"name\":\"El Gobierno anunci\u00f3 que las prepagas van a dar marcha atr\u00e1s con los aumentos en las cuotas\"}]},{\"@type\":\"WebSite\",\"@id\":\"https:\/\/nativainfo.com\/#website\",\"url\":\"https:\/\/nativainfo.com\/\",\"name\":\"Nativa Info\",\"description\":\"Diario Digital\",\"publisher\":{\"@id\":\"https:\/\/nativainfo.com\/#organization\"},\"potentialAction\":[{\"@type\":\"SearchAction\",\"target\":{\"@type\":\"EntryPoint\",\"urlTemplate\":\"https:\/\/nativainfo.com\/?s={search_term_string}\"},\"query-input\":{\"@type\":\"PropertyValueSpecification\",\"valueRequired\":true,\"valueName\":\"search_term_string\"}}],\"inLanguage\":\"es-AR\"},{\"@type\":\"Organization\",\"@id\":\"https:\/\/nativainfo.com\/#organization\",\"name\":\"Nativa Info\",\"url\":\"https:\/\/nativainfo.com\/\",\"logo\":{\"@type\":\"ImageObject\",\"inLanguage\":\"es-AR\",\"@id\":\"https:\/\/nativainfo.com\/#\/schema\/logo\/image\/\",\"url\":\"https:\/\/nativainfo.com\/wp-content\/uploads\/2025\/08\/LOGO-NATIVA-FACE.jpg\",\"contentUrl\":\"https:\/\/nativainfo.com\/wp-content\/uploads\/2025\/08\/LOGO-NATIVA-FACE.jpg\",\"width\":400,\"height\":400,\"caption\":\"Nativa Info\"},\"image\":{\"@id\":\"https:\/\/nativainfo.com\/#\/schema\/logo\/image\/\"},\"sameAs\":[\"https:\/\/www.facebook.com\/profile.php?id=61578881597564\"]},{\"@type\":\"Person\",\"@id\":\"https:\/\/nativainfo.com\/#\/schema\/person\/24893b64a9cd564ddb5d102d36eb4b5c\",\"name\":\"Nativa Info\",\"image\":{\"@type\":\"ImageObject\",\"inLanguage\":\"es-AR\",\"@id\":\"https:\/\/nativainfo.com\/#\/schema\/person\/image\/\",\"url\":\"https:\/\/secure.gravatar.com\/avatar\/016fa1cf068d85136d938e1507b9b619cb766e2565cbb1faa1e571762460c785?s=96&d=mm&r=g\",\"contentUrl\":\"https:\/\/secure.gravatar.com\/avatar\/016fa1cf068d85136d938e1507b9b619cb766e2565cbb1faa1e571762460c785?s=96&d=mm&r=g\",\"caption\":\"Nativa Info\"},\"sameAs\":[\"http:\/\/nativainfo.com\"],\"url\":\"https:\/\/nativainfo.com\/?author=1\"}]}<\/script>\n<!-- \/ Yoast SEO plugin. -->","yoast_head_json":{"title":"El Gobierno anunci\u00f3 que las prepagas van a dar marcha atr\u00e1s con los aumentos en las cuotas - Nativa Info","robots":{"index":"index","follow":"follow","max-snippet":"max-snippet:-1","max-image-preview":"max-image-preview:large","max-video-preview":"max-video-preview:-1"},"canonical":"https:\/\/nativainfo.com\/?p=4225","og_locale":"es_ES","og_type":"article","og_title":"El Gobierno anunci\u00f3 que las prepagas van a dar marcha atr\u00e1s con los aumentos en las cuotas - Nativa Info","og_description":"As\u00ed lo afirm\u00f3 el vocero presidencial, Manuel Adorni. Afecta a las empresa que concentran casi del 75% de los afiliados.... Continue reading","og_url":"https:\/\/nativainfo.com\/?p=4225","og_site_name":"Nativa Info","article_publisher":"https:\/\/www.facebook.com\/profile.php?id=61578881597564","article_published_time":"2024-04-18T01:53:41+00:00","article_modified_time":"2024-04-18T01:53:42+00:00","og_image":[{"url":"http:\/\/nativainfo.com\/wp-content\/uploads\/2024\/04\/imagen_2024-04-17_225333591.png","type":"","width":"","height":""}],"author":"Nativa Info","twitter_card":"summary_large_image","twitter_misc":{"Escrito por":"Nativa Info","Tiempo de lectura":"1 minuto"},"schema":{"@context":"https:\/\/schema.org","@graph":[{"@type":"Article","@id":"https:\/\/nativainfo.com\/?p=4225#article","isPartOf":{"@id":"https:\/\/nativainfo.com\/?p=4225"},"author":{"name":"Nativa Info","@id":"https:\/\/nativainfo.com\/#\/schema\/person\/24893b64a9cd564ddb5d102d36eb4b5c"},"headline":"El Gobierno anunci\u00f3 que las prepagas van a dar marcha atr\u00e1s con los aumentos en las cuotas","datePublished":"2024-04-18T01:53:41+00:00","dateModified":"2024-04-18T01:53:42+00:00","mainEntityOfPage":{"@id":"https:\/\/nativainfo.com\/?p=4225"},"wordCount":311,"commentCount":0,"publisher":{"@id":"https:\/\/nativainfo.com\/#organization"},"image":{"@id":"https:\/\/nativainfo.com\/?p=4225#primaryimage"},"thumbnailUrl":"http:\/\/nativainfo.com\/wp-content\/uploads\/2024\/04\/imagen_2024-04-17_225333591.png","articleSection":["Noticias"],"inLanguage":"es-AR","potentialAction":[{"@type":"CommentAction","name":"Comment","target":["https:\/\/nativainfo.com\/?p=4225#respond"]}]},{"@type":"WebPage","@id":"https:\/\/nativainfo.com\/?p=4225","url":"https:\/\/nativainfo.com\/?p=4225","name":"El Gobierno anunci\u00f3 que las prepagas van a dar marcha atr\u00e1s con los aumentos en las cuotas - Nativa Info","isPartOf":{"@id":"https:\/\/nativainfo.com\/#website"},"primaryImageOfPage":{"@id":"https:\/\/nativainfo.com\/?p=4225#primaryimage"},"image":{"@id":"https:\/\/nativainfo.com\/?p=4225#primaryimage"},"thumbnailUrl":"http:\/\/nativainfo.com\/wp-content\/uploads\/2024\/04\/imagen_2024-04-17_225333591.png","datePublished":"2024-04-18T01:53:41+00:00","dateModified":"2024-04-18T01:53:42+00:00","breadcrumb":{"@id":"https:\/\/nativainfo.com\/?p=4225#breadcrumb"},"inLanguage":"es-AR","potentialAction":[{"@type":"ReadAction","target":["https:\/\/nativainfo.com\/?p=4225"]}]},{"@type":"ImageObject","inLanguage":"es-AR","@id":"https:\/\/nativainfo.com\/?p=4225#primaryimage","url":"https:\/\/nativainfo.com\/wp-content\/uploads\/2024\/04\/imagen_2024-04-17_225333591.png","contentUrl":"https:\/\/nativainfo.com\/wp-content\/uploads\/2024\/04\/imagen_2024-04-17_225333591.png","width":1010,"height":567},{"@type":"BreadcrumbList","@id":"https:\/\/nativainfo.com\/?p=4225#breadcrumb","itemListElement":[{"@type":"ListItem","position":1,"name":"Inicio","item":"https:\/\/nativainfo.com\/"},{"@type":"ListItem","position":2,"name":"El Gobierno anunci\u00f3 que las prepagas van a dar marcha atr\u00e1s con los aumentos en las cuotas"}]},{"@type":"WebSite","@id":"https:\/\/nativainfo.com\/#website","url":"https:\/\/nativainfo.com\/","name":"Nativa Info","description":"Diario Digital","publisher":{"@id":"https:\/\/nativainfo.com\/#organization"},"potentialAction":[{"@type":"SearchAction","target":{"@type":"EntryPoint","urlTemplate":"https:\/\/nativainfo.com\/?s={search_term_string}"},"query-input":{"@type":"PropertyValueSpecification","valueRequired":true,"valueName":"search_term_string"}}],"inLanguage":"es-AR"},{"@type":"Organization","@id":"https:\/\/nativainfo.com\/#organization","name":"Nativa Info","url":"https:\/\/nativainfo.com\/","logo":{"@type":"ImageObject","inLanguage":"es-AR","@id":"https:\/\/nativainfo.com\/#\/schema\/logo\/image\/","url":"https:\/\/nativainfo.com\/wp-content\/uploads\/2025\/08\/LOGO-NATIVA-FACE.jpg","contentUrl":"https:\/\/nativainfo.com\/wp-content\/uploads\/2025\/08\/LOGO-NATIVA-FACE.jpg","width":400,"height":400,"caption":"Nativa Info"},"image":{"@id":"https:\/\/nativainfo.com\/#\/schema\/logo\/image\/"},"sameAs":["https:\/\/www.facebook.com\/profile.php?id=61578881597564"]},{"@type":"Person","@id":"https:\/\/nativainfo.com\/#\/schema\/person\/24893b64a9cd564ddb5d102d36eb4b5c","name":"Nativa Info","image":{"@type":"ImageObject","inLanguage":"es-AR","@id":"https:\/\/nativainfo.com\/#\/schema\/person\/image\/","url":"https:\/\/secure.gravatar.com\/avatar\/016fa1cf068d85136d938e1507b9b619cb766e2565cbb1faa1e571762460c785?s=96&d=mm&r=g","contentUrl":"https:\/\/secure.gravatar.com\/avatar\/016fa1cf068d85136d938e1507b9b619cb766e2565cbb1faa1e571762460c785?s=96&d=mm&r=g","caption":"Nativa Info"},"sameAs":["http:\/\/nativainfo.com"],"url":"https:\/\/nativainfo.com\/?author=1"}]}},"jetpack_publicize_connections":[],"_links":{"self":[{"href":"https:\/\/nativainfo.com\/index.php?rest_route=\/wp\/v2\/posts\/4225","targetHints":{"allow":["GET"]}}],"collection":[{"href":"https:\/\/nativainfo.com\/index.php?rest_route=\/wp\/v2\/posts"}],"about":[{"href":"https:\/\/nativainfo.com\/index.php?rest_route=\/wp\/v2\/types\/post"}],"author":[{"embeddable":true,"href":"https:\/\/nativainfo.com\/index.php?rest_route=\/wp\/v2\/users\/1"}],"replies":[{"embeddable":true,"href":"https:\/\/nativainfo.com\/index.php?rest_route=%2Fwp%2Fv2%2Fcomments&post=4225"}],"version-history":[{"count":1,"href":"https:\/\/nativainfo.com\/index.php?rest_route=\/wp\/v2\/posts\/4225\/revisions"}],"predecessor-version":[{"id":4228,"href":"https:\/\/nativainfo.com\/index.php?rest_route=\/wp\/v2\/posts\/4225\/revisions\/4228"}],"wp:attachment":[{"href":"https:\/\/nativainfo.com\/index.php?rest_route=%2Fwp%2Fv2%2Fmedia&parent=4225"}],"wp:term":[{"taxonomy":"category","embeddable":true,"href":"https:\/\/nativainfo.com\/index.php?rest_route=%2Fwp%2Fv2%2Fcategories&post=4225"},{"taxonomy":"post_tag","embeddable":true,"href":"https:\/\/nativainfo.com\/index.php?rest_route=%2Fwp%2Fv2%2Ftags&post=4225"}],"curies":[{"name":"wp","href":"https:\/\/api.w.org\/{rel}","templated":true}]}}