{"id":4188,"date":"2024-03-21T00:35:32","date_gmt":"2024-03-21T03:35:32","guid":{"rendered":"http:\/\/nativainfo.com\/?p=4188"},"modified":"2024-03-21T00:35:33","modified_gmt":"2024-03-21T03:35:33","slug":"doble-alerta-para-santiago-del-estero-por-tormentas-y-vientos-fuertes","status":"publish","type":"post","link":"https:\/\/nativainfo.com\/?p=4188","title":{"rendered":"Doble alerta para Santiago del Estero por tormentas y vientos fuertes"},"content":{"rendered":"\n<p>As\u00ed lo anuncia el Servicio Meteorol\u00f3gico Nacional. El cambio de tiempo llegar\u00eda durante la noche de este mi\u00e9rcoles.<\/p>\n\n\n\n<figure class=\"wp-block-image size-large\"><img fetchpriority=\"high\" decoding=\"async\" width=\"1024\" height=\"768\" src=\"http:\/\/nativainfo.com\/wp-content\/uploads\/2024\/03\/imagen_2024-03-21_003520653.png\" alt=\"\" class=\"wp-image-4191\" srcset=\"https:\/\/nativainfo.com\/wp-content\/uploads\/2024\/03\/imagen_2024-03-21_003520653.png 1024w, https:\/\/nativainfo.com\/wp-content\/uploads\/2024\/03\/imagen_2024-03-21_003520653-300x225.png 300w, https:\/\/nativainfo.com\/wp-content\/uploads\/2024\/03\/imagen_2024-03-21_003520653-768x576.png 768w, https:\/\/nativainfo.com\/wp-content\/uploads\/2024\/03\/imagen_2024-03-21_003520653-467x350.png 467w, https:\/\/nativainfo.com\/wp-content\/uploads\/2024\/03\/imagen_2024-03-21_003520653-150x113.png 150w\" sizes=\"(max-width: 1024px) 100vw, 1024px\" \/><\/figure>\n\n\n\n<p>Despu\u00e9s de un d\u00eda de intenso calor y mucha humedad, el\u00a0<strong>Servicio Meteorol\u00f3gico Nacional<\/strong>\u00a0emiti\u00f3 una doble alerta por\u00a0<strong>tormentas y vientos fuertes para la noche de este mi\u00e9rcoles<\/strong>.<\/p>\n\n\n\n<p>En primer lugar, el organismo lanz\u00f3 una alerta por tormentas fuertes, seguida por una alerta por intensos vientos, para la noche del mi\u00e9rcoles y la madrugada del jueves.<\/p>\n\n\n\n<p>Es importante destacar que la&nbsp;<strong>Madre de Ciudades<\/strong>, ha experimentado d\u00edas de altas temperaturas que han alcanzado los 45\u00b0C.<\/p>\n","protected":false},"excerpt":{"rendered":"<p>As\u00ed lo anuncia el Servicio Meteorol\u00f3gico Nacional. El cambio de tiempo llegar\u00eda durante la noche de este mi\u00e9rcoles. Despu\u00e9s de&#8230; <a class=\"continue-reading-link\" href=\"https:\/\/nativainfo.com\/?p=4188\">Continue reading<\/a><\/p>\n","protected":false},"author":1,"featured_media":0,"comment_status":"open","ping_status":"open","sticky":false,"template":"","format":"standard","meta":{"rop_custom_images_group":[],"rop_custom_messages_group":[],"rop_publish_now":"initial","rop_publish_now_accounts":[],"rop_publish_now_history":[],"rop_publish_now_status":"pending","footnotes":"","jetpack_publicize_message":"","jetpack_publicize_feature_enabled":true,"jetpack_social_post_already_shared":false,"jetpack_social_options":{"image_generator_settings":{"template":"highway","default_image_id":0,"font":"","enabled":false},"version":2}},"categories":[8],"tags":[],"class_list":["post-4188","post","type-post","status-publish","format-standard","hentry","category-noticias"],"yoast_head":"<!-- This site is optimized with the Yoast SEO plugin v25.6 - https:\/\/yoast.com\/wordpress\/plugins\/seo\/ -->\n<title>Doble alerta para Santiago del Estero por tormentas y vientos fuertes - Nativa Info<\/title>\n<meta name=\"robots\" content=\"index, follow, max-snippet:-1, max-image-preview:large, max-video-preview:-1\" \/>\n<link rel=\"canonical\" href=\"https:\/\/nativainfo.com\/?p=4188\" \/>\n<meta property=\"og:locale\" content=\"es_ES\" \/>\n<meta property=\"og:type\" content=\"article\" \/>\n<meta property=\"og:title\" content=\"Doble alerta para Santiago del Estero por tormentas y vientos fuertes - Nativa Info\" \/>\n<meta property=\"og:description\" content=\"As\u00ed lo anuncia el Servicio Meteorol\u00f3gico Nacional. El cambio de tiempo llegar\u00eda durante la noche de este mi\u00e9rcoles. Despu\u00e9s de... Continue reading\" \/>\n<meta property=\"og:url\" content=\"https:\/\/nativainfo.com\/?p=4188\" \/>\n<meta property=\"og:site_name\" content=\"Nativa Info\" \/>\n<meta property=\"article:publisher\" content=\"https:\/\/www.facebook.com\/profile.php?id=61578881597564\" \/>\n<meta property=\"article:published_time\" content=\"2024-03-21T03:35:32+00:00\" \/>\n<meta property=\"article:modified_time\" content=\"2024-03-21T03:35:33+00:00\" \/>\n<meta property=\"og:image\" content=\"http:\/\/nativainfo.com\/wp-content\/uploads\/2024\/03\/imagen_2024-03-21_003520653.png\" \/>\n<meta name=\"author\" content=\"Nativa Info\" \/>\n<meta name=\"twitter:card\" content=\"summary_large_image\" \/>\n<meta name=\"twitter:label1\" content=\"Escrito por\" \/>\n\t<meta name=\"twitter:data1\" content=\"Nativa Info\" \/>\n\t<meta name=\"twitter:label2\" content=\"Tiempo de lectura\" \/>\n\t<meta name=\"twitter:data2\" content=\"1 minuto\" \/>\n<script type=\"application\/ld+json\" class=\"yoast-schema-graph\">{\"@context\":\"https:\/\/schema.org\",\"@graph\":[{\"@type\":\"Article\",\"@id\":\"https:\/\/nativainfo.com\/?p=4188#article\",\"isPartOf\":{\"@id\":\"https:\/\/nativainfo.com\/?p=4188\"},\"author\":{\"name\":\"Nativa Info\",\"@id\":\"https:\/\/nativainfo.com\/#\/schema\/person\/24893b64a9cd564ddb5d102d36eb4b5c\"},\"headline\":\"Doble alerta para Santiago del Estero por tormentas y vientos fuertes\",\"datePublished\":\"2024-03-21T03:35:32+00:00\",\"dateModified\":\"2024-03-21T03:35:33+00:00\",\"mainEntityOfPage\":{\"@id\":\"https:\/\/nativainfo.com\/?p=4188\"},\"wordCount\":115,\"commentCount\":0,\"publisher\":{\"@id\":\"https:\/\/nativainfo.com\/#organization\"},\"image\":{\"@id\":\"https:\/\/nativainfo.com\/?p=4188#primaryimage\"},\"thumbnailUrl\":\"http:\/\/nativainfo.com\/wp-content\/uploads\/2024\/03\/imagen_2024-03-21_003520653.png\",\"articleSection\":[\"Noticias\"],\"inLanguage\":\"es-AR\",\"potentialAction\":[{\"@type\":\"CommentAction\",\"name\":\"Comment\",\"target\":[\"https:\/\/nativainfo.com\/?p=4188#respond\"]}]},{\"@type\":\"WebPage\",\"@id\":\"https:\/\/nativainfo.com\/?p=4188\",\"url\":\"https:\/\/nativainfo.com\/?p=4188\",\"name\":\"Doble alerta para Santiago del Estero por tormentas y vientos fuertes - Nativa Info\",\"isPartOf\":{\"@id\":\"https:\/\/nativainfo.com\/#website\"},\"primaryImageOfPage\":{\"@id\":\"https:\/\/nativainfo.com\/?p=4188#primaryimage\"},\"image\":{\"@id\":\"https:\/\/nativainfo.com\/?p=4188#primaryimage\"},\"thumbnailUrl\":\"http:\/\/nativainfo.com\/wp-content\/uploads\/2024\/03\/imagen_2024-03-21_003520653.png\",\"datePublished\":\"2024-03-21T03:35:32+00:00\",\"dateModified\":\"2024-03-21T03:35:33+00:00\",\"breadcrumb\":{\"@id\":\"https:\/\/nativainfo.com\/?p=4188#breadcrumb\"},\"inLanguage\":\"es-AR\",\"potentialAction\":[{\"@type\":\"ReadAction\",\"target\":[\"https:\/\/nativainfo.com\/?p=4188\"]}]},{\"@type\":\"ImageObject\",\"inLanguage\":\"es-AR\",\"@id\":\"https:\/\/nativainfo.com\/?p=4188#primaryimage\",\"url\":\"https:\/\/nativainfo.com\/wp-content\/uploads\/2024\/03\/imagen_2024-03-21_003520653.png\",\"contentUrl\":\"https:\/\/nativainfo.com\/wp-content\/uploads\/2024\/03\/imagen_2024-03-21_003520653.png\",\"width\":1024,\"height\":768},{\"@type\":\"BreadcrumbList\",\"@id\":\"https:\/\/nativainfo.com\/?p=4188#breadcrumb\",\"itemListElement\":[{\"@type\":\"ListItem\",\"position\":1,\"name\":\"Inicio\",\"item\":\"https:\/\/nativainfo.com\/\"},{\"@type\":\"ListItem\",\"position\":2,\"name\":\"Doble alerta para Santiago del Estero por tormentas y vientos fuertes\"}]},{\"@type\":\"WebSite\",\"@id\":\"https:\/\/nativainfo.com\/#website\",\"url\":\"https:\/\/nativainfo.com\/\",\"name\":\"Nativa Info\",\"description\":\"Diario Digital\",\"publisher\":{\"@id\":\"https:\/\/nativainfo.com\/#organization\"},\"potentialAction\":[{\"@type\":\"SearchAction\",\"target\":{\"@type\":\"EntryPoint\",\"urlTemplate\":\"https:\/\/nativainfo.com\/?s={search_term_string}\"},\"query-input\":{\"@type\":\"PropertyValueSpecification\",\"valueRequired\":true,\"valueName\":\"search_term_string\"}}],\"inLanguage\":\"es-AR\"},{\"@type\":\"Organization\",\"@id\":\"https:\/\/nativainfo.com\/#organization\",\"name\":\"Nativa Info\",\"url\":\"https:\/\/nativainfo.com\/\",\"logo\":{\"@type\":\"ImageObject\",\"inLanguage\":\"es-AR\",\"@id\":\"https:\/\/nativainfo.com\/#\/schema\/logo\/image\/\",\"url\":\"https:\/\/nativainfo.com\/wp-content\/uploads\/2025\/08\/LOGO-NATIVA-FACE.jpg\",\"contentUrl\":\"https:\/\/nativainfo.com\/wp-content\/uploads\/2025\/08\/LOGO-NATIVA-FACE.jpg\",\"width\":400,\"height\":400,\"caption\":\"Nativa Info\"},\"image\":{\"@id\":\"https:\/\/nativainfo.com\/#\/schema\/logo\/image\/\"},\"sameAs\":[\"https:\/\/www.facebook.com\/profile.php?id=61578881597564\"]},{\"@type\":\"Person\",\"@id\":\"https:\/\/nativainfo.com\/#\/schema\/person\/24893b64a9cd564ddb5d102d36eb4b5c\",\"name\":\"Nativa Info\",\"image\":{\"@type\":\"ImageObject\",\"inLanguage\":\"es-AR\",\"@id\":\"https:\/\/nativainfo.com\/#\/schema\/person\/image\/\",\"url\":\"https:\/\/secure.gravatar.com\/avatar\/016fa1cf068d85136d938e1507b9b619cb766e2565cbb1faa1e571762460c785?s=96&d=mm&r=g\",\"contentUrl\":\"https:\/\/secure.gravatar.com\/avatar\/016fa1cf068d85136d938e1507b9b619cb766e2565cbb1faa1e571762460c785?s=96&d=mm&r=g\",\"caption\":\"Nativa Info\"},\"sameAs\":[\"http:\/\/nativainfo.com\"],\"url\":\"https:\/\/nativainfo.com\/?author=1\"}]}<\/script>\n<!-- \/ Yoast SEO plugin. -->","yoast_head_json":{"title":"Doble alerta para Santiago del Estero por tormentas y vientos fuertes - Nativa Info","robots":{"index":"index","follow":"follow","max-snippet":"max-snippet:-1","max-image-preview":"max-image-preview:large","max-video-preview":"max-video-preview:-1"},"canonical":"https:\/\/nativainfo.com\/?p=4188","og_locale":"es_ES","og_type":"article","og_title":"Doble alerta para Santiago del Estero por tormentas y vientos fuertes - Nativa Info","og_description":"As\u00ed lo anuncia el Servicio Meteorol\u00f3gico Nacional. El cambio de tiempo llegar\u00eda durante la noche de este mi\u00e9rcoles. Despu\u00e9s de... Continue reading","og_url":"https:\/\/nativainfo.com\/?p=4188","og_site_name":"Nativa Info","article_publisher":"https:\/\/www.facebook.com\/profile.php?id=61578881597564","article_published_time":"2024-03-21T03:35:32+00:00","article_modified_time":"2024-03-21T03:35:33+00:00","og_image":[{"url":"http:\/\/nativainfo.com\/wp-content\/uploads\/2024\/03\/imagen_2024-03-21_003520653.png","type":"","width":"","height":""}],"author":"Nativa Info","twitter_card":"summary_large_image","twitter_misc":{"Escrito por":"Nativa Info","Tiempo de lectura":"1 minuto"},"schema":{"@context":"https:\/\/schema.org","@graph":[{"@type":"Article","@id":"https:\/\/nativainfo.com\/?p=4188#article","isPartOf":{"@id":"https:\/\/nativainfo.com\/?p=4188"},"author":{"name":"Nativa Info","@id":"https:\/\/nativainfo.com\/#\/schema\/person\/24893b64a9cd564ddb5d102d36eb4b5c"},"headline":"Doble alerta para Santiago del Estero por tormentas y vientos fuertes","datePublished":"2024-03-21T03:35:32+00:00","dateModified":"2024-03-21T03:35:33+00:00","mainEntityOfPage":{"@id":"https:\/\/nativainfo.com\/?p=4188"},"wordCount":115,"commentCount":0,"publisher":{"@id":"https:\/\/nativainfo.com\/#organization"},"image":{"@id":"https:\/\/nativainfo.com\/?p=4188#primaryimage"},"thumbnailUrl":"http:\/\/nativainfo.com\/wp-content\/uploads\/2024\/03\/imagen_2024-03-21_003520653.png","articleSection":["Noticias"],"inLanguage":"es-AR","potentialAction":[{"@type":"CommentAction","name":"Comment","target":["https:\/\/nativainfo.com\/?p=4188#respond"]}]},{"@type":"WebPage","@id":"https:\/\/nativainfo.com\/?p=4188","url":"https:\/\/nativainfo.com\/?p=4188","name":"Doble alerta para Santiago del Estero por tormentas y vientos fuertes - Nativa Info","isPartOf":{"@id":"https:\/\/nativainfo.com\/#website"},"primaryImageOfPage":{"@id":"https:\/\/nativainfo.com\/?p=4188#primaryimage"},"image":{"@id":"https:\/\/nativainfo.com\/?p=4188#primaryimage"},"thumbnailUrl":"http:\/\/nativainfo.com\/wp-content\/uploads\/2024\/03\/imagen_2024-03-21_003520653.png","datePublished":"2024-03-21T03:35:32+00:00","dateModified":"2024-03-21T03:35:33+00:00","breadcrumb":{"@id":"https:\/\/nativainfo.com\/?p=4188#breadcrumb"},"inLanguage":"es-AR","potentialAction":[{"@type":"ReadAction","target":["https:\/\/nativainfo.com\/?p=4188"]}]},{"@type":"ImageObject","inLanguage":"es-AR","@id":"https:\/\/nativainfo.com\/?p=4188#primaryimage","url":"https:\/\/nativainfo.com\/wp-content\/uploads\/2024\/03\/imagen_2024-03-21_003520653.png","contentUrl":"https:\/\/nativainfo.com\/wp-content\/uploads\/2024\/03\/imagen_2024-03-21_003520653.png","width":1024,"height":768},{"@type":"BreadcrumbList","@id":"https:\/\/nativainfo.com\/?p=4188#breadcrumb","itemListElement":[{"@type":"ListItem","position":1,"name":"Inicio","item":"https:\/\/nativainfo.com\/"},{"@type":"ListItem","position":2,"name":"Doble alerta para Santiago del Estero por tormentas y vientos fuertes"}]},{"@type":"WebSite","@id":"https:\/\/nativainfo.com\/#website","url":"https:\/\/nativainfo.com\/","name":"Nativa Info","description":"Diario Digital","publisher":{"@id":"https:\/\/nativainfo.com\/#organization"},"potentialAction":[{"@type":"SearchAction","target":{"@type":"EntryPoint","urlTemplate":"https:\/\/nativainfo.com\/?s={search_term_string}"},"query-input":{"@type":"PropertyValueSpecification","valueRequired":true,"valueName":"search_term_string"}}],"inLanguage":"es-AR"},{"@type":"Organization","@id":"https:\/\/nativainfo.com\/#organization","name":"Nativa Info","url":"https:\/\/nativainfo.com\/","logo":{"@type":"ImageObject","inLanguage":"es-AR","@id":"https:\/\/nativainfo.com\/#\/schema\/logo\/image\/","url":"https:\/\/nativainfo.com\/wp-content\/uploads\/2025\/08\/LOGO-NATIVA-FACE.jpg","contentUrl":"https:\/\/nativainfo.com\/wp-content\/uploads\/2025\/08\/LOGO-NATIVA-FACE.jpg","width":400,"height":400,"caption":"Nativa Info"},"image":{"@id":"https:\/\/nativainfo.com\/#\/schema\/logo\/image\/"},"sameAs":["https:\/\/www.facebook.com\/profile.php?id=61578881597564"]},{"@type":"Person","@id":"https:\/\/nativainfo.com\/#\/schema\/person\/24893b64a9cd564ddb5d102d36eb4b5c","name":"Nativa Info","image":{"@type":"ImageObject","inLanguage":"es-AR","@id":"https:\/\/nativainfo.com\/#\/schema\/person\/image\/","url":"https:\/\/secure.gravatar.com\/avatar\/016fa1cf068d85136d938e1507b9b619cb766e2565cbb1faa1e571762460c785?s=96&d=mm&r=g","contentUrl":"https:\/\/secure.gravatar.com\/avatar\/016fa1cf068d85136d938e1507b9b619cb766e2565cbb1faa1e571762460c785?s=96&d=mm&r=g","caption":"Nativa Info"},"sameAs":["http:\/\/nativainfo.com"],"url":"https:\/\/nativainfo.com\/?author=1"}]}},"jetpack_publicize_connections":[],"_links":{"self":[{"href":"https:\/\/nativainfo.com\/index.php?rest_route=\/wp\/v2\/posts\/4188","targetHints":{"allow":["GET"]}}],"collection":[{"href":"https:\/\/nativainfo.com\/index.php?rest_route=\/wp\/v2\/posts"}],"about":[{"href":"https:\/\/nativainfo.com\/index.php?rest_route=\/wp\/v2\/types\/post"}],"author":[{"embeddable":true,"href":"https:\/\/nativainfo.com\/index.php?rest_route=\/wp\/v2\/users\/1"}],"replies":[{"embeddable":true,"href":"https:\/\/nativainfo.com\/index.php?rest_route=%2Fwp%2Fv2%2Fcomments&post=4188"}],"version-history":[{"count":1,"href":"https:\/\/nativainfo.com\/index.php?rest_route=\/wp\/v2\/posts\/4188\/revisions"}],"predecessor-version":[{"id":4192,"href":"https:\/\/nativainfo.com\/index.php?rest_route=\/wp\/v2\/posts\/4188\/revisions\/4192"}],"wp:attachment":[{"href":"https:\/\/nativainfo.com\/index.php?rest_route=%2Fwp%2Fv2%2Fmedia&parent=4188"}],"wp:term":[{"taxonomy":"category","embeddable":true,"href":"https:\/\/nativainfo.com\/index.php?rest_route=%2Fwp%2Fv2%2Fcategories&post=4188"},{"taxonomy":"post_tag","embeddable":true,"href":"https:\/\/nativainfo.com\/index.php?rest_route=%2Fwp%2Fv2%2Ftags&post=4188"}],"curies":[{"name":"wp","href":"https:\/\/api.w.org\/{rel}","templated":true}]}}