{"id":4182,"date":"2024-03-19T14:59:17","date_gmt":"2024-03-19T17:59:17","guid":{"rendered":"http:\/\/nativainfo.com\/?p=4182"},"modified":"2024-03-19T14:59:18","modified_gmt":"2024-03-19T17:59:18","slug":"este-miercoles-20-iniciara-el-pago-de-los-planes-de-emergencia-provinciales","status":"publish","type":"post","link":"https:\/\/nativainfo.com\/?p=4182","title":{"rendered":"Este mi\u00e9rcoles 20 iniciar\u00e1 el pago de los planes de Emergencia Provinciales"},"content":{"rendered":"\n<p>As\u00ed lo inform\u00f3 el Ministerio de Justicia y Derechos Humanos. El cronograma completo.<\/p>\n\n\n\n<figure class=\"wp-block-image size-large\"><img fetchpriority=\"high\" decoding=\"async\" width=\"1010\" height=\"567\" src=\"http:\/\/nativainfo.com\/wp-content\/uploads\/2024\/03\/imagen_2024-03-19_145909428.png\" alt=\"\" class=\"wp-image-4185\" srcset=\"https:\/\/nativainfo.com\/wp-content\/uploads\/2024\/03\/imagen_2024-03-19_145909428.png 1010w, https:\/\/nativainfo.com\/wp-content\/uploads\/2024\/03\/imagen_2024-03-19_145909428-300x168.png 300w, https:\/\/nativainfo.com\/wp-content\/uploads\/2024\/03\/imagen_2024-03-19_145909428-768x431.png 768w, https:\/\/nativainfo.com\/wp-content\/uploads\/2024\/03\/imagen_2024-03-19_145909428-623x350.png 623w, https:\/\/nativainfo.com\/wp-content\/uploads\/2024\/03\/imagen_2024-03-19_145909428-150x84.png 150w\" sizes=\"(max-width: 1010px) 100vw, 1010px\" \/><\/figure>\n\n\n\n<p>El&nbsp;<strong>Ministerio de Justicia y Derechos Humanos<\/strong>&nbsp;informa que este&nbsp;<strong>mi\u00e9rcoles 20<\/strong>&nbsp;<strong>se iniciar\u00e1 el pago de los planes de Emergencia Provinciales<\/strong>&nbsp;correspondiente a&nbsp;<strong>marzo de 2024<\/strong>&nbsp;y continuar\u00e1 los d\u00edas jueves 21 y viernes 22.<\/p>\n\n\n\n<p><strong>El pago se har\u00e1 efectivo en las sucursales del Banco Santiago del Estero<\/strong>&nbsp;(BSE)&nbsp;<strong>de Capital y La Banda<\/strong>, seg\u00fan el siguiente cronograma:&nbsp;<strong>mi\u00e9rcoles 20<\/strong>, los beneficiarios cuyos&nbsp;<strong>DNI finalizan en 0, 1, 2 o 3<\/strong>. El&nbsp;<strong>jueves 21<\/strong>, los terminados en&nbsp;<strong>4, 5 o 6<\/strong>, y el&nbsp;<strong>viernes 22<\/strong>&nbsp;las personas con DNI que tienen como \u00faltimo d\u00edgito los n\u00fameros&nbsp;<strong>&nbsp;7, 8 o 9<\/strong>.<\/p>\n\n\n\n<p>Se recuerda a los beneficiarios que<strong>&nbsp;se debe respetar dicho cronograma durante esta semana<\/strong>, concurriendo el d\u00eda correspondiente a su terminaci\u00f3n del documento y a la sucursal m\u00e1s cercana a su domicilio del BSE,&nbsp;<strong>de 7.45 a 12.45 horas<\/strong>.<\/p>\n\n\n\n<p>Asimismo,&nbsp;<strong>se continuar\u00e1 abonando el beneficio de marzo durante todo el mes, incluido el mes de abril del 2024, a todos los beneficiarios, indistintamente su terminaci\u00f3n de DNI<\/strong>, pudiendo acercarse a la sucursal del BSE m\u00e1s cercana a su domicilio.<\/p>\n\n\n\n<p><strong>Los beneficiarios con domicilio en el resto de la provincia el pago se har\u00e1 sin cronogram<\/strong><strong>a, a partir de este mi\u00e9rcoles 20<\/strong>, en las sucursales del banco m\u00e1s cercanas.<\/p>\n","protected":false},"excerpt":{"rendered":"<p>As\u00ed lo inform\u00f3 el Ministerio de Justicia y Derechos Humanos. El cronograma completo. El&nbsp;Ministerio de Justicia y Derechos Humanos&nbsp;informa que&#8230; <a class=\"continue-reading-link\" href=\"https:\/\/nativainfo.com\/?p=4182\">Continue reading<\/a><\/p>\n","protected":false},"author":1,"featured_media":0,"comment_status":"open","ping_status":"open","sticky":false,"template":"","format":"standard","meta":{"rop_custom_images_group":[],"rop_custom_messages_group":[],"rop_publish_now":"initial","rop_publish_now_accounts":[],"rop_publish_now_history":[],"rop_publish_now_status":"pending","footnotes":"","jetpack_publicize_message":"","jetpack_publicize_feature_enabled":true,"jetpack_social_post_already_shared":false,"jetpack_social_options":{"image_generator_settings":{"template":"highway","default_image_id":0,"font":"","enabled":false},"version":2}},"categories":[8,40],"tags":[],"class_list":["post-4182","post","type-post","status-publish","format-standard","hentry","category-noticias","category-santiago-del-estero"],"yoast_head":"<!-- This site is optimized with the Yoast SEO plugin v25.6 - https:\/\/yoast.com\/wordpress\/plugins\/seo\/ -->\n<title>Este mi\u00e9rcoles 20 iniciar\u00e1 el pago de los planes de Emergencia Provinciales - Nativa Info<\/title>\n<meta name=\"robots\" content=\"index, follow, max-snippet:-1, max-image-preview:large, max-video-preview:-1\" \/>\n<link rel=\"canonical\" href=\"https:\/\/nativainfo.com\/?p=4182\" \/>\n<meta property=\"og:locale\" content=\"es_ES\" \/>\n<meta property=\"og:type\" content=\"article\" \/>\n<meta property=\"og:title\" content=\"Este mi\u00e9rcoles 20 iniciar\u00e1 el pago de los planes de Emergencia Provinciales - Nativa Info\" \/>\n<meta property=\"og:description\" content=\"As\u00ed lo inform\u00f3 el Ministerio de Justicia y Derechos Humanos. El cronograma completo. El&nbsp;Ministerio de Justicia y Derechos Humanos&nbsp;informa que... Continue reading\" \/>\n<meta property=\"og:url\" content=\"https:\/\/nativainfo.com\/?p=4182\" \/>\n<meta property=\"og:site_name\" content=\"Nativa Info\" \/>\n<meta property=\"article:publisher\" content=\"https:\/\/www.facebook.com\/profile.php?id=61578881597564\" \/>\n<meta property=\"article:published_time\" content=\"2024-03-19T17:59:17+00:00\" \/>\n<meta property=\"article:modified_time\" content=\"2024-03-19T17:59:18+00:00\" \/>\n<meta property=\"og:image\" content=\"http:\/\/nativainfo.com\/wp-content\/uploads\/2024\/03\/imagen_2024-03-19_145909428.png\" \/>\n<meta name=\"author\" content=\"Nativa Info\" \/>\n<meta name=\"twitter:card\" content=\"summary_large_image\" \/>\n<meta name=\"twitter:label1\" content=\"Escrito por\" \/>\n\t<meta name=\"twitter:data1\" content=\"Nativa Info\" \/>\n\t<meta name=\"twitter:label2\" content=\"Tiempo de lectura\" \/>\n\t<meta name=\"twitter:data2\" content=\"1 minuto\" \/>\n<script type=\"application\/ld+json\" class=\"yoast-schema-graph\">{\"@context\":\"https:\/\/schema.org\",\"@graph\":[{\"@type\":\"Article\",\"@id\":\"https:\/\/nativainfo.com\/?p=4182#article\",\"isPartOf\":{\"@id\":\"https:\/\/nativainfo.com\/?p=4182\"},\"author\":{\"name\":\"Nativa Info\",\"@id\":\"https:\/\/nativainfo.com\/#\/schema\/person\/24893b64a9cd564ddb5d102d36eb4b5c\"},\"headline\":\"Este mi\u00e9rcoles 20 iniciar\u00e1 el pago de los planes de Emergencia Provinciales\",\"datePublished\":\"2024-03-19T17:59:17+00:00\",\"dateModified\":\"2024-03-19T17:59:18+00:00\",\"mainEntityOfPage\":{\"@id\":\"https:\/\/nativainfo.com\/?p=4182\"},\"wordCount\":247,\"commentCount\":0,\"publisher\":{\"@id\":\"https:\/\/nativainfo.com\/#organization\"},\"image\":{\"@id\":\"https:\/\/nativainfo.com\/?p=4182#primaryimage\"},\"thumbnailUrl\":\"http:\/\/nativainfo.com\/wp-content\/uploads\/2024\/03\/imagen_2024-03-19_145909428.png\",\"articleSection\":[\"Noticias\",\"Santiago del Estero\"],\"inLanguage\":\"es-AR\",\"potentialAction\":[{\"@type\":\"CommentAction\",\"name\":\"Comment\",\"target\":[\"https:\/\/nativainfo.com\/?p=4182#respond\"]}]},{\"@type\":\"WebPage\",\"@id\":\"https:\/\/nativainfo.com\/?p=4182\",\"url\":\"https:\/\/nativainfo.com\/?p=4182\",\"name\":\"Este mi\u00e9rcoles 20 iniciar\u00e1 el pago de los planes de Emergencia Provinciales - Nativa Info\",\"isPartOf\":{\"@id\":\"https:\/\/nativainfo.com\/#website\"},\"primaryImageOfPage\":{\"@id\":\"https:\/\/nativainfo.com\/?p=4182#primaryimage\"},\"image\":{\"@id\":\"https:\/\/nativainfo.com\/?p=4182#primaryimage\"},\"thumbnailUrl\":\"http:\/\/nativainfo.com\/wp-content\/uploads\/2024\/03\/imagen_2024-03-19_145909428.png\",\"datePublished\":\"2024-03-19T17:59:17+00:00\",\"dateModified\":\"2024-03-19T17:59:18+00:00\",\"breadcrumb\":{\"@id\":\"https:\/\/nativainfo.com\/?p=4182#breadcrumb\"},\"inLanguage\":\"es-AR\",\"potentialAction\":[{\"@type\":\"ReadAction\",\"target\":[\"https:\/\/nativainfo.com\/?p=4182\"]}]},{\"@type\":\"ImageObject\",\"inLanguage\":\"es-AR\",\"@id\":\"https:\/\/nativainfo.com\/?p=4182#primaryimage\",\"url\":\"https:\/\/nativainfo.com\/wp-content\/uploads\/2024\/03\/imagen_2024-03-19_145909428.png\",\"contentUrl\":\"https:\/\/nativainfo.com\/wp-content\/uploads\/2024\/03\/imagen_2024-03-19_145909428.png\",\"width\":1010,\"height\":567},{\"@type\":\"BreadcrumbList\",\"@id\":\"https:\/\/nativainfo.com\/?p=4182#breadcrumb\",\"itemListElement\":[{\"@type\":\"ListItem\",\"position\":1,\"name\":\"Inicio\",\"item\":\"https:\/\/nativainfo.com\/\"},{\"@type\":\"ListItem\",\"position\":2,\"name\":\"Este mi\u00e9rcoles 20 iniciar\u00e1 el pago de los planes de Emergencia Provinciales\"}]},{\"@type\":\"WebSite\",\"@id\":\"https:\/\/nativainfo.com\/#website\",\"url\":\"https:\/\/nativainfo.com\/\",\"name\":\"Nativa Info\",\"description\":\"Diario Digital\",\"publisher\":{\"@id\":\"https:\/\/nativainfo.com\/#organization\"},\"potentialAction\":[{\"@type\":\"SearchAction\",\"target\":{\"@type\":\"EntryPoint\",\"urlTemplate\":\"https:\/\/nativainfo.com\/?s={search_term_string}\"},\"query-input\":{\"@type\":\"PropertyValueSpecification\",\"valueRequired\":true,\"valueName\":\"search_term_string\"}}],\"inLanguage\":\"es-AR\"},{\"@type\":\"Organization\",\"@id\":\"https:\/\/nativainfo.com\/#organization\",\"name\":\"Nativa Info\",\"url\":\"https:\/\/nativainfo.com\/\",\"logo\":{\"@type\":\"ImageObject\",\"inLanguage\":\"es-AR\",\"@id\":\"https:\/\/nativainfo.com\/#\/schema\/logo\/image\/\",\"url\":\"https:\/\/nativainfo.com\/wp-content\/uploads\/2025\/08\/LOGO-NATIVA-FACE.jpg\",\"contentUrl\":\"https:\/\/nativainfo.com\/wp-content\/uploads\/2025\/08\/LOGO-NATIVA-FACE.jpg\",\"width\":400,\"height\":400,\"caption\":\"Nativa Info\"},\"image\":{\"@id\":\"https:\/\/nativainfo.com\/#\/schema\/logo\/image\/\"},\"sameAs\":[\"https:\/\/www.facebook.com\/profile.php?id=61578881597564\"]},{\"@type\":\"Person\",\"@id\":\"https:\/\/nativainfo.com\/#\/schema\/person\/24893b64a9cd564ddb5d102d36eb4b5c\",\"name\":\"Nativa Info\",\"image\":{\"@type\":\"ImageObject\",\"inLanguage\":\"es-AR\",\"@id\":\"https:\/\/nativainfo.com\/#\/schema\/person\/image\/\",\"url\":\"https:\/\/secure.gravatar.com\/avatar\/016fa1cf068d85136d938e1507b9b619cb766e2565cbb1faa1e571762460c785?s=96&d=mm&r=g\",\"contentUrl\":\"https:\/\/secure.gravatar.com\/avatar\/016fa1cf068d85136d938e1507b9b619cb766e2565cbb1faa1e571762460c785?s=96&d=mm&r=g\",\"caption\":\"Nativa Info\"},\"sameAs\":[\"http:\/\/nativainfo.com\"],\"url\":\"https:\/\/nativainfo.com\/?author=1\"}]}<\/script>\n<!-- \/ Yoast SEO plugin. -->","yoast_head_json":{"title":"Este mi\u00e9rcoles 20 iniciar\u00e1 el pago de los planes de Emergencia Provinciales - Nativa Info","robots":{"index":"index","follow":"follow","max-snippet":"max-snippet:-1","max-image-preview":"max-image-preview:large","max-video-preview":"max-video-preview:-1"},"canonical":"https:\/\/nativainfo.com\/?p=4182","og_locale":"es_ES","og_type":"article","og_title":"Este mi\u00e9rcoles 20 iniciar\u00e1 el pago de los planes de Emergencia Provinciales - Nativa Info","og_description":"As\u00ed lo inform\u00f3 el Ministerio de Justicia y Derechos Humanos. El cronograma completo. El&nbsp;Ministerio de Justicia y Derechos Humanos&nbsp;informa que... Continue reading","og_url":"https:\/\/nativainfo.com\/?p=4182","og_site_name":"Nativa Info","article_publisher":"https:\/\/www.facebook.com\/profile.php?id=61578881597564","article_published_time":"2024-03-19T17:59:17+00:00","article_modified_time":"2024-03-19T17:59:18+00:00","og_image":[{"url":"http:\/\/nativainfo.com\/wp-content\/uploads\/2024\/03\/imagen_2024-03-19_145909428.png","type":"","width":"","height":""}],"author":"Nativa Info","twitter_card":"summary_large_image","twitter_misc":{"Escrito por":"Nativa Info","Tiempo de lectura":"1 minuto"},"schema":{"@context":"https:\/\/schema.org","@graph":[{"@type":"Article","@id":"https:\/\/nativainfo.com\/?p=4182#article","isPartOf":{"@id":"https:\/\/nativainfo.com\/?p=4182"},"author":{"name":"Nativa Info","@id":"https:\/\/nativainfo.com\/#\/schema\/person\/24893b64a9cd564ddb5d102d36eb4b5c"},"headline":"Este mi\u00e9rcoles 20 iniciar\u00e1 el pago de los planes de Emergencia Provinciales","datePublished":"2024-03-19T17:59:17+00:00","dateModified":"2024-03-19T17:59:18+00:00","mainEntityOfPage":{"@id":"https:\/\/nativainfo.com\/?p=4182"},"wordCount":247,"commentCount":0,"publisher":{"@id":"https:\/\/nativainfo.com\/#organization"},"image":{"@id":"https:\/\/nativainfo.com\/?p=4182#primaryimage"},"thumbnailUrl":"http:\/\/nativainfo.com\/wp-content\/uploads\/2024\/03\/imagen_2024-03-19_145909428.png","articleSection":["Noticias","Santiago del Estero"],"inLanguage":"es-AR","potentialAction":[{"@type":"CommentAction","name":"Comment","target":["https:\/\/nativainfo.com\/?p=4182#respond"]}]},{"@type":"WebPage","@id":"https:\/\/nativainfo.com\/?p=4182","url":"https:\/\/nativainfo.com\/?p=4182","name":"Este mi\u00e9rcoles 20 iniciar\u00e1 el pago de los planes de Emergencia Provinciales - Nativa Info","isPartOf":{"@id":"https:\/\/nativainfo.com\/#website"},"primaryImageOfPage":{"@id":"https:\/\/nativainfo.com\/?p=4182#primaryimage"},"image":{"@id":"https:\/\/nativainfo.com\/?p=4182#primaryimage"},"thumbnailUrl":"http:\/\/nativainfo.com\/wp-content\/uploads\/2024\/03\/imagen_2024-03-19_145909428.png","datePublished":"2024-03-19T17:59:17+00:00","dateModified":"2024-03-19T17:59:18+00:00","breadcrumb":{"@id":"https:\/\/nativainfo.com\/?p=4182#breadcrumb"},"inLanguage":"es-AR","potentialAction":[{"@type":"ReadAction","target":["https:\/\/nativainfo.com\/?p=4182"]}]},{"@type":"ImageObject","inLanguage":"es-AR","@id":"https:\/\/nativainfo.com\/?p=4182#primaryimage","url":"https:\/\/nativainfo.com\/wp-content\/uploads\/2024\/03\/imagen_2024-03-19_145909428.png","contentUrl":"https:\/\/nativainfo.com\/wp-content\/uploads\/2024\/03\/imagen_2024-03-19_145909428.png","width":1010,"height":567},{"@type":"BreadcrumbList","@id":"https:\/\/nativainfo.com\/?p=4182#breadcrumb","itemListElement":[{"@type":"ListItem","position":1,"name":"Inicio","item":"https:\/\/nativainfo.com\/"},{"@type":"ListItem","position":2,"name":"Este mi\u00e9rcoles 20 iniciar\u00e1 el pago de los planes de Emergencia Provinciales"}]},{"@type":"WebSite","@id":"https:\/\/nativainfo.com\/#website","url":"https:\/\/nativainfo.com\/","name":"Nativa Info","description":"Diario Digital","publisher":{"@id":"https:\/\/nativainfo.com\/#organization"},"potentialAction":[{"@type":"SearchAction","target":{"@type":"EntryPoint","urlTemplate":"https:\/\/nativainfo.com\/?s={search_term_string}"},"query-input":{"@type":"PropertyValueSpecification","valueRequired":true,"valueName":"search_term_string"}}],"inLanguage":"es-AR"},{"@type":"Organization","@id":"https:\/\/nativainfo.com\/#organization","name":"Nativa Info","url":"https:\/\/nativainfo.com\/","logo":{"@type":"ImageObject","inLanguage":"es-AR","@id":"https:\/\/nativainfo.com\/#\/schema\/logo\/image\/","url":"https:\/\/nativainfo.com\/wp-content\/uploads\/2025\/08\/LOGO-NATIVA-FACE.jpg","contentUrl":"https:\/\/nativainfo.com\/wp-content\/uploads\/2025\/08\/LOGO-NATIVA-FACE.jpg","width":400,"height":400,"caption":"Nativa Info"},"image":{"@id":"https:\/\/nativainfo.com\/#\/schema\/logo\/image\/"},"sameAs":["https:\/\/www.facebook.com\/profile.php?id=61578881597564"]},{"@type":"Person","@id":"https:\/\/nativainfo.com\/#\/schema\/person\/24893b64a9cd564ddb5d102d36eb4b5c","name":"Nativa Info","image":{"@type":"ImageObject","inLanguage":"es-AR","@id":"https:\/\/nativainfo.com\/#\/schema\/person\/image\/","url":"https:\/\/secure.gravatar.com\/avatar\/016fa1cf068d85136d938e1507b9b619cb766e2565cbb1faa1e571762460c785?s=96&d=mm&r=g","contentUrl":"https:\/\/secure.gravatar.com\/avatar\/016fa1cf068d85136d938e1507b9b619cb766e2565cbb1faa1e571762460c785?s=96&d=mm&r=g","caption":"Nativa Info"},"sameAs":["http:\/\/nativainfo.com"],"url":"https:\/\/nativainfo.com\/?author=1"}]}},"jetpack_publicize_connections":[],"_links":{"self":[{"href":"https:\/\/nativainfo.com\/index.php?rest_route=\/wp\/v2\/posts\/4182","targetHints":{"allow":["GET"]}}],"collection":[{"href":"https:\/\/nativainfo.com\/index.php?rest_route=\/wp\/v2\/posts"}],"about":[{"href":"https:\/\/nativainfo.com\/index.php?rest_route=\/wp\/v2\/types\/post"}],"author":[{"embeddable":true,"href":"https:\/\/nativainfo.com\/index.php?rest_route=\/wp\/v2\/users\/1"}],"replies":[{"embeddable":true,"href":"https:\/\/nativainfo.com\/index.php?rest_route=%2Fwp%2Fv2%2Fcomments&post=4182"}],"version-history":[{"count":1,"href":"https:\/\/nativainfo.com\/index.php?rest_route=\/wp\/v2\/posts\/4182\/revisions"}],"predecessor-version":[{"id":4186,"href":"https:\/\/nativainfo.com\/index.php?rest_route=\/wp\/v2\/posts\/4182\/revisions\/4186"}],"wp:attachment":[{"href":"https:\/\/nativainfo.com\/index.php?rest_route=%2Fwp%2Fv2%2Fmedia&parent=4182"}],"wp:term":[{"taxonomy":"category","embeddable":true,"href":"https:\/\/nativainfo.com\/index.php?rest_route=%2Fwp%2Fv2%2Fcategories&post=4182"},{"taxonomy":"post_tag","embeddable":true,"href":"https:\/\/nativainfo.com\/index.php?rest_route=%2Fwp%2Fv2%2Ftags&post=4182"}],"curies":[{"name":"wp","href":"https:\/\/api.w.org\/{rel}","templated":true}]}}