{"id":4171,"date":"2024-03-12T03:33:37","date_gmt":"2024-03-12T06:33:37","guid":{"rendered":"http:\/\/nativainfo.com\/?p=4171"},"modified":"2024-03-12T03:33:38","modified_gmt":"2024-03-12T06:33:38","slug":"uta-anuncio-un-paro-de-colectivos-por-48-horas-para-todo-el-interior-del-pais","status":"publish","type":"post","link":"https:\/\/nativainfo.com\/?p=4171","title":{"rendered":"UTA anunci\u00f3 un paro de colectivos por 48 horas para todo el interior del pa\u00eds"},"content":{"rendered":"\n<p>Ser\u00e1 para los d\u00edas mi\u00e9rcoles y jueves. La medida de fuerza llega despu\u00e9s de la falta de acuerdo paritario entre choferes, empresarios y Naci\u00f3n.<\/p>\n\n\n\n<figure class=\"wp-block-image size-large\"><img fetchpriority=\"high\" decoding=\"async\" width=\"1010\" height=\"567\" src=\"http:\/\/nativainfo.com\/wp-content\/uploads\/2024\/03\/imagen_2024-03-12_033331511.png\" alt=\"\" class=\"wp-image-4176\" srcset=\"https:\/\/nativainfo.com\/wp-content\/uploads\/2024\/03\/imagen_2024-03-12_033331511.png 1010w, https:\/\/nativainfo.com\/wp-content\/uploads\/2024\/03\/imagen_2024-03-12_033331511-300x168.png 300w, https:\/\/nativainfo.com\/wp-content\/uploads\/2024\/03\/imagen_2024-03-12_033331511-768x431.png 768w, https:\/\/nativainfo.com\/wp-content\/uploads\/2024\/03\/imagen_2024-03-12_033331511-623x350.png 623w, https:\/\/nativainfo.com\/wp-content\/uploads\/2024\/03\/imagen_2024-03-12_033331511-150x84.png 150w\" sizes=\"(max-width: 1010px) 100vw, 1010px\" \/><\/figure>\n\n\n\n<p>La Uni\u00f3n Tranviarios Automotor (UTA) anunci\u00f3 otro paro de colectivos para este mi\u00e9rcoles 13 y tambi\u00e9n el jueves 14 de marzo. La medida de fuerza afectar\u00e1 a los servicios de transporte en el interior del pa\u00eds.<\/p>\n\n\n\n<p>La huelga -extendida a dos d\u00edas- llega despu\u00e9s de&nbsp;<strong>un nuevo fracaso en la audiencia paritaria<\/strong>&nbsp;entre Naci\u00f3n, la UTA y los empresarios del transporte nucleados en la Federaci\u00f3n Argentina de Transportadores de Automotor de Pasajeros (Fatap).<\/p>\n\n\n\n<p>&#8220;La&nbsp;<strong>Naci\u00f3n<\/strong>&nbsp;ha expresado reiteradamente que<strong>&nbsp;no generar\u00e1 aporte alguno<\/strong>&nbsp;para la actividad, a pesar de que se encuentra vigente el Presupuesto del a\u00f1o 2023 que contemplaba las partidas para el Fondo Compensador al Transporte del Interior&#8221;, remarc\u00f3 Fatap en la resoluci\u00f3n.<\/p>\n\n\n\n<p>&#8220;El&nbsp;<strong>salario no es un costo<\/strong>, por lo tanto, no corresponde intentar una baja como ahora pareciera insinuar la patronal empresaria. Exigimos alcanzar un acuerdo sectorial acorde a la pretensi\u00f3n anteriormente expresada, sin embargo el tiempo continuo pasando en detrimento de nuestras necesidades&#8221;, se lee en el documento en voz del sindicato de la UTA, que lidera Roberto Fern\u00e1ndez.<\/p>\n\n\n\n<p>El paro de colectivos en el interior llega despu\u00e9s de medidas de fuerza en Santa Fe por los asesinatos de sicarios y en algunas l\u00edneas del AMBA por la falta de pago de salarios.<\/p>\n","protected":false},"excerpt":{"rendered":"<p>Ser\u00e1 para los d\u00edas mi\u00e9rcoles y jueves. La medida de fuerza llega despu\u00e9s de la falta de acuerdo paritario entre&#8230; <a class=\"continue-reading-link\" href=\"https:\/\/nativainfo.com\/?p=4171\">Continue reading<\/a><\/p>\n","protected":false},"author":1,"featured_media":0,"comment_status":"open","ping_status":"open","sticky":false,"template":"","format":"standard","meta":{"rop_custom_images_group":[],"rop_custom_messages_group":[],"rop_publish_now":"initial","rop_publish_now_accounts":[],"rop_publish_now_history":[],"rop_publish_now_status":"pending","footnotes":"","jetpack_publicize_message":"","jetpack_publicize_feature_enabled":true,"jetpack_social_post_already_shared":false,"jetpack_social_options":{"image_generator_settings":{"template":"highway","default_image_id":0,"font":"","enabled":false},"version":2}},"categories":[8],"tags":[],"class_list":["post-4171","post","type-post","status-publish","format-standard","hentry","category-noticias"],"yoast_head":"<!-- This site is optimized with the Yoast SEO plugin v25.6 - https:\/\/yoast.com\/wordpress\/plugins\/seo\/ -->\n<title>UTA anunci\u00f3 un paro de colectivos por 48 horas para todo el interior del pa\u00eds - Nativa Info<\/title>\n<meta name=\"robots\" content=\"index, follow, max-snippet:-1, max-image-preview:large, max-video-preview:-1\" \/>\n<link rel=\"canonical\" href=\"https:\/\/nativainfo.com\/?p=4171\" \/>\n<meta property=\"og:locale\" content=\"es_ES\" \/>\n<meta property=\"og:type\" content=\"article\" \/>\n<meta property=\"og:title\" content=\"UTA anunci\u00f3 un paro de colectivos por 48 horas para todo el interior del pa\u00eds - Nativa Info\" \/>\n<meta property=\"og:description\" content=\"Ser\u00e1 para los d\u00edas mi\u00e9rcoles y jueves. La medida de fuerza llega despu\u00e9s de la falta de acuerdo paritario entre... Continue reading\" \/>\n<meta property=\"og:url\" content=\"https:\/\/nativainfo.com\/?p=4171\" \/>\n<meta property=\"og:site_name\" content=\"Nativa Info\" \/>\n<meta property=\"article:publisher\" content=\"https:\/\/www.facebook.com\/profile.php?id=61578881597564\" \/>\n<meta property=\"article:published_time\" content=\"2024-03-12T06:33:37+00:00\" \/>\n<meta property=\"article:modified_time\" content=\"2024-03-12T06:33:38+00:00\" \/>\n<meta property=\"og:image\" content=\"http:\/\/nativainfo.com\/wp-content\/uploads\/2024\/03\/imagen_2024-03-12_033331511.png\" \/>\n<meta name=\"author\" content=\"Nativa Info\" \/>\n<meta name=\"twitter:card\" content=\"summary_large_image\" \/>\n<meta name=\"twitter:label1\" content=\"Escrito por\" \/>\n\t<meta name=\"twitter:data1\" content=\"Nativa Info\" \/>\n\t<meta name=\"twitter:label2\" content=\"Tiempo de lectura\" \/>\n\t<meta name=\"twitter:data2\" content=\"1 minuto\" \/>\n<script type=\"application\/ld+json\" class=\"yoast-schema-graph\">{\"@context\":\"https:\/\/schema.org\",\"@graph\":[{\"@type\":\"Article\",\"@id\":\"https:\/\/nativainfo.com\/?p=4171#article\",\"isPartOf\":{\"@id\":\"https:\/\/nativainfo.com\/?p=4171\"},\"author\":{\"name\":\"Nativa Info\",\"@id\":\"https:\/\/nativainfo.com\/#\/schema\/person\/24893b64a9cd564ddb5d102d36eb4b5c\"},\"headline\":\"UTA anunci\u00f3 un paro de colectivos por 48 horas para todo el interior del pa\u00eds\",\"datePublished\":\"2024-03-12T06:33:37+00:00\",\"dateModified\":\"2024-03-12T06:33:38+00:00\",\"mainEntityOfPage\":{\"@id\":\"https:\/\/nativainfo.com\/?p=4171\"},\"wordCount\":270,\"commentCount\":0,\"publisher\":{\"@id\":\"https:\/\/nativainfo.com\/#organization\"},\"image\":{\"@id\":\"https:\/\/nativainfo.com\/?p=4171#primaryimage\"},\"thumbnailUrl\":\"http:\/\/nativainfo.com\/wp-content\/uploads\/2024\/03\/imagen_2024-03-12_033331511.png\",\"articleSection\":[\"Noticias\"],\"inLanguage\":\"es-AR\",\"potentialAction\":[{\"@type\":\"CommentAction\",\"name\":\"Comment\",\"target\":[\"https:\/\/nativainfo.com\/?p=4171#respond\"]}]},{\"@type\":\"WebPage\",\"@id\":\"https:\/\/nativainfo.com\/?p=4171\",\"url\":\"https:\/\/nativainfo.com\/?p=4171\",\"name\":\"UTA anunci\u00f3 un paro de colectivos por 48 horas para todo el interior del pa\u00eds - Nativa Info\",\"isPartOf\":{\"@id\":\"https:\/\/nativainfo.com\/#website\"},\"primaryImageOfPage\":{\"@id\":\"https:\/\/nativainfo.com\/?p=4171#primaryimage\"},\"image\":{\"@id\":\"https:\/\/nativainfo.com\/?p=4171#primaryimage\"},\"thumbnailUrl\":\"http:\/\/nativainfo.com\/wp-content\/uploads\/2024\/03\/imagen_2024-03-12_033331511.png\",\"datePublished\":\"2024-03-12T06:33:37+00:00\",\"dateModified\":\"2024-03-12T06:33:38+00:00\",\"breadcrumb\":{\"@id\":\"https:\/\/nativainfo.com\/?p=4171#breadcrumb\"},\"inLanguage\":\"es-AR\",\"potentialAction\":[{\"@type\":\"ReadAction\",\"target\":[\"https:\/\/nativainfo.com\/?p=4171\"]}]},{\"@type\":\"ImageObject\",\"inLanguage\":\"es-AR\",\"@id\":\"https:\/\/nativainfo.com\/?p=4171#primaryimage\",\"url\":\"https:\/\/nativainfo.com\/wp-content\/uploads\/2024\/03\/imagen_2024-03-12_033331511.png\",\"contentUrl\":\"https:\/\/nativainfo.com\/wp-content\/uploads\/2024\/03\/imagen_2024-03-12_033331511.png\",\"width\":1010,\"height\":567},{\"@type\":\"BreadcrumbList\",\"@id\":\"https:\/\/nativainfo.com\/?p=4171#breadcrumb\",\"itemListElement\":[{\"@type\":\"ListItem\",\"position\":1,\"name\":\"Inicio\",\"item\":\"https:\/\/nativainfo.com\/\"},{\"@type\":\"ListItem\",\"position\":2,\"name\":\"UTA anunci\u00f3 un paro de colectivos por 48 horas para todo el interior del pa\u00eds\"}]},{\"@type\":\"WebSite\",\"@id\":\"https:\/\/nativainfo.com\/#website\",\"url\":\"https:\/\/nativainfo.com\/\",\"name\":\"Nativa Info\",\"description\":\"Diario Digital\",\"publisher\":{\"@id\":\"https:\/\/nativainfo.com\/#organization\"},\"potentialAction\":[{\"@type\":\"SearchAction\",\"target\":{\"@type\":\"EntryPoint\",\"urlTemplate\":\"https:\/\/nativainfo.com\/?s={search_term_string}\"},\"query-input\":{\"@type\":\"PropertyValueSpecification\",\"valueRequired\":true,\"valueName\":\"search_term_string\"}}],\"inLanguage\":\"es-AR\"},{\"@type\":\"Organization\",\"@id\":\"https:\/\/nativainfo.com\/#organization\",\"name\":\"Nativa Info\",\"url\":\"https:\/\/nativainfo.com\/\",\"logo\":{\"@type\":\"ImageObject\",\"inLanguage\":\"es-AR\",\"@id\":\"https:\/\/nativainfo.com\/#\/schema\/logo\/image\/\",\"url\":\"https:\/\/nativainfo.com\/wp-content\/uploads\/2025\/08\/LOGO-NATIVA-FACE.jpg\",\"contentUrl\":\"https:\/\/nativainfo.com\/wp-content\/uploads\/2025\/08\/LOGO-NATIVA-FACE.jpg\",\"width\":400,\"height\":400,\"caption\":\"Nativa Info\"},\"image\":{\"@id\":\"https:\/\/nativainfo.com\/#\/schema\/logo\/image\/\"},\"sameAs\":[\"https:\/\/www.facebook.com\/profile.php?id=61578881597564\"]},{\"@type\":\"Person\",\"@id\":\"https:\/\/nativainfo.com\/#\/schema\/person\/24893b64a9cd564ddb5d102d36eb4b5c\",\"name\":\"Nativa Info\",\"image\":{\"@type\":\"ImageObject\",\"inLanguage\":\"es-AR\",\"@id\":\"https:\/\/nativainfo.com\/#\/schema\/person\/image\/\",\"url\":\"https:\/\/secure.gravatar.com\/avatar\/016fa1cf068d85136d938e1507b9b619cb766e2565cbb1faa1e571762460c785?s=96&d=mm&r=g\",\"contentUrl\":\"https:\/\/secure.gravatar.com\/avatar\/016fa1cf068d85136d938e1507b9b619cb766e2565cbb1faa1e571762460c785?s=96&d=mm&r=g\",\"caption\":\"Nativa Info\"},\"sameAs\":[\"http:\/\/nativainfo.com\"],\"url\":\"https:\/\/nativainfo.com\/?author=1\"}]}<\/script>\n<!-- \/ Yoast SEO plugin. -->","yoast_head_json":{"title":"UTA anunci\u00f3 un paro de colectivos por 48 horas para todo el interior del pa\u00eds - Nativa Info","robots":{"index":"index","follow":"follow","max-snippet":"max-snippet:-1","max-image-preview":"max-image-preview:large","max-video-preview":"max-video-preview:-1"},"canonical":"https:\/\/nativainfo.com\/?p=4171","og_locale":"es_ES","og_type":"article","og_title":"UTA anunci\u00f3 un paro de colectivos por 48 horas para todo el interior del pa\u00eds - Nativa Info","og_description":"Ser\u00e1 para los d\u00edas mi\u00e9rcoles y jueves. La medida de fuerza llega despu\u00e9s de la falta de acuerdo paritario entre... Continue reading","og_url":"https:\/\/nativainfo.com\/?p=4171","og_site_name":"Nativa Info","article_publisher":"https:\/\/www.facebook.com\/profile.php?id=61578881597564","article_published_time":"2024-03-12T06:33:37+00:00","article_modified_time":"2024-03-12T06:33:38+00:00","og_image":[{"url":"http:\/\/nativainfo.com\/wp-content\/uploads\/2024\/03\/imagen_2024-03-12_033331511.png","type":"","width":"","height":""}],"author":"Nativa Info","twitter_card":"summary_large_image","twitter_misc":{"Escrito por":"Nativa Info","Tiempo de lectura":"1 minuto"},"schema":{"@context":"https:\/\/schema.org","@graph":[{"@type":"Article","@id":"https:\/\/nativainfo.com\/?p=4171#article","isPartOf":{"@id":"https:\/\/nativainfo.com\/?p=4171"},"author":{"name":"Nativa Info","@id":"https:\/\/nativainfo.com\/#\/schema\/person\/24893b64a9cd564ddb5d102d36eb4b5c"},"headline":"UTA anunci\u00f3 un paro de colectivos por 48 horas para todo el interior del pa\u00eds","datePublished":"2024-03-12T06:33:37+00:00","dateModified":"2024-03-12T06:33:38+00:00","mainEntityOfPage":{"@id":"https:\/\/nativainfo.com\/?p=4171"},"wordCount":270,"commentCount":0,"publisher":{"@id":"https:\/\/nativainfo.com\/#organization"},"image":{"@id":"https:\/\/nativainfo.com\/?p=4171#primaryimage"},"thumbnailUrl":"http:\/\/nativainfo.com\/wp-content\/uploads\/2024\/03\/imagen_2024-03-12_033331511.png","articleSection":["Noticias"],"inLanguage":"es-AR","potentialAction":[{"@type":"CommentAction","name":"Comment","target":["https:\/\/nativainfo.com\/?p=4171#respond"]}]},{"@type":"WebPage","@id":"https:\/\/nativainfo.com\/?p=4171","url":"https:\/\/nativainfo.com\/?p=4171","name":"UTA anunci\u00f3 un paro de colectivos por 48 horas para todo el interior del pa\u00eds - Nativa Info","isPartOf":{"@id":"https:\/\/nativainfo.com\/#website"},"primaryImageOfPage":{"@id":"https:\/\/nativainfo.com\/?p=4171#primaryimage"},"image":{"@id":"https:\/\/nativainfo.com\/?p=4171#primaryimage"},"thumbnailUrl":"http:\/\/nativainfo.com\/wp-content\/uploads\/2024\/03\/imagen_2024-03-12_033331511.png","datePublished":"2024-03-12T06:33:37+00:00","dateModified":"2024-03-12T06:33:38+00:00","breadcrumb":{"@id":"https:\/\/nativainfo.com\/?p=4171#breadcrumb"},"inLanguage":"es-AR","potentialAction":[{"@type":"ReadAction","target":["https:\/\/nativainfo.com\/?p=4171"]}]},{"@type":"ImageObject","inLanguage":"es-AR","@id":"https:\/\/nativainfo.com\/?p=4171#primaryimage","url":"https:\/\/nativainfo.com\/wp-content\/uploads\/2024\/03\/imagen_2024-03-12_033331511.png","contentUrl":"https:\/\/nativainfo.com\/wp-content\/uploads\/2024\/03\/imagen_2024-03-12_033331511.png","width":1010,"height":567},{"@type":"BreadcrumbList","@id":"https:\/\/nativainfo.com\/?p=4171#breadcrumb","itemListElement":[{"@type":"ListItem","position":1,"name":"Inicio","item":"https:\/\/nativainfo.com\/"},{"@type":"ListItem","position":2,"name":"UTA anunci\u00f3 un paro de colectivos por 48 horas para todo el interior del pa\u00eds"}]},{"@type":"WebSite","@id":"https:\/\/nativainfo.com\/#website","url":"https:\/\/nativainfo.com\/","name":"Nativa Info","description":"Diario Digital","publisher":{"@id":"https:\/\/nativainfo.com\/#organization"},"potentialAction":[{"@type":"SearchAction","target":{"@type":"EntryPoint","urlTemplate":"https:\/\/nativainfo.com\/?s={search_term_string}"},"query-input":{"@type":"PropertyValueSpecification","valueRequired":true,"valueName":"search_term_string"}}],"inLanguage":"es-AR"},{"@type":"Organization","@id":"https:\/\/nativainfo.com\/#organization","name":"Nativa Info","url":"https:\/\/nativainfo.com\/","logo":{"@type":"ImageObject","inLanguage":"es-AR","@id":"https:\/\/nativainfo.com\/#\/schema\/logo\/image\/","url":"https:\/\/nativainfo.com\/wp-content\/uploads\/2025\/08\/LOGO-NATIVA-FACE.jpg","contentUrl":"https:\/\/nativainfo.com\/wp-content\/uploads\/2025\/08\/LOGO-NATIVA-FACE.jpg","width":400,"height":400,"caption":"Nativa Info"},"image":{"@id":"https:\/\/nativainfo.com\/#\/schema\/logo\/image\/"},"sameAs":["https:\/\/www.facebook.com\/profile.php?id=61578881597564"]},{"@type":"Person","@id":"https:\/\/nativainfo.com\/#\/schema\/person\/24893b64a9cd564ddb5d102d36eb4b5c","name":"Nativa Info","image":{"@type":"ImageObject","inLanguage":"es-AR","@id":"https:\/\/nativainfo.com\/#\/schema\/person\/image\/","url":"https:\/\/secure.gravatar.com\/avatar\/016fa1cf068d85136d938e1507b9b619cb766e2565cbb1faa1e571762460c785?s=96&d=mm&r=g","contentUrl":"https:\/\/secure.gravatar.com\/avatar\/016fa1cf068d85136d938e1507b9b619cb766e2565cbb1faa1e571762460c785?s=96&d=mm&r=g","caption":"Nativa Info"},"sameAs":["http:\/\/nativainfo.com"],"url":"https:\/\/nativainfo.com\/?author=1"}]}},"jetpack_publicize_connections":[],"_links":{"self":[{"href":"https:\/\/nativainfo.com\/index.php?rest_route=\/wp\/v2\/posts\/4171","targetHints":{"allow":["GET"]}}],"collection":[{"href":"https:\/\/nativainfo.com\/index.php?rest_route=\/wp\/v2\/posts"}],"about":[{"href":"https:\/\/nativainfo.com\/index.php?rest_route=\/wp\/v2\/types\/post"}],"author":[{"embeddable":true,"href":"https:\/\/nativainfo.com\/index.php?rest_route=\/wp\/v2\/users\/1"}],"replies":[{"embeddable":true,"href":"https:\/\/nativainfo.com\/index.php?rest_route=%2Fwp%2Fv2%2Fcomments&post=4171"}],"version-history":[{"count":1,"href":"https:\/\/nativainfo.com\/index.php?rest_route=\/wp\/v2\/posts\/4171\/revisions"}],"predecessor-version":[{"id":4177,"href":"https:\/\/nativainfo.com\/index.php?rest_route=\/wp\/v2\/posts\/4171\/revisions\/4177"}],"wp:attachment":[{"href":"https:\/\/nativainfo.com\/index.php?rest_route=%2Fwp%2Fv2%2Fmedia&parent=4171"}],"wp:term":[{"taxonomy":"category","embeddable":true,"href":"https:\/\/nativainfo.com\/index.php?rest_route=%2Fwp%2Fv2%2Fcategories&post=4171"},{"taxonomy":"post_tag","embeddable":true,"href":"https:\/\/nativainfo.com\/index.php?rest_route=%2Fwp%2Fv2%2Ftags&post=4171"}],"curies":[{"name":"wp","href":"https:\/\/api.w.org\/{rel}","templated":true}]}}