{"id":4170,"date":"2024-03-12T03:33:08","date_gmt":"2024-03-12T06:33:08","guid":{"rendered":"http:\/\/nativainfo.com\/?p=4170"},"modified":"2024-03-12T03:33:09","modified_gmt":"2024-03-12T06:33:09","slug":"zamora-inauguro-la-ampliacion-de-una-planta-potabilizadora-entrego-viviendas-sociales-y-realizo-importantes-anuncios-en-los-quiroga","status":"publish","type":"post","link":"https:\/\/nativainfo.com\/?p=4170","title":{"rendered":"Zamora inaugur\u00f3 la ampliaci\u00f3n de una planta potabilizadora, entreg\u00f3 viviendas sociales y realiz\u00f3 importantes anuncios en Los Quiroga"},"content":{"rendered":"\n<p>En esta oportunidad, Zamora estuvo acompa\u00f1ado por el vicegobernador Carlos Silva Neder; los ministros de Obras y Servicios P\u00fablicos, Agua y Medio Ambiente, Aldo Hid; de Desarrollo Social, \u00c1ngel Niccolai, y de Gobierno, Marcelo Barbur.<\/p>\n\n\n\n<figure class=\"wp-block-image size-large\"><img fetchpriority=\"high\" decoding=\"async\" width=\"1024\" height=\"576\" src=\"http:\/\/nativainfo.com\/wp-content\/uploads\/2024\/03\/imagen_2024-03-12_033237498-1024x576.png\" alt=\"\" class=\"wp-image-4173\" srcset=\"https:\/\/nativainfo.com\/wp-content\/uploads\/2024\/03\/imagen_2024-03-12_033237498-1024x576.png 1024w, https:\/\/nativainfo.com\/wp-content\/uploads\/2024\/03\/imagen_2024-03-12_033237498-300x169.png 300w, https:\/\/nativainfo.com\/wp-content\/uploads\/2024\/03\/imagen_2024-03-12_033237498-768x432.png 768w, https:\/\/nativainfo.com\/wp-content\/uploads\/2024\/03\/imagen_2024-03-12_033237498-622x350.png 622w, https:\/\/nativainfo.com\/wp-content\/uploads\/2024\/03\/imagen_2024-03-12_033237498-150x84.png 150w, https:\/\/nativainfo.com\/wp-content\/uploads\/2024\/03\/imagen_2024-03-12_033237498.png 1200w\" sizes=\"(max-width: 1024px) 100vw, 1024px\" \/><\/figure>\n\n\n\n<p>El gobernador&nbsp;<strong>Gerardo Zamora&nbsp;<\/strong>dej\u00f3 inaugurada este lunes por la ma\u00f1ana la ampliaci\u00f3n de la planta potabilizadora de la localidad de Los Quiroga, obra que beneficiar\u00e1 a m\u00e1s de mil familias de esta zona del departamento Banda.<\/p>\n\n\n\n<p>Tambi\u00e9n entreg\u00f3 11 viviendas sociales a familias de esta localidad, Los Acosta, Los Soria, Maravilla y Bajadita. Adem\u00e1s, dej\u00f3 formalmente habilitada la pavimentaci\u00f3n e iluminaci\u00f3n led de 3 kil\u00f3metros de la ruta 8, desde la intersecci\u00f3n con la avenida Belgrano hasta el cruce con calle 7 en el barrio San Fernando de La Banda, y el mejoramiento de 10 kil\u00f3metros de enripiado del camino que une Bajadita con Los Quiroga y Los Soria.<\/p>\n\n\n\n<p>En esta oportunidad, Zamora estuvo acompa\u00f1ado por el vicegobernador Carlos Silva Neder; los ministros de Obras y Servicios P\u00fablicos, Agua y Medio Ambiente, Aldo Hid; de Desarrollo Social, \u00c1ngel Niccolai, y de Gobierno, Marcelo Barbur. Adem\u00e1s del secretario de Obras P\u00fablicas, Jorge Zua\u00edn; el subsecretario del Agua, Sergio Zaltz; el presidente de Recursos H\u00eddricos, Alfredo Montero y el director de Obras Sanitarias, Jorge Brao, quienes fueron recibidos por el comisionado municipal de la localidad, Luis Ariel Jim\u00e9nez.<\/p>\n\n\n\n<figure class=\"wp-block-image size-large\"><img decoding=\"async\" width=\"1024\" height=\"576\" src=\"http:\/\/nativainfo.com\/wp-content\/uploads\/2024\/03\/imagen_2024-03-12_033255576-1024x576.png\" alt=\"\" class=\"wp-image-4174\" srcset=\"https:\/\/nativainfo.com\/wp-content\/uploads\/2024\/03\/imagen_2024-03-12_033255576-1024x576.png 1024w, https:\/\/nativainfo.com\/wp-content\/uploads\/2024\/03\/imagen_2024-03-12_033255576-300x169.png 300w, https:\/\/nativainfo.com\/wp-content\/uploads\/2024\/03\/imagen_2024-03-12_033255576-768x432.png 768w, https:\/\/nativainfo.com\/wp-content\/uploads\/2024\/03\/imagen_2024-03-12_033255576-622x350.png 622w, https:\/\/nativainfo.com\/wp-content\/uploads\/2024\/03\/imagen_2024-03-12_033255576-150x84.png 150w, https:\/\/nativainfo.com\/wp-content\/uploads\/2024\/03\/imagen_2024-03-12_033255576.png 1200w\" sizes=\"(max-width: 1024px) 100vw, 1024px\" \/><\/figure>\n\n\n\n<p>Tras el &nbsp;corte de cintas y un recorrido por las instalaciones, el gobernador expres\u00f3 su satisfacci\u00f3n por regresar a Los Quiroga con la inauguraci\u00f3n de obras que benefician a tantos pobladores y -en este sentido- anunci\u00f3 la ampliaci\u00f3n de la red de agua potable para alrededor de 50 familias del barrio Las Casillas, ubicado en el lado este de la ruta 8, y con esto llevar el servicio a la totalidades de los vecinos.<\/p>\n\n\n\n<p><strong>Tambi\u00e9n con la finalidad de mejorar la calidad de vida de la gente, dijo que se iniciar\u00e1n las gestiones correspondientes para mejorar el estado de la ruta 211 en la zona de El Dean, y de esta manera tener en condiciones las dos principales v\u00edas de acceso para los habitantes de esta zona del departamento Banda.<\/strong><\/p>\n","protected":false},"excerpt":{"rendered":"<p>En esta oportunidad, Zamora estuvo acompa\u00f1ado por el vicegobernador Carlos Silva Neder; los ministros de Obras y Servicios P\u00fablicos, Agua&#8230; <a class=\"continue-reading-link\" href=\"https:\/\/nativainfo.com\/?p=4170\">Continue reading<\/a><\/p>\n","protected":false},"author":1,"featured_media":0,"comment_status":"open","ping_status":"open","sticky":false,"template":"","format":"standard","meta":{"rop_custom_images_group":[],"rop_custom_messages_group":[],"rop_publish_now":"initial","rop_publish_now_accounts":[],"rop_publish_now_history":[],"rop_publish_now_status":"pending","footnotes":"","jetpack_publicize_message":"","jetpack_publicize_feature_enabled":true,"jetpack_social_post_already_shared":false,"jetpack_social_options":{"image_generator_settings":{"template":"highway","default_image_id":0,"font":"","enabled":false},"version":2}},"categories":[8,40],"tags":[],"class_list":["post-4170","post","type-post","status-publish","format-standard","hentry","category-noticias","category-santiago-del-estero"],"yoast_head":"<!-- This site is optimized with the Yoast SEO plugin v25.6 - https:\/\/yoast.com\/wordpress\/plugins\/seo\/ -->\n<title>Zamora inaugur\u00f3 la ampliaci\u00f3n de una planta potabilizadora, entreg\u00f3 viviendas sociales y realiz\u00f3 importantes anuncios en Los Quiroga - Nativa Info<\/title>\n<meta name=\"robots\" content=\"index, follow, max-snippet:-1, max-image-preview:large, max-video-preview:-1\" \/>\n<link rel=\"canonical\" href=\"https:\/\/nativainfo.com\/?p=4170\" \/>\n<meta property=\"og:locale\" content=\"es_ES\" \/>\n<meta property=\"og:type\" content=\"article\" \/>\n<meta property=\"og:title\" content=\"Zamora inaugur\u00f3 la ampliaci\u00f3n de una planta potabilizadora, entreg\u00f3 viviendas sociales y realiz\u00f3 importantes anuncios en Los Quiroga - Nativa Info\" \/>\n<meta property=\"og:description\" content=\"En esta oportunidad, Zamora estuvo acompa\u00f1ado por el vicegobernador Carlos Silva Neder; los ministros de Obras y Servicios P\u00fablicos, Agua... Continue reading\" \/>\n<meta property=\"og:url\" content=\"https:\/\/nativainfo.com\/?p=4170\" \/>\n<meta property=\"og:site_name\" content=\"Nativa Info\" \/>\n<meta property=\"article:publisher\" content=\"https:\/\/www.facebook.com\/profile.php?id=61578881597564\" \/>\n<meta property=\"article:published_time\" content=\"2024-03-12T06:33:08+00:00\" \/>\n<meta property=\"article:modified_time\" content=\"2024-03-12T06:33:09+00:00\" \/>\n<meta property=\"og:image\" content=\"http:\/\/nativainfo.com\/wp-content\/uploads\/2024\/03\/imagen_2024-03-12_033237498-1024x576.png\" \/>\n<meta name=\"author\" content=\"Nativa Info\" \/>\n<meta name=\"twitter:card\" content=\"summary_large_image\" \/>\n<meta name=\"twitter:label1\" content=\"Escrito por\" \/>\n\t<meta name=\"twitter:data1\" content=\"Nativa Info\" \/>\n\t<meta name=\"twitter:label2\" content=\"Tiempo de lectura\" \/>\n\t<meta name=\"twitter:data2\" content=\"2 minutos\" \/>\n<script type=\"application\/ld+json\" class=\"yoast-schema-graph\">{\"@context\":\"https:\/\/schema.org\",\"@graph\":[{\"@type\":\"Article\",\"@id\":\"https:\/\/nativainfo.com\/?p=4170#article\",\"isPartOf\":{\"@id\":\"https:\/\/nativainfo.com\/?p=4170\"},\"author\":{\"name\":\"Nativa Info\",\"@id\":\"https:\/\/nativainfo.com\/#\/schema\/person\/24893b64a9cd564ddb5d102d36eb4b5c\"},\"headline\":\"Zamora inaugur\u00f3 la ampliaci\u00f3n de una planta potabilizadora, entreg\u00f3 viviendas sociales y realiz\u00f3 importantes anuncios en Los Quiroga\",\"datePublished\":\"2024-03-12T06:33:08+00:00\",\"dateModified\":\"2024-03-12T06:33:09+00:00\",\"mainEntityOfPage\":{\"@id\":\"https:\/\/nativainfo.com\/?p=4170\"},\"wordCount\":391,\"commentCount\":0,\"publisher\":{\"@id\":\"https:\/\/nativainfo.com\/#organization\"},\"image\":{\"@id\":\"https:\/\/nativainfo.com\/?p=4170#primaryimage\"},\"thumbnailUrl\":\"http:\/\/nativainfo.com\/wp-content\/uploads\/2024\/03\/imagen_2024-03-12_033237498-1024x576.png\",\"articleSection\":[\"Noticias\",\"Santiago del Estero\"],\"inLanguage\":\"es-AR\",\"potentialAction\":[{\"@type\":\"CommentAction\",\"name\":\"Comment\",\"target\":[\"https:\/\/nativainfo.com\/?p=4170#respond\"]}]},{\"@type\":\"WebPage\",\"@id\":\"https:\/\/nativainfo.com\/?p=4170\",\"url\":\"https:\/\/nativainfo.com\/?p=4170\",\"name\":\"Zamora inaugur\u00f3 la ampliaci\u00f3n de una planta potabilizadora, entreg\u00f3 viviendas sociales y realiz\u00f3 importantes anuncios en Los Quiroga - Nativa Info\",\"isPartOf\":{\"@id\":\"https:\/\/nativainfo.com\/#website\"},\"primaryImageOfPage\":{\"@id\":\"https:\/\/nativainfo.com\/?p=4170#primaryimage\"},\"image\":{\"@id\":\"https:\/\/nativainfo.com\/?p=4170#primaryimage\"},\"thumbnailUrl\":\"http:\/\/nativainfo.com\/wp-content\/uploads\/2024\/03\/imagen_2024-03-12_033237498-1024x576.png\",\"datePublished\":\"2024-03-12T06:33:08+00:00\",\"dateModified\":\"2024-03-12T06:33:09+00:00\",\"breadcrumb\":{\"@id\":\"https:\/\/nativainfo.com\/?p=4170#breadcrumb\"},\"inLanguage\":\"es-AR\",\"potentialAction\":[{\"@type\":\"ReadAction\",\"target\":[\"https:\/\/nativainfo.com\/?p=4170\"]}]},{\"@type\":\"ImageObject\",\"inLanguage\":\"es-AR\",\"@id\":\"https:\/\/nativainfo.com\/?p=4170#primaryimage\",\"url\":\"https:\/\/nativainfo.com\/wp-content\/uploads\/2024\/03\/imagen_2024-03-12_033237498.png\",\"contentUrl\":\"https:\/\/nativainfo.com\/wp-content\/uploads\/2024\/03\/imagen_2024-03-12_033237498.png\",\"width\":1200,\"height\":675},{\"@type\":\"BreadcrumbList\",\"@id\":\"https:\/\/nativainfo.com\/?p=4170#breadcrumb\",\"itemListElement\":[{\"@type\":\"ListItem\",\"position\":1,\"name\":\"Inicio\",\"item\":\"https:\/\/nativainfo.com\/\"},{\"@type\":\"ListItem\",\"position\":2,\"name\":\"Zamora inaugur\u00f3 la ampliaci\u00f3n de una planta potabilizadora, entreg\u00f3 viviendas sociales y realiz\u00f3 importantes anuncios en Los Quiroga\"}]},{\"@type\":\"WebSite\",\"@id\":\"https:\/\/nativainfo.com\/#website\",\"url\":\"https:\/\/nativainfo.com\/\",\"name\":\"Nativa Info\",\"description\":\"Diario Digital\",\"publisher\":{\"@id\":\"https:\/\/nativainfo.com\/#organization\"},\"potentialAction\":[{\"@type\":\"SearchAction\",\"target\":{\"@type\":\"EntryPoint\",\"urlTemplate\":\"https:\/\/nativainfo.com\/?s={search_term_string}\"},\"query-input\":{\"@type\":\"PropertyValueSpecification\",\"valueRequired\":true,\"valueName\":\"search_term_string\"}}],\"inLanguage\":\"es-AR\"},{\"@type\":\"Organization\",\"@id\":\"https:\/\/nativainfo.com\/#organization\",\"name\":\"Nativa Info\",\"url\":\"https:\/\/nativainfo.com\/\",\"logo\":{\"@type\":\"ImageObject\",\"inLanguage\":\"es-AR\",\"@id\":\"https:\/\/nativainfo.com\/#\/schema\/logo\/image\/\",\"url\":\"https:\/\/nativainfo.com\/wp-content\/uploads\/2025\/08\/LOGO-NATIVA-FACE.jpg\",\"contentUrl\":\"https:\/\/nativainfo.com\/wp-content\/uploads\/2025\/08\/LOGO-NATIVA-FACE.jpg\",\"width\":400,\"height\":400,\"caption\":\"Nativa Info\"},\"image\":{\"@id\":\"https:\/\/nativainfo.com\/#\/schema\/logo\/image\/\"},\"sameAs\":[\"https:\/\/www.facebook.com\/profile.php?id=61578881597564\"]},{\"@type\":\"Person\",\"@id\":\"https:\/\/nativainfo.com\/#\/schema\/person\/24893b64a9cd564ddb5d102d36eb4b5c\",\"name\":\"Nativa Info\",\"image\":{\"@type\":\"ImageObject\",\"inLanguage\":\"es-AR\",\"@id\":\"https:\/\/nativainfo.com\/#\/schema\/person\/image\/\",\"url\":\"https:\/\/secure.gravatar.com\/avatar\/016fa1cf068d85136d938e1507b9b619cb766e2565cbb1faa1e571762460c785?s=96&d=mm&r=g\",\"contentUrl\":\"https:\/\/secure.gravatar.com\/avatar\/016fa1cf068d85136d938e1507b9b619cb766e2565cbb1faa1e571762460c785?s=96&d=mm&r=g\",\"caption\":\"Nativa Info\"},\"sameAs\":[\"http:\/\/nativainfo.com\"],\"url\":\"https:\/\/nativainfo.com\/?author=1\"}]}<\/script>\n<!-- \/ Yoast SEO plugin. -->","yoast_head_json":{"title":"Zamora inaugur\u00f3 la ampliaci\u00f3n de una planta potabilizadora, entreg\u00f3 viviendas sociales y realiz\u00f3 importantes anuncios en Los Quiroga - Nativa Info","robots":{"index":"index","follow":"follow","max-snippet":"max-snippet:-1","max-image-preview":"max-image-preview:large","max-video-preview":"max-video-preview:-1"},"canonical":"https:\/\/nativainfo.com\/?p=4170","og_locale":"es_ES","og_type":"article","og_title":"Zamora inaugur\u00f3 la ampliaci\u00f3n de una planta potabilizadora, entreg\u00f3 viviendas sociales y realiz\u00f3 importantes anuncios en Los Quiroga - Nativa Info","og_description":"En esta oportunidad, Zamora estuvo acompa\u00f1ado por el vicegobernador Carlos Silva Neder; los ministros de Obras y Servicios P\u00fablicos, Agua... Continue reading","og_url":"https:\/\/nativainfo.com\/?p=4170","og_site_name":"Nativa Info","article_publisher":"https:\/\/www.facebook.com\/profile.php?id=61578881597564","article_published_time":"2024-03-12T06:33:08+00:00","article_modified_time":"2024-03-12T06:33:09+00:00","og_image":[{"url":"http:\/\/nativainfo.com\/wp-content\/uploads\/2024\/03\/imagen_2024-03-12_033237498-1024x576.png","type":"","width":"","height":""}],"author":"Nativa Info","twitter_card":"summary_large_image","twitter_misc":{"Escrito por":"Nativa Info","Tiempo de lectura":"2 minutos"},"schema":{"@context":"https:\/\/schema.org","@graph":[{"@type":"Article","@id":"https:\/\/nativainfo.com\/?p=4170#article","isPartOf":{"@id":"https:\/\/nativainfo.com\/?p=4170"},"author":{"name":"Nativa Info","@id":"https:\/\/nativainfo.com\/#\/schema\/person\/24893b64a9cd564ddb5d102d36eb4b5c"},"headline":"Zamora inaugur\u00f3 la ampliaci\u00f3n de una planta potabilizadora, entreg\u00f3 viviendas sociales y realiz\u00f3 importantes anuncios en Los Quiroga","datePublished":"2024-03-12T06:33:08+00:00","dateModified":"2024-03-12T06:33:09+00:00","mainEntityOfPage":{"@id":"https:\/\/nativainfo.com\/?p=4170"},"wordCount":391,"commentCount":0,"publisher":{"@id":"https:\/\/nativainfo.com\/#organization"},"image":{"@id":"https:\/\/nativainfo.com\/?p=4170#primaryimage"},"thumbnailUrl":"http:\/\/nativainfo.com\/wp-content\/uploads\/2024\/03\/imagen_2024-03-12_033237498-1024x576.png","articleSection":["Noticias","Santiago del Estero"],"inLanguage":"es-AR","potentialAction":[{"@type":"CommentAction","name":"Comment","target":["https:\/\/nativainfo.com\/?p=4170#respond"]}]},{"@type":"WebPage","@id":"https:\/\/nativainfo.com\/?p=4170","url":"https:\/\/nativainfo.com\/?p=4170","name":"Zamora inaugur\u00f3 la ampliaci\u00f3n de una planta potabilizadora, entreg\u00f3 viviendas sociales y realiz\u00f3 importantes anuncios en Los Quiroga - Nativa Info","isPartOf":{"@id":"https:\/\/nativainfo.com\/#website"},"primaryImageOfPage":{"@id":"https:\/\/nativainfo.com\/?p=4170#primaryimage"},"image":{"@id":"https:\/\/nativainfo.com\/?p=4170#primaryimage"},"thumbnailUrl":"http:\/\/nativainfo.com\/wp-content\/uploads\/2024\/03\/imagen_2024-03-12_033237498-1024x576.png","datePublished":"2024-03-12T06:33:08+00:00","dateModified":"2024-03-12T06:33:09+00:00","breadcrumb":{"@id":"https:\/\/nativainfo.com\/?p=4170#breadcrumb"},"inLanguage":"es-AR","potentialAction":[{"@type":"ReadAction","target":["https:\/\/nativainfo.com\/?p=4170"]}]},{"@type":"ImageObject","inLanguage":"es-AR","@id":"https:\/\/nativainfo.com\/?p=4170#primaryimage","url":"https:\/\/nativainfo.com\/wp-content\/uploads\/2024\/03\/imagen_2024-03-12_033237498.png","contentUrl":"https:\/\/nativainfo.com\/wp-content\/uploads\/2024\/03\/imagen_2024-03-12_033237498.png","width":1200,"height":675},{"@type":"BreadcrumbList","@id":"https:\/\/nativainfo.com\/?p=4170#breadcrumb","itemListElement":[{"@type":"ListItem","position":1,"name":"Inicio","item":"https:\/\/nativainfo.com\/"},{"@type":"ListItem","position":2,"name":"Zamora inaugur\u00f3 la ampliaci\u00f3n de una planta potabilizadora, entreg\u00f3 viviendas sociales y realiz\u00f3 importantes anuncios en Los Quiroga"}]},{"@type":"WebSite","@id":"https:\/\/nativainfo.com\/#website","url":"https:\/\/nativainfo.com\/","name":"Nativa Info","description":"Diario Digital","publisher":{"@id":"https:\/\/nativainfo.com\/#organization"},"potentialAction":[{"@type":"SearchAction","target":{"@type":"EntryPoint","urlTemplate":"https:\/\/nativainfo.com\/?s={search_term_string}"},"query-input":{"@type":"PropertyValueSpecification","valueRequired":true,"valueName":"search_term_string"}}],"inLanguage":"es-AR"},{"@type":"Organization","@id":"https:\/\/nativainfo.com\/#organization","name":"Nativa Info","url":"https:\/\/nativainfo.com\/","logo":{"@type":"ImageObject","inLanguage":"es-AR","@id":"https:\/\/nativainfo.com\/#\/schema\/logo\/image\/","url":"https:\/\/nativainfo.com\/wp-content\/uploads\/2025\/08\/LOGO-NATIVA-FACE.jpg","contentUrl":"https:\/\/nativainfo.com\/wp-content\/uploads\/2025\/08\/LOGO-NATIVA-FACE.jpg","width":400,"height":400,"caption":"Nativa Info"},"image":{"@id":"https:\/\/nativainfo.com\/#\/schema\/logo\/image\/"},"sameAs":["https:\/\/www.facebook.com\/profile.php?id=61578881597564"]},{"@type":"Person","@id":"https:\/\/nativainfo.com\/#\/schema\/person\/24893b64a9cd564ddb5d102d36eb4b5c","name":"Nativa Info","image":{"@type":"ImageObject","inLanguage":"es-AR","@id":"https:\/\/nativainfo.com\/#\/schema\/person\/image\/","url":"https:\/\/secure.gravatar.com\/avatar\/016fa1cf068d85136d938e1507b9b619cb766e2565cbb1faa1e571762460c785?s=96&d=mm&r=g","contentUrl":"https:\/\/secure.gravatar.com\/avatar\/016fa1cf068d85136d938e1507b9b619cb766e2565cbb1faa1e571762460c785?s=96&d=mm&r=g","caption":"Nativa Info"},"sameAs":["http:\/\/nativainfo.com"],"url":"https:\/\/nativainfo.com\/?author=1"}]}},"jetpack_publicize_connections":[],"_links":{"self":[{"href":"https:\/\/nativainfo.com\/index.php?rest_route=\/wp\/v2\/posts\/4170","targetHints":{"allow":["GET"]}}],"collection":[{"href":"https:\/\/nativainfo.com\/index.php?rest_route=\/wp\/v2\/posts"}],"about":[{"href":"https:\/\/nativainfo.com\/index.php?rest_route=\/wp\/v2\/types\/post"}],"author":[{"embeddable":true,"href":"https:\/\/nativainfo.com\/index.php?rest_route=\/wp\/v2\/users\/1"}],"replies":[{"embeddable":true,"href":"https:\/\/nativainfo.com\/index.php?rest_route=%2Fwp%2Fv2%2Fcomments&post=4170"}],"version-history":[{"count":1,"href":"https:\/\/nativainfo.com\/index.php?rest_route=\/wp\/v2\/posts\/4170\/revisions"}],"predecessor-version":[{"id":4175,"href":"https:\/\/nativainfo.com\/index.php?rest_route=\/wp\/v2\/posts\/4170\/revisions\/4175"}],"wp:attachment":[{"href":"https:\/\/nativainfo.com\/index.php?rest_route=%2Fwp%2Fv2%2Fmedia&parent=4170"}],"wp:term":[{"taxonomy":"category","embeddable":true,"href":"https:\/\/nativainfo.com\/index.php?rest_route=%2Fwp%2Fv2%2Fcategories&post=4170"},{"taxonomy":"post_tag","embeddable":true,"href":"https:\/\/nativainfo.com\/index.php?rest_route=%2Fwp%2Fv2%2Ftags&post=4170"}],"curies":[{"name":"wp","href":"https:\/\/api.w.org\/{rel}","templated":true}]}}