{"id":4156,"date":"2024-03-04T02:08:35","date_gmt":"2024-03-04T05:08:35","guid":{"rendered":"http:\/\/nativainfo.com\/?p=4156"},"modified":"2024-03-04T02:08:36","modified_gmt":"2024-03-04T05:08:36","slug":"zamora-abrira-el-ciclo-lectivo-con-la-inauguracion-de-obras","status":"publish","type":"post","link":"https:\/\/nativainfo.com\/?p=4156","title":{"rendered":"Zamora abrir\u00e1 el ciclo lectivo con la inauguraci\u00f3n de obras"},"content":{"rendered":"\n<p>Habilitar\u00e1 las obras de refacci\u00f3n, remodelaci\u00f3n y ampliaci\u00f3n de la Escuela 171 y jard\u00edn anexo N\u00ba 479 en la localidad San Lorenzo, Dpto. Capital.<\/p>\n\n\n\n<figure class=\"wp-block-image size-large\"><img fetchpriority=\"high\" decoding=\"async\" width=\"950\" height=\"499\" src=\"http:\/\/nativainfo.com\/wp-content\/uploads\/2024\/03\/imagen_2024-03-04_020827615.png\" alt=\"\" class=\"wp-image-4162\" srcset=\"https:\/\/nativainfo.com\/wp-content\/uploads\/2024\/03\/imagen_2024-03-04_020827615.png 950w, https:\/\/nativainfo.com\/wp-content\/uploads\/2024\/03\/imagen_2024-03-04_020827615-300x158.png 300w, https:\/\/nativainfo.com\/wp-content\/uploads\/2024\/03\/imagen_2024-03-04_020827615-768x403.png 768w, https:\/\/nativainfo.com\/wp-content\/uploads\/2024\/03\/imagen_2024-03-04_020827615-666x350.png 666w, https:\/\/nativainfo.com\/wp-content\/uploads\/2024\/03\/imagen_2024-03-04_020827615-150x79.png 150w\" sizes=\"(max-width: 950px) 100vw, 950px\" \/><\/figure>\n\n\n\n<p>El gobernador Gerardo Zamora encabezar\u00e1 este lunes 4 el acto de apertura oficial del ciclo lectivo 2024. La ceremonia se realizar\u00e1 a las 9 en la localidad de San Lorenzo, departamento Capital, donde adem\u00e1s, el mandatario dejar\u00e1 habilitas obras escolares.<\/p>\n\n\n\n<p>Fuentes oficiales se\u00f1alaron que el titular del Ejecutivo habilitar\u00e1 las obras de refacci\u00f3n, remodelaci\u00f3n y ampliaci\u00f3n de la Escuela 171 y Jard\u00edn anexo N\u00ba 479.<br>Fuente: El Liberal<\/p>\n\n\n\n<p><br><\/p>\n","protected":false},"excerpt":{"rendered":"<p>Habilitar\u00e1 las obras de refacci\u00f3n, remodelaci\u00f3n y ampliaci\u00f3n de la Escuela 171 y jard\u00edn anexo N\u00ba 479 en la localidad&#8230; <a class=\"continue-reading-link\" href=\"https:\/\/nativainfo.com\/?p=4156\">Continue reading<\/a><\/p>\n","protected":false},"author":1,"featured_media":0,"comment_status":"open","ping_status":"open","sticky":false,"template":"","format":"standard","meta":{"rop_custom_images_group":[],"rop_custom_messages_group":[],"rop_publish_now":"initial","rop_publish_now_accounts":[],"rop_publish_now_history":[],"rop_publish_now_status":"pending","footnotes":"","jetpack_publicize_message":"","jetpack_publicize_feature_enabled":true,"jetpack_social_post_already_shared":false,"jetpack_social_options":{"image_generator_settings":{"template":"highway","default_image_id":0,"font":"","enabled":false},"version":2}},"categories":[8],"tags":[],"class_list":["post-4156","post","type-post","status-publish","format-standard","hentry","category-noticias"],"yoast_head":"<!-- This site is optimized with the Yoast SEO plugin v25.6 - https:\/\/yoast.com\/wordpress\/plugins\/seo\/ -->\n<title>Zamora abrir\u00e1 el ciclo lectivo con la inauguraci\u00f3n de obras - Nativa Info<\/title>\n<meta name=\"robots\" content=\"index, follow, max-snippet:-1, max-image-preview:large, max-video-preview:-1\" \/>\n<link rel=\"canonical\" href=\"https:\/\/nativainfo.com\/?p=4156\" \/>\n<meta property=\"og:locale\" content=\"es_ES\" \/>\n<meta property=\"og:type\" content=\"article\" \/>\n<meta property=\"og:title\" content=\"Zamora abrir\u00e1 el ciclo lectivo con la inauguraci\u00f3n de obras - Nativa Info\" \/>\n<meta property=\"og:description\" content=\"Habilitar\u00e1 las obras de refacci\u00f3n, remodelaci\u00f3n y ampliaci\u00f3n de la Escuela 171 y jard\u00edn anexo N\u00ba 479 en la localidad... Continue reading\" \/>\n<meta property=\"og:url\" content=\"https:\/\/nativainfo.com\/?p=4156\" \/>\n<meta property=\"og:site_name\" content=\"Nativa Info\" \/>\n<meta property=\"article:publisher\" content=\"https:\/\/www.facebook.com\/profile.php?id=61578881597564\" \/>\n<meta property=\"article:published_time\" content=\"2024-03-04T05:08:35+00:00\" \/>\n<meta property=\"article:modified_time\" content=\"2024-03-04T05:08:36+00:00\" \/>\n<meta property=\"og:image\" content=\"http:\/\/nativainfo.com\/wp-content\/uploads\/2024\/03\/imagen_2024-03-04_020827615.png\" \/>\n<meta name=\"author\" content=\"Nativa Info\" \/>\n<meta name=\"twitter:card\" content=\"summary_large_image\" \/>\n<meta name=\"twitter:label1\" content=\"Escrito por\" \/>\n\t<meta name=\"twitter:data1\" content=\"Nativa Info\" \/>\n<script type=\"application\/ld+json\" class=\"yoast-schema-graph\">{\"@context\":\"https:\/\/schema.org\",\"@graph\":[{\"@type\":\"Article\",\"@id\":\"https:\/\/nativainfo.com\/?p=4156#article\",\"isPartOf\":{\"@id\":\"https:\/\/nativainfo.com\/?p=4156\"},\"author\":{\"name\":\"Nativa Info\",\"@id\":\"https:\/\/nativainfo.com\/#\/schema\/person\/24893b64a9cd564ddb5d102d36eb4b5c\"},\"headline\":\"Zamora abrir\u00e1 el ciclo lectivo con la inauguraci\u00f3n de obras\",\"datePublished\":\"2024-03-04T05:08:35+00:00\",\"dateModified\":\"2024-03-04T05:08:36+00:00\",\"mainEntityOfPage\":{\"@id\":\"https:\/\/nativainfo.com\/?p=4156\"},\"wordCount\":106,\"commentCount\":0,\"publisher\":{\"@id\":\"https:\/\/nativainfo.com\/#organization\"},\"image\":{\"@id\":\"https:\/\/nativainfo.com\/?p=4156#primaryimage\"},\"thumbnailUrl\":\"http:\/\/nativainfo.com\/wp-content\/uploads\/2024\/03\/imagen_2024-03-04_020827615.png\",\"articleSection\":[\"Noticias\"],\"inLanguage\":\"es-AR\",\"potentialAction\":[{\"@type\":\"CommentAction\",\"name\":\"Comment\",\"target\":[\"https:\/\/nativainfo.com\/?p=4156#respond\"]}]},{\"@type\":\"WebPage\",\"@id\":\"https:\/\/nativainfo.com\/?p=4156\",\"url\":\"https:\/\/nativainfo.com\/?p=4156\",\"name\":\"Zamora abrir\u00e1 el ciclo lectivo con la inauguraci\u00f3n de obras - Nativa Info\",\"isPartOf\":{\"@id\":\"https:\/\/nativainfo.com\/#website\"},\"primaryImageOfPage\":{\"@id\":\"https:\/\/nativainfo.com\/?p=4156#primaryimage\"},\"image\":{\"@id\":\"https:\/\/nativainfo.com\/?p=4156#primaryimage\"},\"thumbnailUrl\":\"http:\/\/nativainfo.com\/wp-content\/uploads\/2024\/03\/imagen_2024-03-04_020827615.png\",\"datePublished\":\"2024-03-04T05:08:35+00:00\",\"dateModified\":\"2024-03-04T05:08:36+00:00\",\"breadcrumb\":{\"@id\":\"https:\/\/nativainfo.com\/?p=4156#breadcrumb\"},\"inLanguage\":\"es-AR\",\"potentialAction\":[{\"@type\":\"ReadAction\",\"target\":[\"https:\/\/nativainfo.com\/?p=4156\"]}]},{\"@type\":\"ImageObject\",\"inLanguage\":\"es-AR\",\"@id\":\"https:\/\/nativainfo.com\/?p=4156#primaryimage\",\"url\":\"https:\/\/nativainfo.com\/wp-content\/uploads\/2024\/03\/imagen_2024-03-04_020827615.png\",\"contentUrl\":\"https:\/\/nativainfo.com\/wp-content\/uploads\/2024\/03\/imagen_2024-03-04_020827615.png\",\"width\":950,\"height\":499},{\"@type\":\"BreadcrumbList\",\"@id\":\"https:\/\/nativainfo.com\/?p=4156#breadcrumb\",\"itemListElement\":[{\"@type\":\"ListItem\",\"position\":1,\"name\":\"Inicio\",\"item\":\"https:\/\/nativainfo.com\/\"},{\"@type\":\"ListItem\",\"position\":2,\"name\":\"Zamora abrir\u00e1 el ciclo lectivo con la inauguraci\u00f3n de obras\"}]},{\"@type\":\"WebSite\",\"@id\":\"https:\/\/nativainfo.com\/#website\",\"url\":\"https:\/\/nativainfo.com\/\",\"name\":\"Nativa Info\",\"description\":\"Diario Digital\",\"publisher\":{\"@id\":\"https:\/\/nativainfo.com\/#organization\"},\"potentialAction\":[{\"@type\":\"SearchAction\",\"target\":{\"@type\":\"EntryPoint\",\"urlTemplate\":\"https:\/\/nativainfo.com\/?s={search_term_string}\"},\"query-input\":{\"@type\":\"PropertyValueSpecification\",\"valueRequired\":true,\"valueName\":\"search_term_string\"}}],\"inLanguage\":\"es-AR\"},{\"@type\":\"Organization\",\"@id\":\"https:\/\/nativainfo.com\/#organization\",\"name\":\"Nativa Info\",\"url\":\"https:\/\/nativainfo.com\/\",\"logo\":{\"@type\":\"ImageObject\",\"inLanguage\":\"es-AR\",\"@id\":\"https:\/\/nativainfo.com\/#\/schema\/logo\/image\/\",\"url\":\"https:\/\/nativainfo.com\/wp-content\/uploads\/2025\/08\/LOGO-NATIVA-FACE.jpg\",\"contentUrl\":\"https:\/\/nativainfo.com\/wp-content\/uploads\/2025\/08\/LOGO-NATIVA-FACE.jpg\",\"width\":400,\"height\":400,\"caption\":\"Nativa Info\"},\"image\":{\"@id\":\"https:\/\/nativainfo.com\/#\/schema\/logo\/image\/\"},\"sameAs\":[\"https:\/\/www.facebook.com\/profile.php?id=61578881597564\"]},{\"@type\":\"Person\",\"@id\":\"https:\/\/nativainfo.com\/#\/schema\/person\/24893b64a9cd564ddb5d102d36eb4b5c\",\"name\":\"Nativa Info\",\"image\":{\"@type\":\"ImageObject\",\"inLanguage\":\"es-AR\",\"@id\":\"https:\/\/nativainfo.com\/#\/schema\/person\/image\/\",\"url\":\"https:\/\/secure.gravatar.com\/avatar\/016fa1cf068d85136d938e1507b9b619cb766e2565cbb1faa1e571762460c785?s=96&d=mm&r=g\",\"contentUrl\":\"https:\/\/secure.gravatar.com\/avatar\/016fa1cf068d85136d938e1507b9b619cb766e2565cbb1faa1e571762460c785?s=96&d=mm&r=g\",\"caption\":\"Nativa Info\"},\"sameAs\":[\"http:\/\/nativainfo.com\"],\"url\":\"https:\/\/nativainfo.com\/?author=1\"}]}<\/script>\n<!-- \/ Yoast SEO plugin. -->","yoast_head_json":{"title":"Zamora abrir\u00e1 el ciclo lectivo con la inauguraci\u00f3n de obras - Nativa Info","robots":{"index":"index","follow":"follow","max-snippet":"max-snippet:-1","max-image-preview":"max-image-preview:large","max-video-preview":"max-video-preview:-1"},"canonical":"https:\/\/nativainfo.com\/?p=4156","og_locale":"es_ES","og_type":"article","og_title":"Zamora abrir\u00e1 el ciclo lectivo con la inauguraci\u00f3n de obras - Nativa Info","og_description":"Habilitar\u00e1 las obras de refacci\u00f3n, remodelaci\u00f3n y ampliaci\u00f3n de la Escuela 171 y jard\u00edn anexo N\u00ba 479 en la localidad... Continue reading","og_url":"https:\/\/nativainfo.com\/?p=4156","og_site_name":"Nativa Info","article_publisher":"https:\/\/www.facebook.com\/profile.php?id=61578881597564","article_published_time":"2024-03-04T05:08:35+00:00","article_modified_time":"2024-03-04T05:08:36+00:00","og_image":[{"url":"http:\/\/nativainfo.com\/wp-content\/uploads\/2024\/03\/imagen_2024-03-04_020827615.png","type":"","width":"","height":""}],"author":"Nativa Info","twitter_card":"summary_large_image","twitter_misc":{"Escrito por":"Nativa Info"},"schema":{"@context":"https:\/\/schema.org","@graph":[{"@type":"Article","@id":"https:\/\/nativainfo.com\/?p=4156#article","isPartOf":{"@id":"https:\/\/nativainfo.com\/?p=4156"},"author":{"name":"Nativa Info","@id":"https:\/\/nativainfo.com\/#\/schema\/person\/24893b64a9cd564ddb5d102d36eb4b5c"},"headline":"Zamora abrir\u00e1 el ciclo lectivo con la inauguraci\u00f3n de obras","datePublished":"2024-03-04T05:08:35+00:00","dateModified":"2024-03-04T05:08:36+00:00","mainEntityOfPage":{"@id":"https:\/\/nativainfo.com\/?p=4156"},"wordCount":106,"commentCount":0,"publisher":{"@id":"https:\/\/nativainfo.com\/#organization"},"image":{"@id":"https:\/\/nativainfo.com\/?p=4156#primaryimage"},"thumbnailUrl":"http:\/\/nativainfo.com\/wp-content\/uploads\/2024\/03\/imagen_2024-03-04_020827615.png","articleSection":["Noticias"],"inLanguage":"es-AR","potentialAction":[{"@type":"CommentAction","name":"Comment","target":["https:\/\/nativainfo.com\/?p=4156#respond"]}]},{"@type":"WebPage","@id":"https:\/\/nativainfo.com\/?p=4156","url":"https:\/\/nativainfo.com\/?p=4156","name":"Zamora abrir\u00e1 el ciclo lectivo con la inauguraci\u00f3n de obras - Nativa Info","isPartOf":{"@id":"https:\/\/nativainfo.com\/#website"},"primaryImageOfPage":{"@id":"https:\/\/nativainfo.com\/?p=4156#primaryimage"},"image":{"@id":"https:\/\/nativainfo.com\/?p=4156#primaryimage"},"thumbnailUrl":"http:\/\/nativainfo.com\/wp-content\/uploads\/2024\/03\/imagen_2024-03-04_020827615.png","datePublished":"2024-03-04T05:08:35+00:00","dateModified":"2024-03-04T05:08:36+00:00","breadcrumb":{"@id":"https:\/\/nativainfo.com\/?p=4156#breadcrumb"},"inLanguage":"es-AR","potentialAction":[{"@type":"ReadAction","target":["https:\/\/nativainfo.com\/?p=4156"]}]},{"@type":"ImageObject","inLanguage":"es-AR","@id":"https:\/\/nativainfo.com\/?p=4156#primaryimage","url":"https:\/\/nativainfo.com\/wp-content\/uploads\/2024\/03\/imagen_2024-03-04_020827615.png","contentUrl":"https:\/\/nativainfo.com\/wp-content\/uploads\/2024\/03\/imagen_2024-03-04_020827615.png","width":950,"height":499},{"@type":"BreadcrumbList","@id":"https:\/\/nativainfo.com\/?p=4156#breadcrumb","itemListElement":[{"@type":"ListItem","position":1,"name":"Inicio","item":"https:\/\/nativainfo.com\/"},{"@type":"ListItem","position":2,"name":"Zamora abrir\u00e1 el ciclo lectivo con la inauguraci\u00f3n de obras"}]},{"@type":"WebSite","@id":"https:\/\/nativainfo.com\/#website","url":"https:\/\/nativainfo.com\/","name":"Nativa Info","description":"Diario Digital","publisher":{"@id":"https:\/\/nativainfo.com\/#organization"},"potentialAction":[{"@type":"SearchAction","target":{"@type":"EntryPoint","urlTemplate":"https:\/\/nativainfo.com\/?s={search_term_string}"},"query-input":{"@type":"PropertyValueSpecification","valueRequired":true,"valueName":"search_term_string"}}],"inLanguage":"es-AR"},{"@type":"Organization","@id":"https:\/\/nativainfo.com\/#organization","name":"Nativa Info","url":"https:\/\/nativainfo.com\/","logo":{"@type":"ImageObject","inLanguage":"es-AR","@id":"https:\/\/nativainfo.com\/#\/schema\/logo\/image\/","url":"https:\/\/nativainfo.com\/wp-content\/uploads\/2025\/08\/LOGO-NATIVA-FACE.jpg","contentUrl":"https:\/\/nativainfo.com\/wp-content\/uploads\/2025\/08\/LOGO-NATIVA-FACE.jpg","width":400,"height":400,"caption":"Nativa Info"},"image":{"@id":"https:\/\/nativainfo.com\/#\/schema\/logo\/image\/"},"sameAs":["https:\/\/www.facebook.com\/profile.php?id=61578881597564"]},{"@type":"Person","@id":"https:\/\/nativainfo.com\/#\/schema\/person\/24893b64a9cd564ddb5d102d36eb4b5c","name":"Nativa Info","image":{"@type":"ImageObject","inLanguage":"es-AR","@id":"https:\/\/nativainfo.com\/#\/schema\/person\/image\/","url":"https:\/\/secure.gravatar.com\/avatar\/016fa1cf068d85136d938e1507b9b619cb766e2565cbb1faa1e571762460c785?s=96&d=mm&r=g","contentUrl":"https:\/\/secure.gravatar.com\/avatar\/016fa1cf068d85136d938e1507b9b619cb766e2565cbb1faa1e571762460c785?s=96&d=mm&r=g","caption":"Nativa Info"},"sameAs":["http:\/\/nativainfo.com"],"url":"https:\/\/nativainfo.com\/?author=1"}]}},"jetpack_publicize_connections":[],"_links":{"self":[{"href":"https:\/\/nativainfo.com\/index.php?rest_route=\/wp\/v2\/posts\/4156","targetHints":{"allow":["GET"]}}],"collection":[{"href":"https:\/\/nativainfo.com\/index.php?rest_route=\/wp\/v2\/posts"}],"about":[{"href":"https:\/\/nativainfo.com\/index.php?rest_route=\/wp\/v2\/types\/post"}],"author":[{"embeddable":true,"href":"https:\/\/nativainfo.com\/index.php?rest_route=\/wp\/v2\/users\/1"}],"replies":[{"embeddable":true,"href":"https:\/\/nativainfo.com\/index.php?rest_route=%2Fwp%2Fv2%2Fcomments&post=4156"}],"version-history":[{"count":1,"href":"https:\/\/nativainfo.com\/index.php?rest_route=\/wp\/v2\/posts\/4156\/revisions"}],"predecessor-version":[{"id":4163,"href":"https:\/\/nativainfo.com\/index.php?rest_route=\/wp\/v2\/posts\/4156\/revisions\/4163"}],"wp:attachment":[{"href":"https:\/\/nativainfo.com\/index.php?rest_route=%2Fwp%2Fv2%2Fmedia&parent=4156"}],"wp:term":[{"taxonomy":"category","embeddable":true,"href":"https:\/\/nativainfo.com\/index.php?rest_route=%2Fwp%2Fv2%2Fcategories&post=4156"},{"taxonomy":"post_tag","embeddable":true,"href":"https:\/\/nativainfo.com\/index.php?rest_route=%2Fwp%2Fv2%2Ftags&post=4156"}],"curies":[{"name":"wp","href":"https:\/\/api.w.org\/{rel}","templated":true}]}}