{"id":4142,"date":"2024-02-23T13:48:22","date_gmt":"2024-02-23T16:48:22","guid":{"rendered":"http:\/\/nativainfo.com\/?p=4142"},"modified":"2024-02-23T13:48:23","modified_gmt":"2024-02-23T16:48:23","slug":"fallecio-el-conocido-autor-y-musico-pablo-mema","status":"publish","type":"post","link":"https:\/\/nativainfo.com\/?p=4142","title":{"rendered":"Falleci\u00f3 el conocido autor y m\u00fasico Pablo Mema"},"content":{"rendered":"\n<p>El folklore santiague\u00f1o est\u00e1 de luto. Pablo Mema era multifac\u00e9tico: docente, comunicador social, investigador, autor compositor, int\u00e9rprete y difusor de nuestra m\u00fasica.<\/p>\n\n\n\n<figure class=\"wp-block-image size-large\"><img fetchpriority=\"high\" decoding=\"async\" width=\"1010\" height=\"567\" src=\"http:\/\/nativainfo.com\/wp-content\/uploads\/2024\/02\/imagen_2024-02-23_134738324.png\" alt=\"\" class=\"wp-image-4144\" srcset=\"https:\/\/nativainfo.com\/wp-content\/uploads\/2024\/02\/imagen_2024-02-23_134738324.png 1010w, https:\/\/nativainfo.com\/wp-content\/uploads\/2024\/02\/imagen_2024-02-23_134738324-300x168.png 300w, https:\/\/nativainfo.com\/wp-content\/uploads\/2024\/02\/imagen_2024-02-23_134738324-768x431.png 768w, https:\/\/nativainfo.com\/wp-content\/uploads\/2024\/02\/imagen_2024-02-23_134738324-623x350.png 623w, https:\/\/nativainfo.com\/wp-content\/uploads\/2024\/02\/imagen_2024-02-23_134738324-150x84.png 150w\" sizes=\"(max-width: 1010px) 100vw, 1010px\" \/><\/figure>\n\n\n\n<p><strong>Este jueves se conoci\u00f3 que falleci\u00f3 Pablo Mema&nbsp;<\/strong>tras una larga batalla contra una enfermedad. Entre sus m\u00faltiples ocupaciones produc\u00eda y conduc\u00eda desde el 2002 el programa \u201cherencias cotidianas\u201d; en donde la cultura, la m\u00fasica y el arte no ten\u00edan fronteras.<\/p>\n\n\n\n<p><strong>Particip\u00f3 desde el 2004 hasta el 2010&nbsp;<\/strong>como m\u00fasico y expositor del proyecto nacional &#8220;la m\u00fasica de todos&#8221; que recorre todas las escuelas de capital e interior de la provincia de Santiago del Estero.<\/p>\n\n\n\n<p><strong>Su obra musical y po\u00e9tica&nbsp;<\/strong>es abordada por distintos interpretes a nivel local, nacional e internacional y es materia de estudio en instituciones como la E.S.P.E.A N\u00b0 1 \u201c Nicol\u00e1s Segundo Gennero\u201d &nbsp;en Santiago del Estero, la Universidad Nacional de Tucum\u00e1n y la Universidad San Antonio Abad (Cuzco, Per\u00fa).<\/p>\n\n\n\n<p><strong>Edit\u00f3 en forma independiente cinco trabajos<\/strong>\u00a0\u201cMadurando la distancia\u201d (1989), \u201cLa Tregua\u201d(2002), \u201cComo quien hondiar\u201d (2003), \u201cEl Santiague\u00f1azo\u201d (2004) letra y m\u00fasica de la obra de teatro del mismo nombre de Ra\u00fal Dargoltz que fue premiada a nivel nacional en Mendoza en 1996 y &#8220;Como abrojo de mi monte&#8221; su \u00faltimo trabajo en el a\u00f1o (2007).<\/p>\n\n\n\n<p><a href=\"https:\/\/www.diariopanorama.com\/noticia\/475634\/fallecio-conocido-autor-musico-pablo-mema\" data-type=\"URL\" data-id=\"https:\/\/www.diariopanorama.com\/noticia\/475634\/fallecio-conocido-autor-musico-pablo-mema\">Fuente: Diario Panorama<\/a><\/p>\n","protected":false},"excerpt":{"rendered":"<p>El folklore santiague\u00f1o est\u00e1 de luto. Pablo Mema era multifac\u00e9tico: docente, comunicador social, investigador, autor compositor, int\u00e9rprete y difusor de&#8230; <a class=\"continue-reading-link\" href=\"https:\/\/nativainfo.com\/?p=4142\">Continue reading<\/a><\/p>\n","protected":false},"author":1,"featured_media":0,"comment_status":"open","ping_status":"open","sticky":false,"template":"","format":"standard","meta":{"rop_custom_images_group":[],"rop_custom_messages_group":[],"rop_publish_now":"initial","rop_publish_now_accounts":[],"rop_publish_now_history":[],"rop_publish_now_status":"pending","footnotes":"","jetpack_publicize_message":"","jetpack_publicize_feature_enabled":true,"jetpack_social_post_already_shared":false,"jetpack_social_options":{"image_generator_settings":{"template":"highway","default_image_id":0,"font":"","enabled":false},"version":2}},"categories":[8,40],"tags":[],"class_list":["post-4142","post","type-post","status-publish","format-standard","hentry","category-noticias","category-santiago-del-estero"],"yoast_head":"<!-- This site is optimized with the Yoast SEO plugin v25.6 - https:\/\/yoast.com\/wordpress\/plugins\/seo\/ -->\n<title>Falleci\u00f3 el conocido autor y m\u00fasico Pablo Mema - Nativa Info<\/title>\n<meta name=\"robots\" content=\"index, follow, max-snippet:-1, max-image-preview:large, max-video-preview:-1\" \/>\n<link rel=\"canonical\" href=\"https:\/\/nativainfo.com\/?p=4142\" \/>\n<meta property=\"og:locale\" content=\"es_ES\" \/>\n<meta property=\"og:type\" content=\"article\" \/>\n<meta property=\"og:title\" content=\"Falleci\u00f3 el conocido autor y m\u00fasico Pablo Mema - Nativa Info\" \/>\n<meta property=\"og:description\" content=\"El folklore santiague\u00f1o est\u00e1 de luto. Pablo Mema era multifac\u00e9tico: docente, comunicador social, investigador, autor compositor, int\u00e9rprete y difusor de... Continue reading\" \/>\n<meta property=\"og:url\" content=\"https:\/\/nativainfo.com\/?p=4142\" \/>\n<meta property=\"og:site_name\" content=\"Nativa Info\" \/>\n<meta property=\"article:publisher\" content=\"https:\/\/www.facebook.com\/profile.php?id=61578881597564\" \/>\n<meta property=\"article:published_time\" content=\"2024-02-23T16:48:22+00:00\" \/>\n<meta property=\"article:modified_time\" content=\"2024-02-23T16:48:23+00:00\" \/>\n<meta property=\"og:image\" content=\"http:\/\/nativainfo.com\/wp-content\/uploads\/2024\/02\/imagen_2024-02-23_134738324.png\" \/>\n<meta name=\"author\" content=\"Nativa Info\" \/>\n<meta name=\"twitter:card\" content=\"summary_large_image\" \/>\n<meta name=\"twitter:label1\" content=\"Escrito por\" \/>\n\t<meta name=\"twitter:data1\" content=\"Nativa Info\" \/>\n\t<meta name=\"twitter:label2\" content=\"Tiempo de lectura\" \/>\n\t<meta name=\"twitter:data2\" content=\"1 minuto\" \/>\n<script type=\"application\/ld+json\" class=\"yoast-schema-graph\">{\"@context\":\"https:\/\/schema.org\",\"@graph\":[{\"@type\":\"Article\",\"@id\":\"https:\/\/nativainfo.com\/?p=4142#article\",\"isPartOf\":{\"@id\":\"https:\/\/nativainfo.com\/?p=4142\"},\"author\":{\"name\":\"Nativa Info\",\"@id\":\"https:\/\/nativainfo.com\/#\/schema\/person\/24893b64a9cd564ddb5d102d36eb4b5c\"},\"headline\":\"Falleci\u00f3 el conocido autor y m\u00fasico Pablo Mema\",\"datePublished\":\"2024-02-23T16:48:22+00:00\",\"dateModified\":\"2024-02-23T16:48:23+00:00\",\"mainEntityOfPage\":{\"@id\":\"https:\/\/nativainfo.com\/?p=4142\"},\"wordCount\":230,\"commentCount\":0,\"publisher\":{\"@id\":\"https:\/\/nativainfo.com\/#organization\"},\"image\":{\"@id\":\"https:\/\/nativainfo.com\/?p=4142#primaryimage\"},\"thumbnailUrl\":\"http:\/\/nativainfo.com\/wp-content\/uploads\/2024\/02\/imagen_2024-02-23_134738324.png\",\"articleSection\":[\"Noticias\",\"Santiago del Estero\"],\"inLanguage\":\"es-AR\",\"potentialAction\":[{\"@type\":\"CommentAction\",\"name\":\"Comment\",\"target\":[\"https:\/\/nativainfo.com\/?p=4142#respond\"]}]},{\"@type\":\"WebPage\",\"@id\":\"https:\/\/nativainfo.com\/?p=4142\",\"url\":\"https:\/\/nativainfo.com\/?p=4142\",\"name\":\"Falleci\u00f3 el conocido autor y m\u00fasico Pablo Mema - Nativa Info\",\"isPartOf\":{\"@id\":\"https:\/\/nativainfo.com\/#website\"},\"primaryImageOfPage\":{\"@id\":\"https:\/\/nativainfo.com\/?p=4142#primaryimage\"},\"image\":{\"@id\":\"https:\/\/nativainfo.com\/?p=4142#primaryimage\"},\"thumbnailUrl\":\"http:\/\/nativainfo.com\/wp-content\/uploads\/2024\/02\/imagen_2024-02-23_134738324.png\",\"datePublished\":\"2024-02-23T16:48:22+00:00\",\"dateModified\":\"2024-02-23T16:48:23+00:00\",\"breadcrumb\":{\"@id\":\"https:\/\/nativainfo.com\/?p=4142#breadcrumb\"},\"inLanguage\":\"es-AR\",\"potentialAction\":[{\"@type\":\"ReadAction\",\"target\":[\"https:\/\/nativainfo.com\/?p=4142\"]}]},{\"@type\":\"ImageObject\",\"inLanguage\":\"es-AR\",\"@id\":\"https:\/\/nativainfo.com\/?p=4142#primaryimage\",\"url\":\"https:\/\/nativainfo.com\/wp-content\/uploads\/2024\/02\/imagen_2024-02-23_134738324.png\",\"contentUrl\":\"https:\/\/nativainfo.com\/wp-content\/uploads\/2024\/02\/imagen_2024-02-23_134738324.png\",\"width\":1010,\"height\":567},{\"@type\":\"BreadcrumbList\",\"@id\":\"https:\/\/nativainfo.com\/?p=4142#breadcrumb\",\"itemListElement\":[{\"@type\":\"ListItem\",\"position\":1,\"name\":\"Inicio\",\"item\":\"https:\/\/nativainfo.com\/\"},{\"@type\":\"ListItem\",\"position\":2,\"name\":\"Falleci\u00f3 el conocido autor y m\u00fasico Pablo Mema\"}]},{\"@type\":\"WebSite\",\"@id\":\"https:\/\/nativainfo.com\/#website\",\"url\":\"https:\/\/nativainfo.com\/\",\"name\":\"Nativa Info\",\"description\":\"Diario Digital\",\"publisher\":{\"@id\":\"https:\/\/nativainfo.com\/#organization\"},\"potentialAction\":[{\"@type\":\"SearchAction\",\"target\":{\"@type\":\"EntryPoint\",\"urlTemplate\":\"https:\/\/nativainfo.com\/?s={search_term_string}\"},\"query-input\":{\"@type\":\"PropertyValueSpecification\",\"valueRequired\":true,\"valueName\":\"search_term_string\"}}],\"inLanguage\":\"es-AR\"},{\"@type\":\"Organization\",\"@id\":\"https:\/\/nativainfo.com\/#organization\",\"name\":\"Nativa Info\",\"url\":\"https:\/\/nativainfo.com\/\",\"logo\":{\"@type\":\"ImageObject\",\"inLanguage\":\"es-AR\",\"@id\":\"https:\/\/nativainfo.com\/#\/schema\/logo\/image\/\",\"url\":\"https:\/\/nativainfo.com\/wp-content\/uploads\/2025\/08\/LOGO-NATIVA-FACE.jpg\",\"contentUrl\":\"https:\/\/nativainfo.com\/wp-content\/uploads\/2025\/08\/LOGO-NATIVA-FACE.jpg\",\"width\":400,\"height\":400,\"caption\":\"Nativa Info\"},\"image\":{\"@id\":\"https:\/\/nativainfo.com\/#\/schema\/logo\/image\/\"},\"sameAs\":[\"https:\/\/www.facebook.com\/profile.php?id=61578881597564\"]},{\"@type\":\"Person\",\"@id\":\"https:\/\/nativainfo.com\/#\/schema\/person\/24893b64a9cd564ddb5d102d36eb4b5c\",\"name\":\"Nativa Info\",\"image\":{\"@type\":\"ImageObject\",\"inLanguage\":\"es-AR\",\"@id\":\"https:\/\/nativainfo.com\/#\/schema\/person\/image\/\",\"url\":\"https:\/\/secure.gravatar.com\/avatar\/016fa1cf068d85136d938e1507b9b619cb766e2565cbb1faa1e571762460c785?s=96&d=mm&r=g\",\"contentUrl\":\"https:\/\/secure.gravatar.com\/avatar\/016fa1cf068d85136d938e1507b9b619cb766e2565cbb1faa1e571762460c785?s=96&d=mm&r=g\",\"caption\":\"Nativa Info\"},\"sameAs\":[\"http:\/\/nativainfo.com\"],\"url\":\"https:\/\/nativainfo.com\/?author=1\"}]}<\/script>\n<!-- \/ Yoast SEO plugin. -->","yoast_head_json":{"title":"Falleci\u00f3 el conocido autor y m\u00fasico Pablo Mema - Nativa Info","robots":{"index":"index","follow":"follow","max-snippet":"max-snippet:-1","max-image-preview":"max-image-preview:large","max-video-preview":"max-video-preview:-1"},"canonical":"https:\/\/nativainfo.com\/?p=4142","og_locale":"es_ES","og_type":"article","og_title":"Falleci\u00f3 el conocido autor y m\u00fasico Pablo Mema - Nativa Info","og_description":"El folklore santiague\u00f1o est\u00e1 de luto. Pablo Mema era multifac\u00e9tico: docente, comunicador social, investigador, autor compositor, int\u00e9rprete y difusor de... Continue reading","og_url":"https:\/\/nativainfo.com\/?p=4142","og_site_name":"Nativa Info","article_publisher":"https:\/\/www.facebook.com\/profile.php?id=61578881597564","article_published_time":"2024-02-23T16:48:22+00:00","article_modified_time":"2024-02-23T16:48:23+00:00","og_image":[{"url":"http:\/\/nativainfo.com\/wp-content\/uploads\/2024\/02\/imagen_2024-02-23_134738324.png","type":"","width":"","height":""}],"author":"Nativa Info","twitter_card":"summary_large_image","twitter_misc":{"Escrito por":"Nativa Info","Tiempo de lectura":"1 minuto"},"schema":{"@context":"https:\/\/schema.org","@graph":[{"@type":"Article","@id":"https:\/\/nativainfo.com\/?p=4142#article","isPartOf":{"@id":"https:\/\/nativainfo.com\/?p=4142"},"author":{"name":"Nativa Info","@id":"https:\/\/nativainfo.com\/#\/schema\/person\/24893b64a9cd564ddb5d102d36eb4b5c"},"headline":"Falleci\u00f3 el conocido autor y m\u00fasico Pablo Mema","datePublished":"2024-02-23T16:48:22+00:00","dateModified":"2024-02-23T16:48:23+00:00","mainEntityOfPage":{"@id":"https:\/\/nativainfo.com\/?p=4142"},"wordCount":230,"commentCount":0,"publisher":{"@id":"https:\/\/nativainfo.com\/#organization"},"image":{"@id":"https:\/\/nativainfo.com\/?p=4142#primaryimage"},"thumbnailUrl":"http:\/\/nativainfo.com\/wp-content\/uploads\/2024\/02\/imagen_2024-02-23_134738324.png","articleSection":["Noticias","Santiago del Estero"],"inLanguage":"es-AR","potentialAction":[{"@type":"CommentAction","name":"Comment","target":["https:\/\/nativainfo.com\/?p=4142#respond"]}]},{"@type":"WebPage","@id":"https:\/\/nativainfo.com\/?p=4142","url":"https:\/\/nativainfo.com\/?p=4142","name":"Falleci\u00f3 el conocido autor y m\u00fasico Pablo Mema - Nativa Info","isPartOf":{"@id":"https:\/\/nativainfo.com\/#website"},"primaryImageOfPage":{"@id":"https:\/\/nativainfo.com\/?p=4142#primaryimage"},"image":{"@id":"https:\/\/nativainfo.com\/?p=4142#primaryimage"},"thumbnailUrl":"http:\/\/nativainfo.com\/wp-content\/uploads\/2024\/02\/imagen_2024-02-23_134738324.png","datePublished":"2024-02-23T16:48:22+00:00","dateModified":"2024-02-23T16:48:23+00:00","breadcrumb":{"@id":"https:\/\/nativainfo.com\/?p=4142#breadcrumb"},"inLanguage":"es-AR","potentialAction":[{"@type":"ReadAction","target":["https:\/\/nativainfo.com\/?p=4142"]}]},{"@type":"ImageObject","inLanguage":"es-AR","@id":"https:\/\/nativainfo.com\/?p=4142#primaryimage","url":"https:\/\/nativainfo.com\/wp-content\/uploads\/2024\/02\/imagen_2024-02-23_134738324.png","contentUrl":"https:\/\/nativainfo.com\/wp-content\/uploads\/2024\/02\/imagen_2024-02-23_134738324.png","width":1010,"height":567},{"@type":"BreadcrumbList","@id":"https:\/\/nativainfo.com\/?p=4142#breadcrumb","itemListElement":[{"@type":"ListItem","position":1,"name":"Inicio","item":"https:\/\/nativainfo.com\/"},{"@type":"ListItem","position":2,"name":"Falleci\u00f3 el conocido autor y m\u00fasico Pablo Mema"}]},{"@type":"WebSite","@id":"https:\/\/nativainfo.com\/#website","url":"https:\/\/nativainfo.com\/","name":"Nativa Info","description":"Diario Digital","publisher":{"@id":"https:\/\/nativainfo.com\/#organization"},"potentialAction":[{"@type":"SearchAction","target":{"@type":"EntryPoint","urlTemplate":"https:\/\/nativainfo.com\/?s={search_term_string}"},"query-input":{"@type":"PropertyValueSpecification","valueRequired":true,"valueName":"search_term_string"}}],"inLanguage":"es-AR"},{"@type":"Organization","@id":"https:\/\/nativainfo.com\/#organization","name":"Nativa Info","url":"https:\/\/nativainfo.com\/","logo":{"@type":"ImageObject","inLanguage":"es-AR","@id":"https:\/\/nativainfo.com\/#\/schema\/logo\/image\/","url":"https:\/\/nativainfo.com\/wp-content\/uploads\/2025\/08\/LOGO-NATIVA-FACE.jpg","contentUrl":"https:\/\/nativainfo.com\/wp-content\/uploads\/2025\/08\/LOGO-NATIVA-FACE.jpg","width":400,"height":400,"caption":"Nativa Info"},"image":{"@id":"https:\/\/nativainfo.com\/#\/schema\/logo\/image\/"},"sameAs":["https:\/\/www.facebook.com\/profile.php?id=61578881597564"]},{"@type":"Person","@id":"https:\/\/nativainfo.com\/#\/schema\/person\/24893b64a9cd564ddb5d102d36eb4b5c","name":"Nativa Info","image":{"@type":"ImageObject","inLanguage":"es-AR","@id":"https:\/\/nativainfo.com\/#\/schema\/person\/image\/","url":"https:\/\/secure.gravatar.com\/avatar\/016fa1cf068d85136d938e1507b9b619cb766e2565cbb1faa1e571762460c785?s=96&d=mm&r=g","contentUrl":"https:\/\/secure.gravatar.com\/avatar\/016fa1cf068d85136d938e1507b9b619cb766e2565cbb1faa1e571762460c785?s=96&d=mm&r=g","caption":"Nativa Info"},"sameAs":["http:\/\/nativainfo.com"],"url":"https:\/\/nativainfo.com\/?author=1"}]}},"jetpack_publicize_connections":[],"_links":{"self":[{"href":"https:\/\/nativainfo.com\/index.php?rest_route=\/wp\/v2\/posts\/4142","targetHints":{"allow":["GET"]}}],"collection":[{"href":"https:\/\/nativainfo.com\/index.php?rest_route=\/wp\/v2\/posts"}],"about":[{"href":"https:\/\/nativainfo.com\/index.php?rest_route=\/wp\/v2\/types\/post"}],"author":[{"embeddable":true,"href":"https:\/\/nativainfo.com\/index.php?rest_route=\/wp\/v2\/users\/1"}],"replies":[{"embeddable":true,"href":"https:\/\/nativainfo.com\/index.php?rest_route=%2Fwp%2Fv2%2Fcomments&post=4142"}],"version-history":[{"count":1,"href":"https:\/\/nativainfo.com\/index.php?rest_route=\/wp\/v2\/posts\/4142\/revisions"}],"predecessor-version":[{"id":4145,"href":"https:\/\/nativainfo.com\/index.php?rest_route=\/wp\/v2\/posts\/4142\/revisions\/4145"}],"wp:attachment":[{"href":"https:\/\/nativainfo.com\/index.php?rest_route=%2Fwp%2Fv2%2Fmedia&parent=4142"}],"wp:term":[{"taxonomy":"category","embeddable":true,"href":"https:\/\/nativainfo.com\/index.php?rest_route=%2Fwp%2Fv2%2Fcategories&post=4142"},{"taxonomy":"post_tag","embeddable":true,"href":"https:\/\/nativainfo.com\/index.php?rest_route=%2Fwp%2Fv2%2Ftags&post=4142"}],"curies":[{"name":"wp","href":"https:\/\/api.w.org\/{rel}","templated":true}]}}