{"id":4136,"date":"2024-02-20T00:28:47","date_gmt":"2024-02-20T03:28:47","guid":{"rendered":"http:\/\/nativainfo.com\/?p=4136"},"modified":"2024-02-20T00:28:48","modified_gmt":"2024-02-20T03:28:48","slug":"el-gobernador-zamora-inauguro-el-moderno-complejo-manuel-belgrano","status":"publish","type":"post","link":"https:\/\/nativainfo.com\/?p=4136","title":{"rendered":"El gobernador Zamora inaugur\u00f3 el moderno Complejo Manuel Belgrano"},"content":{"rendered":"\n<p>El Complejo es sede de los ministerios de Justicia y Derechos Humanos; de Producci\u00f3n, Recursos Naturales, Forestaci\u00f3n y Tierras, y de Obras, Servicios P\u00fablicos y Agua.<\/p>\n\n\n\n<figure class=\"wp-block-image size-large\"><img fetchpriority=\"high\" decoding=\"async\" width=\"1024\" height=\"576\" src=\"http:\/\/nativainfo.com\/wp-content\/uploads\/2024\/02\/imagen_2024-02-20_002746212-1024x576.png\" alt=\"\" class=\"wp-image-4139\" srcset=\"https:\/\/nativainfo.com\/wp-content\/uploads\/2024\/02\/imagen_2024-02-20_002746212-1024x576.png 1024w, https:\/\/nativainfo.com\/wp-content\/uploads\/2024\/02\/imagen_2024-02-20_002746212-300x169.png 300w, https:\/\/nativainfo.com\/wp-content\/uploads\/2024\/02\/imagen_2024-02-20_002746212-768x432.png 768w, https:\/\/nativainfo.com\/wp-content\/uploads\/2024\/02\/imagen_2024-02-20_002746212-622x350.png 622w, https:\/\/nativainfo.com\/wp-content\/uploads\/2024\/02\/imagen_2024-02-20_002746212-150x84.png 150w, https:\/\/nativainfo.com\/wp-content\/uploads\/2024\/02\/imagen_2024-02-20_002746212.png 1200w\" sizes=\"(max-width: 1024px) 100vw, 1024px\" \/><\/figure>\n\n\n\n<p>El gobernador&nbsp;<strong>Gerardo&nbsp;<\/strong><strong>Zamora<\/strong>, acompa\u00f1ado por el vicegobernador&nbsp;<strong>Carlos&nbsp;<\/strong><strong>Silva&nbsp;<\/strong><strong>Neder&nbsp;<\/strong>y la senadora&nbsp;<strong>Claudia&nbsp;<\/strong>de&nbsp;<strong>Zamora<\/strong>, dej\u00f3 formalmente habilitado este lunes por la tarde el moderno&nbsp;<strong>Complejo&nbsp;<\/strong><strong>Manuel&nbsp;<\/strong><strong>Belgrano<\/strong>, sede de los ministerios de&nbsp;<strong>Justicia y Derechos Humanos; de Producci\u00f3n, Recursos Naturales, Forestaci\u00f3n y Tierras, y de Obras, Servicios P\u00fablicos y Agua.<\/strong><\/p>\n\n\n\n<p>Tambi\u00e9n fueron parte del acto el jefe de Gabinete, El\u00edas Su\u00e1rez, y los ministros Matilde O\u00b4Mill, de Justicia; Miguel Mandrille, de Producci\u00f3n; Aldo Hid, de Obras P\u00fablicas; Marcelo Barbur, de Gobierno; Mariela Nassif, de Educaci\u00f3n, y Natividad Nassif, de Salud. Adem\u00e1s de la secretaria de Trabajo, Julia Com\u00e1n; la intendente de la Capital, Norma Fuentes; entre otros funcionarios y legisladores.<\/p>\n","protected":false},"excerpt":{"rendered":"<p>El Complejo es sede de los ministerios de Justicia y Derechos Humanos; de Producci\u00f3n, Recursos Naturales, Forestaci\u00f3n y Tierras, y&#8230; <a class=\"continue-reading-link\" href=\"https:\/\/nativainfo.com\/?p=4136\">Continue reading<\/a><\/p>\n","protected":false},"author":1,"featured_media":0,"comment_status":"open","ping_status":"open","sticky":false,"template":"","format":"standard","meta":{"rop_custom_images_group":[],"rop_custom_messages_group":[],"rop_publish_now":"initial","rop_publish_now_accounts":[],"rop_publish_now_history":[],"rop_publish_now_status":"pending","footnotes":"","jetpack_publicize_message":"","jetpack_publicize_feature_enabled":true,"jetpack_social_post_already_shared":false,"jetpack_social_options":{"image_generator_settings":{"template":"highway","default_image_id":0,"font":"","enabled":false},"version":2}},"categories":[8],"tags":[],"class_list":["post-4136","post","type-post","status-publish","format-standard","hentry","category-noticias"],"yoast_head":"<!-- This site is optimized with the Yoast SEO plugin v25.6 - https:\/\/yoast.com\/wordpress\/plugins\/seo\/ -->\n<title>El gobernador Zamora inaugur\u00f3 el moderno Complejo Manuel Belgrano - Nativa Info<\/title>\n<meta name=\"robots\" content=\"index, follow, max-snippet:-1, max-image-preview:large, max-video-preview:-1\" \/>\n<link rel=\"canonical\" href=\"https:\/\/nativainfo.com\/?p=4136\" \/>\n<meta property=\"og:locale\" content=\"es_ES\" \/>\n<meta property=\"og:type\" content=\"article\" \/>\n<meta property=\"og:title\" content=\"El gobernador Zamora inaugur\u00f3 el moderno Complejo Manuel Belgrano - Nativa Info\" \/>\n<meta property=\"og:description\" content=\"El Complejo es sede de los ministerios de Justicia y Derechos Humanos; de Producci\u00f3n, Recursos Naturales, Forestaci\u00f3n y Tierras, y... Continue reading\" \/>\n<meta property=\"og:url\" content=\"https:\/\/nativainfo.com\/?p=4136\" \/>\n<meta property=\"og:site_name\" content=\"Nativa Info\" \/>\n<meta property=\"article:publisher\" content=\"https:\/\/www.facebook.com\/profile.php?id=61578881597564\" \/>\n<meta property=\"article:published_time\" content=\"2024-02-20T03:28:47+00:00\" \/>\n<meta property=\"article:modified_time\" content=\"2024-02-20T03:28:48+00:00\" \/>\n<meta property=\"og:image\" content=\"http:\/\/nativainfo.com\/wp-content\/uploads\/2024\/02\/imagen_2024-02-20_002746212-1024x576.png\" \/>\n<meta name=\"author\" content=\"Nativa Info\" \/>\n<meta name=\"twitter:card\" content=\"summary_large_image\" \/>\n<meta name=\"twitter:label1\" content=\"Escrito por\" \/>\n\t<meta name=\"twitter:data1\" content=\"Nativa Info\" \/>\n\t<meta name=\"twitter:label2\" content=\"Tiempo de lectura\" \/>\n\t<meta name=\"twitter:data2\" content=\"1 minuto\" \/>\n<script type=\"application\/ld+json\" class=\"yoast-schema-graph\">{\"@context\":\"https:\/\/schema.org\",\"@graph\":[{\"@type\":\"Article\",\"@id\":\"https:\/\/nativainfo.com\/?p=4136#article\",\"isPartOf\":{\"@id\":\"https:\/\/nativainfo.com\/?p=4136\"},\"author\":{\"name\":\"Nativa Info\",\"@id\":\"https:\/\/nativainfo.com\/#\/schema\/person\/24893b64a9cd564ddb5d102d36eb4b5c\"},\"headline\":\"El gobernador Zamora inaugur\u00f3 el moderno Complejo Manuel Belgrano\",\"datePublished\":\"2024-02-20T03:28:47+00:00\",\"dateModified\":\"2024-02-20T03:28:48+00:00\",\"mainEntityOfPage\":{\"@id\":\"https:\/\/nativainfo.com\/?p=4136\"},\"wordCount\":177,\"commentCount\":0,\"publisher\":{\"@id\":\"https:\/\/nativainfo.com\/#organization\"},\"image\":{\"@id\":\"https:\/\/nativainfo.com\/?p=4136#primaryimage\"},\"thumbnailUrl\":\"http:\/\/nativainfo.com\/wp-content\/uploads\/2024\/02\/imagen_2024-02-20_002746212-1024x576.png\",\"articleSection\":[\"Noticias\"],\"inLanguage\":\"es-AR\",\"potentialAction\":[{\"@type\":\"CommentAction\",\"name\":\"Comment\",\"target\":[\"https:\/\/nativainfo.com\/?p=4136#respond\"]}]},{\"@type\":\"WebPage\",\"@id\":\"https:\/\/nativainfo.com\/?p=4136\",\"url\":\"https:\/\/nativainfo.com\/?p=4136\",\"name\":\"El gobernador Zamora inaugur\u00f3 el moderno Complejo Manuel Belgrano - Nativa Info\",\"isPartOf\":{\"@id\":\"https:\/\/nativainfo.com\/#website\"},\"primaryImageOfPage\":{\"@id\":\"https:\/\/nativainfo.com\/?p=4136#primaryimage\"},\"image\":{\"@id\":\"https:\/\/nativainfo.com\/?p=4136#primaryimage\"},\"thumbnailUrl\":\"http:\/\/nativainfo.com\/wp-content\/uploads\/2024\/02\/imagen_2024-02-20_002746212-1024x576.png\",\"datePublished\":\"2024-02-20T03:28:47+00:00\",\"dateModified\":\"2024-02-20T03:28:48+00:00\",\"breadcrumb\":{\"@id\":\"https:\/\/nativainfo.com\/?p=4136#breadcrumb\"},\"inLanguage\":\"es-AR\",\"potentialAction\":[{\"@type\":\"ReadAction\",\"target\":[\"https:\/\/nativainfo.com\/?p=4136\"]}]},{\"@type\":\"ImageObject\",\"inLanguage\":\"es-AR\",\"@id\":\"https:\/\/nativainfo.com\/?p=4136#primaryimage\",\"url\":\"https:\/\/nativainfo.com\/wp-content\/uploads\/2024\/02\/imagen_2024-02-20_002746212.png\",\"contentUrl\":\"https:\/\/nativainfo.com\/wp-content\/uploads\/2024\/02\/imagen_2024-02-20_002746212.png\",\"width\":1200,\"height\":675},{\"@type\":\"BreadcrumbList\",\"@id\":\"https:\/\/nativainfo.com\/?p=4136#breadcrumb\",\"itemListElement\":[{\"@type\":\"ListItem\",\"position\":1,\"name\":\"Inicio\",\"item\":\"https:\/\/nativainfo.com\/\"},{\"@type\":\"ListItem\",\"position\":2,\"name\":\"El gobernador Zamora inaugur\u00f3 el moderno Complejo Manuel Belgrano\"}]},{\"@type\":\"WebSite\",\"@id\":\"https:\/\/nativainfo.com\/#website\",\"url\":\"https:\/\/nativainfo.com\/\",\"name\":\"Nativa Info\",\"description\":\"Diario Digital\",\"publisher\":{\"@id\":\"https:\/\/nativainfo.com\/#organization\"},\"potentialAction\":[{\"@type\":\"SearchAction\",\"target\":{\"@type\":\"EntryPoint\",\"urlTemplate\":\"https:\/\/nativainfo.com\/?s={search_term_string}\"},\"query-input\":{\"@type\":\"PropertyValueSpecification\",\"valueRequired\":true,\"valueName\":\"search_term_string\"}}],\"inLanguage\":\"es-AR\"},{\"@type\":\"Organization\",\"@id\":\"https:\/\/nativainfo.com\/#organization\",\"name\":\"Nativa Info\",\"url\":\"https:\/\/nativainfo.com\/\",\"logo\":{\"@type\":\"ImageObject\",\"inLanguage\":\"es-AR\",\"@id\":\"https:\/\/nativainfo.com\/#\/schema\/logo\/image\/\",\"url\":\"https:\/\/nativainfo.com\/wp-content\/uploads\/2025\/08\/LOGO-NATIVA-FACE.jpg\",\"contentUrl\":\"https:\/\/nativainfo.com\/wp-content\/uploads\/2025\/08\/LOGO-NATIVA-FACE.jpg\",\"width\":400,\"height\":400,\"caption\":\"Nativa Info\"},\"image\":{\"@id\":\"https:\/\/nativainfo.com\/#\/schema\/logo\/image\/\"},\"sameAs\":[\"https:\/\/www.facebook.com\/profile.php?id=61578881597564\"]},{\"@type\":\"Person\",\"@id\":\"https:\/\/nativainfo.com\/#\/schema\/person\/24893b64a9cd564ddb5d102d36eb4b5c\",\"name\":\"Nativa Info\",\"image\":{\"@type\":\"ImageObject\",\"inLanguage\":\"es-AR\",\"@id\":\"https:\/\/nativainfo.com\/#\/schema\/person\/image\/\",\"url\":\"https:\/\/secure.gravatar.com\/avatar\/016fa1cf068d85136d938e1507b9b619cb766e2565cbb1faa1e571762460c785?s=96&d=mm&r=g\",\"contentUrl\":\"https:\/\/secure.gravatar.com\/avatar\/016fa1cf068d85136d938e1507b9b619cb766e2565cbb1faa1e571762460c785?s=96&d=mm&r=g\",\"caption\":\"Nativa Info\"},\"sameAs\":[\"http:\/\/nativainfo.com\"],\"url\":\"https:\/\/nativainfo.com\/?author=1\"}]}<\/script>\n<!-- \/ Yoast SEO plugin. -->","yoast_head_json":{"title":"El gobernador Zamora inaugur\u00f3 el moderno Complejo Manuel Belgrano - Nativa Info","robots":{"index":"index","follow":"follow","max-snippet":"max-snippet:-1","max-image-preview":"max-image-preview:large","max-video-preview":"max-video-preview:-1"},"canonical":"https:\/\/nativainfo.com\/?p=4136","og_locale":"es_ES","og_type":"article","og_title":"El gobernador Zamora inaugur\u00f3 el moderno Complejo Manuel Belgrano - Nativa Info","og_description":"El Complejo es sede de los ministerios de Justicia y Derechos Humanos; de Producci\u00f3n, Recursos Naturales, Forestaci\u00f3n y Tierras, y... Continue reading","og_url":"https:\/\/nativainfo.com\/?p=4136","og_site_name":"Nativa Info","article_publisher":"https:\/\/www.facebook.com\/profile.php?id=61578881597564","article_published_time":"2024-02-20T03:28:47+00:00","article_modified_time":"2024-02-20T03:28:48+00:00","og_image":[{"url":"http:\/\/nativainfo.com\/wp-content\/uploads\/2024\/02\/imagen_2024-02-20_002746212-1024x576.png","type":"","width":"","height":""}],"author":"Nativa Info","twitter_card":"summary_large_image","twitter_misc":{"Escrito por":"Nativa Info","Tiempo de lectura":"1 minuto"},"schema":{"@context":"https:\/\/schema.org","@graph":[{"@type":"Article","@id":"https:\/\/nativainfo.com\/?p=4136#article","isPartOf":{"@id":"https:\/\/nativainfo.com\/?p=4136"},"author":{"name":"Nativa Info","@id":"https:\/\/nativainfo.com\/#\/schema\/person\/24893b64a9cd564ddb5d102d36eb4b5c"},"headline":"El gobernador Zamora inaugur\u00f3 el moderno Complejo Manuel Belgrano","datePublished":"2024-02-20T03:28:47+00:00","dateModified":"2024-02-20T03:28:48+00:00","mainEntityOfPage":{"@id":"https:\/\/nativainfo.com\/?p=4136"},"wordCount":177,"commentCount":0,"publisher":{"@id":"https:\/\/nativainfo.com\/#organization"},"image":{"@id":"https:\/\/nativainfo.com\/?p=4136#primaryimage"},"thumbnailUrl":"http:\/\/nativainfo.com\/wp-content\/uploads\/2024\/02\/imagen_2024-02-20_002746212-1024x576.png","articleSection":["Noticias"],"inLanguage":"es-AR","potentialAction":[{"@type":"CommentAction","name":"Comment","target":["https:\/\/nativainfo.com\/?p=4136#respond"]}]},{"@type":"WebPage","@id":"https:\/\/nativainfo.com\/?p=4136","url":"https:\/\/nativainfo.com\/?p=4136","name":"El gobernador Zamora inaugur\u00f3 el moderno Complejo Manuel Belgrano - Nativa Info","isPartOf":{"@id":"https:\/\/nativainfo.com\/#website"},"primaryImageOfPage":{"@id":"https:\/\/nativainfo.com\/?p=4136#primaryimage"},"image":{"@id":"https:\/\/nativainfo.com\/?p=4136#primaryimage"},"thumbnailUrl":"http:\/\/nativainfo.com\/wp-content\/uploads\/2024\/02\/imagen_2024-02-20_002746212-1024x576.png","datePublished":"2024-02-20T03:28:47+00:00","dateModified":"2024-02-20T03:28:48+00:00","breadcrumb":{"@id":"https:\/\/nativainfo.com\/?p=4136#breadcrumb"},"inLanguage":"es-AR","potentialAction":[{"@type":"ReadAction","target":["https:\/\/nativainfo.com\/?p=4136"]}]},{"@type":"ImageObject","inLanguage":"es-AR","@id":"https:\/\/nativainfo.com\/?p=4136#primaryimage","url":"https:\/\/nativainfo.com\/wp-content\/uploads\/2024\/02\/imagen_2024-02-20_002746212.png","contentUrl":"https:\/\/nativainfo.com\/wp-content\/uploads\/2024\/02\/imagen_2024-02-20_002746212.png","width":1200,"height":675},{"@type":"BreadcrumbList","@id":"https:\/\/nativainfo.com\/?p=4136#breadcrumb","itemListElement":[{"@type":"ListItem","position":1,"name":"Inicio","item":"https:\/\/nativainfo.com\/"},{"@type":"ListItem","position":2,"name":"El gobernador Zamora inaugur\u00f3 el moderno Complejo Manuel Belgrano"}]},{"@type":"WebSite","@id":"https:\/\/nativainfo.com\/#website","url":"https:\/\/nativainfo.com\/","name":"Nativa Info","description":"Diario Digital","publisher":{"@id":"https:\/\/nativainfo.com\/#organization"},"potentialAction":[{"@type":"SearchAction","target":{"@type":"EntryPoint","urlTemplate":"https:\/\/nativainfo.com\/?s={search_term_string}"},"query-input":{"@type":"PropertyValueSpecification","valueRequired":true,"valueName":"search_term_string"}}],"inLanguage":"es-AR"},{"@type":"Organization","@id":"https:\/\/nativainfo.com\/#organization","name":"Nativa Info","url":"https:\/\/nativainfo.com\/","logo":{"@type":"ImageObject","inLanguage":"es-AR","@id":"https:\/\/nativainfo.com\/#\/schema\/logo\/image\/","url":"https:\/\/nativainfo.com\/wp-content\/uploads\/2025\/08\/LOGO-NATIVA-FACE.jpg","contentUrl":"https:\/\/nativainfo.com\/wp-content\/uploads\/2025\/08\/LOGO-NATIVA-FACE.jpg","width":400,"height":400,"caption":"Nativa Info"},"image":{"@id":"https:\/\/nativainfo.com\/#\/schema\/logo\/image\/"},"sameAs":["https:\/\/www.facebook.com\/profile.php?id=61578881597564"]},{"@type":"Person","@id":"https:\/\/nativainfo.com\/#\/schema\/person\/24893b64a9cd564ddb5d102d36eb4b5c","name":"Nativa Info","image":{"@type":"ImageObject","inLanguage":"es-AR","@id":"https:\/\/nativainfo.com\/#\/schema\/person\/image\/","url":"https:\/\/secure.gravatar.com\/avatar\/016fa1cf068d85136d938e1507b9b619cb766e2565cbb1faa1e571762460c785?s=96&d=mm&r=g","contentUrl":"https:\/\/secure.gravatar.com\/avatar\/016fa1cf068d85136d938e1507b9b619cb766e2565cbb1faa1e571762460c785?s=96&d=mm&r=g","caption":"Nativa Info"},"sameAs":["http:\/\/nativainfo.com"],"url":"https:\/\/nativainfo.com\/?author=1"}]}},"jetpack_publicize_connections":[],"_links":{"self":[{"href":"https:\/\/nativainfo.com\/index.php?rest_route=\/wp\/v2\/posts\/4136","targetHints":{"allow":["GET"]}}],"collection":[{"href":"https:\/\/nativainfo.com\/index.php?rest_route=\/wp\/v2\/posts"}],"about":[{"href":"https:\/\/nativainfo.com\/index.php?rest_route=\/wp\/v2\/types\/post"}],"author":[{"embeddable":true,"href":"https:\/\/nativainfo.com\/index.php?rest_route=\/wp\/v2\/users\/1"}],"replies":[{"embeddable":true,"href":"https:\/\/nativainfo.com\/index.php?rest_route=%2Fwp%2Fv2%2Fcomments&post=4136"}],"version-history":[{"count":2,"href":"https:\/\/nativainfo.com\/index.php?rest_route=\/wp\/v2\/posts\/4136\/revisions"}],"predecessor-version":[{"id":4167,"href":"https:\/\/nativainfo.com\/index.php?rest_route=\/wp\/v2\/posts\/4136\/revisions\/4167"}],"wp:attachment":[{"href":"https:\/\/nativainfo.com\/index.php?rest_route=%2Fwp%2Fv2%2Fmedia&parent=4136"}],"wp:term":[{"taxonomy":"category","embeddable":true,"href":"https:\/\/nativainfo.com\/index.php?rest_route=%2Fwp%2Fv2%2Fcategories&post=4136"},{"taxonomy":"post_tag","embeddable":true,"href":"https:\/\/nativainfo.com\/index.php?rest_route=%2Fwp%2Fv2%2Ftags&post=4136"}],"curies":[{"name":"wp","href":"https:\/\/api.w.org\/{rel}","templated":true}]}}