{"id":4114,"date":"2024-02-09T19:27:27","date_gmt":"2024-02-09T22:27:27","guid":{"rendered":"http:\/\/nativainfo.com\/?p=4114"},"modified":"2024-02-09T19:27:29","modified_gmt":"2024-02-09T22:27:29","slug":"canonizacion-de-mama-antula-gerardo-zamora-y-claudia-ledesma-abdala-arribaron-a-roma-y-estuvieron-con-el-papa-francisco","status":"publish","type":"post","link":"https:\/\/nativainfo.com\/?p=4114","title":{"rendered":"Canonizaci\u00f3n de Mama Antula: Gerardo Zamora y Claudia Ledesma Abdala arribaron a Roma y estuvieron con el Papa Francisco"},"content":{"rendered":"\n<p>El encuentro entre el gobernador, la senadora y el Sumo Pont\u00edfice, quien fue invitado a visitar Santiago del Estero, se desarroll\u00f3 en El Vaticano.<\/p>\n\n\n\n<figure class=\"wp-block-image size-large\"><img fetchpriority=\"high\" decoding=\"async\" width=\"1010\" height=\"567\" src=\"http:\/\/nativainfo.com\/wp-content\/uploads\/2024\/02\/imagen_2024-02-09_192715336.png\" alt=\"\" class=\"wp-image-4118\" srcset=\"https:\/\/nativainfo.com\/wp-content\/uploads\/2024\/02\/imagen_2024-02-09_192715336.png 1010w, https:\/\/nativainfo.com\/wp-content\/uploads\/2024\/02\/imagen_2024-02-09_192715336-300x168.png 300w, https:\/\/nativainfo.com\/wp-content\/uploads\/2024\/02\/imagen_2024-02-09_192715336-768x431.png 768w, https:\/\/nativainfo.com\/wp-content\/uploads\/2024\/02\/imagen_2024-02-09_192715336-623x350.png 623w, https:\/\/nativainfo.com\/wp-content\/uploads\/2024\/02\/imagen_2024-02-09_192715336-150x84.png 150w\" sizes=\"(max-width: 1010px) 100vw, 1010px\" \/><\/figure>\n\n\n\n<p>El gobernador&nbsp;<strong>Gerardo Zamora<\/strong>, junto con la senadora&nbsp;<strong>Claudia de Zamora<\/strong>, fueron recibidos este viernes por la ma\u00f1ana en el&nbsp;<strong>Palacio Apost\u00f3lico del Vaticano<\/strong>&nbsp;por el&nbsp;<strong>Papa Francisco<\/strong>, en el marco de las actividades programadas en torno a la canonizaci\u00f3n de&nbsp;<strong>Mar\u00eda Antonia de Paz y Figueroa<\/strong>,&nbsp;<strong>Mama Antula<\/strong>, que se realizar\u00e1 el pr\u00f3ximo domingo 11 de febrero en la&nbsp;<strong>Catedral Bas\u00edlica de San Pedro<\/strong>.<\/p>\n\n\n\n<p>El mandatario y la senadora encabezaron la delegaci\u00f3n argentina que participar\u00e1 de la ceremonia de canonizaci\u00f3n, como tambi\u00e9n de la&nbsp;<strong>presentaci\u00f3n oficial del Himno a Mama Antula en la Filmoteca Vaticana, interpretado por Leo Dan<\/strong>, reconocido artista santiague\u00f1o de nivel internacional, y el m\u00fasico&nbsp;<strong>Manuel Wirtz<\/strong>.<\/p>\n","protected":false},"excerpt":{"rendered":"<p>El encuentro entre el gobernador, la senadora y el Sumo Pont\u00edfice, quien fue invitado a visitar Santiago del Estero, se&#8230; <a class=\"continue-reading-link\" href=\"https:\/\/nativainfo.com\/?p=4114\">Continue reading<\/a><\/p>\n","protected":false},"author":1,"featured_media":0,"comment_status":"open","ping_status":"open","sticky":false,"template":"","format":"standard","meta":{"rop_custom_images_group":[],"rop_custom_messages_group":[],"rop_publish_now":"initial","rop_publish_now_accounts":[],"rop_publish_now_history":[],"rop_publish_now_status":"pending","footnotes":"","jetpack_publicize_message":"","jetpack_publicize_feature_enabled":true,"jetpack_social_post_already_shared":false,"jetpack_social_options":{"image_generator_settings":{"template":"highway","default_image_id":0,"font":"","enabled":false},"version":2}},"categories":[8],"tags":[],"class_list":["post-4114","post","type-post","status-publish","format-standard","hentry","category-noticias"],"yoast_head":"<!-- This site is optimized with the Yoast SEO plugin v25.6 - https:\/\/yoast.com\/wordpress\/plugins\/seo\/ -->\n<title>Canonizaci\u00f3n de Mama Antula: Gerardo Zamora y Claudia Ledesma Abdala arribaron a Roma y estuvieron con el Papa Francisco - Nativa Info<\/title>\n<meta name=\"robots\" content=\"index, follow, max-snippet:-1, max-image-preview:large, max-video-preview:-1\" \/>\n<link rel=\"canonical\" href=\"https:\/\/nativainfo.com\/?p=4114\" \/>\n<meta property=\"og:locale\" content=\"es_ES\" \/>\n<meta property=\"og:type\" content=\"article\" \/>\n<meta property=\"og:title\" content=\"Canonizaci\u00f3n de Mama Antula: Gerardo Zamora y Claudia Ledesma Abdala arribaron a Roma y estuvieron con el Papa Francisco - Nativa Info\" \/>\n<meta property=\"og:description\" content=\"El encuentro entre el gobernador, la senadora y el Sumo Pont\u00edfice, quien fue invitado a visitar Santiago del Estero, se... Continue reading\" \/>\n<meta property=\"og:url\" content=\"https:\/\/nativainfo.com\/?p=4114\" \/>\n<meta property=\"og:site_name\" content=\"Nativa Info\" \/>\n<meta property=\"article:publisher\" content=\"https:\/\/www.facebook.com\/profile.php?id=61578881597564\" \/>\n<meta property=\"article:published_time\" content=\"2024-02-09T22:27:27+00:00\" \/>\n<meta property=\"article:modified_time\" content=\"2024-02-09T22:27:29+00:00\" \/>\n<meta property=\"og:image\" content=\"http:\/\/nativainfo.com\/wp-content\/uploads\/2024\/02\/imagen_2024-02-09_192715336.png\" \/>\n<meta name=\"author\" content=\"Nativa Info\" \/>\n<meta name=\"twitter:card\" content=\"summary_large_image\" \/>\n<meta name=\"twitter:label1\" content=\"Escrito por\" \/>\n\t<meta name=\"twitter:data1\" content=\"Nativa Info\" \/>\n\t<meta name=\"twitter:label2\" content=\"Tiempo de lectura\" \/>\n\t<meta name=\"twitter:data2\" content=\"1 minuto\" \/>\n<script type=\"application\/ld+json\" class=\"yoast-schema-graph\">{\"@context\":\"https:\/\/schema.org\",\"@graph\":[{\"@type\":\"Article\",\"@id\":\"https:\/\/nativainfo.com\/?p=4114#article\",\"isPartOf\":{\"@id\":\"https:\/\/nativainfo.com\/?p=4114\"},\"author\":{\"name\":\"Nativa Info\",\"@id\":\"https:\/\/nativainfo.com\/#\/schema\/person\/24893b64a9cd564ddb5d102d36eb4b5c\"},\"headline\":\"Canonizaci\u00f3n de Mama Antula: Gerardo Zamora y Claudia Ledesma Abdala arribaron a Roma y estuvieron con el Papa Francisco\",\"datePublished\":\"2024-02-09T22:27:27+00:00\",\"dateModified\":\"2024-02-09T22:27:29+00:00\",\"mainEntityOfPage\":{\"@id\":\"https:\/\/nativainfo.com\/?p=4114\"},\"wordCount\":177,\"commentCount\":0,\"publisher\":{\"@id\":\"https:\/\/nativainfo.com\/#organization\"},\"image\":{\"@id\":\"https:\/\/nativainfo.com\/?p=4114#primaryimage\"},\"thumbnailUrl\":\"http:\/\/nativainfo.com\/wp-content\/uploads\/2024\/02\/imagen_2024-02-09_192715336.png\",\"articleSection\":[\"Noticias\"],\"inLanguage\":\"es-AR\",\"potentialAction\":[{\"@type\":\"CommentAction\",\"name\":\"Comment\",\"target\":[\"https:\/\/nativainfo.com\/?p=4114#respond\"]}]},{\"@type\":\"WebPage\",\"@id\":\"https:\/\/nativainfo.com\/?p=4114\",\"url\":\"https:\/\/nativainfo.com\/?p=4114\",\"name\":\"Canonizaci\u00f3n de Mama Antula: Gerardo Zamora y Claudia Ledesma Abdala arribaron a Roma y estuvieron con el Papa Francisco - Nativa Info\",\"isPartOf\":{\"@id\":\"https:\/\/nativainfo.com\/#website\"},\"primaryImageOfPage\":{\"@id\":\"https:\/\/nativainfo.com\/?p=4114#primaryimage\"},\"image\":{\"@id\":\"https:\/\/nativainfo.com\/?p=4114#primaryimage\"},\"thumbnailUrl\":\"http:\/\/nativainfo.com\/wp-content\/uploads\/2024\/02\/imagen_2024-02-09_192715336.png\",\"datePublished\":\"2024-02-09T22:27:27+00:00\",\"dateModified\":\"2024-02-09T22:27:29+00:00\",\"breadcrumb\":{\"@id\":\"https:\/\/nativainfo.com\/?p=4114#breadcrumb\"},\"inLanguage\":\"es-AR\",\"potentialAction\":[{\"@type\":\"ReadAction\",\"target\":[\"https:\/\/nativainfo.com\/?p=4114\"]}]},{\"@type\":\"ImageObject\",\"inLanguage\":\"es-AR\",\"@id\":\"https:\/\/nativainfo.com\/?p=4114#primaryimage\",\"url\":\"https:\/\/nativainfo.com\/wp-content\/uploads\/2024\/02\/imagen_2024-02-09_192715336.png\",\"contentUrl\":\"https:\/\/nativainfo.com\/wp-content\/uploads\/2024\/02\/imagen_2024-02-09_192715336.png\",\"width\":1010,\"height\":567},{\"@type\":\"BreadcrumbList\",\"@id\":\"https:\/\/nativainfo.com\/?p=4114#breadcrumb\",\"itemListElement\":[{\"@type\":\"ListItem\",\"position\":1,\"name\":\"Inicio\",\"item\":\"https:\/\/nativainfo.com\/\"},{\"@type\":\"ListItem\",\"position\":2,\"name\":\"Canonizaci\u00f3n de Mama Antula: Gerardo Zamora y Claudia Ledesma Abdala arribaron a Roma y estuvieron con el Papa Francisco\"}]},{\"@type\":\"WebSite\",\"@id\":\"https:\/\/nativainfo.com\/#website\",\"url\":\"https:\/\/nativainfo.com\/\",\"name\":\"Nativa Info\",\"description\":\"Diario Digital\",\"publisher\":{\"@id\":\"https:\/\/nativainfo.com\/#organization\"},\"potentialAction\":[{\"@type\":\"SearchAction\",\"target\":{\"@type\":\"EntryPoint\",\"urlTemplate\":\"https:\/\/nativainfo.com\/?s={search_term_string}\"},\"query-input\":{\"@type\":\"PropertyValueSpecification\",\"valueRequired\":true,\"valueName\":\"search_term_string\"}}],\"inLanguage\":\"es-AR\"},{\"@type\":\"Organization\",\"@id\":\"https:\/\/nativainfo.com\/#organization\",\"name\":\"Nativa Info\",\"url\":\"https:\/\/nativainfo.com\/\",\"logo\":{\"@type\":\"ImageObject\",\"inLanguage\":\"es-AR\",\"@id\":\"https:\/\/nativainfo.com\/#\/schema\/logo\/image\/\",\"url\":\"https:\/\/nativainfo.com\/wp-content\/uploads\/2025\/08\/LOGO-NATIVA-FACE.jpg\",\"contentUrl\":\"https:\/\/nativainfo.com\/wp-content\/uploads\/2025\/08\/LOGO-NATIVA-FACE.jpg\",\"width\":400,\"height\":400,\"caption\":\"Nativa Info\"},\"image\":{\"@id\":\"https:\/\/nativainfo.com\/#\/schema\/logo\/image\/\"},\"sameAs\":[\"https:\/\/www.facebook.com\/profile.php?id=61578881597564\"]},{\"@type\":\"Person\",\"@id\":\"https:\/\/nativainfo.com\/#\/schema\/person\/24893b64a9cd564ddb5d102d36eb4b5c\",\"name\":\"Nativa Info\",\"image\":{\"@type\":\"ImageObject\",\"inLanguage\":\"es-AR\",\"@id\":\"https:\/\/nativainfo.com\/#\/schema\/person\/image\/\",\"url\":\"https:\/\/secure.gravatar.com\/avatar\/016fa1cf068d85136d938e1507b9b619cb766e2565cbb1faa1e571762460c785?s=96&d=mm&r=g\",\"contentUrl\":\"https:\/\/secure.gravatar.com\/avatar\/016fa1cf068d85136d938e1507b9b619cb766e2565cbb1faa1e571762460c785?s=96&d=mm&r=g\",\"caption\":\"Nativa Info\"},\"sameAs\":[\"http:\/\/nativainfo.com\"],\"url\":\"https:\/\/nativainfo.com\/?author=1\"}]}<\/script>\n<!-- \/ Yoast SEO plugin. -->","yoast_head_json":{"title":"Canonizaci\u00f3n de Mama Antula: Gerardo Zamora y Claudia Ledesma Abdala arribaron a Roma y estuvieron con el Papa Francisco - Nativa Info","robots":{"index":"index","follow":"follow","max-snippet":"max-snippet:-1","max-image-preview":"max-image-preview:large","max-video-preview":"max-video-preview:-1"},"canonical":"https:\/\/nativainfo.com\/?p=4114","og_locale":"es_ES","og_type":"article","og_title":"Canonizaci\u00f3n de Mama Antula: Gerardo Zamora y Claudia Ledesma Abdala arribaron a Roma y estuvieron con el Papa Francisco - Nativa Info","og_description":"El encuentro entre el gobernador, la senadora y el Sumo Pont\u00edfice, quien fue invitado a visitar Santiago del Estero, se... Continue reading","og_url":"https:\/\/nativainfo.com\/?p=4114","og_site_name":"Nativa Info","article_publisher":"https:\/\/www.facebook.com\/profile.php?id=61578881597564","article_published_time":"2024-02-09T22:27:27+00:00","article_modified_time":"2024-02-09T22:27:29+00:00","og_image":[{"url":"http:\/\/nativainfo.com\/wp-content\/uploads\/2024\/02\/imagen_2024-02-09_192715336.png","type":"","width":"","height":""}],"author":"Nativa Info","twitter_card":"summary_large_image","twitter_misc":{"Escrito por":"Nativa Info","Tiempo de lectura":"1 minuto"},"schema":{"@context":"https:\/\/schema.org","@graph":[{"@type":"Article","@id":"https:\/\/nativainfo.com\/?p=4114#article","isPartOf":{"@id":"https:\/\/nativainfo.com\/?p=4114"},"author":{"name":"Nativa Info","@id":"https:\/\/nativainfo.com\/#\/schema\/person\/24893b64a9cd564ddb5d102d36eb4b5c"},"headline":"Canonizaci\u00f3n de Mama Antula: Gerardo Zamora y Claudia Ledesma Abdala arribaron a Roma y estuvieron con el Papa Francisco","datePublished":"2024-02-09T22:27:27+00:00","dateModified":"2024-02-09T22:27:29+00:00","mainEntityOfPage":{"@id":"https:\/\/nativainfo.com\/?p=4114"},"wordCount":177,"commentCount":0,"publisher":{"@id":"https:\/\/nativainfo.com\/#organization"},"image":{"@id":"https:\/\/nativainfo.com\/?p=4114#primaryimage"},"thumbnailUrl":"http:\/\/nativainfo.com\/wp-content\/uploads\/2024\/02\/imagen_2024-02-09_192715336.png","articleSection":["Noticias"],"inLanguage":"es-AR","potentialAction":[{"@type":"CommentAction","name":"Comment","target":["https:\/\/nativainfo.com\/?p=4114#respond"]}]},{"@type":"WebPage","@id":"https:\/\/nativainfo.com\/?p=4114","url":"https:\/\/nativainfo.com\/?p=4114","name":"Canonizaci\u00f3n de Mama Antula: Gerardo Zamora y Claudia Ledesma Abdala arribaron a Roma y estuvieron con el Papa Francisco - Nativa Info","isPartOf":{"@id":"https:\/\/nativainfo.com\/#website"},"primaryImageOfPage":{"@id":"https:\/\/nativainfo.com\/?p=4114#primaryimage"},"image":{"@id":"https:\/\/nativainfo.com\/?p=4114#primaryimage"},"thumbnailUrl":"http:\/\/nativainfo.com\/wp-content\/uploads\/2024\/02\/imagen_2024-02-09_192715336.png","datePublished":"2024-02-09T22:27:27+00:00","dateModified":"2024-02-09T22:27:29+00:00","breadcrumb":{"@id":"https:\/\/nativainfo.com\/?p=4114#breadcrumb"},"inLanguage":"es-AR","potentialAction":[{"@type":"ReadAction","target":["https:\/\/nativainfo.com\/?p=4114"]}]},{"@type":"ImageObject","inLanguage":"es-AR","@id":"https:\/\/nativainfo.com\/?p=4114#primaryimage","url":"https:\/\/nativainfo.com\/wp-content\/uploads\/2024\/02\/imagen_2024-02-09_192715336.png","contentUrl":"https:\/\/nativainfo.com\/wp-content\/uploads\/2024\/02\/imagen_2024-02-09_192715336.png","width":1010,"height":567},{"@type":"BreadcrumbList","@id":"https:\/\/nativainfo.com\/?p=4114#breadcrumb","itemListElement":[{"@type":"ListItem","position":1,"name":"Inicio","item":"https:\/\/nativainfo.com\/"},{"@type":"ListItem","position":2,"name":"Canonizaci\u00f3n de Mama Antula: Gerardo Zamora y Claudia Ledesma Abdala arribaron a Roma y estuvieron con el Papa Francisco"}]},{"@type":"WebSite","@id":"https:\/\/nativainfo.com\/#website","url":"https:\/\/nativainfo.com\/","name":"Nativa Info","description":"Diario Digital","publisher":{"@id":"https:\/\/nativainfo.com\/#organization"},"potentialAction":[{"@type":"SearchAction","target":{"@type":"EntryPoint","urlTemplate":"https:\/\/nativainfo.com\/?s={search_term_string}"},"query-input":{"@type":"PropertyValueSpecification","valueRequired":true,"valueName":"search_term_string"}}],"inLanguage":"es-AR"},{"@type":"Organization","@id":"https:\/\/nativainfo.com\/#organization","name":"Nativa Info","url":"https:\/\/nativainfo.com\/","logo":{"@type":"ImageObject","inLanguage":"es-AR","@id":"https:\/\/nativainfo.com\/#\/schema\/logo\/image\/","url":"https:\/\/nativainfo.com\/wp-content\/uploads\/2025\/08\/LOGO-NATIVA-FACE.jpg","contentUrl":"https:\/\/nativainfo.com\/wp-content\/uploads\/2025\/08\/LOGO-NATIVA-FACE.jpg","width":400,"height":400,"caption":"Nativa Info"},"image":{"@id":"https:\/\/nativainfo.com\/#\/schema\/logo\/image\/"},"sameAs":["https:\/\/www.facebook.com\/profile.php?id=61578881597564"]},{"@type":"Person","@id":"https:\/\/nativainfo.com\/#\/schema\/person\/24893b64a9cd564ddb5d102d36eb4b5c","name":"Nativa Info","image":{"@type":"ImageObject","inLanguage":"es-AR","@id":"https:\/\/nativainfo.com\/#\/schema\/person\/image\/","url":"https:\/\/secure.gravatar.com\/avatar\/016fa1cf068d85136d938e1507b9b619cb766e2565cbb1faa1e571762460c785?s=96&d=mm&r=g","contentUrl":"https:\/\/secure.gravatar.com\/avatar\/016fa1cf068d85136d938e1507b9b619cb766e2565cbb1faa1e571762460c785?s=96&d=mm&r=g","caption":"Nativa Info"},"sameAs":["http:\/\/nativainfo.com"],"url":"https:\/\/nativainfo.com\/?author=1"}]}},"jetpack_publicize_connections":[],"_links":{"self":[{"href":"https:\/\/nativainfo.com\/index.php?rest_route=\/wp\/v2\/posts\/4114","targetHints":{"allow":["GET"]}}],"collection":[{"href":"https:\/\/nativainfo.com\/index.php?rest_route=\/wp\/v2\/posts"}],"about":[{"href":"https:\/\/nativainfo.com\/index.php?rest_route=\/wp\/v2\/types\/post"}],"author":[{"embeddable":true,"href":"https:\/\/nativainfo.com\/index.php?rest_route=\/wp\/v2\/users\/1"}],"replies":[{"embeddable":true,"href":"https:\/\/nativainfo.com\/index.php?rest_route=%2Fwp%2Fv2%2Fcomments&post=4114"}],"version-history":[{"count":1,"href":"https:\/\/nativainfo.com\/index.php?rest_route=\/wp\/v2\/posts\/4114\/revisions"}],"predecessor-version":[{"id":4119,"href":"https:\/\/nativainfo.com\/index.php?rest_route=\/wp\/v2\/posts\/4114\/revisions\/4119"}],"wp:attachment":[{"href":"https:\/\/nativainfo.com\/index.php?rest_route=%2Fwp%2Fv2%2Fmedia&parent=4114"}],"wp:term":[{"taxonomy":"category","embeddable":true,"href":"https:\/\/nativainfo.com\/index.php?rest_route=%2Fwp%2Fv2%2Fcategories&post=4114"},{"taxonomy":"post_tag","embeddable":true,"href":"https:\/\/nativainfo.com\/index.php?rest_route=%2Fwp%2Fv2%2Ftags&post=4114"}],"curies":[{"name":"wp","href":"https:\/\/api.w.org\/{rel}","templated":true}]}}