{"id":4093,"date":"2024-02-04T23:38:31","date_gmt":"2024-02-05T02:38:31","guid":{"rendered":"http:\/\/nativainfo.com\/?p=4093"},"modified":"2024-02-04T23:38:34","modified_gmt":"2024-02-05T02:38:34","slug":"zamora-participo-de-la-peregrinacion-en-moto-hacia-el-santuario-de-mama-antula","status":"publish","type":"post","link":"https:\/\/nativainfo.com\/?p=4093","title":{"rendered":"Zamora particip\u00f3 de la peregrinaci\u00f3n en moto hacia el Santuario de Mama Antula"},"content":{"rendered":"\n<figure class=\"wp-block-image size-large\"><img fetchpriority=\"high\" decoding=\"async\" width=\"1010\" height=\"567\" src=\"http:\/\/nativainfo.com\/wp-content\/uploads\/2024\/02\/imagen_2024-02-04_233818253.png\" alt=\"\" class=\"wp-image-4097\" srcset=\"https:\/\/nativainfo.com\/wp-content\/uploads\/2024\/02\/imagen_2024-02-04_233818253.png 1010w, https:\/\/nativainfo.com\/wp-content\/uploads\/2024\/02\/imagen_2024-02-04_233818253-300x168.png 300w, https:\/\/nativainfo.com\/wp-content\/uploads\/2024\/02\/imagen_2024-02-04_233818253-768x431.png 768w, https:\/\/nativainfo.com\/wp-content\/uploads\/2024\/02\/imagen_2024-02-04_233818253-623x350.png 623w, https:\/\/nativainfo.com\/wp-content\/uploads\/2024\/02\/imagen_2024-02-04_233818253-150x84.png 150w\" sizes=\"(max-width: 1010px) 100vw, 1010px\" \/><\/figure>\n\n\n\n<p>El recorrido simboliza la senda de fe hacia la canonizaci\u00f3n, que se realizar\u00e1 el pr\u00f3ximo domingo 11 de febrero en el Vaticano, Roma. Decenas de motociclistas se unieron en este trayecto religioso, fusionando el fervor por Mama Antula y la pasi\u00f3n por las motos.<\/p>\n\n\n\n<p><strong>Con gran acompa\u00f1amiento de devotos<\/strong>, este domingo por la ma\u00f1ana el gobernador\u00a0<strong>Gerardo Zamora<\/strong>\u00a0particip\u00f3 de la\u00a0<strong>peregrinaci\u00f3n en motocicleta<\/strong>\u00a0que se realiz\u00f3 desde la ciudad Capital hacia el\u00a0<strong>Santuario de Mama Antula<\/strong>, en\u00a0<strong>Villa Sil\u00edpica<\/strong>.<\/p>\n\n\n\n<p>Luego se realiz\u00f3 la misa celebrada por el\u00a0<strong>padre Mario Tenti<\/strong>, quien resalt\u00f3 los valores de Jesucristo al igual que de Mar\u00eda Antonia de Paz y Figuerao:\u00a0<em><strong>\u201cMama Antula ten\u00eda esa ternura, esa misericordia de salir a ayudar a los dem\u00e1s, como as\u00ed tambi\u00e9n a enfermos; ella vivi\u00f3 as\u00ed su obra de fe, como Jes\u00fas cur\u00f3 a aquellos que padec\u00edan alguna enfermedad y predicando su palabra hacia \u00e9l pr\u00f3jimo&#8221;<\/strong><\/em>.<\/p>\n","protected":false},"excerpt":{"rendered":"<p>El recorrido simboliza la senda de fe hacia la canonizaci\u00f3n, que se realizar\u00e1 el pr\u00f3ximo domingo 11 de febrero en&#8230; <a class=\"continue-reading-link\" href=\"https:\/\/nativainfo.com\/?p=4093\">Continue reading<\/a><\/p>\n","protected":false},"author":1,"featured_media":0,"comment_status":"open","ping_status":"open","sticky":false,"template":"","format":"standard","meta":{"rop_custom_images_group":[],"rop_custom_messages_group":[],"rop_publish_now":"initial","rop_publish_now_accounts":[],"rop_publish_now_history":[],"rop_publish_now_status":"pending","footnotes":"","jetpack_publicize_message":"","jetpack_publicize_feature_enabled":true,"jetpack_social_post_already_shared":false,"jetpack_social_options":{"image_generator_settings":{"template":"highway","default_image_id":0,"font":"","enabled":false},"version":2}},"categories":[8],"tags":[],"class_list":["post-4093","post","type-post","status-publish","format-standard","hentry","category-noticias"],"yoast_head":"<!-- This site is optimized with the Yoast SEO plugin v25.6 - https:\/\/yoast.com\/wordpress\/plugins\/seo\/ -->\n<title>Zamora particip\u00f3 de la peregrinaci\u00f3n en moto hacia el Santuario de Mama Antula - Nativa Info<\/title>\n<meta name=\"robots\" content=\"index, follow, max-snippet:-1, max-image-preview:large, max-video-preview:-1\" \/>\n<link rel=\"canonical\" href=\"https:\/\/nativainfo.com\/?p=4093\" \/>\n<meta property=\"og:locale\" content=\"es_ES\" \/>\n<meta property=\"og:type\" content=\"article\" \/>\n<meta property=\"og:title\" content=\"Zamora particip\u00f3 de la peregrinaci\u00f3n en moto hacia el Santuario de Mama Antula - Nativa Info\" \/>\n<meta property=\"og:description\" content=\"El recorrido simboliza la senda de fe hacia la canonizaci\u00f3n, que se realizar\u00e1 el pr\u00f3ximo domingo 11 de febrero en... Continue reading\" \/>\n<meta property=\"og:url\" content=\"https:\/\/nativainfo.com\/?p=4093\" \/>\n<meta property=\"og:site_name\" content=\"Nativa Info\" \/>\n<meta property=\"article:publisher\" content=\"https:\/\/www.facebook.com\/profile.php?id=61578881597564\" \/>\n<meta property=\"article:published_time\" content=\"2024-02-05T02:38:31+00:00\" \/>\n<meta property=\"article:modified_time\" content=\"2024-02-05T02:38:34+00:00\" \/>\n<meta property=\"og:image\" content=\"http:\/\/nativainfo.com\/wp-content\/uploads\/2024\/02\/imagen_2024-02-04_233818253.png\" \/>\n<meta name=\"author\" content=\"Nativa Info\" \/>\n<meta name=\"twitter:card\" content=\"summary_large_image\" \/>\n<meta name=\"twitter:label1\" content=\"Escrito por\" \/>\n\t<meta name=\"twitter:data1\" content=\"Nativa Info\" \/>\n\t<meta name=\"twitter:label2\" content=\"Tiempo de lectura\" \/>\n\t<meta name=\"twitter:data2\" content=\"1 minuto\" \/>\n<script type=\"application\/ld+json\" class=\"yoast-schema-graph\">{\"@context\":\"https:\/\/schema.org\",\"@graph\":[{\"@type\":\"Article\",\"@id\":\"https:\/\/nativainfo.com\/?p=4093#article\",\"isPartOf\":{\"@id\":\"https:\/\/nativainfo.com\/?p=4093\"},\"author\":{\"name\":\"Nativa Info\",\"@id\":\"https:\/\/nativainfo.com\/#\/schema\/person\/24893b64a9cd564ddb5d102d36eb4b5c\"},\"headline\":\"Zamora particip\u00f3 de la peregrinaci\u00f3n en moto hacia el Santuario de Mama Antula\",\"datePublished\":\"2024-02-05T02:38:31+00:00\",\"dateModified\":\"2024-02-05T02:38:34+00:00\",\"mainEntityOfPage\":{\"@id\":\"https:\/\/nativainfo.com\/?p=4093\"},\"wordCount\":176,\"commentCount\":0,\"publisher\":{\"@id\":\"https:\/\/nativainfo.com\/#organization\"},\"image\":{\"@id\":\"https:\/\/nativainfo.com\/?p=4093#primaryimage\"},\"thumbnailUrl\":\"http:\/\/nativainfo.com\/wp-content\/uploads\/2024\/02\/imagen_2024-02-04_233818253.png\",\"articleSection\":[\"Noticias\"],\"inLanguage\":\"es-AR\",\"potentialAction\":[{\"@type\":\"CommentAction\",\"name\":\"Comment\",\"target\":[\"https:\/\/nativainfo.com\/?p=4093#respond\"]}]},{\"@type\":\"WebPage\",\"@id\":\"https:\/\/nativainfo.com\/?p=4093\",\"url\":\"https:\/\/nativainfo.com\/?p=4093\",\"name\":\"Zamora particip\u00f3 de la peregrinaci\u00f3n en moto hacia el Santuario de Mama Antula - Nativa Info\",\"isPartOf\":{\"@id\":\"https:\/\/nativainfo.com\/#website\"},\"primaryImageOfPage\":{\"@id\":\"https:\/\/nativainfo.com\/?p=4093#primaryimage\"},\"image\":{\"@id\":\"https:\/\/nativainfo.com\/?p=4093#primaryimage\"},\"thumbnailUrl\":\"http:\/\/nativainfo.com\/wp-content\/uploads\/2024\/02\/imagen_2024-02-04_233818253.png\",\"datePublished\":\"2024-02-05T02:38:31+00:00\",\"dateModified\":\"2024-02-05T02:38:34+00:00\",\"breadcrumb\":{\"@id\":\"https:\/\/nativainfo.com\/?p=4093#breadcrumb\"},\"inLanguage\":\"es-AR\",\"potentialAction\":[{\"@type\":\"ReadAction\",\"target\":[\"https:\/\/nativainfo.com\/?p=4093\"]}]},{\"@type\":\"ImageObject\",\"inLanguage\":\"es-AR\",\"@id\":\"https:\/\/nativainfo.com\/?p=4093#primaryimage\",\"url\":\"https:\/\/nativainfo.com\/wp-content\/uploads\/2024\/02\/imagen_2024-02-04_233818253.png\",\"contentUrl\":\"https:\/\/nativainfo.com\/wp-content\/uploads\/2024\/02\/imagen_2024-02-04_233818253.png\",\"width\":1010,\"height\":567},{\"@type\":\"BreadcrumbList\",\"@id\":\"https:\/\/nativainfo.com\/?p=4093#breadcrumb\",\"itemListElement\":[{\"@type\":\"ListItem\",\"position\":1,\"name\":\"Inicio\",\"item\":\"https:\/\/nativainfo.com\/\"},{\"@type\":\"ListItem\",\"position\":2,\"name\":\"Zamora particip\u00f3 de la peregrinaci\u00f3n en moto hacia el Santuario de Mama Antula\"}]},{\"@type\":\"WebSite\",\"@id\":\"https:\/\/nativainfo.com\/#website\",\"url\":\"https:\/\/nativainfo.com\/\",\"name\":\"Nativa Info\",\"description\":\"Diario Digital\",\"publisher\":{\"@id\":\"https:\/\/nativainfo.com\/#organization\"},\"potentialAction\":[{\"@type\":\"SearchAction\",\"target\":{\"@type\":\"EntryPoint\",\"urlTemplate\":\"https:\/\/nativainfo.com\/?s={search_term_string}\"},\"query-input\":{\"@type\":\"PropertyValueSpecification\",\"valueRequired\":true,\"valueName\":\"search_term_string\"}}],\"inLanguage\":\"es-AR\"},{\"@type\":\"Organization\",\"@id\":\"https:\/\/nativainfo.com\/#organization\",\"name\":\"Nativa Info\",\"url\":\"https:\/\/nativainfo.com\/\",\"logo\":{\"@type\":\"ImageObject\",\"inLanguage\":\"es-AR\",\"@id\":\"https:\/\/nativainfo.com\/#\/schema\/logo\/image\/\",\"url\":\"https:\/\/nativainfo.com\/wp-content\/uploads\/2025\/08\/LOGO-NATIVA-FACE.jpg\",\"contentUrl\":\"https:\/\/nativainfo.com\/wp-content\/uploads\/2025\/08\/LOGO-NATIVA-FACE.jpg\",\"width\":400,\"height\":400,\"caption\":\"Nativa Info\"},\"image\":{\"@id\":\"https:\/\/nativainfo.com\/#\/schema\/logo\/image\/\"},\"sameAs\":[\"https:\/\/www.facebook.com\/profile.php?id=61578881597564\"]},{\"@type\":\"Person\",\"@id\":\"https:\/\/nativainfo.com\/#\/schema\/person\/24893b64a9cd564ddb5d102d36eb4b5c\",\"name\":\"Nativa Info\",\"image\":{\"@type\":\"ImageObject\",\"inLanguage\":\"es-AR\",\"@id\":\"https:\/\/nativainfo.com\/#\/schema\/person\/image\/\",\"url\":\"https:\/\/secure.gravatar.com\/avatar\/016fa1cf068d85136d938e1507b9b619cb766e2565cbb1faa1e571762460c785?s=96&d=mm&r=g\",\"contentUrl\":\"https:\/\/secure.gravatar.com\/avatar\/016fa1cf068d85136d938e1507b9b619cb766e2565cbb1faa1e571762460c785?s=96&d=mm&r=g\",\"caption\":\"Nativa Info\"},\"sameAs\":[\"http:\/\/nativainfo.com\"],\"url\":\"https:\/\/nativainfo.com\/?author=1\"}]}<\/script>\n<!-- \/ Yoast SEO plugin. -->","yoast_head_json":{"title":"Zamora particip\u00f3 de la peregrinaci\u00f3n en moto hacia el Santuario de Mama Antula - Nativa Info","robots":{"index":"index","follow":"follow","max-snippet":"max-snippet:-1","max-image-preview":"max-image-preview:large","max-video-preview":"max-video-preview:-1"},"canonical":"https:\/\/nativainfo.com\/?p=4093","og_locale":"es_ES","og_type":"article","og_title":"Zamora particip\u00f3 de la peregrinaci\u00f3n en moto hacia el Santuario de Mama Antula - Nativa Info","og_description":"El recorrido simboliza la senda de fe hacia la canonizaci\u00f3n, que se realizar\u00e1 el pr\u00f3ximo domingo 11 de febrero en... Continue reading","og_url":"https:\/\/nativainfo.com\/?p=4093","og_site_name":"Nativa Info","article_publisher":"https:\/\/www.facebook.com\/profile.php?id=61578881597564","article_published_time":"2024-02-05T02:38:31+00:00","article_modified_time":"2024-02-05T02:38:34+00:00","og_image":[{"url":"http:\/\/nativainfo.com\/wp-content\/uploads\/2024\/02\/imagen_2024-02-04_233818253.png","type":"","width":"","height":""}],"author":"Nativa Info","twitter_card":"summary_large_image","twitter_misc":{"Escrito por":"Nativa Info","Tiempo de lectura":"1 minuto"},"schema":{"@context":"https:\/\/schema.org","@graph":[{"@type":"Article","@id":"https:\/\/nativainfo.com\/?p=4093#article","isPartOf":{"@id":"https:\/\/nativainfo.com\/?p=4093"},"author":{"name":"Nativa Info","@id":"https:\/\/nativainfo.com\/#\/schema\/person\/24893b64a9cd564ddb5d102d36eb4b5c"},"headline":"Zamora particip\u00f3 de la peregrinaci\u00f3n en moto hacia el Santuario de Mama Antula","datePublished":"2024-02-05T02:38:31+00:00","dateModified":"2024-02-05T02:38:34+00:00","mainEntityOfPage":{"@id":"https:\/\/nativainfo.com\/?p=4093"},"wordCount":176,"commentCount":0,"publisher":{"@id":"https:\/\/nativainfo.com\/#organization"},"image":{"@id":"https:\/\/nativainfo.com\/?p=4093#primaryimage"},"thumbnailUrl":"http:\/\/nativainfo.com\/wp-content\/uploads\/2024\/02\/imagen_2024-02-04_233818253.png","articleSection":["Noticias"],"inLanguage":"es-AR","potentialAction":[{"@type":"CommentAction","name":"Comment","target":["https:\/\/nativainfo.com\/?p=4093#respond"]}]},{"@type":"WebPage","@id":"https:\/\/nativainfo.com\/?p=4093","url":"https:\/\/nativainfo.com\/?p=4093","name":"Zamora particip\u00f3 de la peregrinaci\u00f3n en moto hacia el Santuario de Mama Antula - Nativa Info","isPartOf":{"@id":"https:\/\/nativainfo.com\/#website"},"primaryImageOfPage":{"@id":"https:\/\/nativainfo.com\/?p=4093#primaryimage"},"image":{"@id":"https:\/\/nativainfo.com\/?p=4093#primaryimage"},"thumbnailUrl":"http:\/\/nativainfo.com\/wp-content\/uploads\/2024\/02\/imagen_2024-02-04_233818253.png","datePublished":"2024-02-05T02:38:31+00:00","dateModified":"2024-02-05T02:38:34+00:00","breadcrumb":{"@id":"https:\/\/nativainfo.com\/?p=4093#breadcrumb"},"inLanguage":"es-AR","potentialAction":[{"@type":"ReadAction","target":["https:\/\/nativainfo.com\/?p=4093"]}]},{"@type":"ImageObject","inLanguage":"es-AR","@id":"https:\/\/nativainfo.com\/?p=4093#primaryimage","url":"https:\/\/nativainfo.com\/wp-content\/uploads\/2024\/02\/imagen_2024-02-04_233818253.png","contentUrl":"https:\/\/nativainfo.com\/wp-content\/uploads\/2024\/02\/imagen_2024-02-04_233818253.png","width":1010,"height":567},{"@type":"BreadcrumbList","@id":"https:\/\/nativainfo.com\/?p=4093#breadcrumb","itemListElement":[{"@type":"ListItem","position":1,"name":"Inicio","item":"https:\/\/nativainfo.com\/"},{"@type":"ListItem","position":2,"name":"Zamora particip\u00f3 de la peregrinaci\u00f3n en moto hacia el Santuario de Mama Antula"}]},{"@type":"WebSite","@id":"https:\/\/nativainfo.com\/#website","url":"https:\/\/nativainfo.com\/","name":"Nativa Info","description":"Diario Digital","publisher":{"@id":"https:\/\/nativainfo.com\/#organization"},"potentialAction":[{"@type":"SearchAction","target":{"@type":"EntryPoint","urlTemplate":"https:\/\/nativainfo.com\/?s={search_term_string}"},"query-input":{"@type":"PropertyValueSpecification","valueRequired":true,"valueName":"search_term_string"}}],"inLanguage":"es-AR"},{"@type":"Organization","@id":"https:\/\/nativainfo.com\/#organization","name":"Nativa Info","url":"https:\/\/nativainfo.com\/","logo":{"@type":"ImageObject","inLanguage":"es-AR","@id":"https:\/\/nativainfo.com\/#\/schema\/logo\/image\/","url":"https:\/\/nativainfo.com\/wp-content\/uploads\/2025\/08\/LOGO-NATIVA-FACE.jpg","contentUrl":"https:\/\/nativainfo.com\/wp-content\/uploads\/2025\/08\/LOGO-NATIVA-FACE.jpg","width":400,"height":400,"caption":"Nativa Info"},"image":{"@id":"https:\/\/nativainfo.com\/#\/schema\/logo\/image\/"},"sameAs":["https:\/\/www.facebook.com\/profile.php?id=61578881597564"]},{"@type":"Person","@id":"https:\/\/nativainfo.com\/#\/schema\/person\/24893b64a9cd564ddb5d102d36eb4b5c","name":"Nativa Info","image":{"@type":"ImageObject","inLanguage":"es-AR","@id":"https:\/\/nativainfo.com\/#\/schema\/person\/image\/","url":"https:\/\/secure.gravatar.com\/avatar\/016fa1cf068d85136d938e1507b9b619cb766e2565cbb1faa1e571762460c785?s=96&d=mm&r=g","contentUrl":"https:\/\/secure.gravatar.com\/avatar\/016fa1cf068d85136d938e1507b9b619cb766e2565cbb1faa1e571762460c785?s=96&d=mm&r=g","caption":"Nativa Info"},"sameAs":["http:\/\/nativainfo.com"],"url":"https:\/\/nativainfo.com\/?author=1"}]}},"jetpack_publicize_connections":[],"_links":{"self":[{"href":"https:\/\/nativainfo.com\/index.php?rest_route=\/wp\/v2\/posts\/4093","targetHints":{"allow":["GET"]}}],"collection":[{"href":"https:\/\/nativainfo.com\/index.php?rest_route=\/wp\/v2\/posts"}],"about":[{"href":"https:\/\/nativainfo.com\/index.php?rest_route=\/wp\/v2\/types\/post"}],"author":[{"embeddable":true,"href":"https:\/\/nativainfo.com\/index.php?rest_route=\/wp\/v2\/users\/1"}],"replies":[{"embeddable":true,"href":"https:\/\/nativainfo.com\/index.php?rest_route=%2Fwp%2Fv2%2Fcomments&post=4093"}],"version-history":[{"count":1,"href":"https:\/\/nativainfo.com\/index.php?rest_route=\/wp\/v2\/posts\/4093\/revisions"}],"predecessor-version":[{"id":4098,"href":"https:\/\/nativainfo.com\/index.php?rest_route=\/wp\/v2\/posts\/4093\/revisions\/4098"}],"wp:attachment":[{"href":"https:\/\/nativainfo.com\/index.php?rest_route=%2Fwp%2Fv2%2Fmedia&parent=4093"}],"wp:term":[{"taxonomy":"category","embeddable":true,"href":"https:\/\/nativainfo.com\/index.php?rest_route=%2Fwp%2Fv2%2Fcategories&post=4093"},{"taxonomy":"post_tag","embeddable":true,"href":"https:\/\/nativainfo.com\/index.php?rest_route=%2Fwp%2Fv2%2Ftags&post=4093"}],"curies":[{"name":"wp","href":"https:\/\/api.w.org\/{rel}","templated":true}]}}