{"id":4078,"date":"2024-01-17T04:33:34","date_gmt":"2024-01-17T07:33:34","guid":{"rendered":"http:\/\/nativainfo.com\/?p=4078"},"modified":"2024-01-17T04:33:38","modified_gmt":"2024-01-17T07:33:38","slug":"profundo-dolor-en-anatuya-por-el-fallecimiento-del-musico-y-compositor-hector-ruben-salto","status":"publish","type":"post","link":"https:\/\/nativainfo.com\/?p=4078","title":{"rendered":"Profundo dolor en A\u00f1atuya por el fallecimiento del m\u00fasico y compositor H\u00e9ctor Rub\u00e9n Salto"},"content":{"rendered":"\n<p>Fue la voz y autor de innumerables \u00e9xitos, de la popular agrupaci\u00f3n &#8220;Los Master de A\u00f1atuya&#8221;.<\/p>\n\n\n\n<figure class=\"wp-block-image size-large\"><img fetchpriority=\"high\" decoding=\"async\" width=\"1010\" height=\"567\" src=\"http:\/\/nativainfo.com\/wp-content\/uploads\/2024\/01\/imagen_2024-01-17_043323855.png\" alt=\"\" class=\"wp-image-4080\" srcset=\"https:\/\/nativainfo.com\/wp-content\/uploads\/2024\/01\/imagen_2024-01-17_043323855.png 1010w, https:\/\/nativainfo.com\/wp-content\/uploads\/2024\/01\/imagen_2024-01-17_043323855-300x168.png 300w, https:\/\/nativainfo.com\/wp-content\/uploads\/2024\/01\/imagen_2024-01-17_043323855-768x431.png 768w, https:\/\/nativainfo.com\/wp-content\/uploads\/2024\/01\/imagen_2024-01-17_043323855-623x350.png 623w, https:\/\/nativainfo.com\/wp-content\/uploads\/2024\/01\/imagen_2024-01-17_043323855-150x84.png 150w\" sizes=\"(max-width: 1010px) 100vw, 1010px\" \/><\/figure>\n\n\n\n<p>La&nbsp;<strong>Capital de la Tradici\u00f3n<\/strong>&nbsp;se vio conmocionada en la tarde de este martes, tras conocerse el fallecimiento de uno de sus hijos predilectos&nbsp;<strong>H\u00e9ctor Rub\u00e9n Salto<\/strong>, el querido y entra\u00f1able&nbsp;<strong>&#8220;Master&#8221; de A\u00f1atuya<\/strong>, como se lo conoc\u00eda popularmente.<\/p>\n\n\n\n<p>H\u00e9ctor Rub\u00e9n se encontraba internado en una Cl\u00ednica Privada de A\u00f1atuya, ya que ven\u00eda luchando con un problema de salud, desde hace tiempo. Familiares dieron cuenta de su fallecimiento, y&nbsp;<strong>las redes sociales se inundaron de mensajes de despedida.<\/strong><\/p>\n\n\n\n<p><strong>Fue m\u00fasico, autor, compositor, cantante, y la voz principal de la Agrupacion &#8220;Los Master de A\u00f1atuya&#8221;<\/strong>, y autor de la mayor\u00eda de sus \u00e9xitos, que fueron grabados por muchos grupos musicales hasta la actualidad.<\/p>\n\n\n\n<p>Su fama trascendi\u00f3 las fronteras de su ciudad y lo llevo por m\u00faltiples escenarios de todo el pa\u00eds. Recientemente hab\u00eda sido homenajeado por el Municipio de A\u00f1atuya, durante el d\u00eda de la M\u00fasica, por su trayectoria.<\/p>\n\n\n\n<p>Salto hab\u00eda nacido el 21 de septiembre de 1955, y falleci\u00f3 hoy 16 de enero de 2024, a los 68 a\u00f1os.<\/p>\n","protected":false},"excerpt":{"rendered":"<p>Fue la voz y autor de innumerables \u00e9xitos, de la popular agrupaci\u00f3n &#8220;Los Master de A\u00f1atuya&#8221;. La&nbsp;Capital de la Tradici\u00f3n&nbsp;se&#8230; <a class=\"continue-reading-link\" href=\"https:\/\/nativainfo.com\/?p=4078\">Continue reading<\/a><\/p>\n","protected":false},"author":1,"featured_media":0,"comment_status":"open","ping_status":"open","sticky":false,"template":"","format":"standard","meta":{"rop_custom_images_group":[],"rop_custom_messages_group":[],"rop_publish_now":"initial","rop_publish_now_accounts":[],"rop_publish_now_history":[],"rop_publish_now_status":"pending","footnotes":"","jetpack_publicize_message":"","jetpack_publicize_feature_enabled":true,"jetpack_social_post_already_shared":false,"jetpack_social_options":{"image_generator_settings":{"template":"highway","default_image_id":0,"font":"","enabled":false},"version":2}},"categories":[25,8],"tags":[],"class_list":["post-4078","post","type-post","status-publish","format-standard","hentry","category-cultura","category-noticias"],"yoast_head":"<!-- This site is optimized with the Yoast SEO plugin v25.6 - https:\/\/yoast.com\/wordpress\/plugins\/seo\/ -->\n<title>Profundo dolor en A\u00f1atuya por el fallecimiento del m\u00fasico y compositor H\u00e9ctor Rub\u00e9n Salto - Nativa Info<\/title>\n<meta name=\"robots\" content=\"index, follow, max-snippet:-1, max-image-preview:large, max-video-preview:-1\" \/>\n<link rel=\"canonical\" href=\"https:\/\/nativainfo.com\/?p=4078\" \/>\n<meta property=\"og:locale\" content=\"es_ES\" \/>\n<meta property=\"og:type\" content=\"article\" \/>\n<meta property=\"og:title\" content=\"Profundo dolor en A\u00f1atuya por el fallecimiento del m\u00fasico y compositor H\u00e9ctor Rub\u00e9n Salto - Nativa Info\" \/>\n<meta property=\"og:description\" content=\"Fue la voz y autor de innumerables \u00e9xitos, de la popular agrupaci\u00f3n &#8220;Los Master de A\u00f1atuya&#8221;. La&nbsp;Capital de la Tradici\u00f3n&nbsp;se... Continue reading\" \/>\n<meta property=\"og:url\" content=\"https:\/\/nativainfo.com\/?p=4078\" \/>\n<meta property=\"og:site_name\" content=\"Nativa Info\" \/>\n<meta property=\"article:publisher\" content=\"https:\/\/www.facebook.com\/profile.php?id=61578881597564\" \/>\n<meta property=\"article:published_time\" content=\"2024-01-17T07:33:34+00:00\" \/>\n<meta property=\"article:modified_time\" content=\"2024-01-17T07:33:38+00:00\" \/>\n<meta property=\"og:image\" content=\"http:\/\/nativainfo.com\/wp-content\/uploads\/2024\/01\/imagen_2024-01-17_043323855.png\" \/>\n<meta name=\"author\" content=\"Nativa Info\" \/>\n<meta name=\"twitter:card\" content=\"summary_large_image\" \/>\n<meta name=\"twitter:label1\" content=\"Escrito por\" \/>\n\t<meta name=\"twitter:data1\" content=\"Nativa Info\" \/>\n\t<meta name=\"twitter:label2\" content=\"Tiempo de lectura\" \/>\n\t<meta name=\"twitter:data2\" content=\"1 minuto\" \/>\n<script type=\"application\/ld+json\" class=\"yoast-schema-graph\">{\"@context\":\"https:\/\/schema.org\",\"@graph\":[{\"@type\":\"Article\",\"@id\":\"https:\/\/nativainfo.com\/?p=4078#article\",\"isPartOf\":{\"@id\":\"https:\/\/nativainfo.com\/?p=4078\"},\"author\":{\"name\":\"Nativa Info\",\"@id\":\"https:\/\/nativainfo.com\/#\/schema\/person\/24893b64a9cd564ddb5d102d36eb4b5c\"},\"headline\":\"Profundo dolor en A\u00f1atuya por el fallecimiento del m\u00fasico y compositor H\u00e9ctor Rub\u00e9n Salto\",\"datePublished\":\"2024-01-17T07:33:34+00:00\",\"dateModified\":\"2024-01-17T07:33:38+00:00\",\"mainEntityOfPage\":{\"@id\":\"https:\/\/nativainfo.com\/?p=4078\"},\"wordCount\":227,\"commentCount\":0,\"publisher\":{\"@id\":\"https:\/\/nativainfo.com\/#organization\"},\"image\":{\"@id\":\"https:\/\/nativainfo.com\/?p=4078#primaryimage\"},\"thumbnailUrl\":\"http:\/\/nativainfo.com\/wp-content\/uploads\/2024\/01\/imagen_2024-01-17_043323855.png\",\"articleSection\":[\"Cultura\",\"Noticias\"],\"inLanguage\":\"es-AR\",\"potentialAction\":[{\"@type\":\"CommentAction\",\"name\":\"Comment\",\"target\":[\"https:\/\/nativainfo.com\/?p=4078#respond\"]}]},{\"@type\":\"WebPage\",\"@id\":\"https:\/\/nativainfo.com\/?p=4078\",\"url\":\"https:\/\/nativainfo.com\/?p=4078\",\"name\":\"Profundo dolor en A\u00f1atuya por el fallecimiento del m\u00fasico y compositor H\u00e9ctor Rub\u00e9n Salto - Nativa Info\",\"isPartOf\":{\"@id\":\"https:\/\/nativainfo.com\/#website\"},\"primaryImageOfPage\":{\"@id\":\"https:\/\/nativainfo.com\/?p=4078#primaryimage\"},\"image\":{\"@id\":\"https:\/\/nativainfo.com\/?p=4078#primaryimage\"},\"thumbnailUrl\":\"http:\/\/nativainfo.com\/wp-content\/uploads\/2024\/01\/imagen_2024-01-17_043323855.png\",\"datePublished\":\"2024-01-17T07:33:34+00:00\",\"dateModified\":\"2024-01-17T07:33:38+00:00\",\"breadcrumb\":{\"@id\":\"https:\/\/nativainfo.com\/?p=4078#breadcrumb\"},\"inLanguage\":\"es-AR\",\"potentialAction\":[{\"@type\":\"ReadAction\",\"target\":[\"https:\/\/nativainfo.com\/?p=4078\"]}]},{\"@type\":\"ImageObject\",\"inLanguage\":\"es-AR\",\"@id\":\"https:\/\/nativainfo.com\/?p=4078#primaryimage\",\"url\":\"https:\/\/nativainfo.com\/wp-content\/uploads\/2024\/01\/imagen_2024-01-17_043323855.png\",\"contentUrl\":\"https:\/\/nativainfo.com\/wp-content\/uploads\/2024\/01\/imagen_2024-01-17_043323855.png\",\"width\":1010,\"height\":567},{\"@type\":\"BreadcrumbList\",\"@id\":\"https:\/\/nativainfo.com\/?p=4078#breadcrumb\",\"itemListElement\":[{\"@type\":\"ListItem\",\"position\":1,\"name\":\"Inicio\",\"item\":\"https:\/\/nativainfo.com\/\"},{\"@type\":\"ListItem\",\"position\":2,\"name\":\"Profundo dolor en A\u00f1atuya por el fallecimiento del m\u00fasico y compositor H\u00e9ctor Rub\u00e9n Salto\"}]},{\"@type\":\"WebSite\",\"@id\":\"https:\/\/nativainfo.com\/#website\",\"url\":\"https:\/\/nativainfo.com\/\",\"name\":\"Nativa Info\",\"description\":\"Diario Digital\",\"publisher\":{\"@id\":\"https:\/\/nativainfo.com\/#organization\"},\"potentialAction\":[{\"@type\":\"SearchAction\",\"target\":{\"@type\":\"EntryPoint\",\"urlTemplate\":\"https:\/\/nativainfo.com\/?s={search_term_string}\"},\"query-input\":{\"@type\":\"PropertyValueSpecification\",\"valueRequired\":true,\"valueName\":\"search_term_string\"}}],\"inLanguage\":\"es-AR\"},{\"@type\":\"Organization\",\"@id\":\"https:\/\/nativainfo.com\/#organization\",\"name\":\"Nativa Info\",\"url\":\"https:\/\/nativainfo.com\/\",\"logo\":{\"@type\":\"ImageObject\",\"inLanguage\":\"es-AR\",\"@id\":\"https:\/\/nativainfo.com\/#\/schema\/logo\/image\/\",\"url\":\"https:\/\/nativainfo.com\/wp-content\/uploads\/2025\/08\/LOGO-NATIVA-FACE.jpg\",\"contentUrl\":\"https:\/\/nativainfo.com\/wp-content\/uploads\/2025\/08\/LOGO-NATIVA-FACE.jpg\",\"width\":400,\"height\":400,\"caption\":\"Nativa Info\"},\"image\":{\"@id\":\"https:\/\/nativainfo.com\/#\/schema\/logo\/image\/\"},\"sameAs\":[\"https:\/\/www.facebook.com\/profile.php?id=61578881597564\"]},{\"@type\":\"Person\",\"@id\":\"https:\/\/nativainfo.com\/#\/schema\/person\/24893b64a9cd564ddb5d102d36eb4b5c\",\"name\":\"Nativa Info\",\"image\":{\"@type\":\"ImageObject\",\"inLanguage\":\"es-AR\",\"@id\":\"https:\/\/nativainfo.com\/#\/schema\/person\/image\/\",\"url\":\"https:\/\/secure.gravatar.com\/avatar\/016fa1cf068d85136d938e1507b9b619cb766e2565cbb1faa1e571762460c785?s=96&d=mm&r=g\",\"contentUrl\":\"https:\/\/secure.gravatar.com\/avatar\/016fa1cf068d85136d938e1507b9b619cb766e2565cbb1faa1e571762460c785?s=96&d=mm&r=g\",\"caption\":\"Nativa Info\"},\"sameAs\":[\"http:\/\/nativainfo.com\"],\"url\":\"https:\/\/nativainfo.com\/?author=1\"}]}<\/script>\n<!-- \/ Yoast SEO plugin. -->","yoast_head_json":{"title":"Profundo dolor en A\u00f1atuya por el fallecimiento del m\u00fasico y compositor H\u00e9ctor Rub\u00e9n Salto - Nativa Info","robots":{"index":"index","follow":"follow","max-snippet":"max-snippet:-1","max-image-preview":"max-image-preview:large","max-video-preview":"max-video-preview:-1"},"canonical":"https:\/\/nativainfo.com\/?p=4078","og_locale":"es_ES","og_type":"article","og_title":"Profundo dolor en A\u00f1atuya por el fallecimiento del m\u00fasico y compositor H\u00e9ctor Rub\u00e9n Salto - Nativa Info","og_description":"Fue la voz y autor de innumerables \u00e9xitos, de la popular agrupaci\u00f3n &#8220;Los Master de A\u00f1atuya&#8221;. La&nbsp;Capital de la Tradici\u00f3n&nbsp;se... Continue reading","og_url":"https:\/\/nativainfo.com\/?p=4078","og_site_name":"Nativa Info","article_publisher":"https:\/\/www.facebook.com\/profile.php?id=61578881597564","article_published_time":"2024-01-17T07:33:34+00:00","article_modified_time":"2024-01-17T07:33:38+00:00","og_image":[{"url":"http:\/\/nativainfo.com\/wp-content\/uploads\/2024\/01\/imagen_2024-01-17_043323855.png","type":"","width":"","height":""}],"author":"Nativa Info","twitter_card":"summary_large_image","twitter_misc":{"Escrito por":"Nativa Info","Tiempo de lectura":"1 minuto"},"schema":{"@context":"https:\/\/schema.org","@graph":[{"@type":"Article","@id":"https:\/\/nativainfo.com\/?p=4078#article","isPartOf":{"@id":"https:\/\/nativainfo.com\/?p=4078"},"author":{"name":"Nativa Info","@id":"https:\/\/nativainfo.com\/#\/schema\/person\/24893b64a9cd564ddb5d102d36eb4b5c"},"headline":"Profundo dolor en A\u00f1atuya por el fallecimiento del m\u00fasico y compositor H\u00e9ctor Rub\u00e9n Salto","datePublished":"2024-01-17T07:33:34+00:00","dateModified":"2024-01-17T07:33:38+00:00","mainEntityOfPage":{"@id":"https:\/\/nativainfo.com\/?p=4078"},"wordCount":227,"commentCount":0,"publisher":{"@id":"https:\/\/nativainfo.com\/#organization"},"image":{"@id":"https:\/\/nativainfo.com\/?p=4078#primaryimage"},"thumbnailUrl":"http:\/\/nativainfo.com\/wp-content\/uploads\/2024\/01\/imagen_2024-01-17_043323855.png","articleSection":["Cultura","Noticias"],"inLanguage":"es-AR","potentialAction":[{"@type":"CommentAction","name":"Comment","target":["https:\/\/nativainfo.com\/?p=4078#respond"]}]},{"@type":"WebPage","@id":"https:\/\/nativainfo.com\/?p=4078","url":"https:\/\/nativainfo.com\/?p=4078","name":"Profundo dolor en A\u00f1atuya por el fallecimiento del m\u00fasico y compositor H\u00e9ctor Rub\u00e9n Salto - Nativa Info","isPartOf":{"@id":"https:\/\/nativainfo.com\/#website"},"primaryImageOfPage":{"@id":"https:\/\/nativainfo.com\/?p=4078#primaryimage"},"image":{"@id":"https:\/\/nativainfo.com\/?p=4078#primaryimage"},"thumbnailUrl":"http:\/\/nativainfo.com\/wp-content\/uploads\/2024\/01\/imagen_2024-01-17_043323855.png","datePublished":"2024-01-17T07:33:34+00:00","dateModified":"2024-01-17T07:33:38+00:00","breadcrumb":{"@id":"https:\/\/nativainfo.com\/?p=4078#breadcrumb"},"inLanguage":"es-AR","potentialAction":[{"@type":"ReadAction","target":["https:\/\/nativainfo.com\/?p=4078"]}]},{"@type":"ImageObject","inLanguage":"es-AR","@id":"https:\/\/nativainfo.com\/?p=4078#primaryimage","url":"https:\/\/nativainfo.com\/wp-content\/uploads\/2024\/01\/imagen_2024-01-17_043323855.png","contentUrl":"https:\/\/nativainfo.com\/wp-content\/uploads\/2024\/01\/imagen_2024-01-17_043323855.png","width":1010,"height":567},{"@type":"BreadcrumbList","@id":"https:\/\/nativainfo.com\/?p=4078#breadcrumb","itemListElement":[{"@type":"ListItem","position":1,"name":"Inicio","item":"https:\/\/nativainfo.com\/"},{"@type":"ListItem","position":2,"name":"Profundo dolor en A\u00f1atuya por el fallecimiento del m\u00fasico y compositor H\u00e9ctor Rub\u00e9n Salto"}]},{"@type":"WebSite","@id":"https:\/\/nativainfo.com\/#website","url":"https:\/\/nativainfo.com\/","name":"Nativa Info","description":"Diario Digital","publisher":{"@id":"https:\/\/nativainfo.com\/#organization"},"potentialAction":[{"@type":"SearchAction","target":{"@type":"EntryPoint","urlTemplate":"https:\/\/nativainfo.com\/?s={search_term_string}"},"query-input":{"@type":"PropertyValueSpecification","valueRequired":true,"valueName":"search_term_string"}}],"inLanguage":"es-AR"},{"@type":"Organization","@id":"https:\/\/nativainfo.com\/#organization","name":"Nativa Info","url":"https:\/\/nativainfo.com\/","logo":{"@type":"ImageObject","inLanguage":"es-AR","@id":"https:\/\/nativainfo.com\/#\/schema\/logo\/image\/","url":"https:\/\/nativainfo.com\/wp-content\/uploads\/2025\/08\/LOGO-NATIVA-FACE.jpg","contentUrl":"https:\/\/nativainfo.com\/wp-content\/uploads\/2025\/08\/LOGO-NATIVA-FACE.jpg","width":400,"height":400,"caption":"Nativa Info"},"image":{"@id":"https:\/\/nativainfo.com\/#\/schema\/logo\/image\/"},"sameAs":["https:\/\/www.facebook.com\/profile.php?id=61578881597564"]},{"@type":"Person","@id":"https:\/\/nativainfo.com\/#\/schema\/person\/24893b64a9cd564ddb5d102d36eb4b5c","name":"Nativa Info","image":{"@type":"ImageObject","inLanguage":"es-AR","@id":"https:\/\/nativainfo.com\/#\/schema\/person\/image\/","url":"https:\/\/secure.gravatar.com\/avatar\/016fa1cf068d85136d938e1507b9b619cb766e2565cbb1faa1e571762460c785?s=96&d=mm&r=g","contentUrl":"https:\/\/secure.gravatar.com\/avatar\/016fa1cf068d85136d938e1507b9b619cb766e2565cbb1faa1e571762460c785?s=96&d=mm&r=g","caption":"Nativa Info"},"sameAs":["http:\/\/nativainfo.com"],"url":"https:\/\/nativainfo.com\/?author=1"}]}},"jetpack_publicize_connections":[],"_links":{"self":[{"href":"https:\/\/nativainfo.com\/index.php?rest_route=\/wp\/v2\/posts\/4078","targetHints":{"allow":["GET"]}}],"collection":[{"href":"https:\/\/nativainfo.com\/index.php?rest_route=\/wp\/v2\/posts"}],"about":[{"href":"https:\/\/nativainfo.com\/index.php?rest_route=\/wp\/v2\/types\/post"}],"author":[{"embeddable":true,"href":"https:\/\/nativainfo.com\/index.php?rest_route=\/wp\/v2\/users\/1"}],"replies":[{"embeddable":true,"href":"https:\/\/nativainfo.com\/index.php?rest_route=%2Fwp%2Fv2%2Fcomments&post=4078"}],"version-history":[{"count":1,"href":"https:\/\/nativainfo.com\/index.php?rest_route=\/wp\/v2\/posts\/4078\/revisions"}],"predecessor-version":[{"id":4081,"href":"https:\/\/nativainfo.com\/index.php?rest_route=\/wp\/v2\/posts\/4078\/revisions\/4081"}],"wp:attachment":[{"href":"https:\/\/nativainfo.com\/index.php?rest_route=%2Fwp%2Fv2%2Fmedia&parent=4078"}],"wp:term":[{"taxonomy":"category","embeddable":true,"href":"https:\/\/nativainfo.com\/index.php?rest_route=%2Fwp%2Fv2%2Fcategories&post=4078"},{"taxonomy":"post_tag","embeddable":true,"href":"https:\/\/nativainfo.com\/index.php?rest_route=%2Fwp%2Fv2%2Ftags&post=4078"}],"curies":[{"name":"wp","href":"https:\/\/api.w.org\/{rel}","templated":true}]}}