{"id":4072,"date":"2024-01-13T03:20:58","date_gmt":"2024-01-13T06:20:58","guid":{"rendered":"http:\/\/nativainfo.com\/?p=4072"},"modified":"2024-01-13T03:21:02","modified_gmt":"2024-01-13T06:21:02","slug":"continua-el-paro-de-colectivos-y-por-tercer-dia-consecutivo-este-sabado-tampoco-habra-servicio","status":"publish","type":"post","link":"https:\/\/nativainfo.com\/?p=4072","title":{"rendered":"Contin\u00faa el paro de colectivos y por tercer d\u00eda consecutivo, este s\u00e1bado tampoco habr\u00e1 servicio"},"content":{"rendered":"\n<p>Lo confirm\u00f3 el secretario general de UTA Santiago del Estero, Eduardo Palma, a Diario Panorama en horas de la noche de este viernes.<\/p>\n\n\n\n<figure class=\"wp-block-image size-large\"><img fetchpriority=\"high\" decoding=\"async\" width=\"1010\" height=\"567\" src=\"http:\/\/nativainfo.com\/wp-content\/uploads\/2024\/01\/imagen_2024-01-13_032022270.png\" alt=\"\" class=\"wp-image-4074\" srcset=\"https:\/\/nativainfo.com\/wp-content\/uploads\/2024\/01\/imagen_2024-01-13_032022270.png 1010w, https:\/\/nativainfo.com\/wp-content\/uploads\/2024\/01\/imagen_2024-01-13_032022270-300x168.png 300w, https:\/\/nativainfo.com\/wp-content\/uploads\/2024\/01\/imagen_2024-01-13_032022270-768x431.png 768w, https:\/\/nativainfo.com\/wp-content\/uploads\/2024\/01\/imagen_2024-01-13_032022270-623x350.png 623w, https:\/\/nativainfo.com\/wp-content\/uploads\/2024\/01\/imagen_2024-01-13_032022270-150x84.png 150w\" sizes=\"(max-width: 1010px) 100vw, 1010px\" \/><\/figure>\n\n\n\n<p>Atravesados por la incertidumbre que genera el&nbsp;<strong>paro de colectivos<\/strong>&nbsp;-convocado por la&nbsp;<strong>UTA (Uni\u00f3n de Tranviarios Automotor)<\/strong>&#8211; los santiague\u00f1os se preparan para vivir la&nbsp;<strong>tercera jornada consecutiva sin el servicio de transporte p\u00fablico de pasajeros.<\/strong><\/p>\n\n\n\n<p>D\u00edas atr\u00e1s,<strong>\u00a0la medida fue tomada por los trabajadores en reclamo por la falta de pago de sus haberes<\/strong>, m\u00e1s precisamente respecto a una\u00a0<em>diferencia del mes de noviembre, el sueldo de diciembre y el medio aguinaldo<\/em>.<\/p>\n\n\n\n<p>Alrededor de las 22 de este viernes, el secretario general de la UTA local,&nbsp;<strong>Eduardo Palma<\/strong>, confirm\u00f3 a&nbsp;<strong>Diario Panorama<\/strong>&nbsp;<em>-ante la ola de consultas de los lectores-<\/em>&nbsp;que&nbsp;<strong>la medida de fuerza seguir\u00e1 vigente hasta que los empresarios paguen<\/strong>&nbsp;a los trabajadores todo lo que se les adeuda.<\/p>\n\n\n\n<p><strong>\u201cHasta que no nos paguen lo que nos deben, no vamos a volver a trabajar\u201d, expres\u00f3 de manera contundente.<\/strong><\/p>\n\n\n\n<p>Finalmente, cabe destacar que desde la&nbsp;<strong>Municipalidad de la Capital<\/strong>, la&nbsp;<em>Direcci\u00f3n de Tr\u00e1nsito y Transporte<\/em>&nbsp;mult\u00f3 este viernes a las empresas que no se encuentran prestando el correspondiente servicio.<\/p>\n","protected":false},"excerpt":{"rendered":"<p>Lo confirm\u00f3 el secretario general de UTA Santiago del Estero, Eduardo Palma, a Diario Panorama en horas de la noche&#8230; <a class=\"continue-reading-link\" href=\"https:\/\/nativainfo.com\/?p=4072\">Continue reading<\/a><\/p>\n","protected":false},"author":1,"featured_media":0,"comment_status":"open","ping_status":"open","sticky":false,"template":"","format":"standard","meta":{"rop_custom_images_group":[],"rop_custom_messages_group":[],"rop_publish_now":"initial","rop_publish_now_accounts":[],"rop_publish_now_history":[],"rop_publish_now_status":"pending","footnotes":"","jetpack_publicize_message":"","jetpack_publicize_feature_enabled":true,"jetpack_social_post_already_shared":false,"jetpack_social_options":{"image_generator_settings":{"template":"highway","default_image_id":0,"font":"","enabled":false},"version":2}},"categories":[8,40],"tags":[],"class_list":["post-4072","post","type-post","status-publish","format-standard","hentry","category-noticias","category-santiago-del-estero"],"yoast_head":"<!-- This site is optimized with the Yoast SEO plugin v25.6 - https:\/\/yoast.com\/wordpress\/plugins\/seo\/ -->\n<title>Contin\u00faa el paro de colectivos y por tercer d\u00eda consecutivo, este s\u00e1bado tampoco habr\u00e1 servicio - Nativa Info<\/title>\n<meta name=\"robots\" content=\"index, follow, max-snippet:-1, max-image-preview:large, max-video-preview:-1\" \/>\n<link rel=\"canonical\" href=\"https:\/\/nativainfo.com\/?p=4072\" \/>\n<meta property=\"og:locale\" content=\"es_ES\" \/>\n<meta property=\"og:type\" content=\"article\" \/>\n<meta property=\"og:title\" content=\"Contin\u00faa el paro de colectivos y por tercer d\u00eda consecutivo, este s\u00e1bado tampoco habr\u00e1 servicio - Nativa Info\" \/>\n<meta property=\"og:description\" content=\"Lo confirm\u00f3 el secretario general de UTA Santiago del Estero, Eduardo Palma, a Diario Panorama en horas de la noche... Continue reading\" \/>\n<meta property=\"og:url\" content=\"https:\/\/nativainfo.com\/?p=4072\" \/>\n<meta property=\"og:site_name\" content=\"Nativa Info\" \/>\n<meta property=\"article:publisher\" content=\"https:\/\/www.facebook.com\/profile.php?id=61578881597564\" \/>\n<meta property=\"article:published_time\" content=\"2024-01-13T06:20:58+00:00\" \/>\n<meta property=\"article:modified_time\" content=\"2024-01-13T06:21:02+00:00\" \/>\n<meta property=\"og:image\" content=\"http:\/\/nativainfo.com\/wp-content\/uploads\/2024\/01\/imagen_2024-01-13_032022270.png\" \/>\n<meta name=\"author\" content=\"Nativa Info\" \/>\n<meta name=\"twitter:card\" content=\"summary_large_image\" \/>\n<meta name=\"twitter:label1\" content=\"Escrito por\" \/>\n\t<meta name=\"twitter:data1\" content=\"Nativa Info\" \/>\n\t<meta name=\"twitter:label2\" content=\"Tiempo de lectura\" \/>\n\t<meta name=\"twitter:data2\" content=\"1 minuto\" \/>\n<script type=\"application\/ld+json\" class=\"yoast-schema-graph\">{\"@context\":\"https:\/\/schema.org\",\"@graph\":[{\"@type\":\"Article\",\"@id\":\"https:\/\/nativainfo.com\/?p=4072#article\",\"isPartOf\":{\"@id\":\"https:\/\/nativainfo.com\/?p=4072\"},\"author\":{\"name\":\"Nativa Info\",\"@id\":\"https:\/\/nativainfo.com\/#\/schema\/person\/24893b64a9cd564ddb5d102d36eb4b5c\"},\"headline\":\"Contin\u00faa el paro de colectivos y por tercer d\u00eda consecutivo, este s\u00e1bado tampoco habr\u00e1 servicio\",\"datePublished\":\"2024-01-13T06:20:58+00:00\",\"dateModified\":\"2024-01-13T06:21:02+00:00\",\"mainEntityOfPage\":{\"@id\":\"https:\/\/nativainfo.com\/?p=4072\"},\"wordCount\":233,\"commentCount\":0,\"publisher\":{\"@id\":\"https:\/\/nativainfo.com\/#organization\"},\"image\":{\"@id\":\"https:\/\/nativainfo.com\/?p=4072#primaryimage\"},\"thumbnailUrl\":\"http:\/\/nativainfo.com\/wp-content\/uploads\/2024\/01\/imagen_2024-01-13_032022270.png\",\"articleSection\":[\"Noticias\",\"Santiago del Estero\"],\"inLanguage\":\"es-AR\",\"potentialAction\":[{\"@type\":\"CommentAction\",\"name\":\"Comment\",\"target\":[\"https:\/\/nativainfo.com\/?p=4072#respond\"]}]},{\"@type\":\"WebPage\",\"@id\":\"https:\/\/nativainfo.com\/?p=4072\",\"url\":\"https:\/\/nativainfo.com\/?p=4072\",\"name\":\"Contin\u00faa el paro de colectivos y por tercer d\u00eda consecutivo, este s\u00e1bado tampoco habr\u00e1 servicio - Nativa Info\",\"isPartOf\":{\"@id\":\"https:\/\/nativainfo.com\/#website\"},\"primaryImageOfPage\":{\"@id\":\"https:\/\/nativainfo.com\/?p=4072#primaryimage\"},\"image\":{\"@id\":\"https:\/\/nativainfo.com\/?p=4072#primaryimage\"},\"thumbnailUrl\":\"http:\/\/nativainfo.com\/wp-content\/uploads\/2024\/01\/imagen_2024-01-13_032022270.png\",\"datePublished\":\"2024-01-13T06:20:58+00:00\",\"dateModified\":\"2024-01-13T06:21:02+00:00\",\"breadcrumb\":{\"@id\":\"https:\/\/nativainfo.com\/?p=4072#breadcrumb\"},\"inLanguage\":\"es-AR\",\"potentialAction\":[{\"@type\":\"ReadAction\",\"target\":[\"https:\/\/nativainfo.com\/?p=4072\"]}]},{\"@type\":\"ImageObject\",\"inLanguage\":\"es-AR\",\"@id\":\"https:\/\/nativainfo.com\/?p=4072#primaryimage\",\"url\":\"https:\/\/nativainfo.com\/wp-content\/uploads\/2024\/01\/imagen_2024-01-13_032022270.png\",\"contentUrl\":\"https:\/\/nativainfo.com\/wp-content\/uploads\/2024\/01\/imagen_2024-01-13_032022270.png\",\"width\":1010,\"height\":567},{\"@type\":\"BreadcrumbList\",\"@id\":\"https:\/\/nativainfo.com\/?p=4072#breadcrumb\",\"itemListElement\":[{\"@type\":\"ListItem\",\"position\":1,\"name\":\"Inicio\",\"item\":\"https:\/\/nativainfo.com\/\"},{\"@type\":\"ListItem\",\"position\":2,\"name\":\"Contin\u00faa el paro de colectivos y por tercer d\u00eda consecutivo, este s\u00e1bado tampoco habr\u00e1 servicio\"}]},{\"@type\":\"WebSite\",\"@id\":\"https:\/\/nativainfo.com\/#website\",\"url\":\"https:\/\/nativainfo.com\/\",\"name\":\"Nativa Info\",\"description\":\"Diario Digital\",\"publisher\":{\"@id\":\"https:\/\/nativainfo.com\/#organization\"},\"potentialAction\":[{\"@type\":\"SearchAction\",\"target\":{\"@type\":\"EntryPoint\",\"urlTemplate\":\"https:\/\/nativainfo.com\/?s={search_term_string}\"},\"query-input\":{\"@type\":\"PropertyValueSpecification\",\"valueRequired\":true,\"valueName\":\"search_term_string\"}}],\"inLanguage\":\"es-AR\"},{\"@type\":\"Organization\",\"@id\":\"https:\/\/nativainfo.com\/#organization\",\"name\":\"Nativa Info\",\"url\":\"https:\/\/nativainfo.com\/\",\"logo\":{\"@type\":\"ImageObject\",\"inLanguage\":\"es-AR\",\"@id\":\"https:\/\/nativainfo.com\/#\/schema\/logo\/image\/\",\"url\":\"https:\/\/nativainfo.com\/wp-content\/uploads\/2025\/08\/LOGO-NATIVA-FACE.jpg\",\"contentUrl\":\"https:\/\/nativainfo.com\/wp-content\/uploads\/2025\/08\/LOGO-NATIVA-FACE.jpg\",\"width\":400,\"height\":400,\"caption\":\"Nativa Info\"},\"image\":{\"@id\":\"https:\/\/nativainfo.com\/#\/schema\/logo\/image\/\"},\"sameAs\":[\"https:\/\/www.facebook.com\/profile.php?id=61578881597564\"]},{\"@type\":\"Person\",\"@id\":\"https:\/\/nativainfo.com\/#\/schema\/person\/24893b64a9cd564ddb5d102d36eb4b5c\",\"name\":\"Nativa Info\",\"image\":{\"@type\":\"ImageObject\",\"inLanguage\":\"es-AR\",\"@id\":\"https:\/\/nativainfo.com\/#\/schema\/person\/image\/\",\"url\":\"https:\/\/secure.gravatar.com\/avatar\/016fa1cf068d85136d938e1507b9b619cb766e2565cbb1faa1e571762460c785?s=96&d=mm&r=g\",\"contentUrl\":\"https:\/\/secure.gravatar.com\/avatar\/016fa1cf068d85136d938e1507b9b619cb766e2565cbb1faa1e571762460c785?s=96&d=mm&r=g\",\"caption\":\"Nativa Info\"},\"sameAs\":[\"http:\/\/nativainfo.com\"],\"url\":\"https:\/\/nativainfo.com\/?author=1\"}]}<\/script>\n<!-- \/ Yoast SEO plugin. -->","yoast_head_json":{"title":"Contin\u00faa el paro de colectivos y por tercer d\u00eda consecutivo, este s\u00e1bado tampoco habr\u00e1 servicio - Nativa Info","robots":{"index":"index","follow":"follow","max-snippet":"max-snippet:-1","max-image-preview":"max-image-preview:large","max-video-preview":"max-video-preview:-1"},"canonical":"https:\/\/nativainfo.com\/?p=4072","og_locale":"es_ES","og_type":"article","og_title":"Contin\u00faa el paro de colectivos y por tercer d\u00eda consecutivo, este s\u00e1bado tampoco habr\u00e1 servicio - Nativa Info","og_description":"Lo confirm\u00f3 el secretario general de UTA Santiago del Estero, Eduardo Palma, a Diario Panorama en horas de la noche... Continue reading","og_url":"https:\/\/nativainfo.com\/?p=4072","og_site_name":"Nativa Info","article_publisher":"https:\/\/www.facebook.com\/profile.php?id=61578881597564","article_published_time":"2024-01-13T06:20:58+00:00","article_modified_time":"2024-01-13T06:21:02+00:00","og_image":[{"url":"http:\/\/nativainfo.com\/wp-content\/uploads\/2024\/01\/imagen_2024-01-13_032022270.png","type":"","width":"","height":""}],"author":"Nativa Info","twitter_card":"summary_large_image","twitter_misc":{"Escrito por":"Nativa Info","Tiempo de lectura":"1 minuto"},"schema":{"@context":"https:\/\/schema.org","@graph":[{"@type":"Article","@id":"https:\/\/nativainfo.com\/?p=4072#article","isPartOf":{"@id":"https:\/\/nativainfo.com\/?p=4072"},"author":{"name":"Nativa Info","@id":"https:\/\/nativainfo.com\/#\/schema\/person\/24893b64a9cd564ddb5d102d36eb4b5c"},"headline":"Contin\u00faa el paro de colectivos y por tercer d\u00eda consecutivo, este s\u00e1bado tampoco habr\u00e1 servicio","datePublished":"2024-01-13T06:20:58+00:00","dateModified":"2024-01-13T06:21:02+00:00","mainEntityOfPage":{"@id":"https:\/\/nativainfo.com\/?p=4072"},"wordCount":233,"commentCount":0,"publisher":{"@id":"https:\/\/nativainfo.com\/#organization"},"image":{"@id":"https:\/\/nativainfo.com\/?p=4072#primaryimage"},"thumbnailUrl":"http:\/\/nativainfo.com\/wp-content\/uploads\/2024\/01\/imagen_2024-01-13_032022270.png","articleSection":["Noticias","Santiago del Estero"],"inLanguage":"es-AR","potentialAction":[{"@type":"CommentAction","name":"Comment","target":["https:\/\/nativainfo.com\/?p=4072#respond"]}]},{"@type":"WebPage","@id":"https:\/\/nativainfo.com\/?p=4072","url":"https:\/\/nativainfo.com\/?p=4072","name":"Contin\u00faa el paro de colectivos y por tercer d\u00eda consecutivo, este s\u00e1bado tampoco habr\u00e1 servicio - Nativa Info","isPartOf":{"@id":"https:\/\/nativainfo.com\/#website"},"primaryImageOfPage":{"@id":"https:\/\/nativainfo.com\/?p=4072#primaryimage"},"image":{"@id":"https:\/\/nativainfo.com\/?p=4072#primaryimage"},"thumbnailUrl":"http:\/\/nativainfo.com\/wp-content\/uploads\/2024\/01\/imagen_2024-01-13_032022270.png","datePublished":"2024-01-13T06:20:58+00:00","dateModified":"2024-01-13T06:21:02+00:00","breadcrumb":{"@id":"https:\/\/nativainfo.com\/?p=4072#breadcrumb"},"inLanguage":"es-AR","potentialAction":[{"@type":"ReadAction","target":["https:\/\/nativainfo.com\/?p=4072"]}]},{"@type":"ImageObject","inLanguage":"es-AR","@id":"https:\/\/nativainfo.com\/?p=4072#primaryimage","url":"https:\/\/nativainfo.com\/wp-content\/uploads\/2024\/01\/imagen_2024-01-13_032022270.png","contentUrl":"https:\/\/nativainfo.com\/wp-content\/uploads\/2024\/01\/imagen_2024-01-13_032022270.png","width":1010,"height":567},{"@type":"BreadcrumbList","@id":"https:\/\/nativainfo.com\/?p=4072#breadcrumb","itemListElement":[{"@type":"ListItem","position":1,"name":"Inicio","item":"https:\/\/nativainfo.com\/"},{"@type":"ListItem","position":2,"name":"Contin\u00faa el paro de colectivos y por tercer d\u00eda consecutivo, este s\u00e1bado tampoco habr\u00e1 servicio"}]},{"@type":"WebSite","@id":"https:\/\/nativainfo.com\/#website","url":"https:\/\/nativainfo.com\/","name":"Nativa Info","description":"Diario Digital","publisher":{"@id":"https:\/\/nativainfo.com\/#organization"},"potentialAction":[{"@type":"SearchAction","target":{"@type":"EntryPoint","urlTemplate":"https:\/\/nativainfo.com\/?s={search_term_string}"},"query-input":{"@type":"PropertyValueSpecification","valueRequired":true,"valueName":"search_term_string"}}],"inLanguage":"es-AR"},{"@type":"Organization","@id":"https:\/\/nativainfo.com\/#organization","name":"Nativa Info","url":"https:\/\/nativainfo.com\/","logo":{"@type":"ImageObject","inLanguage":"es-AR","@id":"https:\/\/nativainfo.com\/#\/schema\/logo\/image\/","url":"https:\/\/nativainfo.com\/wp-content\/uploads\/2025\/08\/LOGO-NATIVA-FACE.jpg","contentUrl":"https:\/\/nativainfo.com\/wp-content\/uploads\/2025\/08\/LOGO-NATIVA-FACE.jpg","width":400,"height":400,"caption":"Nativa Info"},"image":{"@id":"https:\/\/nativainfo.com\/#\/schema\/logo\/image\/"},"sameAs":["https:\/\/www.facebook.com\/profile.php?id=61578881597564"]},{"@type":"Person","@id":"https:\/\/nativainfo.com\/#\/schema\/person\/24893b64a9cd564ddb5d102d36eb4b5c","name":"Nativa Info","image":{"@type":"ImageObject","inLanguage":"es-AR","@id":"https:\/\/nativainfo.com\/#\/schema\/person\/image\/","url":"https:\/\/secure.gravatar.com\/avatar\/016fa1cf068d85136d938e1507b9b619cb766e2565cbb1faa1e571762460c785?s=96&d=mm&r=g","contentUrl":"https:\/\/secure.gravatar.com\/avatar\/016fa1cf068d85136d938e1507b9b619cb766e2565cbb1faa1e571762460c785?s=96&d=mm&r=g","caption":"Nativa Info"},"sameAs":["http:\/\/nativainfo.com"],"url":"https:\/\/nativainfo.com\/?author=1"}]}},"jetpack_publicize_connections":[],"_links":{"self":[{"href":"https:\/\/nativainfo.com\/index.php?rest_route=\/wp\/v2\/posts\/4072","targetHints":{"allow":["GET"]}}],"collection":[{"href":"https:\/\/nativainfo.com\/index.php?rest_route=\/wp\/v2\/posts"}],"about":[{"href":"https:\/\/nativainfo.com\/index.php?rest_route=\/wp\/v2\/types\/post"}],"author":[{"embeddable":true,"href":"https:\/\/nativainfo.com\/index.php?rest_route=\/wp\/v2\/users\/1"}],"replies":[{"embeddable":true,"href":"https:\/\/nativainfo.com\/index.php?rest_route=%2Fwp%2Fv2%2Fcomments&post=4072"}],"version-history":[{"count":1,"href":"https:\/\/nativainfo.com\/index.php?rest_route=\/wp\/v2\/posts\/4072\/revisions"}],"predecessor-version":[{"id":4076,"href":"https:\/\/nativainfo.com\/index.php?rest_route=\/wp\/v2\/posts\/4072\/revisions\/4076"}],"wp:attachment":[{"href":"https:\/\/nativainfo.com\/index.php?rest_route=%2Fwp%2Fv2%2Fmedia&parent=4072"}],"wp:term":[{"taxonomy":"category","embeddable":true,"href":"https:\/\/nativainfo.com\/index.php?rest_route=%2Fwp%2Fv2%2Fcategories&post=4072"},{"taxonomy":"post_tag","embeddable":true,"href":"https:\/\/nativainfo.com\/index.php?rest_route=%2Fwp%2Fv2%2Ftags&post=4072"}],"curies":[{"name":"wp","href":"https:\/\/api.w.org\/{rel}","templated":true}]}}