{"id":4065,"date":"2024-01-09T22:52:14","date_gmt":"2024-01-10T01:52:14","guid":{"rendered":"http:\/\/nativainfo.com\/?p=4065"},"modified":"2024-01-09T22:52:18","modified_gmt":"2024-01-10T01:52:18","slug":"gerard-pique-anuncio-que-volvera-al-futbol-con-un-misterioso-mensaje-lo-echo-de-menos","status":"publish","type":"post","link":"https:\/\/nativainfo.com\/?p=4065","title":{"rendered":"Gerard Piqu\u00e9 anunci\u00f3 que volver\u00e1 al f\u00fatbol con un misterioso mensaje: \u201cLo echo de menos\u201d"},"content":{"rendered":"\n<p>El ex defensor del FC Barcelona, quien se alej\u00f3 de las canchas en noviembre de 2022 para embarcarse en proyectos personales, como la Kings League, hizo un comunicado en las redes sociales<\/p>\n\n\n\n<figure class=\"wp-block-image size-large\"><img fetchpriority=\"high\" decoding=\"async\" width=\"992\" height=\"661\" src=\"http:\/\/nativainfo.com\/wp-content\/uploads\/2024\/01\/imagen_2024-01-09_225201385.png\" alt=\"\" class=\"wp-image-4067\" srcset=\"https:\/\/nativainfo.com\/wp-content\/uploads\/2024\/01\/imagen_2024-01-09_225201385.png 992w, https:\/\/nativainfo.com\/wp-content\/uploads\/2024\/01\/imagen_2024-01-09_225201385-300x200.png 300w, https:\/\/nativainfo.com\/wp-content\/uploads\/2024\/01\/imagen_2024-01-09_225201385-768x512.png 768w, https:\/\/nativainfo.com\/wp-content\/uploads\/2024\/01\/imagen_2024-01-09_225201385-525x350.png 525w, https:\/\/nativainfo.com\/wp-content\/uploads\/2024\/01\/imagen_2024-01-09_225201385-150x100.png 150w\" sizes=\"(max-width: 992px) 100vw, 992px\" \/><\/figure>\n\n\n\n<p>El catal\u00e1n, campe\u00f3n del mundo con la selecci\u00f3n de Espa\u00f1a en Sud\u00e1frica 2010, hizo un sorprendente anuncio en las redes sociales en el que comunic\u00f3 a sus seguidores que tras meditar la decisi\u00f3n de su retiro, quiere retornar a la actividad y dio algunas pistas.&nbsp;<strong>\u201cEs un nuevo a\u00f1o y despu\u00e9s de pensarlo detenidamente he decidido volver al f\u00fatbol. Lo echo mucho de menos. Esta vez no ser\u00e1 como jugador. Ser\u00e1 como entrenador. Compartir\u00e9 m\u00e1s detalles al final de la semana\u201d<\/strong>, escribi\u00f3&nbsp;<strong>Piqu\u00e9&nbsp;<\/strong>en su cuenta de X (ex Twitter).<\/p>\n\n\n\n<p>El ex jugador que visti\u00f3 las camisetas del Manchester United, Zaragoza y Barcelona, donde cosech\u00f3 31 t\u00edtulos, caus\u00f3 un revuelo tras su publicaci\u00f3n y comenzaron las especulaciones sobre su nuevo destino.&nbsp;<strong>\u00bfSer\u00e1 Piqu\u00e9 el pr\u00f3ximo DT del Bar\u00e7a?<\/strong>&nbsp;fue una de las preguntas que se leyeron en los comentarios. Sin embargo, esto parecer\u00eda lejano en un principio.<\/p>\n","protected":false},"excerpt":{"rendered":"<p>El ex defensor del FC Barcelona, quien se alej\u00f3 de las canchas en noviembre de 2022 para embarcarse en proyectos&#8230; <a class=\"continue-reading-link\" href=\"https:\/\/nativainfo.com\/?p=4065\">Continue reading<\/a><\/p>\n","protected":false},"author":1,"featured_media":0,"comment_status":"open","ping_status":"open","sticky":false,"template":"","format":"standard","meta":{"rop_custom_images_group":[],"rop_custom_messages_group":[],"rop_publish_now":"initial","rop_publish_now_accounts":[],"rop_publish_now_history":[],"rop_publish_now_status":"pending","footnotes":"","jetpack_publicize_message":"","jetpack_publicize_feature_enabled":true,"jetpack_social_post_already_shared":false,"jetpack_social_options":{"image_generator_settings":{"template":"highway","default_image_id":0,"font":"","enabled":false},"version":2}},"categories":[10,8],"tags":[],"class_list":["post-4065","post","type-post","status-publish","format-standard","hentry","category-deportes","category-noticias"],"yoast_head":"<!-- This site is optimized with the Yoast SEO plugin v25.6 - https:\/\/yoast.com\/wordpress\/plugins\/seo\/ -->\n<title>Gerard Piqu\u00e9 anunci\u00f3 que volver\u00e1 al f\u00fatbol con un misterioso mensaje: \u201cLo echo de menos\u201d - Nativa Info<\/title>\n<meta name=\"robots\" content=\"index, follow, max-snippet:-1, max-image-preview:large, max-video-preview:-1\" \/>\n<link rel=\"canonical\" href=\"https:\/\/nativainfo.com\/?p=4065\" \/>\n<meta property=\"og:locale\" content=\"es_ES\" \/>\n<meta property=\"og:type\" content=\"article\" \/>\n<meta property=\"og:title\" content=\"Gerard Piqu\u00e9 anunci\u00f3 que volver\u00e1 al f\u00fatbol con un misterioso mensaje: \u201cLo echo de menos\u201d - Nativa Info\" \/>\n<meta property=\"og:description\" content=\"El ex defensor del FC Barcelona, quien se alej\u00f3 de las canchas en noviembre de 2022 para embarcarse en proyectos... Continue reading\" \/>\n<meta property=\"og:url\" content=\"https:\/\/nativainfo.com\/?p=4065\" \/>\n<meta property=\"og:site_name\" content=\"Nativa Info\" \/>\n<meta property=\"article:publisher\" content=\"https:\/\/www.facebook.com\/profile.php?id=61578881597564\" \/>\n<meta property=\"article:published_time\" content=\"2024-01-10T01:52:14+00:00\" \/>\n<meta property=\"article:modified_time\" content=\"2024-01-10T01:52:18+00:00\" \/>\n<meta property=\"og:image\" content=\"http:\/\/nativainfo.com\/wp-content\/uploads\/2024\/01\/imagen_2024-01-09_225201385.png\" \/>\n<meta name=\"author\" content=\"Nativa Info\" \/>\n<meta name=\"twitter:card\" content=\"summary_large_image\" \/>\n<meta name=\"twitter:label1\" content=\"Escrito por\" \/>\n\t<meta name=\"twitter:data1\" content=\"Nativa Info\" \/>\n\t<meta name=\"twitter:label2\" content=\"Tiempo de lectura\" \/>\n\t<meta name=\"twitter:data2\" content=\"1 minuto\" \/>\n<script type=\"application\/ld+json\" class=\"yoast-schema-graph\">{\"@context\":\"https:\/\/schema.org\",\"@graph\":[{\"@type\":\"Article\",\"@id\":\"https:\/\/nativainfo.com\/?p=4065#article\",\"isPartOf\":{\"@id\":\"https:\/\/nativainfo.com\/?p=4065\"},\"author\":{\"name\":\"Nativa Info\",\"@id\":\"https:\/\/nativainfo.com\/#\/schema\/person\/24893b64a9cd564ddb5d102d36eb4b5c\"},\"headline\":\"Gerard Piqu\u00e9 anunci\u00f3 que volver\u00e1 al f\u00fatbol con un misterioso mensaje: \u201cLo echo de menos\u201d\",\"datePublished\":\"2024-01-10T01:52:14+00:00\",\"dateModified\":\"2024-01-10T01:52:18+00:00\",\"mainEntityOfPage\":{\"@id\":\"https:\/\/nativainfo.com\/?p=4065\"},\"wordCount\":212,\"commentCount\":0,\"publisher\":{\"@id\":\"https:\/\/nativainfo.com\/#organization\"},\"image\":{\"@id\":\"https:\/\/nativainfo.com\/?p=4065#primaryimage\"},\"thumbnailUrl\":\"http:\/\/nativainfo.com\/wp-content\/uploads\/2024\/01\/imagen_2024-01-09_225201385.png\",\"articleSection\":[\"Deportes\",\"Noticias\"],\"inLanguage\":\"es-AR\",\"potentialAction\":[{\"@type\":\"CommentAction\",\"name\":\"Comment\",\"target\":[\"https:\/\/nativainfo.com\/?p=4065#respond\"]}]},{\"@type\":\"WebPage\",\"@id\":\"https:\/\/nativainfo.com\/?p=4065\",\"url\":\"https:\/\/nativainfo.com\/?p=4065\",\"name\":\"Gerard Piqu\u00e9 anunci\u00f3 que volver\u00e1 al f\u00fatbol con un misterioso mensaje: \u201cLo echo de menos\u201d - Nativa Info\",\"isPartOf\":{\"@id\":\"https:\/\/nativainfo.com\/#website\"},\"primaryImageOfPage\":{\"@id\":\"https:\/\/nativainfo.com\/?p=4065#primaryimage\"},\"image\":{\"@id\":\"https:\/\/nativainfo.com\/?p=4065#primaryimage\"},\"thumbnailUrl\":\"http:\/\/nativainfo.com\/wp-content\/uploads\/2024\/01\/imagen_2024-01-09_225201385.png\",\"datePublished\":\"2024-01-10T01:52:14+00:00\",\"dateModified\":\"2024-01-10T01:52:18+00:00\",\"breadcrumb\":{\"@id\":\"https:\/\/nativainfo.com\/?p=4065#breadcrumb\"},\"inLanguage\":\"es-AR\",\"potentialAction\":[{\"@type\":\"ReadAction\",\"target\":[\"https:\/\/nativainfo.com\/?p=4065\"]}]},{\"@type\":\"ImageObject\",\"inLanguage\":\"es-AR\",\"@id\":\"https:\/\/nativainfo.com\/?p=4065#primaryimage\",\"url\":\"https:\/\/nativainfo.com\/wp-content\/uploads\/2024\/01\/imagen_2024-01-09_225201385.png\",\"contentUrl\":\"https:\/\/nativainfo.com\/wp-content\/uploads\/2024\/01\/imagen_2024-01-09_225201385.png\",\"width\":992,\"height\":661},{\"@type\":\"BreadcrumbList\",\"@id\":\"https:\/\/nativainfo.com\/?p=4065#breadcrumb\",\"itemListElement\":[{\"@type\":\"ListItem\",\"position\":1,\"name\":\"Inicio\",\"item\":\"https:\/\/nativainfo.com\/\"},{\"@type\":\"ListItem\",\"position\":2,\"name\":\"Gerard Piqu\u00e9 anunci\u00f3 que volver\u00e1 al f\u00fatbol con un misterioso mensaje: \u201cLo echo de menos\u201d\"}]},{\"@type\":\"WebSite\",\"@id\":\"https:\/\/nativainfo.com\/#website\",\"url\":\"https:\/\/nativainfo.com\/\",\"name\":\"Nativa Info\",\"description\":\"Diario Digital\",\"publisher\":{\"@id\":\"https:\/\/nativainfo.com\/#organization\"},\"potentialAction\":[{\"@type\":\"SearchAction\",\"target\":{\"@type\":\"EntryPoint\",\"urlTemplate\":\"https:\/\/nativainfo.com\/?s={search_term_string}\"},\"query-input\":{\"@type\":\"PropertyValueSpecification\",\"valueRequired\":true,\"valueName\":\"search_term_string\"}}],\"inLanguage\":\"es-AR\"},{\"@type\":\"Organization\",\"@id\":\"https:\/\/nativainfo.com\/#organization\",\"name\":\"Nativa Info\",\"url\":\"https:\/\/nativainfo.com\/\",\"logo\":{\"@type\":\"ImageObject\",\"inLanguage\":\"es-AR\",\"@id\":\"https:\/\/nativainfo.com\/#\/schema\/logo\/image\/\",\"url\":\"https:\/\/nativainfo.com\/wp-content\/uploads\/2025\/08\/LOGO-NATIVA-FACE.jpg\",\"contentUrl\":\"https:\/\/nativainfo.com\/wp-content\/uploads\/2025\/08\/LOGO-NATIVA-FACE.jpg\",\"width\":400,\"height\":400,\"caption\":\"Nativa Info\"},\"image\":{\"@id\":\"https:\/\/nativainfo.com\/#\/schema\/logo\/image\/\"},\"sameAs\":[\"https:\/\/www.facebook.com\/profile.php?id=61578881597564\"]},{\"@type\":\"Person\",\"@id\":\"https:\/\/nativainfo.com\/#\/schema\/person\/24893b64a9cd564ddb5d102d36eb4b5c\",\"name\":\"Nativa Info\",\"image\":{\"@type\":\"ImageObject\",\"inLanguage\":\"es-AR\",\"@id\":\"https:\/\/nativainfo.com\/#\/schema\/person\/image\/\",\"url\":\"https:\/\/secure.gravatar.com\/avatar\/016fa1cf068d85136d938e1507b9b619cb766e2565cbb1faa1e571762460c785?s=96&d=mm&r=g\",\"contentUrl\":\"https:\/\/secure.gravatar.com\/avatar\/016fa1cf068d85136d938e1507b9b619cb766e2565cbb1faa1e571762460c785?s=96&d=mm&r=g\",\"caption\":\"Nativa Info\"},\"sameAs\":[\"http:\/\/nativainfo.com\"],\"url\":\"https:\/\/nativainfo.com\/?author=1\"}]}<\/script>\n<!-- \/ Yoast SEO plugin. -->","yoast_head_json":{"title":"Gerard Piqu\u00e9 anunci\u00f3 que volver\u00e1 al f\u00fatbol con un misterioso mensaje: \u201cLo echo de menos\u201d - Nativa Info","robots":{"index":"index","follow":"follow","max-snippet":"max-snippet:-1","max-image-preview":"max-image-preview:large","max-video-preview":"max-video-preview:-1"},"canonical":"https:\/\/nativainfo.com\/?p=4065","og_locale":"es_ES","og_type":"article","og_title":"Gerard Piqu\u00e9 anunci\u00f3 que volver\u00e1 al f\u00fatbol con un misterioso mensaje: \u201cLo echo de menos\u201d - Nativa Info","og_description":"El ex defensor del FC Barcelona, quien se alej\u00f3 de las canchas en noviembre de 2022 para embarcarse en proyectos... Continue reading","og_url":"https:\/\/nativainfo.com\/?p=4065","og_site_name":"Nativa Info","article_publisher":"https:\/\/www.facebook.com\/profile.php?id=61578881597564","article_published_time":"2024-01-10T01:52:14+00:00","article_modified_time":"2024-01-10T01:52:18+00:00","og_image":[{"url":"http:\/\/nativainfo.com\/wp-content\/uploads\/2024\/01\/imagen_2024-01-09_225201385.png","type":"","width":"","height":""}],"author":"Nativa Info","twitter_card":"summary_large_image","twitter_misc":{"Escrito por":"Nativa Info","Tiempo de lectura":"1 minuto"},"schema":{"@context":"https:\/\/schema.org","@graph":[{"@type":"Article","@id":"https:\/\/nativainfo.com\/?p=4065#article","isPartOf":{"@id":"https:\/\/nativainfo.com\/?p=4065"},"author":{"name":"Nativa Info","@id":"https:\/\/nativainfo.com\/#\/schema\/person\/24893b64a9cd564ddb5d102d36eb4b5c"},"headline":"Gerard Piqu\u00e9 anunci\u00f3 que volver\u00e1 al f\u00fatbol con un misterioso mensaje: \u201cLo echo de menos\u201d","datePublished":"2024-01-10T01:52:14+00:00","dateModified":"2024-01-10T01:52:18+00:00","mainEntityOfPage":{"@id":"https:\/\/nativainfo.com\/?p=4065"},"wordCount":212,"commentCount":0,"publisher":{"@id":"https:\/\/nativainfo.com\/#organization"},"image":{"@id":"https:\/\/nativainfo.com\/?p=4065#primaryimage"},"thumbnailUrl":"http:\/\/nativainfo.com\/wp-content\/uploads\/2024\/01\/imagen_2024-01-09_225201385.png","articleSection":["Deportes","Noticias"],"inLanguage":"es-AR","potentialAction":[{"@type":"CommentAction","name":"Comment","target":["https:\/\/nativainfo.com\/?p=4065#respond"]}]},{"@type":"WebPage","@id":"https:\/\/nativainfo.com\/?p=4065","url":"https:\/\/nativainfo.com\/?p=4065","name":"Gerard Piqu\u00e9 anunci\u00f3 que volver\u00e1 al f\u00fatbol con un misterioso mensaje: \u201cLo echo de menos\u201d - Nativa Info","isPartOf":{"@id":"https:\/\/nativainfo.com\/#website"},"primaryImageOfPage":{"@id":"https:\/\/nativainfo.com\/?p=4065#primaryimage"},"image":{"@id":"https:\/\/nativainfo.com\/?p=4065#primaryimage"},"thumbnailUrl":"http:\/\/nativainfo.com\/wp-content\/uploads\/2024\/01\/imagen_2024-01-09_225201385.png","datePublished":"2024-01-10T01:52:14+00:00","dateModified":"2024-01-10T01:52:18+00:00","breadcrumb":{"@id":"https:\/\/nativainfo.com\/?p=4065#breadcrumb"},"inLanguage":"es-AR","potentialAction":[{"@type":"ReadAction","target":["https:\/\/nativainfo.com\/?p=4065"]}]},{"@type":"ImageObject","inLanguage":"es-AR","@id":"https:\/\/nativainfo.com\/?p=4065#primaryimage","url":"https:\/\/nativainfo.com\/wp-content\/uploads\/2024\/01\/imagen_2024-01-09_225201385.png","contentUrl":"https:\/\/nativainfo.com\/wp-content\/uploads\/2024\/01\/imagen_2024-01-09_225201385.png","width":992,"height":661},{"@type":"BreadcrumbList","@id":"https:\/\/nativainfo.com\/?p=4065#breadcrumb","itemListElement":[{"@type":"ListItem","position":1,"name":"Inicio","item":"https:\/\/nativainfo.com\/"},{"@type":"ListItem","position":2,"name":"Gerard Piqu\u00e9 anunci\u00f3 que volver\u00e1 al f\u00fatbol con un misterioso mensaje: \u201cLo echo de menos\u201d"}]},{"@type":"WebSite","@id":"https:\/\/nativainfo.com\/#website","url":"https:\/\/nativainfo.com\/","name":"Nativa Info","description":"Diario Digital","publisher":{"@id":"https:\/\/nativainfo.com\/#organization"},"potentialAction":[{"@type":"SearchAction","target":{"@type":"EntryPoint","urlTemplate":"https:\/\/nativainfo.com\/?s={search_term_string}"},"query-input":{"@type":"PropertyValueSpecification","valueRequired":true,"valueName":"search_term_string"}}],"inLanguage":"es-AR"},{"@type":"Organization","@id":"https:\/\/nativainfo.com\/#organization","name":"Nativa Info","url":"https:\/\/nativainfo.com\/","logo":{"@type":"ImageObject","inLanguage":"es-AR","@id":"https:\/\/nativainfo.com\/#\/schema\/logo\/image\/","url":"https:\/\/nativainfo.com\/wp-content\/uploads\/2025\/08\/LOGO-NATIVA-FACE.jpg","contentUrl":"https:\/\/nativainfo.com\/wp-content\/uploads\/2025\/08\/LOGO-NATIVA-FACE.jpg","width":400,"height":400,"caption":"Nativa Info"},"image":{"@id":"https:\/\/nativainfo.com\/#\/schema\/logo\/image\/"},"sameAs":["https:\/\/www.facebook.com\/profile.php?id=61578881597564"]},{"@type":"Person","@id":"https:\/\/nativainfo.com\/#\/schema\/person\/24893b64a9cd564ddb5d102d36eb4b5c","name":"Nativa Info","image":{"@type":"ImageObject","inLanguage":"es-AR","@id":"https:\/\/nativainfo.com\/#\/schema\/person\/image\/","url":"https:\/\/secure.gravatar.com\/avatar\/016fa1cf068d85136d938e1507b9b619cb766e2565cbb1faa1e571762460c785?s=96&d=mm&r=g","contentUrl":"https:\/\/secure.gravatar.com\/avatar\/016fa1cf068d85136d938e1507b9b619cb766e2565cbb1faa1e571762460c785?s=96&d=mm&r=g","caption":"Nativa Info"},"sameAs":["http:\/\/nativainfo.com"],"url":"https:\/\/nativainfo.com\/?author=1"}]}},"jetpack_publicize_connections":[],"_links":{"self":[{"href":"https:\/\/nativainfo.com\/index.php?rest_route=\/wp\/v2\/posts\/4065","targetHints":{"allow":["GET"]}}],"collection":[{"href":"https:\/\/nativainfo.com\/index.php?rest_route=\/wp\/v2\/posts"}],"about":[{"href":"https:\/\/nativainfo.com\/index.php?rest_route=\/wp\/v2\/types\/post"}],"author":[{"embeddable":true,"href":"https:\/\/nativainfo.com\/index.php?rest_route=\/wp\/v2\/users\/1"}],"replies":[{"embeddable":true,"href":"https:\/\/nativainfo.com\/index.php?rest_route=%2Fwp%2Fv2%2Fcomments&post=4065"}],"version-history":[{"count":1,"href":"https:\/\/nativainfo.com\/index.php?rest_route=\/wp\/v2\/posts\/4065\/revisions"}],"predecessor-version":[{"id":4068,"href":"https:\/\/nativainfo.com\/index.php?rest_route=\/wp\/v2\/posts\/4065\/revisions\/4068"}],"wp:attachment":[{"href":"https:\/\/nativainfo.com\/index.php?rest_route=%2Fwp%2Fv2%2Fmedia&parent=4065"}],"wp:term":[{"taxonomy":"category","embeddable":true,"href":"https:\/\/nativainfo.com\/index.php?rest_route=%2Fwp%2Fv2%2Fcategories&post=4065"},{"taxonomy":"post_tag","embeddable":true,"href":"https:\/\/nativainfo.com\/index.php?rest_route=%2Fwp%2Fv2%2Ftags&post=4065"}],"curies":[{"name":"wp","href":"https:\/\/api.w.org\/{rel}","templated":true}]}}