{"id":404,"date":"2020-07-25T19:54:32","date_gmt":"2020-07-25T22:54:32","guid":{"rendered":"http:\/\/nativainfo.com\/?p=404"},"modified":"2020-07-25T19:56:24","modified_gmt":"2020-07-25T22:56:24","slug":"el-gobernador-encabezo-el-acto-central-por-un-nuevo-aniversario-de-la-madre-de-ciudades","status":"publish","type":"post","link":"https:\/\/nativainfo.com\/?p=404","title":{"rendered":"El Gobernador encabez\u00f3 el acto central por un nuevo aniversario de la Madre de Ciudades"},"content":{"rendered":"\n<p>Gerardo Zamora particip\u00f3 del sencillo y emotivo acto con el que se conmemor\u00f3 el 467\u00b0 aniversario de la fundaci\u00f3n de Santiago del Estero.<\/p>\n\n\n\n<figure class=\"wp-block-image size-large\"><img fetchpriority=\"high\" decoding=\"async\" width=\"937\" height=\"553\" src=\"http:\/\/nativainfo.com\/wp-content\/uploads\/2020\/07\/gz-a\u00f1os-sgo.jpg\" alt=\"\" class=\"wp-image-405\" srcset=\"https:\/\/nativainfo.com\/wp-content\/uploads\/2020\/07\/gz-a\u00f1os-sgo.jpg 937w, https:\/\/nativainfo.com\/wp-content\/uploads\/2020\/07\/gz-a\u00f1os-sgo-300x177.jpg 300w, https:\/\/nativainfo.com\/wp-content\/uploads\/2020\/07\/gz-a\u00f1os-sgo-768x453.jpg 768w, https:\/\/nativainfo.com\/wp-content\/uploads\/2020\/07\/gz-a\u00f1os-sgo-593x350.jpg 593w, https:\/\/nativainfo.com\/wp-content\/uploads\/2020\/07\/gz-a\u00f1os-sgo-150x89.jpg 150w\" sizes=\"(max-width: 937px) 100vw, 937px\" \/><figcaption><strong>La ceremonia se desarroll\u00f3 al p\u00ede del monumento a Francisco de Aguirre<\/strong><\/figcaption><\/figure>\n\n\n\n<p>En este contexto,\u00a0<strong>se procedi\u00f3 a la colocaci\u00f3n de ofrendas florales al pie al monumento\u00a0<\/strong>a Francisco de Aguirre y luego se realiz\u00f3 un homenaje al aniversario\u00a0<strong>plantando de manera simult\u00e1nea un total de 467 \u00e1rboles en distintos barrios capitalinos. El ejemplar n\u00famero 467 fue plantado en el lugar del acto central por el Gobernador Dr. Gerardo Zamora y la Intendente Fuentes<\/strong><\/p>\n\n\n\n<p>-Fuente: ElLiberal-<\/p>\n","protected":false},"excerpt":{"rendered":"<p>Gerardo Zamora particip\u00f3 del sencillo y emotivo acto con el que se conmemor\u00f3 el 467\u00b0 aniversario de la fundaci\u00f3n de&#8230; <a class=\"continue-reading-link\" href=\"https:\/\/nativainfo.com\/?p=404\">Continue reading<\/a><\/p>\n","protected":false},"author":1,"featured_media":0,"comment_status":"open","ping_status":"open","sticky":false,"template":"","format":"standard","meta":{"rop_custom_images_group":[],"rop_custom_messages_group":[],"rop_publish_now":"initial","rop_publish_now_accounts":[],"rop_publish_now_history":[],"rop_publish_now_status":"pending","footnotes":"","jetpack_publicize_message":"","jetpack_publicize_feature_enabled":true,"jetpack_social_post_already_shared":false,"jetpack_social_options":{"image_generator_settings":{"template":"highway","default_image_id":0,"font":"","enabled":false},"version":2}},"categories":[12],"tags":[],"class_list":["post-404","post","type-post","status-publish","format-standard","hentry","category-provincia"],"yoast_head":"<!-- This site is optimized with the Yoast SEO plugin v25.6 - https:\/\/yoast.com\/wordpress\/plugins\/seo\/ -->\n<title>El Gobernador encabez\u00f3 el acto central por un nuevo aniversario de la Madre de Ciudades - Nativa Info<\/title>\n<meta name=\"robots\" content=\"index, follow, max-snippet:-1, max-image-preview:large, max-video-preview:-1\" \/>\n<link rel=\"canonical\" href=\"https:\/\/nativainfo.com\/?p=404\" \/>\n<meta property=\"og:locale\" content=\"es_ES\" \/>\n<meta property=\"og:type\" content=\"article\" \/>\n<meta property=\"og:title\" content=\"El Gobernador encabez\u00f3 el acto central por un nuevo aniversario de la Madre de Ciudades - Nativa Info\" \/>\n<meta property=\"og:description\" content=\"Gerardo Zamora particip\u00f3 del sencillo y emotivo acto con el que se conmemor\u00f3 el 467\u00b0 aniversario de la fundaci\u00f3n de... Continue reading\" \/>\n<meta property=\"og:url\" content=\"https:\/\/nativainfo.com\/?p=404\" \/>\n<meta property=\"og:site_name\" content=\"Nativa Info\" \/>\n<meta property=\"article:publisher\" content=\"https:\/\/www.facebook.com\/profile.php?id=61578881597564\" \/>\n<meta property=\"article:published_time\" content=\"2020-07-25T22:54:32+00:00\" \/>\n<meta property=\"article:modified_time\" content=\"2020-07-25T22:56:24+00:00\" \/>\n<meta name=\"author\" content=\"Nativa Info\" \/>\n<meta name=\"twitter:card\" content=\"summary_large_image\" \/>\n<meta name=\"twitter:label1\" content=\"Escrito por\" \/>\n\t<meta name=\"twitter:data1\" content=\"Nativa Info\" \/>\n\t<meta name=\"twitter:label2\" content=\"Tiempo de lectura\" \/>\n\t<meta name=\"twitter:data2\" content=\"1 minuto\" \/>\n<script type=\"application\/ld+json\" class=\"yoast-schema-graph\">{\"@context\":\"https:\/\/schema.org\",\"@graph\":[{\"@type\":\"Article\",\"@id\":\"https:\/\/nativainfo.com\/?p=404#article\",\"isPartOf\":{\"@id\":\"https:\/\/nativainfo.com\/?p=404\"},\"author\":{\"name\":\"Nativa Info\",\"@id\":\"https:\/\/nativainfo.com\/#\/schema\/person\/24893b64a9cd564ddb5d102d36eb4b5c\"},\"headline\":\"El Gobernador encabez\u00f3 el acto central por un nuevo aniversario de la Madre de Ciudades\",\"datePublished\":\"2020-07-25T22:54:32+00:00\",\"dateModified\":\"2020-07-25T22:56:24+00:00\",\"mainEntityOfPage\":{\"@id\":\"https:\/\/nativainfo.com\/?p=404\"},\"wordCount\":116,\"commentCount\":0,\"publisher\":{\"@id\":\"https:\/\/nativainfo.com\/#organization\"},\"articleSection\":[\"Provincia\"],\"inLanguage\":\"es-AR\",\"potentialAction\":[{\"@type\":\"CommentAction\",\"name\":\"Comment\",\"target\":[\"https:\/\/nativainfo.com\/?p=404#respond\"]}]},{\"@type\":\"WebPage\",\"@id\":\"https:\/\/nativainfo.com\/?p=404\",\"url\":\"https:\/\/nativainfo.com\/?p=404\",\"name\":\"El Gobernador encabez\u00f3 el acto central por un nuevo aniversario de la Madre de Ciudades - Nativa Info\",\"isPartOf\":{\"@id\":\"https:\/\/nativainfo.com\/#website\"},\"datePublished\":\"2020-07-25T22:54:32+00:00\",\"dateModified\":\"2020-07-25T22:56:24+00:00\",\"breadcrumb\":{\"@id\":\"https:\/\/nativainfo.com\/?p=404#breadcrumb\"},\"inLanguage\":\"es-AR\",\"potentialAction\":[{\"@type\":\"ReadAction\",\"target\":[\"https:\/\/nativainfo.com\/?p=404\"]}]},{\"@type\":\"BreadcrumbList\",\"@id\":\"https:\/\/nativainfo.com\/?p=404#breadcrumb\",\"itemListElement\":[{\"@type\":\"ListItem\",\"position\":1,\"name\":\"Inicio\",\"item\":\"https:\/\/nativainfo.com\/\"},{\"@type\":\"ListItem\",\"position\":2,\"name\":\"El Gobernador encabez\u00f3 el acto central por un nuevo aniversario de la Madre de Ciudades\"}]},{\"@type\":\"WebSite\",\"@id\":\"https:\/\/nativainfo.com\/#website\",\"url\":\"https:\/\/nativainfo.com\/\",\"name\":\"Nativa Info\",\"description\":\"Diario Digital\",\"publisher\":{\"@id\":\"https:\/\/nativainfo.com\/#organization\"},\"potentialAction\":[{\"@type\":\"SearchAction\",\"target\":{\"@type\":\"EntryPoint\",\"urlTemplate\":\"https:\/\/nativainfo.com\/?s={search_term_string}\"},\"query-input\":{\"@type\":\"PropertyValueSpecification\",\"valueRequired\":true,\"valueName\":\"search_term_string\"}}],\"inLanguage\":\"es-AR\"},{\"@type\":\"Organization\",\"@id\":\"https:\/\/nativainfo.com\/#organization\",\"name\":\"Nativa Info\",\"url\":\"https:\/\/nativainfo.com\/\",\"logo\":{\"@type\":\"ImageObject\",\"inLanguage\":\"es-AR\",\"@id\":\"https:\/\/nativainfo.com\/#\/schema\/logo\/image\/\",\"url\":\"https:\/\/nativainfo.com\/wp-content\/uploads\/2025\/08\/LOGO-NATIVA-FACE.jpg\",\"contentUrl\":\"https:\/\/nativainfo.com\/wp-content\/uploads\/2025\/08\/LOGO-NATIVA-FACE.jpg\",\"width\":400,\"height\":400,\"caption\":\"Nativa Info\"},\"image\":{\"@id\":\"https:\/\/nativainfo.com\/#\/schema\/logo\/image\/\"},\"sameAs\":[\"https:\/\/www.facebook.com\/profile.php?id=61578881597564\"]},{\"@type\":\"Person\",\"@id\":\"https:\/\/nativainfo.com\/#\/schema\/person\/24893b64a9cd564ddb5d102d36eb4b5c\",\"name\":\"Nativa Info\",\"image\":{\"@type\":\"ImageObject\",\"inLanguage\":\"es-AR\",\"@id\":\"https:\/\/nativainfo.com\/#\/schema\/person\/image\/\",\"url\":\"https:\/\/secure.gravatar.com\/avatar\/016fa1cf068d85136d938e1507b9b619cb766e2565cbb1faa1e571762460c785?s=96&d=mm&r=g\",\"contentUrl\":\"https:\/\/secure.gravatar.com\/avatar\/016fa1cf068d85136d938e1507b9b619cb766e2565cbb1faa1e571762460c785?s=96&d=mm&r=g\",\"caption\":\"Nativa Info\"},\"sameAs\":[\"http:\/\/nativainfo.com\"],\"url\":\"https:\/\/nativainfo.com\/?author=1\"}]}<\/script>\n<!-- \/ Yoast SEO plugin. -->","yoast_head_json":{"title":"El Gobernador encabez\u00f3 el acto central por un nuevo aniversario de la Madre de Ciudades - Nativa Info","robots":{"index":"index","follow":"follow","max-snippet":"max-snippet:-1","max-image-preview":"max-image-preview:large","max-video-preview":"max-video-preview:-1"},"canonical":"https:\/\/nativainfo.com\/?p=404","og_locale":"es_ES","og_type":"article","og_title":"El Gobernador encabez\u00f3 el acto central por un nuevo aniversario de la Madre de Ciudades - Nativa Info","og_description":"Gerardo Zamora particip\u00f3 del sencillo y emotivo acto con el que se conmemor\u00f3 el 467\u00b0 aniversario de la fundaci\u00f3n de... Continue reading","og_url":"https:\/\/nativainfo.com\/?p=404","og_site_name":"Nativa Info","article_publisher":"https:\/\/www.facebook.com\/profile.php?id=61578881597564","article_published_time":"2020-07-25T22:54:32+00:00","article_modified_time":"2020-07-25T22:56:24+00:00","author":"Nativa Info","twitter_card":"summary_large_image","twitter_misc":{"Escrito por":"Nativa Info","Tiempo de lectura":"1 minuto"},"schema":{"@context":"https:\/\/schema.org","@graph":[{"@type":"Article","@id":"https:\/\/nativainfo.com\/?p=404#article","isPartOf":{"@id":"https:\/\/nativainfo.com\/?p=404"},"author":{"name":"Nativa Info","@id":"https:\/\/nativainfo.com\/#\/schema\/person\/24893b64a9cd564ddb5d102d36eb4b5c"},"headline":"El Gobernador encabez\u00f3 el acto central por un nuevo aniversario de la Madre de Ciudades","datePublished":"2020-07-25T22:54:32+00:00","dateModified":"2020-07-25T22:56:24+00:00","mainEntityOfPage":{"@id":"https:\/\/nativainfo.com\/?p=404"},"wordCount":116,"commentCount":0,"publisher":{"@id":"https:\/\/nativainfo.com\/#organization"},"articleSection":["Provincia"],"inLanguage":"es-AR","potentialAction":[{"@type":"CommentAction","name":"Comment","target":["https:\/\/nativainfo.com\/?p=404#respond"]}]},{"@type":"WebPage","@id":"https:\/\/nativainfo.com\/?p=404","url":"https:\/\/nativainfo.com\/?p=404","name":"El Gobernador encabez\u00f3 el acto central por un nuevo aniversario de la Madre de Ciudades - Nativa Info","isPartOf":{"@id":"https:\/\/nativainfo.com\/#website"},"datePublished":"2020-07-25T22:54:32+00:00","dateModified":"2020-07-25T22:56:24+00:00","breadcrumb":{"@id":"https:\/\/nativainfo.com\/?p=404#breadcrumb"},"inLanguage":"es-AR","potentialAction":[{"@type":"ReadAction","target":["https:\/\/nativainfo.com\/?p=404"]}]},{"@type":"BreadcrumbList","@id":"https:\/\/nativainfo.com\/?p=404#breadcrumb","itemListElement":[{"@type":"ListItem","position":1,"name":"Inicio","item":"https:\/\/nativainfo.com\/"},{"@type":"ListItem","position":2,"name":"El Gobernador encabez\u00f3 el acto central por un nuevo aniversario de la Madre de Ciudades"}]},{"@type":"WebSite","@id":"https:\/\/nativainfo.com\/#website","url":"https:\/\/nativainfo.com\/","name":"Nativa Info","description":"Diario Digital","publisher":{"@id":"https:\/\/nativainfo.com\/#organization"},"potentialAction":[{"@type":"SearchAction","target":{"@type":"EntryPoint","urlTemplate":"https:\/\/nativainfo.com\/?s={search_term_string}"},"query-input":{"@type":"PropertyValueSpecification","valueRequired":true,"valueName":"search_term_string"}}],"inLanguage":"es-AR"},{"@type":"Organization","@id":"https:\/\/nativainfo.com\/#organization","name":"Nativa Info","url":"https:\/\/nativainfo.com\/","logo":{"@type":"ImageObject","inLanguage":"es-AR","@id":"https:\/\/nativainfo.com\/#\/schema\/logo\/image\/","url":"https:\/\/nativainfo.com\/wp-content\/uploads\/2025\/08\/LOGO-NATIVA-FACE.jpg","contentUrl":"https:\/\/nativainfo.com\/wp-content\/uploads\/2025\/08\/LOGO-NATIVA-FACE.jpg","width":400,"height":400,"caption":"Nativa Info"},"image":{"@id":"https:\/\/nativainfo.com\/#\/schema\/logo\/image\/"},"sameAs":["https:\/\/www.facebook.com\/profile.php?id=61578881597564"]},{"@type":"Person","@id":"https:\/\/nativainfo.com\/#\/schema\/person\/24893b64a9cd564ddb5d102d36eb4b5c","name":"Nativa Info","image":{"@type":"ImageObject","inLanguage":"es-AR","@id":"https:\/\/nativainfo.com\/#\/schema\/person\/image\/","url":"https:\/\/secure.gravatar.com\/avatar\/016fa1cf068d85136d938e1507b9b619cb766e2565cbb1faa1e571762460c785?s=96&d=mm&r=g","contentUrl":"https:\/\/secure.gravatar.com\/avatar\/016fa1cf068d85136d938e1507b9b619cb766e2565cbb1faa1e571762460c785?s=96&d=mm&r=g","caption":"Nativa Info"},"sameAs":["http:\/\/nativainfo.com"],"url":"https:\/\/nativainfo.com\/?author=1"}]}},"jetpack_publicize_connections":[],"_links":{"self":[{"href":"https:\/\/nativainfo.com\/index.php?rest_route=\/wp\/v2\/posts\/404","targetHints":{"allow":["GET"]}}],"collection":[{"href":"https:\/\/nativainfo.com\/index.php?rest_route=\/wp\/v2\/posts"}],"about":[{"href":"https:\/\/nativainfo.com\/index.php?rest_route=\/wp\/v2\/types\/post"}],"author":[{"embeddable":true,"href":"https:\/\/nativainfo.com\/index.php?rest_route=\/wp\/v2\/users\/1"}],"replies":[{"embeddable":true,"href":"https:\/\/nativainfo.com\/index.php?rest_route=%2Fwp%2Fv2%2Fcomments&post=404"}],"version-history":[{"count":3,"href":"https:\/\/nativainfo.com\/index.php?rest_route=\/wp\/v2\/posts\/404\/revisions"}],"predecessor-version":[{"id":528,"href":"https:\/\/nativainfo.com\/index.php?rest_route=\/wp\/v2\/posts\/404\/revisions\/528"}],"wp:attachment":[{"href":"https:\/\/nativainfo.com\/index.php?rest_route=%2Fwp%2Fv2%2Fmedia&parent=404"}],"wp:term":[{"taxonomy":"category","embeddable":true,"href":"https:\/\/nativainfo.com\/index.php?rest_route=%2Fwp%2Fv2%2Fcategories&post=404"},{"taxonomy":"post_tag","embeddable":true,"href":"https:\/\/nativainfo.com\/index.php?rest_route=%2Fwp%2Fv2%2Ftags&post=404"}],"curies":[{"name":"wp","href":"https:\/\/api.w.org\/{rel}","templated":true}]}}