{"id":4035,"date":"2023-12-11T01:54:30","date_gmt":"2023-12-11T04:54:30","guid":{"rendered":"http:\/\/nativainfo.com\/?p=4035"},"modified":"2023-12-11T01:54:31","modified_gmt":"2023-12-11T04:54:31","slug":"javier-milei-firmo-su-primer-decreto-para-la-reforma-del-estado-se-reducen-a-9-los-ministerios","status":"publish","type":"post","link":"https:\/\/nativainfo.com\/?p=4035","title":{"rendered":"Javier Milei firm\u00f3 su primer decreto para la reforma del Estado: se reducen a 9 los ministerios"},"content":{"rendered":"\n<p>Ser\u00e1n Interior, Relaciones Exteriores, Comercio Internacional y Culto, Defensa, Econom\u00eda, Infraestructura, Justicia, Seguridad, Salud y Capital Humano.<\/p>\n\n\n\n<figure class=\"wp-block-image size-large\"><img fetchpriority=\"high\" decoding=\"async\" width=\"1010\" height=\"567\" src=\"http:\/\/nativainfo.com\/wp-content\/uploads\/2023\/12\/imagen_2023-12-11_015420680.png\" alt=\"\" class=\"wp-image-4039\" srcset=\"https:\/\/nativainfo.com\/wp-content\/uploads\/2023\/12\/imagen_2023-12-11_015420680.png 1010w, https:\/\/nativainfo.com\/wp-content\/uploads\/2023\/12\/imagen_2023-12-11_015420680-300x168.png 300w, https:\/\/nativainfo.com\/wp-content\/uploads\/2023\/12\/imagen_2023-12-11_015420680-768x431.png 768w, https:\/\/nativainfo.com\/wp-content\/uploads\/2023\/12\/imagen_2023-12-11_015420680-623x350.png 623w, https:\/\/nativainfo.com\/wp-content\/uploads\/2023\/12\/imagen_2023-12-11_015420680-150x84.png 150w\" sizes=\"(max-width: 1010px) 100vw, 1010px\" \/><\/figure>\n\n\n\n<p>El presidente&nbsp;<strong>Javier Milei&nbsp;<\/strong>firm\u00f3 su primer Decreto de Necesidad y Urgencia (DNU) este domingo, a pocas horas de haber jurado ante la Asamblea Legislativa. Como primer medida, el l\u00edder de&nbsp;<strong>La Libertad Avanza reducir\u00e1 los ministerios a 9<\/strong>, que incluir\u00e1n Interior, Relaciones Exteriores, Comercio Internacional y Culto, Defensa, Econom\u00eda, Infraestructura, Justicia, Seguridad, Salud y Capital Humano.<\/p>\n\n\n\n<p>Adem\u00e1s, \u201dlas tareas necesarias para posibilitar la actividad del Presidente de la Naci\u00f3n ser\u00e1n atendidas por las siguientes Secretar\u00edas Presidenciales: General, Legal y T\u00e9cnica, De Comunicaci\u00f3n y Prensa\u201d, detallaron en el documento al que tuvo acceso&nbsp;<strong>Infobae<\/strong>.<\/p>\n\n\n\n<p>En los \u00faltimos d\u00edas, Milei hab\u00eda confirmado a&nbsp;<strong>Luis Petri&nbsp;<\/strong>al frente del ministerio de Defensa, como parte del acuerdo pol\u00edtico que sell\u00f3 con&nbsp;<strong>Patricia Bullrich<\/strong>, quien ya perfilaba para desembarcar de regreso a la cartera de Seguridad. Y al mismo tiempo, defini\u00f3 que la vicepresidenta electa,&nbsp;<strong>Victoria Villarruel&nbsp;<\/strong>finalmente&nbsp;<em>no&nbsp;<\/em><em>tenga la jefatura pol\u00edtica de las pol\u00edticas de cada \u00e1rea<\/em>, que era el esquema de poder que se preve\u00eda antes del triunfo del balotaje.<\/p>\n\n\n\n<p>Con el mapa del Gabinete, Milei defini\u00f3 otros de sus hombres y mujeres clave para llevar adelante sus tareas de colaboraci\u00f3n. Como jefe de ministros, el libertario opt\u00f3 por&nbsp;<strong>Nicol\u00e1s Posse<\/strong>, el encargado de coordinar los equipos t\u00e9cnicos del espacio. Se desempe\u00f1\u00f3 adem\u00e1s como gerente general de la Unidad de Negocios Sur de Corporaci\u00f3n Am\u00e9rica, bajo el ala de Eduardo Eurnekian.<\/p>\n\n\n\n<p>En Econom\u00eda, el libertario apost\u00f3&nbsp;<strong>Luis \u201cToto\u201d Caputo<\/strong>, quien estuvo a cargo del \u00e1rea de Finanzas y tuvo un paso fugaz en el Banco Central (BCRA) durante la gesti\u00f3n de Cambiemos. Se trata de un hombre que hizo carrera en el Deutsche Bank y que est\u00e1 vinculado al ex presidente&nbsp;<strong>Mauricio Macri<\/strong>. Sin embargo, el ex mandatario aclar\u00f3 en un mensaje por redes sociales que tanto \u201cToto\u201d Caputo como Patricia Bullrich decidieron incorporarse a la estructura de Milei por \u201c<strong>decisi\u00f3n personal<\/strong>\u201d, y no como parte de una negociaci\u00f3n entre el fundador del PRO y el l\u00edder de La Libertad Avanza, lo que produjo tensiones y un distanciamiento entre ambos.<\/p>\n","protected":false},"excerpt":{"rendered":"<p>Ser\u00e1n Interior, Relaciones Exteriores, Comercio Internacional y Culto, Defensa, Econom\u00eda, Infraestructura, Justicia, Seguridad, Salud y Capital Humano. El presidente&nbsp;Javier Milei&nbsp;firm\u00f3&#8230; <a class=\"continue-reading-link\" href=\"https:\/\/nativainfo.com\/?p=4035\">Continue reading<\/a><\/p>\n","protected":false},"author":1,"featured_media":0,"comment_status":"open","ping_status":"open","sticky":false,"template":"","format":"standard","meta":{"rop_custom_images_group":[],"rop_custom_messages_group":[],"rop_publish_now":"initial","rop_publish_now_accounts":[],"rop_publish_now_history":[],"rop_publish_now_status":"pending","footnotes":"","jetpack_publicize_message":"","jetpack_publicize_feature_enabled":true,"jetpack_social_post_already_shared":false,"jetpack_social_options":{"image_generator_settings":{"template":"highway","default_image_id":0,"font":"","enabled":false},"version":2}},"categories":[8],"tags":[],"class_list":["post-4035","post","type-post","status-publish","format-standard","hentry","category-noticias"],"yoast_head":"<!-- This site is optimized with the Yoast SEO plugin v25.6 - https:\/\/yoast.com\/wordpress\/plugins\/seo\/ -->\n<title>Javier Milei firm\u00f3 su primer decreto para la reforma del Estado: se reducen a 9 los ministerios - Nativa Info<\/title>\n<meta name=\"robots\" content=\"index, follow, max-snippet:-1, max-image-preview:large, max-video-preview:-1\" \/>\n<link rel=\"canonical\" href=\"https:\/\/nativainfo.com\/?p=4035\" \/>\n<meta property=\"og:locale\" content=\"es_ES\" \/>\n<meta property=\"og:type\" content=\"article\" \/>\n<meta property=\"og:title\" content=\"Javier Milei firm\u00f3 su primer decreto para la reforma del Estado: se reducen a 9 los ministerios - Nativa Info\" \/>\n<meta property=\"og:description\" content=\"Ser\u00e1n Interior, Relaciones Exteriores, Comercio Internacional y Culto, Defensa, Econom\u00eda, Infraestructura, Justicia, Seguridad, Salud y Capital Humano. El presidente&nbsp;Javier Milei&nbsp;firm\u00f3... Continue reading\" \/>\n<meta property=\"og:url\" content=\"https:\/\/nativainfo.com\/?p=4035\" \/>\n<meta property=\"og:site_name\" content=\"Nativa Info\" \/>\n<meta property=\"article:publisher\" content=\"https:\/\/www.facebook.com\/profile.php?id=61578881597564\" \/>\n<meta property=\"article:published_time\" content=\"2023-12-11T04:54:30+00:00\" \/>\n<meta property=\"article:modified_time\" content=\"2023-12-11T04:54:31+00:00\" \/>\n<meta property=\"og:image\" content=\"http:\/\/nativainfo.com\/wp-content\/uploads\/2023\/12\/imagen_2023-12-11_015420680.png\" \/>\n<meta name=\"author\" content=\"Nativa Info\" \/>\n<meta name=\"twitter:card\" content=\"summary_large_image\" \/>\n<meta name=\"twitter:label1\" content=\"Escrito por\" \/>\n\t<meta name=\"twitter:data1\" content=\"Nativa Info\" \/>\n\t<meta name=\"twitter:label2\" content=\"Tiempo de lectura\" \/>\n\t<meta name=\"twitter:data2\" content=\"2 minutos\" \/>\n<script type=\"application\/ld+json\" class=\"yoast-schema-graph\">{\"@context\":\"https:\/\/schema.org\",\"@graph\":[{\"@type\":\"Article\",\"@id\":\"https:\/\/nativainfo.com\/?p=4035#article\",\"isPartOf\":{\"@id\":\"https:\/\/nativainfo.com\/?p=4035\"},\"author\":{\"name\":\"Nativa Info\",\"@id\":\"https:\/\/nativainfo.com\/#\/schema\/person\/24893b64a9cd564ddb5d102d36eb4b5c\"},\"headline\":\"Javier Milei firm\u00f3 su primer decreto para la reforma del Estado: se reducen a 9 los ministerios\",\"datePublished\":\"2023-12-11T04:54:30+00:00\",\"dateModified\":\"2023-12-11T04:54:31+00:00\",\"mainEntityOfPage\":{\"@id\":\"https:\/\/nativainfo.com\/?p=4035\"},\"wordCount\":413,\"commentCount\":0,\"publisher\":{\"@id\":\"https:\/\/nativainfo.com\/#organization\"},\"image\":{\"@id\":\"https:\/\/nativainfo.com\/?p=4035#primaryimage\"},\"thumbnailUrl\":\"http:\/\/nativainfo.com\/wp-content\/uploads\/2023\/12\/imagen_2023-12-11_015420680.png\",\"articleSection\":[\"Noticias\"],\"inLanguage\":\"es-AR\",\"potentialAction\":[{\"@type\":\"CommentAction\",\"name\":\"Comment\",\"target\":[\"https:\/\/nativainfo.com\/?p=4035#respond\"]}]},{\"@type\":\"WebPage\",\"@id\":\"https:\/\/nativainfo.com\/?p=4035\",\"url\":\"https:\/\/nativainfo.com\/?p=4035\",\"name\":\"Javier Milei firm\u00f3 su primer decreto para la reforma del Estado: se reducen a 9 los ministerios - Nativa Info\",\"isPartOf\":{\"@id\":\"https:\/\/nativainfo.com\/#website\"},\"primaryImageOfPage\":{\"@id\":\"https:\/\/nativainfo.com\/?p=4035#primaryimage\"},\"image\":{\"@id\":\"https:\/\/nativainfo.com\/?p=4035#primaryimage\"},\"thumbnailUrl\":\"http:\/\/nativainfo.com\/wp-content\/uploads\/2023\/12\/imagen_2023-12-11_015420680.png\",\"datePublished\":\"2023-12-11T04:54:30+00:00\",\"dateModified\":\"2023-12-11T04:54:31+00:00\",\"breadcrumb\":{\"@id\":\"https:\/\/nativainfo.com\/?p=4035#breadcrumb\"},\"inLanguage\":\"es-AR\",\"potentialAction\":[{\"@type\":\"ReadAction\",\"target\":[\"https:\/\/nativainfo.com\/?p=4035\"]}]},{\"@type\":\"ImageObject\",\"inLanguage\":\"es-AR\",\"@id\":\"https:\/\/nativainfo.com\/?p=4035#primaryimage\",\"url\":\"https:\/\/nativainfo.com\/wp-content\/uploads\/2023\/12\/imagen_2023-12-11_015420680.png\",\"contentUrl\":\"https:\/\/nativainfo.com\/wp-content\/uploads\/2023\/12\/imagen_2023-12-11_015420680.png\",\"width\":1010,\"height\":567},{\"@type\":\"BreadcrumbList\",\"@id\":\"https:\/\/nativainfo.com\/?p=4035#breadcrumb\",\"itemListElement\":[{\"@type\":\"ListItem\",\"position\":1,\"name\":\"Inicio\",\"item\":\"https:\/\/nativainfo.com\/\"},{\"@type\":\"ListItem\",\"position\":2,\"name\":\"Javier Milei firm\u00f3 su primer decreto para la reforma del Estado: se reducen a 9 los ministerios\"}]},{\"@type\":\"WebSite\",\"@id\":\"https:\/\/nativainfo.com\/#website\",\"url\":\"https:\/\/nativainfo.com\/\",\"name\":\"Nativa Info\",\"description\":\"Diario Digital\",\"publisher\":{\"@id\":\"https:\/\/nativainfo.com\/#organization\"},\"potentialAction\":[{\"@type\":\"SearchAction\",\"target\":{\"@type\":\"EntryPoint\",\"urlTemplate\":\"https:\/\/nativainfo.com\/?s={search_term_string}\"},\"query-input\":{\"@type\":\"PropertyValueSpecification\",\"valueRequired\":true,\"valueName\":\"search_term_string\"}}],\"inLanguage\":\"es-AR\"},{\"@type\":\"Organization\",\"@id\":\"https:\/\/nativainfo.com\/#organization\",\"name\":\"Nativa Info\",\"url\":\"https:\/\/nativainfo.com\/\",\"logo\":{\"@type\":\"ImageObject\",\"inLanguage\":\"es-AR\",\"@id\":\"https:\/\/nativainfo.com\/#\/schema\/logo\/image\/\",\"url\":\"https:\/\/nativainfo.com\/wp-content\/uploads\/2025\/08\/LOGO-NATIVA-FACE.jpg\",\"contentUrl\":\"https:\/\/nativainfo.com\/wp-content\/uploads\/2025\/08\/LOGO-NATIVA-FACE.jpg\",\"width\":400,\"height\":400,\"caption\":\"Nativa Info\"},\"image\":{\"@id\":\"https:\/\/nativainfo.com\/#\/schema\/logo\/image\/\"},\"sameAs\":[\"https:\/\/www.facebook.com\/profile.php?id=61578881597564\"]},{\"@type\":\"Person\",\"@id\":\"https:\/\/nativainfo.com\/#\/schema\/person\/24893b64a9cd564ddb5d102d36eb4b5c\",\"name\":\"Nativa Info\",\"image\":{\"@type\":\"ImageObject\",\"inLanguage\":\"es-AR\",\"@id\":\"https:\/\/nativainfo.com\/#\/schema\/person\/image\/\",\"url\":\"https:\/\/secure.gravatar.com\/avatar\/016fa1cf068d85136d938e1507b9b619cb766e2565cbb1faa1e571762460c785?s=96&d=mm&r=g\",\"contentUrl\":\"https:\/\/secure.gravatar.com\/avatar\/016fa1cf068d85136d938e1507b9b619cb766e2565cbb1faa1e571762460c785?s=96&d=mm&r=g\",\"caption\":\"Nativa Info\"},\"sameAs\":[\"http:\/\/nativainfo.com\"],\"url\":\"https:\/\/nativainfo.com\/?author=1\"}]}<\/script>\n<!-- \/ Yoast SEO plugin. -->","yoast_head_json":{"title":"Javier Milei firm\u00f3 su primer decreto para la reforma del Estado: se reducen a 9 los ministerios - Nativa Info","robots":{"index":"index","follow":"follow","max-snippet":"max-snippet:-1","max-image-preview":"max-image-preview:large","max-video-preview":"max-video-preview:-1"},"canonical":"https:\/\/nativainfo.com\/?p=4035","og_locale":"es_ES","og_type":"article","og_title":"Javier Milei firm\u00f3 su primer decreto para la reforma del Estado: se reducen a 9 los ministerios - Nativa Info","og_description":"Ser\u00e1n Interior, Relaciones Exteriores, Comercio Internacional y Culto, Defensa, Econom\u00eda, Infraestructura, Justicia, Seguridad, Salud y Capital Humano. El presidente&nbsp;Javier Milei&nbsp;firm\u00f3... Continue reading","og_url":"https:\/\/nativainfo.com\/?p=4035","og_site_name":"Nativa Info","article_publisher":"https:\/\/www.facebook.com\/profile.php?id=61578881597564","article_published_time":"2023-12-11T04:54:30+00:00","article_modified_time":"2023-12-11T04:54:31+00:00","og_image":[{"url":"http:\/\/nativainfo.com\/wp-content\/uploads\/2023\/12\/imagen_2023-12-11_015420680.png","type":"","width":"","height":""}],"author":"Nativa Info","twitter_card":"summary_large_image","twitter_misc":{"Escrito por":"Nativa Info","Tiempo de lectura":"2 minutos"},"schema":{"@context":"https:\/\/schema.org","@graph":[{"@type":"Article","@id":"https:\/\/nativainfo.com\/?p=4035#article","isPartOf":{"@id":"https:\/\/nativainfo.com\/?p=4035"},"author":{"name":"Nativa Info","@id":"https:\/\/nativainfo.com\/#\/schema\/person\/24893b64a9cd564ddb5d102d36eb4b5c"},"headline":"Javier Milei firm\u00f3 su primer decreto para la reforma del Estado: se reducen a 9 los ministerios","datePublished":"2023-12-11T04:54:30+00:00","dateModified":"2023-12-11T04:54:31+00:00","mainEntityOfPage":{"@id":"https:\/\/nativainfo.com\/?p=4035"},"wordCount":413,"commentCount":0,"publisher":{"@id":"https:\/\/nativainfo.com\/#organization"},"image":{"@id":"https:\/\/nativainfo.com\/?p=4035#primaryimage"},"thumbnailUrl":"http:\/\/nativainfo.com\/wp-content\/uploads\/2023\/12\/imagen_2023-12-11_015420680.png","articleSection":["Noticias"],"inLanguage":"es-AR","potentialAction":[{"@type":"CommentAction","name":"Comment","target":["https:\/\/nativainfo.com\/?p=4035#respond"]}]},{"@type":"WebPage","@id":"https:\/\/nativainfo.com\/?p=4035","url":"https:\/\/nativainfo.com\/?p=4035","name":"Javier Milei firm\u00f3 su primer decreto para la reforma del Estado: se reducen a 9 los ministerios - Nativa Info","isPartOf":{"@id":"https:\/\/nativainfo.com\/#website"},"primaryImageOfPage":{"@id":"https:\/\/nativainfo.com\/?p=4035#primaryimage"},"image":{"@id":"https:\/\/nativainfo.com\/?p=4035#primaryimage"},"thumbnailUrl":"http:\/\/nativainfo.com\/wp-content\/uploads\/2023\/12\/imagen_2023-12-11_015420680.png","datePublished":"2023-12-11T04:54:30+00:00","dateModified":"2023-12-11T04:54:31+00:00","breadcrumb":{"@id":"https:\/\/nativainfo.com\/?p=4035#breadcrumb"},"inLanguage":"es-AR","potentialAction":[{"@type":"ReadAction","target":["https:\/\/nativainfo.com\/?p=4035"]}]},{"@type":"ImageObject","inLanguage":"es-AR","@id":"https:\/\/nativainfo.com\/?p=4035#primaryimage","url":"https:\/\/nativainfo.com\/wp-content\/uploads\/2023\/12\/imagen_2023-12-11_015420680.png","contentUrl":"https:\/\/nativainfo.com\/wp-content\/uploads\/2023\/12\/imagen_2023-12-11_015420680.png","width":1010,"height":567},{"@type":"BreadcrumbList","@id":"https:\/\/nativainfo.com\/?p=4035#breadcrumb","itemListElement":[{"@type":"ListItem","position":1,"name":"Inicio","item":"https:\/\/nativainfo.com\/"},{"@type":"ListItem","position":2,"name":"Javier Milei firm\u00f3 su primer decreto para la reforma del Estado: se reducen a 9 los ministerios"}]},{"@type":"WebSite","@id":"https:\/\/nativainfo.com\/#website","url":"https:\/\/nativainfo.com\/","name":"Nativa Info","description":"Diario Digital","publisher":{"@id":"https:\/\/nativainfo.com\/#organization"},"potentialAction":[{"@type":"SearchAction","target":{"@type":"EntryPoint","urlTemplate":"https:\/\/nativainfo.com\/?s={search_term_string}"},"query-input":{"@type":"PropertyValueSpecification","valueRequired":true,"valueName":"search_term_string"}}],"inLanguage":"es-AR"},{"@type":"Organization","@id":"https:\/\/nativainfo.com\/#organization","name":"Nativa Info","url":"https:\/\/nativainfo.com\/","logo":{"@type":"ImageObject","inLanguage":"es-AR","@id":"https:\/\/nativainfo.com\/#\/schema\/logo\/image\/","url":"https:\/\/nativainfo.com\/wp-content\/uploads\/2025\/08\/LOGO-NATIVA-FACE.jpg","contentUrl":"https:\/\/nativainfo.com\/wp-content\/uploads\/2025\/08\/LOGO-NATIVA-FACE.jpg","width":400,"height":400,"caption":"Nativa Info"},"image":{"@id":"https:\/\/nativainfo.com\/#\/schema\/logo\/image\/"},"sameAs":["https:\/\/www.facebook.com\/profile.php?id=61578881597564"]},{"@type":"Person","@id":"https:\/\/nativainfo.com\/#\/schema\/person\/24893b64a9cd564ddb5d102d36eb4b5c","name":"Nativa Info","image":{"@type":"ImageObject","inLanguage":"es-AR","@id":"https:\/\/nativainfo.com\/#\/schema\/person\/image\/","url":"https:\/\/secure.gravatar.com\/avatar\/016fa1cf068d85136d938e1507b9b619cb766e2565cbb1faa1e571762460c785?s=96&d=mm&r=g","contentUrl":"https:\/\/secure.gravatar.com\/avatar\/016fa1cf068d85136d938e1507b9b619cb766e2565cbb1faa1e571762460c785?s=96&d=mm&r=g","caption":"Nativa Info"},"sameAs":["http:\/\/nativainfo.com"],"url":"https:\/\/nativainfo.com\/?author=1"}]}},"jetpack_publicize_connections":[],"_links":{"self":[{"href":"https:\/\/nativainfo.com\/index.php?rest_route=\/wp\/v2\/posts\/4035","targetHints":{"allow":["GET"]}}],"collection":[{"href":"https:\/\/nativainfo.com\/index.php?rest_route=\/wp\/v2\/posts"}],"about":[{"href":"https:\/\/nativainfo.com\/index.php?rest_route=\/wp\/v2\/types\/post"}],"author":[{"embeddable":true,"href":"https:\/\/nativainfo.com\/index.php?rest_route=\/wp\/v2\/users\/1"}],"replies":[{"embeddable":true,"href":"https:\/\/nativainfo.com\/index.php?rest_route=%2Fwp%2Fv2%2Fcomments&post=4035"}],"version-history":[{"count":1,"href":"https:\/\/nativainfo.com\/index.php?rest_route=\/wp\/v2\/posts\/4035\/revisions"}],"predecessor-version":[{"id":4040,"href":"https:\/\/nativainfo.com\/index.php?rest_route=\/wp\/v2\/posts\/4035\/revisions\/4040"}],"wp:attachment":[{"href":"https:\/\/nativainfo.com\/index.php?rest_route=%2Fwp%2Fv2%2Fmedia&parent=4035"}],"wp:term":[{"taxonomy":"category","embeddable":true,"href":"https:\/\/nativainfo.com\/index.php?rest_route=%2Fwp%2Fv2%2Fcategories&post=4035"},{"taxonomy":"post_tag","embeddable":true,"href":"https:\/\/nativainfo.com\/index.php?rest_route=%2Fwp%2Fv2%2Ftags&post=4035"}],"curies":[{"name":"wp","href":"https:\/\/api.w.org\/{rel}","templated":true}]}}