{"id":4025,"date":"2023-12-07T00:49:12","date_gmt":"2023-12-07T03:49:12","guid":{"rendered":"http:\/\/nativainfo.com\/?p=4025"},"modified":"2023-12-07T00:50:50","modified_gmt":"2023-12-07T03:50:50","slug":"la-ing-fuentes-participo-en-el-parque-del-encuentro-de-una-jornada-por-el-dia-de-las-personas-con-discapacidad","status":"publish","type":"post","link":"https:\/\/nativainfo.com\/?p=4025","title":{"rendered":"La Ing. Fuentes particip\u00f3 en el parque del Encuentro de una jornada por el d\u00eda de las Personas con Discapacidad"},"content":{"rendered":"\n<p>Fue organizada conjuntamente con diversas instituciones del medio.<\/p>\n\n\n\n<figure class=\"wp-block-image size-large\"><img fetchpriority=\"high\" decoding=\"async\" width=\"1010\" height=\"567\" src=\"http:\/\/nativainfo.com\/wp-content\/uploads\/2023\/12\/imagen_2023-12-07_004902986.png\" alt=\"\" class=\"wp-image-4028\" srcset=\"https:\/\/nativainfo.com\/wp-content\/uploads\/2023\/12\/imagen_2023-12-07_004902986.png 1010w, https:\/\/nativainfo.com\/wp-content\/uploads\/2023\/12\/imagen_2023-12-07_004902986-300x168.png 300w, https:\/\/nativainfo.com\/wp-content\/uploads\/2023\/12\/imagen_2023-12-07_004902986-768x431.png 768w, https:\/\/nativainfo.com\/wp-content\/uploads\/2023\/12\/imagen_2023-12-07_004902986-623x350.png 623w, https:\/\/nativainfo.com\/wp-content\/uploads\/2023\/12\/imagen_2023-12-07_004902986-150x84.png 150w\" sizes=\"(max-width: 1010px) 100vw, 1010px\" \/><\/figure>\n\n\n\n<p>Por el D\u00eda Internacional de las Personas con Discapacidad que se conmemor\u00f3 el domingo \u00faltimo, la intendente de la Capital, Ing. Norma Fuentes, encabez\u00f3 una jornada de concientizaci\u00f3n en el Parque del Encuentro, organizada conjuntamente por el municipio con diversas instituciones del medio.&nbsp;<\/p>\n\n\n\n<p>El encuentro tuvo como prop\u00f3sito promover los derechos y el bienestar de las personas con discapacidad, en el marco del programa Ciudad Inclusiva.<\/p>\n\n\n\n<p>Los presentes realizaron una pintada de un mural, una caminata guiada a ciegas, un juego sobre lengua de se\u00f1as y una charla sobre dislexia, entre otras propuestas tendientes a garantizar el respeto hacia las personas con discapacidad y brindarles igualdad de oportunidades.<\/p>\n\n\n\n<p>Formaron parte de las actividades el Hogar El Jard\u00edn, Instituto CETSE, Instituto Imer, ASPADI, Escuela Sagrado Coraz\u00f3n, Asociaci\u00f3n ACAPSSE, Asociaci\u00f3n Meta, Tat\u00fa rugby inclusivo, Sonckoymanta, TDAH y CEI N 50.<\/p>\n\n\n\n<p>Acompa\u00f1aron a la intendente Fuentes, el secretario de Gobierno, Ing. N\u00e9stor Machado; la subsecretaria de Educaci\u00f3n y Desarrollo Comunitario, Lic. Nancy Bravo; adem\u00e1s de representantes de las entidades.<\/p>\n","protected":false},"excerpt":{"rendered":"<p>Fue organizada conjuntamente con diversas instituciones del medio. Por el D\u00eda Internacional de las Personas con Discapacidad que se conmemor\u00f3&#8230; <a class=\"continue-reading-link\" href=\"https:\/\/nativainfo.com\/?p=4025\">Continue reading<\/a><\/p>\n","protected":false},"author":1,"featured_media":0,"comment_status":"open","ping_status":"open","sticky":false,"template":"","format":"standard","meta":{"rop_custom_images_group":[],"rop_custom_messages_group":[],"rop_publish_now":"initial","rop_publish_now_accounts":[],"rop_publish_now_history":[],"rop_publish_now_status":"pending","footnotes":"","jetpack_publicize_message":"","jetpack_publicize_feature_enabled":true,"jetpack_social_post_already_shared":false,"jetpack_social_options":{"image_generator_settings":{"template":"highway","default_image_id":0,"font":"","enabled":false},"version":2}},"categories":[48],"tags":[],"class_list":["post-4025","post","type-post","status-publish","format-standard","hentry","category-capital"],"yoast_head":"<!-- This site is optimized with the Yoast SEO plugin v25.6 - https:\/\/yoast.com\/wordpress\/plugins\/seo\/ -->\n<title>La Ing. Fuentes particip\u00f3 en el parque del Encuentro de una jornada por el d\u00eda de las Personas con Discapacidad - Nativa Info<\/title>\n<meta name=\"robots\" content=\"index, follow, max-snippet:-1, max-image-preview:large, max-video-preview:-1\" \/>\n<link rel=\"canonical\" href=\"https:\/\/nativainfo.com\/?p=4025\" \/>\n<meta property=\"og:locale\" content=\"es_ES\" \/>\n<meta property=\"og:type\" content=\"article\" \/>\n<meta property=\"og:title\" content=\"La Ing. Fuentes particip\u00f3 en el parque del Encuentro de una jornada por el d\u00eda de las Personas con Discapacidad - Nativa Info\" \/>\n<meta property=\"og:description\" content=\"Fue organizada conjuntamente con diversas instituciones del medio. Por el D\u00eda Internacional de las Personas con Discapacidad que se conmemor\u00f3... Continue reading\" \/>\n<meta property=\"og:url\" content=\"https:\/\/nativainfo.com\/?p=4025\" \/>\n<meta property=\"og:site_name\" content=\"Nativa Info\" \/>\n<meta property=\"article:publisher\" content=\"https:\/\/www.facebook.com\/profile.php?id=61578881597564\" \/>\n<meta property=\"article:published_time\" content=\"2023-12-07T03:49:12+00:00\" \/>\n<meta property=\"article:modified_time\" content=\"2023-12-07T03:50:50+00:00\" \/>\n<meta property=\"og:image\" content=\"http:\/\/nativainfo.com\/wp-content\/uploads\/2023\/12\/imagen_2023-12-07_004902986.png\" \/>\n<meta name=\"author\" content=\"Nativa Info\" \/>\n<meta name=\"twitter:card\" content=\"summary_large_image\" \/>\n<meta name=\"twitter:label1\" content=\"Escrito por\" \/>\n\t<meta name=\"twitter:data1\" content=\"Nativa Info\" \/>\n\t<meta name=\"twitter:label2\" content=\"Tiempo de lectura\" \/>\n\t<meta name=\"twitter:data2\" content=\"1 minuto\" \/>\n<script type=\"application\/ld+json\" class=\"yoast-schema-graph\">{\"@context\":\"https:\/\/schema.org\",\"@graph\":[{\"@type\":\"Article\",\"@id\":\"https:\/\/nativainfo.com\/?p=4025#article\",\"isPartOf\":{\"@id\":\"https:\/\/nativainfo.com\/?p=4025\"},\"author\":{\"name\":\"Nativa Info\",\"@id\":\"https:\/\/nativainfo.com\/#\/schema\/person\/24893b64a9cd564ddb5d102d36eb4b5c\"},\"headline\":\"La Ing. Fuentes particip\u00f3 en el parque del Encuentro de una jornada por el d\u00eda de las Personas con Discapacidad\",\"datePublished\":\"2023-12-07T03:49:12+00:00\",\"dateModified\":\"2023-12-07T03:50:50+00:00\",\"mainEntityOfPage\":{\"@id\":\"https:\/\/nativainfo.com\/?p=4025\"},\"wordCount\":207,\"commentCount\":0,\"publisher\":{\"@id\":\"https:\/\/nativainfo.com\/#organization\"},\"image\":{\"@id\":\"https:\/\/nativainfo.com\/?p=4025#primaryimage\"},\"thumbnailUrl\":\"http:\/\/nativainfo.com\/wp-content\/uploads\/2023\/12\/imagen_2023-12-07_004902986.png\",\"articleSection\":[\"Capital\"],\"inLanguage\":\"es-AR\",\"potentialAction\":[{\"@type\":\"CommentAction\",\"name\":\"Comment\",\"target\":[\"https:\/\/nativainfo.com\/?p=4025#respond\"]}]},{\"@type\":\"WebPage\",\"@id\":\"https:\/\/nativainfo.com\/?p=4025\",\"url\":\"https:\/\/nativainfo.com\/?p=4025\",\"name\":\"La Ing. Fuentes particip\u00f3 en el parque del Encuentro de una jornada por el d\u00eda de las Personas con Discapacidad - Nativa Info\",\"isPartOf\":{\"@id\":\"https:\/\/nativainfo.com\/#website\"},\"primaryImageOfPage\":{\"@id\":\"https:\/\/nativainfo.com\/?p=4025#primaryimage\"},\"image\":{\"@id\":\"https:\/\/nativainfo.com\/?p=4025#primaryimage\"},\"thumbnailUrl\":\"http:\/\/nativainfo.com\/wp-content\/uploads\/2023\/12\/imagen_2023-12-07_004902986.png\",\"datePublished\":\"2023-12-07T03:49:12+00:00\",\"dateModified\":\"2023-12-07T03:50:50+00:00\",\"breadcrumb\":{\"@id\":\"https:\/\/nativainfo.com\/?p=4025#breadcrumb\"},\"inLanguage\":\"es-AR\",\"potentialAction\":[{\"@type\":\"ReadAction\",\"target\":[\"https:\/\/nativainfo.com\/?p=4025\"]}]},{\"@type\":\"ImageObject\",\"inLanguage\":\"es-AR\",\"@id\":\"https:\/\/nativainfo.com\/?p=4025#primaryimage\",\"url\":\"https:\/\/nativainfo.com\/wp-content\/uploads\/2023\/12\/imagen_2023-12-07_004902986.png\",\"contentUrl\":\"https:\/\/nativainfo.com\/wp-content\/uploads\/2023\/12\/imagen_2023-12-07_004902986.png\",\"width\":1010,\"height\":567},{\"@type\":\"BreadcrumbList\",\"@id\":\"https:\/\/nativainfo.com\/?p=4025#breadcrumb\",\"itemListElement\":[{\"@type\":\"ListItem\",\"position\":1,\"name\":\"Inicio\",\"item\":\"https:\/\/nativainfo.com\/\"},{\"@type\":\"ListItem\",\"position\":2,\"name\":\"La Ing. Fuentes particip\u00f3 en el parque del Encuentro de una jornada por el d\u00eda de las Personas con Discapacidad\"}]},{\"@type\":\"WebSite\",\"@id\":\"https:\/\/nativainfo.com\/#website\",\"url\":\"https:\/\/nativainfo.com\/\",\"name\":\"Nativa Info\",\"description\":\"Diario Digital\",\"publisher\":{\"@id\":\"https:\/\/nativainfo.com\/#organization\"},\"potentialAction\":[{\"@type\":\"SearchAction\",\"target\":{\"@type\":\"EntryPoint\",\"urlTemplate\":\"https:\/\/nativainfo.com\/?s={search_term_string}\"},\"query-input\":{\"@type\":\"PropertyValueSpecification\",\"valueRequired\":true,\"valueName\":\"search_term_string\"}}],\"inLanguage\":\"es-AR\"},{\"@type\":\"Organization\",\"@id\":\"https:\/\/nativainfo.com\/#organization\",\"name\":\"Nativa Info\",\"url\":\"https:\/\/nativainfo.com\/\",\"logo\":{\"@type\":\"ImageObject\",\"inLanguage\":\"es-AR\",\"@id\":\"https:\/\/nativainfo.com\/#\/schema\/logo\/image\/\",\"url\":\"https:\/\/nativainfo.com\/wp-content\/uploads\/2025\/08\/LOGO-NATIVA-FACE.jpg\",\"contentUrl\":\"https:\/\/nativainfo.com\/wp-content\/uploads\/2025\/08\/LOGO-NATIVA-FACE.jpg\",\"width\":400,\"height\":400,\"caption\":\"Nativa Info\"},\"image\":{\"@id\":\"https:\/\/nativainfo.com\/#\/schema\/logo\/image\/\"},\"sameAs\":[\"https:\/\/www.facebook.com\/profile.php?id=61578881597564\"]},{\"@type\":\"Person\",\"@id\":\"https:\/\/nativainfo.com\/#\/schema\/person\/24893b64a9cd564ddb5d102d36eb4b5c\",\"name\":\"Nativa Info\",\"image\":{\"@type\":\"ImageObject\",\"inLanguage\":\"es-AR\",\"@id\":\"https:\/\/nativainfo.com\/#\/schema\/person\/image\/\",\"url\":\"https:\/\/secure.gravatar.com\/avatar\/016fa1cf068d85136d938e1507b9b619cb766e2565cbb1faa1e571762460c785?s=96&d=mm&r=g\",\"contentUrl\":\"https:\/\/secure.gravatar.com\/avatar\/016fa1cf068d85136d938e1507b9b619cb766e2565cbb1faa1e571762460c785?s=96&d=mm&r=g\",\"caption\":\"Nativa Info\"},\"sameAs\":[\"http:\/\/nativainfo.com\"],\"url\":\"https:\/\/nativainfo.com\/?author=1\"}]}<\/script>\n<!-- \/ Yoast SEO plugin. -->","yoast_head_json":{"title":"La Ing. Fuentes particip\u00f3 en el parque del Encuentro de una jornada por el d\u00eda de las Personas con Discapacidad - Nativa Info","robots":{"index":"index","follow":"follow","max-snippet":"max-snippet:-1","max-image-preview":"max-image-preview:large","max-video-preview":"max-video-preview:-1"},"canonical":"https:\/\/nativainfo.com\/?p=4025","og_locale":"es_ES","og_type":"article","og_title":"La Ing. Fuentes particip\u00f3 en el parque del Encuentro de una jornada por el d\u00eda de las Personas con Discapacidad - Nativa Info","og_description":"Fue organizada conjuntamente con diversas instituciones del medio. Por el D\u00eda Internacional de las Personas con Discapacidad que se conmemor\u00f3... Continue reading","og_url":"https:\/\/nativainfo.com\/?p=4025","og_site_name":"Nativa Info","article_publisher":"https:\/\/www.facebook.com\/profile.php?id=61578881597564","article_published_time":"2023-12-07T03:49:12+00:00","article_modified_time":"2023-12-07T03:50:50+00:00","og_image":[{"url":"http:\/\/nativainfo.com\/wp-content\/uploads\/2023\/12\/imagen_2023-12-07_004902986.png","type":"","width":"","height":""}],"author":"Nativa Info","twitter_card":"summary_large_image","twitter_misc":{"Escrito por":"Nativa Info","Tiempo de lectura":"1 minuto"},"schema":{"@context":"https:\/\/schema.org","@graph":[{"@type":"Article","@id":"https:\/\/nativainfo.com\/?p=4025#article","isPartOf":{"@id":"https:\/\/nativainfo.com\/?p=4025"},"author":{"name":"Nativa Info","@id":"https:\/\/nativainfo.com\/#\/schema\/person\/24893b64a9cd564ddb5d102d36eb4b5c"},"headline":"La Ing. Fuentes particip\u00f3 en el parque del Encuentro de una jornada por el d\u00eda de las Personas con Discapacidad","datePublished":"2023-12-07T03:49:12+00:00","dateModified":"2023-12-07T03:50:50+00:00","mainEntityOfPage":{"@id":"https:\/\/nativainfo.com\/?p=4025"},"wordCount":207,"commentCount":0,"publisher":{"@id":"https:\/\/nativainfo.com\/#organization"},"image":{"@id":"https:\/\/nativainfo.com\/?p=4025#primaryimage"},"thumbnailUrl":"http:\/\/nativainfo.com\/wp-content\/uploads\/2023\/12\/imagen_2023-12-07_004902986.png","articleSection":["Capital"],"inLanguage":"es-AR","potentialAction":[{"@type":"CommentAction","name":"Comment","target":["https:\/\/nativainfo.com\/?p=4025#respond"]}]},{"@type":"WebPage","@id":"https:\/\/nativainfo.com\/?p=4025","url":"https:\/\/nativainfo.com\/?p=4025","name":"La Ing. Fuentes particip\u00f3 en el parque del Encuentro de una jornada por el d\u00eda de las Personas con Discapacidad - Nativa Info","isPartOf":{"@id":"https:\/\/nativainfo.com\/#website"},"primaryImageOfPage":{"@id":"https:\/\/nativainfo.com\/?p=4025#primaryimage"},"image":{"@id":"https:\/\/nativainfo.com\/?p=4025#primaryimage"},"thumbnailUrl":"http:\/\/nativainfo.com\/wp-content\/uploads\/2023\/12\/imagen_2023-12-07_004902986.png","datePublished":"2023-12-07T03:49:12+00:00","dateModified":"2023-12-07T03:50:50+00:00","breadcrumb":{"@id":"https:\/\/nativainfo.com\/?p=4025#breadcrumb"},"inLanguage":"es-AR","potentialAction":[{"@type":"ReadAction","target":["https:\/\/nativainfo.com\/?p=4025"]}]},{"@type":"ImageObject","inLanguage":"es-AR","@id":"https:\/\/nativainfo.com\/?p=4025#primaryimage","url":"https:\/\/nativainfo.com\/wp-content\/uploads\/2023\/12\/imagen_2023-12-07_004902986.png","contentUrl":"https:\/\/nativainfo.com\/wp-content\/uploads\/2023\/12\/imagen_2023-12-07_004902986.png","width":1010,"height":567},{"@type":"BreadcrumbList","@id":"https:\/\/nativainfo.com\/?p=4025#breadcrumb","itemListElement":[{"@type":"ListItem","position":1,"name":"Inicio","item":"https:\/\/nativainfo.com\/"},{"@type":"ListItem","position":2,"name":"La Ing. Fuentes particip\u00f3 en el parque del Encuentro de una jornada por el d\u00eda de las Personas con Discapacidad"}]},{"@type":"WebSite","@id":"https:\/\/nativainfo.com\/#website","url":"https:\/\/nativainfo.com\/","name":"Nativa Info","description":"Diario Digital","publisher":{"@id":"https:\/\/nativainfo.com\/#organization"},"potentialAction":[{"@type":"SearchAction","target":{"@type":"EntryPoint","urlTemplate":"https:\/\/nativainfo.com\/?s={search_term_string}"},"query-input":{"@type":"PropertyValueSpecification","valueRequired":true,"valueName":"search_term_string"}}],"inLanguage":"es-AR"},{"@type":"Organization","@id":"https:\/\/nativainfo.com\/#organization","name":"Nativa Info","url":"https:\/\/nativainfo.com\/","logo":{"@type":"ImageObject","inLanguage":"es-AR","@id":"https:\/\/nativainfo.com\/#\/schema\/logo\/image\/","url":"https:\/\/nativainfo.com\/wp-content\/uploads\/2025\/08\/LOGO-NATIVA-FACE.jpg","contentUrl":"https:\/\/nativainfo.com\/wp-content\/uploads\/2025\/08\/LOGO-NATIVA-FACE.jpg","width":400,"height":400,"caption":"Nativa Info"},"image":{"@id":"https:\/\/nativainfo.com\/#\/schema\/logo\/image\/"},"sameAs":["https:\/\/www.facebook.com\/profile.php?id=61578881597564"]},{"@type":"Person","@id":"https:\/\/nativainfo.com\/#\/schema\/person\/24893b64a9cd564ddb5d102d36eb4b5c","name":"Nativa Info","image":{"@type":"ImageObject","inLanguage":"es-AR","@id":"https:\/\/nativainfo.com\/#\/schema\/person\/image\/","url":"https:\/\/secure.gravatar.com\/avatar\/016fa1cf068d85136d938e1507b9b619cb766e2565cbb1faa1e571762460c785?s=96&d=mm&r=g","contentUrl":"https:\/\/secure.gravatar.com\/avatar\/016fa1cf068d85136d938e1507b9b619cb766e2565cbb1faa1e571762460c785?s=96&d=mm&r=g","caption":"Nativa Info"},"sameAs":["http:\/\/nativainfo.com"],"url":"https:\/\/nativainfo.com\/?author=1"}]}},"jetpack_publicize_connections":[],"_links":{"self":[{"href":"https:\/\/nativainfo.com\/index.php?rest_route=\/wp\/v2\/posts\/4025","targetHints":{"allow":["GET"]}}],"collection":[{"href":"https:\/\/nativainfo.com\/index.php?rest_route=\/wp\/v2\/posts"}],"about":[{"href":"https:\/\/nativainfo.com\/index.php?rest_route=\/wp\/v2\/types\/post"}],"author":[{"embeddable":true,"href":"https:\/\/nativainfo.com\/index.php?rest_route=\/wp\/v2\/users\/1"}],"replies":[{"embeddable":true,"href":"https:\/\/nativainfo.com\/index.php?rest_route=%2Fwp%2Fv2%2Fcomments&post=4025"}],"version-history":[{"count":1,"href":"https:\/\/nativainfo.com\/index.php?rest_route=\/wp\/v2\/posts\/4025\/revisions"}],"predecessor-version":[{"id":4029,"href":"https:\/\/nativainfo.com\/index.php?rest_route=\/wp\/v2\/posts\/4025\/revisions\/4029"}],"wp:attachment":[{"href":"https:\/\/nativainfo.com\/index.php?rest_route=%2Fwp%2Fv2%2Fmedia&parent=4025"}],"wp:term":[{"taxonomy":"category","embeddable":true,"href":"https:\/\/nativainfo.com\/index.php?rest_route=%2Fwp%2Fv2%2Fcategories&post=4025"},{"taxonomy":"post_tag","embeddable":true,"href":"https:\/\/nativainfo.com\/index.php?rest_route=%2Fwp%2Fv2%2Ftags&post=4025"}],"curies":[{"name":"wp","href":"https:\/\/api.w.org\/{rel}","templated":true}]}}