{"id":4015,"date":"2023-12-01T01:23:45","date_gmt":"2023-12-01T04:23:45","guid":{"rendered":"http:\/\/nativainfo.com\/?p=4015"},"modified":"2023-12-01T01:23:47","modified_gmt":"2023-12-01T04:23:47","slug":"hamas-libero-a-otros-ocho-rehenes-en-la-nueva-extension-de-la-tregua","status":"publish","type":"post","link":"https:\/\/nativainfo.com\/?p=4015","title":{"rendered":"Hamas liber\u00f3 a otros ocho rehenes en la nueva extensi\u00f3n de la tregua"},"content":{"rendered":"\n<p>El acuerdo permiti\u00f3 un cese de los combates iniciados el 7 de octubre, cuando militantes de Hamas lanzaron un ataque sobre el sur de Israel en el que mataron a 1.200 personas.<\/p>\n\n\n\n<figure class=\"wp-block-image size-large\"><img fetchpriority=\"high\" decoding=\"async\" width=\"1010\" height=\"567\" src=\"http:\/\/nativainfo.com\/wp-content\/uploads\/2023\/12\/imagen_2023-12-01_012258453.png\" alt=\"\" class=\"wp-image-4017\" srcset=\"https:\/\/nativainfo.com\/wp-content\/uploads\/2023\/12\/imagen_2023-12-01_012258453.png 1010w, https:\/\/nativainfo.com\/wp-content\/uploads\/2023\/12\/imagen_2023-12-01_012258453-300x168.png 300w, https:\/\/nativainfo.com\/wp-content\/uploads\/2023\/12\/imagen_2023-12-01_012258453-768x431.png 768w, https:\/\/nativainfo.com\/wp-content\/uploads\/2023\/12\/imagen_2023-12-01_012258453-623x350.png 623w, https:\/\/nativainfo.com\/wp-content\/uploads\/2023\/12\/imagen_2023-12-01_012258453-150x84.png 150w\" sizes=\"(max-width: 1010px) 100vw, 1010px\" \/><\/figure>\n\n\n\n<p>El movimiento islamista palestino&nbsp;<strong>Hamas<\/strong>&nbsp;liber\u00f3 hoy a ocho rehenes que, sumados a dos ciudadanos rusos entregados ayer completaron la cuota diaria de 10, mientras Israel se dispon\u00eda a soltar a 30 prisioneros palestinos para cumplir lo pactado en la primera jornada de la segunda extensi\u00f3n de la tregua dispuesta la semana pasada, informaron autoridades.<\/p>\n\n\n\n<p><em><strong>&#8220;Seg\u00fan los t\u00e9rminos del s\u00e9ptimo d\u00eda del acuerdo de pausa humanitaria, 30 palestinos ser\u00e1n liberados hoy a cambio de la liberaci\u00f3n de 10 rehenes en Gaza; los dos ciudadanos rusos liberados ayer fueron contados en esta lista&#8221;<\/strong><\/em>, afirm\u00f3 el vocero de la canciller\u00eda de Qatar -uno de los pa\u00edses mediadores de la tregua-, Majed Al Ansari, en la red social X.<\/p>\n\n\n\n<p>Las&nbsp;<strong>Fuerzas de Defensa de Israel (FDI)<\/strong>&nbsp;reportaron temprano, en un comunicado, que hab\u00edan recibido de manos de miembros del Comit\u00e9 Internacional de la Cruz Roja (CICR) a dos mujeres soltadas hoy por Hamas y se\u00f1alaron que esperaba que hubiera m\u00e1s entregas en el curso del d\u00eda.<\/p>\n\n\n\n<p>Horas despu\u00e9s informaron en otra nota que otras seis personas fueron liberadas durante la tarde, seg\u00fan la agencia de noticias Europa Press.<\/p>\n","protected":false},"excerpt":{"rendered":"<p>El acuerdo permiti\u00f3 un cese de los combates iniciados el 7 de octubre, cuando militantes de Hamas lanzaron un ataque&#8230; <a class=\"continue-reading-link\" href=\"https:\/\/nativainfo.com\/?p=4015\">Continue reading<\/a><\/p>\n","protected":false},"author":1,"featured_media":0,"comment_status":"open","ping_status":"open","sticky":false,"template":"","format":"standard","meta":{"rop_custom_images_group":[],"rop_custom_messages_group":[],"rop_publish_now":"initial","rop_publish_now_accounts":[],"rop_publish_now_history":[],"rop_publish_now_status":"pending","footnotes":"","jetpack_publicize_message":"","jetpack_publicize_feature_enabled":true,"jetpack_social_post_already_shared":false,"jetpack_social_options":{"image_generator_settings":{"template":"highway","default_image_id":0,"font":"","enabled":false},"version":2}},"categories":[8],"tags":[],"class_list":["post-4015","post","type-post","status-publish","format-standard","hentry","category-noticias"],"yoast_head":"<!-- This site is optimized with the Yoast SEO plugin v25.6 - https:\/\/yoast.com\/wordpress\/plugins\/seo\/ -->\n<title>Hamas liber\u00f3 a otros ocho rehenes en la nueva extensi\u00f3n de la tregua - Nativa Info<\/title>\n<meta name=\"robots\" content=\"index, follow, max-snippet:-1, max-image-preview:large, max-video-preview:-1\" \/>\n<link rel=\"canonical\" href=\"https:\/\/nativainfo.com\/?p=4015\" \/>\n<meta property=\"og:locale\" content=\"es_ES\" \/>\n<meta property=\"og:type\" content=\"article\" \/>\n<meta property=\"og:title\" content=\"Hamas liber\u00f3 a otros ocho rehenes en la nueva extensi\u00f3n de la tregua - Nativa Info\" \/>\n<meta property=\"og:description\" content=\"El acuerdo permiti\u00f3 un cese de los combates iniciados el 7 de octubre, cuando militantes de Hamas lanzaron un ataque... Continue reading\" \/>\n<meta property=\"og:url\" content=\"https:\/\/nativainfo.com\/?p=4015\" \/>\n<meta property=\"og:site_name\" content=\"Nativa Info\" \/>\n<meta property=\"article:publisher\" content=\"https:\/\/www.facebook.com\/profile.php?id=61578881597564\" \/>\n<meta property=\"article:published_time\" content=\"2023-12-01T04:23:45+00:00\" \/>\n<meta property=\"article:modified_time\" content=\"2023-12-01T04:23:47+00:00\" \/>\n<meta property=\"og:image\" content=\"http:\/\/nativainfo.com\/wp-content\/uploads\/2023\/12\/imagen_2023-12-01_012258453.png\" \/>\n<meta name=\"author\" content=\"Nativa Info\" \/>\n<meta name=\"twitter:card\" content=\"summary_large_image\" \/>\n<meta name=\"twitter:label1\" content=\"Escrito por\" \/>\n\t<meta name=\"twitter:data1\" content=\"Nativa Info\" \/>\n\t<meta name=\"twitter:label2\" content=\"Tiempo de lectura\" \/>\n\t<meta name=\"twitter:data2\" content=\"1 minuto\" \/>\n<script type=\"application\/ld+json\" class=\"yoast-schema-graph\">{\"@context\":\"https:\/\/schema.org\",\"@graph\":[{\"@type\":\"Article\",\"@id\":\"https:\/\/nativainfo.com\/?p=4015#article\",\"isPartOf\":{\"@id\":\"https:\/\/nativainfo.com\/?p=4015\"},\"author\":{\"name\":\"Nativa Info\",\"@id\":\"https:\/\/nativainfo.com\/#\/schema\/person\/24893b64a9cd564ddb5d102d36eb4b5c\"},\"headline\":\"Hamas liber\u00f3 a otros ocho rehenes en la nueva extensi\u00f3n de la tregua\",\"datePublished\":\"2023-12-01T04:23:45+00:00\",\"dateModified\":\"2023-12-01T04:23:47+00:00\",\"mainEntityOfPage\":{\"@id\":\"https:\/\/nativainfo.com\/?p=4015\"},\"wordCount\":245,\"commentCount\":0,\"publisher\":{\"@id\":\"https:\/\/nativainfo.com\/#organization\"},\"image\":{\"@id\":\"https:\/\/nativainfo.com\/?p=4015#primaryimage\"},\"thumbnailUrl\":\"http:\/\/nativainfo.com\/wp-content\/uploads\/2023\/12\/imagen_2023-12-01_012258453.png\",\"articleSection\":[\"Noticias\"],\"inLanguage\":\"es-AR\",\"potentialAction\":[{\"@type\":\"CommentAction\",\"name\":\"Comment\",\"target\":[\"https:\/\/nativainfo.com\/?p=4015#respond\"]}]},{\"@type\":\"WebPage\",\"@id\":\"https:\/\/nativainfo.com\/?p=4015\",\"url\":\"https:\/\/nativainfo.com\/?p=4015\",\"name\":\"Hamas liber\u00f3 a otros ocho rehenes en la nueva extensi\u00f3n de la tregua - Nativa Info\",\"isPartOf\":{\"@id\":\"https:\/\/nativainfo.com\/#website\"},\"primaryImageOfPage\":{\"@id\":\"https:\/\/nativainfo.com\/?p=4015#primaryimage\"},\"image\":{\"@id\":\"https:\/\/nativainfo.com\/?p=4015#primaryimage\"},\"thumbnailUrl\":\"http:\/\/nativainfo.com\/wp-content\/uploads\/2023\/12\/imagen_2023-12-01_012258453.png\",\"datePublished\":\"2023-12-01T04:23:45+00:00\",\"dateModified\":\"2023-12-01T04:23:47+00:00\",\"breadcrumb\":{\"@id\":\"https:\/\/nativainfo.com\/?p=4015#breadcrumb\"},\"inLanguage\":\"es-AR\",\"potentialAction\":[{\"@type\":\"ReadAction\",\"target\":[\"https:\/\/nativainfo.com\/?p=4015\"]}]},{\"@type\":\"ImageObject\",\"inLanguage\":\"es-AR\",\"@id\":\"https:\/\/nativainfo.com\/?p=4015#primaryimage\",\"url\":\"https:\/\/nativainfo.com\/wp-content\/uploads\/2023\/12\/imagen_2023-12-01_012258453.png\",\"contentUrl\":\"https:\/\/nativainfo.com\/wp-content\/uploads\/2023\/12\/imagen_2023-12-01_012258453.png\",\"width\":1010,\"height\":567},{\"@type\":\"BreadcrumbList\",\"@id\":\"https:\/\/nativainfo.com\/?p=4015#breadcrumb\",\"itemListElement\":[{\"@type\":\"ListItem\",\"position\":1,\"name\":\"Inicio\",\"item\":\"https:\/\/nativainfo.com\/\"},{\"@type\":\"ListItem\",\"position\":2,\"name\":\"Hamas liber\u00f3 a otros ocho rehenes en la nueva extensi\u00f3n de la tregua\"}]},{\"@type\":\"WebSite\",\"@id\":\"https:\/\/nativainfo.com\/#website\",\"url\":\"https:\/\/nativainfo.com\/\",\"name\":\"Nativa Info\",\"description\":\"Diario Digital\",\"publisher\":{\"@id\":\"https:\/\/nativainfo.com\/#organization\"},\"potentialAction\":[{\"@type\":\"SearchAction\",\"target\":{\"@type\":\"EntryPoint\",\"urlTemplate\":\"https:\/\/nativainfo.com\/?s={search_term_string}\"},\"query-input\":{\"@type\":\"PropertyValueSpecification\",\"valueRequired\":true,\"valueName\":\"search_term_string\"}}],\"inLanguage\":\"es-AR\"},{\"@type\":\"Organization\",\"@id\":\"https:\/\/nativainfo.com\/#organization\",\"name\":\"Nativa Info\",\"url\":\"https:\/\/nativainfo.com\/\",\"logo\":{\"@type\":\"ImageObject\",\"inLanguage\":\"es-AR\",\"@id\":\"https:\/\/nativainfo.com\/#\/schema\/logo\/image\/\",\"url\":\"https:\/\/nativainfo.com\/wp-content\/uploads\/2025\/08\/LOGO-NATIVA-FACE.jpg\",\"contentUrl\":\"https:\/\/nativainfo.com\/wp-content\/uploads\/2025\/08\/LOGO-NATIVA-FACE.jpg\",\"width\":400,\"height\":400,\"caption\":\"Nativa Info\"},\"image\":{\"@id\":\"https:\/\/nativainfo.com\/#\/schema\/logo\/image\/\"},\"sameAs\":[\"https:\/\/www.facebook.com\/profile.php?id=61578881597564\"]},{\"@type\":\"Person\",\"@id\":\"https:\/\/nativainfo.com\/#\/schema\/person\/24893b64a9cd564ddb5d102d36eb4b5c\",\"name\":\"Nativa Info\",\"image\":{\"@type\":\"ImageObject\",\"inLanguage\":\"es-AR\",\"@id\":\"https:\/\/nativainfo.com\/#\/schema\/person\/image\/\",\"url\":\"https:\/\/secure.gravatar.com\/avatar\/016fa1cf068d85136d938e1507b9b619cb766e2565cbb1faa1e571762460c785?s=96&d=mm&r=g\",\"contentUrl\":\"https:\/\/secure.gravatar.com\/avatar\/016fa1cf068d85136d938e1507b9b619cb766e2565cbb1faa1e571762460c785?s=96&d=mm&r=g\",\"caption\":\"Nativa Info\"},\"sameAs\":[\"http:\/\/nativainfo.com\"],\"url\":\"https:\/\/nativainfo.com\/?author=1\"}]}<\/script>\n<!-- \/ Yoast SEO plugin. -->","yoast_head_json":{"title":"Hamas liber\u00f3 a otros ocho rehenes en la nueva extensi\u00f3n de la tregua - Nativa Info","robots":{"index":"index","follow":"follow","max-snippet":"max-snippet:-1","max-image-preview":"max-image-preview:large","max-video-preview":"max-video-preview:-1"},"canonical":"https:\/\/nativainfo.com\/?p=4015","og_locale":"es_ES","og_type":"article","og_title":"Hamas liber\u00f3 a otros ocho rehenes en la nueva extensi\u00f3n de la tregua - Nativa Info","og_description":"El acuerdo permiti\u00f3 un cese de los combates iniciados el 7 de octubre, cuando militantes de Hamas lanzaron un ataque... Continue reading","og_url":"https:\/\/nativainfo.com\/?p=4015","og_site_name":"Nativa Info","article_publisher":"https:\/\/www.facebook.com\/profile.php?id=61578881597564","article_published_time":"2023-12-01T04:23:45+00:00","article_modified_time":"2023-12-01T04:23:47+00:00","og_image":[{"url":"http:\/\/nativainfo.com\/wp-content\/uploads\/2023\/12\/imagen_2023-12-01_012258453.png","type":"","width":"","height":""}],"author":"Nativa Info","twitter_card":"summary_large_image","twitter_misc":{"Escrito por":"Nativa Info","Tiempo de lectura":"1 minuto"},"schema":{"@context":"https:\/\/schema.org","@graph":[{"@type":"Article","@id":"https:\/\/nativainfo.com\/?p=4015#article","isPartOf":{"@id":"https:\/\/nativainfo.com\/?p=4015"},"author":{"name":"Nativa Info","@id":"https:\/\/nativainfo.com\/#\/schema\/person\/24893b64a9cd564ddb5d102d36eb4b5c"},"headline":"Hamas liber\u00f3 a otros ocho rehenes en la nueva extensi\u00f3n de la tregua","datePublished":"2023-12-01T04:23:45+00:00","dateModified":"2023-12-01T04:23:47+00:00","mainEntityOfPage":{"@id":"https:\/\/nativainfo.com\/?p=4015"},"wordCount":245,"commentCount":0,"publisher":{"@id":"https:\/\/nativainfo.com\/#organization"},"image":{"@id":"https:\/\/nativainfo.com\/?p=4015#primaryimage"},"thumbnailUrl":"http:\/\/nativainfo.com\/wp-content\/uploads\/2023\/12\/imagen_2023-12-01_012258453.png","articleSection":["Noticias"],"inLanguage":"es-AR","potentialAction":[{"@type":"CommentAction","name":"Comment","target":["https:\/\/nativainfo.com\/?p=4015#respond"]}]},{"@type":"WebPage","@id":"https:\/\/nativainfo.com\/?p=4015","url":"https:\/\/nativainfo.com\/?p=4015","name":"Hamas liber\u00f3 a otros ocho rehenes en la nueva extensi\u00f3n de la tregua - Nativa Info","isPartOf":{"@id":"https:\/\/nativainfo.com\/#website"},"primaryImageOfPage":{"@id":"https:\/\/nativainfo.com\/?p=4015#primaryimage"},"image":{"@id":"https:\/\/nativainfo.com\/?p=4015#primaryimage"},"thumbnailUrl":"http:\/\/nativainfo.com\/wp-content\/uploads\/2023\/12\/imagen_2023-12-01_012258453.png","datePublished":"2023-12-01T04:23:45+00:00","dateModified":"2023-12-01T04:23:47+00:00","breadcrumb":{"@id":"https:\/\/nativainfo.com\/?p=4015#breadcrumb"},"inLanguage":"es-AR","potentialAction":[{"@type":"ReadAction","target":["https:\/\/nativainfo.com\/?p=4015"]}]},{"@type":"ImageObject","inLanguage":"es-AR","@id":"https:\/\/nativainfo.com\/?p=4015#primaryimage","url":"https:\/\/nativainfo.com\/wp-content\/uploads\/2023\/12\/imagen_2023-12-01_012258453.png","contentUrl":"https:\/\/nativainfo.com\/wp-content\/uploads\/2023\/12\/imagen_2023-12-01_012258453.png","width":1010,"height":567},{"@type":"BreadcrumbList","@id":"https:\/\/nativainfo.com\/?p=4015#breadcrumb","itemListElement":[{"@type":"ListItem","position":1,"name":"Inicio","item":"https:\/\/nativainfo.com\/"},{"@type":"ListItem","position":2,"name":"Hamas liber\u00f3 a otros ocho rehenes en la nueva extensi\u00f3n de la tregua"}]},{"@type":"WebSite","@id":"https:\/\/nativainfo.com\/#website","url":"https:\/\/nativainfo.com\/","name":"Nativa Info","description":"Diario Digital","publisher":{"@id":"https:\/\/nativainfo.com\/#organization"},"potentialAction":[{"@type":"SearchAction","target":{"@type":"EntryPoint","urlTemplate":"https:\/\/nativainfo.com\/?s={search_term_string}"},"query-input":{"@type":"PropertyValueSpecification","valueRequired":true,"valueName":"search_term_string"}}],"inLanguage":"es-AR"},{"@type":"Organization","@id":"https:\/\/nativainfo.com\/#organization","name":"Nativa Info","url":"https:\/\/nativainfo.com\/","logo":{"@type":"ImageObject","inLanguage":"es-AR","@id":"https:\/\/nativainfo.com\/#\/schema\/logo\/image\/","url":"https:\/\/nativainfo.com\/wp-content\/uploads\/2025\/08\/LOGO-NATIVA-FACE.jpg","contentUrl":"https:\/\/nativainfo.com\/wp-content\/uploads\/2025\/08\/LOGO-NATIVA-FACE.jpg","width":400,"height":400,"caption":"Nativa Info"},"image":{"@id":"https:\/\/nativainfo.com\/#\/schema\/logo\/image\/"},"sameAs":["https:\/\/www.facebook.com\/profile.php?id=61578881597564"]},{"@type":"Person","@id":"https:\/\/nativainfo.com\/#\/schema\/person\/24893b64a9cd564ddb5d102d36eb4b5c","name":"Nativa Info","image":{"@type":"ImageObject","inLanguage":"es-AR","@id":"https:\/\/nativainfo.com\/#\/schema\/person\/image\/","url":"https:\/\/secure.gravatar.com\/avatar\/016fa1cf068d85136d938e1507b9b619cb766e2565cbb1faa1e571762460c785?s=96&d=mm&r=g","contentUrl":"https:\/\/secure.gravatar.com\/avatar\/016fa1cf068d85136d938e1507b9b619cb766e2565cbb1faa1e571762460c785?s=96&d=mm&r=g","caption":"Nativa Info"},"sameAs":["http:\/\/nativainfo.com"],"url":"https:\/\/nativainfo.com\/?author=1"}]}},"jetpack_publicize_connections":[],"_links":{"self":[{"href":"https:\/\/nativainfo.com\/index.php?rest_route=\/wp\/v2\/posts\/4015","targetHints":{"allow":["GET"]}}],"collection":[{"href":"https:\/\/nativainfo.com\/index.php?rest_route=\/wp\/v2\/posts"}],"about":[{"href":"https:\/\/nativainfo.com\/index.php?rest_route=\/wp\/v2\/types\/post"}],"author":[{"embeddable":true,"href":"https:\/\/nativainfo.com\/index.php?rest_route=\/wp\/v2\/users\/1"}],"replies":[{"embeddable":true,"href":"https:\/\/nativainfo.com\/index.php?rest_route=%2Fwp%2Fv2%2Fcomments&post=4015"}],"version-history":[{"count":1,"href":"https:\/\/nativainfo.com\/index.php?rest_route=\/wp\/v2\/posts\/4015\/revisions"}],"predecessor-version":[{"id":4018,"href":"https:\/\/nativainfo.com\/index.php?rest_route=\/wp\/v2\/posts\/4015\/revisions\/4018"}],"wp:attachment":[{"href":"https:\/\/nativainfo.com\/index.php?rest_route=%2Fwp%2Fv2%2Fmedia&parent=4015"}],"wp:term":[{"taxonomy":"category","embeddable":true,"href":"https:\/\/nativainfo.com\/index.php?rest_route=%2Fwp%2Fv2%2Fcategories&post=4015"},{"taxonomy":"post_tag","embeddable":true,"href":"https:\/\/nativainfo.com\/index.php?rest_route=%2Fwp%2Fv2%2Ftags&post=4015"}],"curies":[{"name":"wp","href":"https:\/\/api.w.org\/{rel}","templated":true}]}}