{"id":3995,"date":"2023-11-23T03:11:09","date_gmt":"2023-11-23T06:11:09","guid":{"rendered":"http:\/\/nativainfo.com\/?p=3995"},"modified":"2023-11-23T03:11:12","modified_gmt":"2023-11-23T06:11:12","slug":"infantino-repudio-los-incidentes-en-el-maracana-y-critico-a-la-policia-brasilena","status":"publish","type":"post","link":"https:\/\/nativainfo.com\/?p=3995","title":{"rendered":"Infantino repudi\u00f3 los incidentes en el Maracan\u00e1 y critic\u00f3 a la polic\u00eda brasile\u00f1a"},"content":{"rendered":"\n<p>El presidente de la FIFA se refiri\u00f3 a lo ocurrido en el estadio brasile\u00f1o antes del duelo con Argentina.<\/p>\n\n\n\n<figure class=\"wp-block-image size-large\"><img fetchpriority=\"high\" decoding=\"async\" width=\"1010\" height=\"567\" src=\"http:\/\/nativainfo.com\/wp-content\/uploads\/2023\/11\/imagen_2023-11-23_031051010.png\" alt=\"\" class=\"wp-image-3996\" srcset=\"https:\/\/nativainfo.com\/wp-content\/uploads\/2023\/11\/imagen_2023-11-23_031051010.png 1010w, https:\/\/nativainfo.com\/wp-content\/uploads\/2023\/11\/imagen_2023-11-23_031051010-300x168.png 300w, https:\/\/nativainfo.com\/wp-content\/uploads\/2023\/11\/imagen_2023-11-23_031051010-768x431.png 768w, https:\/\/nativainfo.com\/wp-content\/uploads\/2023\/11\/imagen_2023-11-23_031051010-623x350.png 623w, https:\/\/nativainfo.com\/wp-content\/uploads\/2023\/11\/imagen_2023-11-23_031051010-150x84.png 150w\" sizes=\"(max-width: 1010px) 100vw, 1010px\" \/><\/figure>\n\n\n\n<p>El titular de la&nbsp;<strong>Federaci\u00f3n Internacional de F\u00fatbol Asociado (FIFA), el suizo Gianni Infantino,&nbsp;<\/strong>repudi\u00f3 los incidentes ocurridos anoche en el estadio&nbsp;<strong>Maracan\u00e1&nbsp;<\/strong>durante el partido entre<strong>&nbsp;Brasil y Argentina por las Eliminatorias Sudamericanas&nbsp;<\/strong>de cara al&nbsp;<strong>Mundial 2026,<\/strong>&nbsp;y critic\u00f3 el desempe\u00f1o de la polic\u00eda brasile\u00f1a.<\/p>\n\n\n\n<p><strong>Infantino<\/strong>, adem\u00e1s, fue contundente al rechazar el accionar de la polic\u00eda brasile\u00f1a al expresar que \u201csin excepci\u00f3n, todos los jugadores, simpatizantes, personal y directivos tienen que sentirse seguros y protegidos para poder jugar y disfrutar del f\u00fatbol\u201d<\/p>\n\n\n\n<p>Respecto de la posibilidad de que FIFA inicie una investigaci\u00f3n de los incidentes, el periodismo especializado explic\u00f3 que la entidad madre del f\u00fatbol primero debe recibir el informe de lo sucedido y ah\u00ed podr\u00eda resolver abrir un expediente, pedir im\u00e1genes y testimonios, para luego resolver.<\/p>\n","protected":false},"excerpt":{"rendered":"<p>El presidente de la FIFA se refiri\u00f3 a lo ocurrido en el estadio brasile\u00f1o antes del duelo con Argentina. El&#8230; <a class=\"continue-reading-link\" href=\"https:\/\/nativainfo.com\/?p=3995\">Continue reading<\/a><\/p>\n","protected":false},"author":1,"featured_media":0,"comment_status":"open","ping_status":"open","sticky":false,"template":"","format":"standard","meta":{"rop_custom_images_group":[],"rop_custom_messages_group":[],"rop_publish_now":"initial","rop_publish_now_accounts":[],"rop_publish_now_history":[],"rop_publish_now_status":"pending","footnotes":"","jetpack_publicize_message":"","jetpack_publicize_feature_enabled":true,"jetpack_social_post_already_shared":false,"jetpack_social_options":{"image_generator_settings":{"template":"highway","default_image_id":0,"font":"","enabled":false},"version":2}},"categories":[35,8],"tags":[],"class_list":["post-3995","post","type-post","status-publish","format-standard","hentry","category-futbol-internacional","category-noticias"],"yoast_head":"<!-- This site is optimized with the Yoast SEO plugin v25.6 - https:\/\/yoast.com\/wordpress\/plugins\/seo\/ -->\n<title>Infantino repudi\u00f3 los incidentes en el Maracan\u00e1 y critic\u00f3 a la polic\u00eda brasile\u00f1a - Nativa Info<\/title>\n<meta name=\"robots\" content=\"index, follow, max-snippet:-1, max-image-preview:large, max-video-preview:-1\" \/>\n<link rel=\"canonical\" href=\"https:\/\/nativainfo.com\/?p=3995\" \/>\n<meta property=\"og:locale\" content=\"es_ES\" \/>\n<meta property=\"og:type\" content=\"article\" \/>\n<meta property=\"og:title\" content=\"Infantino repudi\u00f3 los incidentes en el Maracan\u00e1 y critic\u00f3 a la polic\u00eda brasile\u00f1a - Nativa Info\" \/>\n<meta property=\"og:description\" content=\"El presidente de la FIFA se refiri\u00f3 a lo ocurrido en el estadio brasile\u00f1o antes del duelo con Argentina. El... Continue reading\" \/>\n<meta property=\"og:url\" content=\"https:\/\/nativainfo.com\/?p=3995\" \/>\n<meta property=\"og:site_name\" content=\"Nativa Info\" \/>\n<meta property=\"article:publisher\" content=\"https:\/\/www.facebook.com\/profile.php?id=61578881597564\" \/>\n<meta property=\"article:published_time\" content=\"2023-11-23T06:11:09+00:00\" \/>\n<meta property=\"article:modified_time\" content=\"2023-11-23T06:11:12+00:00\" \/>\n<meta property=\"og:image\" content=\"http:\/\/nativainfo.com\/wp-content\/uploads\/2023\/11\/imagen_2023-11-23_031051010.png\" \/>\n<meta name=\"author\" content=\"Nativa Info\" \/>\n<meta name=\"twitter:card\" content=\"summary_large_image\" \/>\n<meta name=\"twitter:label1\" content=\"Escrito por\" \/>\n\t<meta name=\"twitter:data1\" content=\"Nativa Info\" \/>\n\t<meta name=\"twitter:label2\" content=\"Tiempo de lectura\" \/>\n\t<meta name=\"twitter:data2\" content=\"1 minuto\" \/>\n<script type=\"application\/ld+json\" class=\"yoast-schema-graph\">{\"@context\":\"https:\/\/schema.org\",\"@graph\":[{\"@type\":\"Article\",\"@id\":\"https:\/\/nativainfo.com\/?p=3995#article\",\"isPartOf\":{\"@id\":\"https:\/\/nativainfo.com\/?p=3995\"},\"author\":{\"name\":\"Nativa Info\",\"@id\":\"https:\/\/nativainfo.com\/#\/schema\/person\/24893b64a9cd564ddb5d102d36eb4b5c\"},\"headline\":\"Infantino repudi\u00f3 los incidentes en el Maracan\u00e1 y critic\u00f3 a la polic\u00eda brasile\u00f1a\",\"datePublished\":\"2023-11-23T06:11:09+00:00\",\"dateModified\":\"2023-11-23T06:11:12+00:00\",\"mainEntityOfPage\":{\"@id\":\"https:\/\/nativainfo.com\/?p=3995\"},\"wordCount\":185,\"commentCount\":0,\"publisher\":{\"@id\":\"https:\/\/nativainfo.com\/#organization\"},\"image\":{\"@id\":\"https:\/\/nativainfo.com\/?p=3995#primaryimage\"},\"thumbnailUrl\":\"http:\/\/nativainfo.com\/wp-content\/uploads\/2023\/11\/imagen_2023-11-23_031051010.png\",\"articleSection\":[\"F\u00fatbol Internacional\",\"Noticias\"],\"inLanguage\":\"es-AR\",\"potentialAction\":[{\"@type\":\"CommentAction\",\"name\":\"Comment\",\"target\":[\"https:\/\/nativainfo.com\/?p=3995#respond\"]}]},{\"@type\":\"WebPage\",\"@id\":\"https:\/\/nativainfo.com\/?p=3995\",\"url\":\"https:\/\/nativainfo.com\/?p=3995\",\"name\":\"Infantino repudi\u00f3 los incidentes en el Maracan\u00e1 y critic\u00f3 a la polic\u00eda brasile\u00f1a - Nativa Info\",\"isPartOf\":{\"@id\":\"https:\/\/nativainfo.com\/#website\"},\"primaryImageOfPage\":{\"@id\":\"https:\/\/nativainfo.com\/?p=3995#primaryimage\"},\"image\":{\"@id\":\"https:\/\/nativainfo.com\/?p=3995#primaryimage\"},\"thumbnailUrl\":\"http:\/\/nativainfo.com\/wp-content\/uploads\/2023\/11\/imagen_2023-11-23_031051010.png\",\"datePublished\":\"2023-11-23T06:11:09+00:00\",\"dateModified\":\"2023-11-23T06:11:12+00:00\",\"breadcrumb\":{\"@id\":\"https:\/\/nativainfo.com\/?p=3995#breadcrumb\"},\"inLanguage\":\"es-AR\",\"potentialAction\":[{\"@type\":\"ReadAction\",\"target\":[\"https:\/\/nativainfo.com\/?p=3995\"]}]},{\"@type\":\"ImageObject\",\"inLanguage\":\"es-AR\",\"@id\":\"https:\/\/nativainfo.com\/?p=3995#primaryimage\",\"url\":\"https:\/\/nativainfo.com\/wp-content\/uploads\/2023\/11\/imagen_2023-11-23_031051010.png\",\"contentUrl\":\"https:\/\/nativainfo.com\/wp-content\/uploads\/2023\/11\/imagen_2023-11-23_031051010.png\",\"width\":1010,\"height\":567},{\"@type\":\"BreadcrumbList\",\"@id\":\"https:\/\/nativainfo.com\/?p=3995#breadcrumb\",\"itemListElement\":[{\"@type\":\"ListItem\",\"position\":1,\"name\":\"Inicio\",\"item\":\"https:\/\/nativainfo.com\/\"},{\"@type\":\"ListItem\",\"position\":2,\"name\":\"Infantino repudi\u00f3 los incidentes en el Maracan\u00e1 y critic\u00f3 a la polic\u00eda brasile\u00f1a\"}]},{\"@type\":\"WebSite\",\"@id\":\"https:\/\/nativainfo.com\/#website\",\"url\":\"https:\/\/nativainfo.com\/\",\"name\":\"Nativa Info\",\"description\":\"Diario Digital\",\"publisher\":{\"@id\":\"https:\/\/nativainfo.com\/#organization\"},\"potentialAction\":[{\"@type\":\"SearchAction\",\"target\":{\"@type\":\"EntryPoint\",\"urlTemplate\":\"https:\/\/nativainfo.com\/?s={search_term_string}\"},\"query-input\":{\"@type\":\"PropertyValueSpecification\",\"valueRequired\":true,\"valueName\":\"search_term_string\"}}],\"inLanguage\":\"es-AR\"},{\"@type\":\"Organization\",\"@id\":\"https:\/\/nativainfo.com\/#organization\",\"name\":\"Nativa Info\",\"url\":\"https:\/\/nativainfo.com\/\",\"logo\":{\"@type\":\"ImageObject\",\"inLanguage\":\"es-AR\",\"@id\":\"https:\/\/nativainfo.com\/#\/schema\/logo\/image\/\",\"url\":\"https:\/\/nativainfo.com\/wp-content\/uploads\/2025\/08\/LOGO-NATIVA-FACE.jpg\",\"contentUrl\":\"https:\/\/nativainfo.com\/wp-content\/uploads\/2025\/08\/LOGO-NATIVA-FACE.jpg\",\"width\":400,\"height\":400,\"caption\":\"Nativa Info\"},\"image\":{\"@id\":\"https:\/\/nativainfo.com\/#\/schema\/logo\/image\/\"},\"sameAs\":[\"https:\/\/www.facebook.com\/profile.php?id=61578881597564\"]},{\"@type\":\"Person\",\"@id\":\"https:\/\/nativainfo.com\/#\/schema\/person\/24893b64a9cd564ddb5d102d36eb4b5c\",\"name\":\"Nativa Info\",\"image\":{\"@type\":\"ImageObject\",\"inLanguage\":\"es-AR\",\"@id\":\"https:\/\/nativainfo.com\/#\/schema\/person\/image\/\",\"url\":\"https:\/\/secure.gravatar.com\/avatar\/016fa1cf068d85136d938e1507b9b619cb766e2565cbb1faa1e571762460c785?s=96&d=mm&r=g\",\"contentUrl\":\"https:\/\/secure.gravatar.com\/avatar\/016fa1cf068d85136d938e1507b9b619cb766e2565cbb1faa1e571762460c785?s=96&d=mm&r=g\",\"caption\":\"Nativa Info\"},\"sameAs\":[\"http:\/\/nativainfo.com\"],\"url\":\"https:\/\/nativainfo.com\/?author=1\"}]}<\/script>\n<!-- \/ Yoast SEO plugin. -->","yoast_head_json":{"title":"Infantino repudi\u00f3 los incidentes en el Maracan\u00e1 y critic\u00f3 a la polic\u00eda brasile\u00f1a - Nativa Info","robots":{"index":"index","follow":"follow","max-snippet":"max-snippet:-1","max-image-preview":"max-image-preview:large","max-video-preview":"max-video-preview:-1"},"canonical":"https:\/\/nativainfo.com\/?p=3995","og_locale":"es_ES","og_type":"article","og_title":"Infantino repudi\u00f3 los incidentes en el Maracan\u00e1 y critic\u00f3 a la polic\u00eda brasile\u00f1a - Nativa Info","og_description":"El presidente de la FIFA se refiri\u00f3 a lo ocurrido en el estadio brasile\u00f1o antes del duelo con Argentina. El... Continue reading","og_url":"https:\/\/nativainfo.com\/?p=3995","og_site_name":"Nativa Info","article_publisher":"https:\/\/www.facebook.com\/profile.php?id=61578881597564","article_published_time":"2023-11-23T06:11:09+00:00","article_modified_time":"2023-11-23T06:11:12+00:00","og_image":[{"url":"http:\/\/nativainfo.com\/wp-content\/uploads\/2023\/11\/imagen_2023-11-23_031051010.png","type":"","width":"","height":""}],"author":"Nativa Info","twitter_card":"summary_large_image","twitter_misc":{"Escrito por":"Nativa Info","Tiempo de lectura":"1 minuto"},"schema":{"@context":"https:\/\/schema.org","@graph":[{"@type":"Article","@id":"https:\/\/nativainfo.com\/?p=3995#article","isPartOf":{"@id":"https:\/\/nativainfo.com\/?p=3995"},"author":{"name":"Nativa Info","@id":"https:\/\/nativainfo.com\/#\/schema\/person\/24893b64a9cd564ddb5d102d36eb4b5c"},"headline":"Infantino repudi\u00f3 los incidentes en el Maracan\u00e1 y critic\u00f3 a la polic\u00eda brasile\u00f1a","datePublished":"2023-11-23T06:11:09+00:00","dateModified":"2023-11-23T06:11:12+00:00","mainEntityOfPage":{"@id":"https:\/\/nativainfo.com\/?p=3995"},"wordCount":185,"commentCount":0,"publisher":{"@id":"https:\/\/nativainfo.com\/#organization"},"image":{"@id":"https:\/\/nativainfo.com\/?p=3995#primaryimage"},"thumbnailUrl":"http:\/\/nativainfo.com\/wp-content\/uploads\/2023\/11\/imagen_2023-11-23_031051010.png","articleSection":["F\u00fatbol Internacional","Noticias"],"inLanguage":"es-AR","potentialAction":[{"@type":"CommentAction","name":"Comment","target":["https:\/\/nativainfo.com\/?p=3995#respond"]}]},{"@type":"WebPage","@id":"https:\/\/nativainfo.com\/?p=3995","url":"https:\/\/nativainfo.com\/?p=3995","name":"Infantino repudi\u00f3 los incidentes en el Maracan\u00e1 y critic\u00f3 a la polic\u00eda brasile\u00f1a - Nativa Info","isPartOf":{"@id":"https:\/\/nativainfo.com\/#website"},"primaryImageOfPage":{"@id":"https:\/\/nativainfo.com\/?p=3995#primaryimage"},"image":{"@id":"https:\/\/nativainfo.com\/?p=3995#primaryimage"},"thumbnailUrl":"http:\/\/nativainfo.com\/wp-content\/uploads\/2023\/11\/imagen_2023-11-23_031051010.png","datePublished":"2023-11-23T06:11:09+00:00","dateModified":"2023-11-23T06:11:12+00:00","breadcrumb":{"@id":"https:\/\/nativainfo.com\/?p=3995#breadcrumb"},"inLanguage":"es-AR","potentialAction":[{"@type":"ReadAction","target":["https:\/\/nativainfo.com\/?p=3995"]}]},{"@type":"ImageObject","inLanguage":"es-AR","@id":"https:\/\/nativainfo.com\/?p=3995#primaryimage","url":"https:\/\/nativainfo.com\/wp-content\/uploads\/2023\/11\/imagen_2023-11-23_031051010.png","contentUrl":"https:\/\/nativainfo.com\/wp-content\/uploads\/2023\/11\/imagen_2023-11-23_031051010.png","width":1010,"height":567},{"@type":"BreadcrumbList","@id":"https:\/\/nativainfo.com\/?p=3995#breadcrumb","itemListElement":[{"@type":"ListItem","position":1,"name":"Inicio","item":"https:\/\/nativainfo.com\/"},{"@type":"ListItem","position":2,"name":"Infantino repudi\u00f3 los incidentes en el Maracan\u00e1 y critic\u00f3 a la polic\u00eda brasile\u00f1a"}]},{"@type":"WebSite","@id":"https:\/\/nativainfo.com\/#website","url":"https:\/\/nativainfo.com\/","name":"Nativa Info","description":"Diario Digital","publisher":{"@id":"https:\/\/nativainfo.com\/#organization"},"potentialAction":[{"@type":"SearchAction","target":{"@type":"EntryPoint","urlTemplate":"https:\/\/nativainfo.com\/?s={search_term_string}"},"query-input":{"@type":"PropertyValueSpecification","valueRequired":true,"valueName":"search_term_string"}}],"inLanguage":"es-AR"},{"@type":"Organization","@id":"https:\/\/nativainfo.com\/#organization","name":"Nativa Info","url":"https:\/\/nativainfo.com\/","logo":{"@type":"ImageObject","inLanguage":"es-AR","@id":"https:\/\/nativainfo.com\/#\/schema\/logo\/image\/","url":"https:\/\/nativainfo.com\/wp-content\/uploads\/2025\/08\/LOGO-NATIVA-FACE.jpg","contentUrl":"https:\/\/nativainfo.com\/wp-content\/uploads\/2025\/08\/LOGO-NATIVA-FACE.jpg","width":400,"height":400,"caption":"Nativa Info"},"image":{"@id":"https:\/\/nativainfo.com\/#\/schema\/logo\/image\/"},"sameAs":["https:\/\/www.facebook.com\/profile.php?id=61578881597564"]},{"@type":"Person","@id":"https:\/\/nativainfo.com\/#\/schema\/person\/24893b64a9cd564ddb5d102d36eb4b5c","name":"Nativa Info","image":{"@type":"ImageObject","inLanguage":"es-AR","@id":"https:\/\/nativainfo.com\/#\/schema\/person\/image\/","url":"https:\/\/secure.gravatar.com\/avatar\/016fa1cf068d85136d938e1507b9b619cb766e2565cbb1faa1e571762460c785?s=96&d=mm&r=g","contentUrl":"https:\/\/secure.gravatar.com\/avatar\/016fa1cf068d85136d938e1507b9b619cb766e2565cbb1faa1e571762460c785?s=96&d=mm&r=g","caption":"Nativa Info"},"sameAs":["http:\/\/nativainfo.com"],"url":"https:\/\/nativainfo.com\/?author=1"}]}},"jetpack_publicize_connections":[],"_links":{"self":[{"href":"https:\/\/nativainfo.com\/index.php?rest_route=\/wp\/v2\/posts\/3995","targetHints":{"allow":["GET"]}}],"collection":[{"href":"https:\/\/nativainfo.com\/index.php?rest_route=\/wp\/v2\/posts"}],"about":[{"href":"https:\/\/nativainfo.com\/index.php?rest_route=\/wp\/v2\/types\/post"}],"author":[{"embeddable":true,"href":"https:\/\/nativainfo.com\/index.php?rest_route=\/wp\/v2\/users\/1"}],"replies":[{"embeddable":true,"href":"https:\/\/nativainfo.com\/index.php?rest_route=%2Fwp%2Fv2%2Fcomments&post=3995"}],"version-history":[{"count":1,"href":"https:\/\/nativainfo.com\/index.php?rest_route=\/wp\/v2\/posts\/3995\/revisions"}],"predecessor-version":[{"id":3997,"href":"https:\/\/nativainfo.com\/index.php?rest_route=\/wp\/v2\/posts\/3995\/revisions\/3997"}],"wp:attachment":[{"href":"https:\/\/nativainfo.com\/index.php?rest_route=%2Fwp%2Fv2%2Fmedia&parent=3995"}],"wp:term":[{"taxonomy":"category","embeddable":true,"href":"https:\/\/nativainfo.com\/index.php?rest_route=%2Fwp%2Fv2%2Fcategories&post=3995"},{"taxonomy":"post_tag","embeddable":true,"href":"https:\/\/nativainfo.com\/index.php?rest_route=%2Fwp%2Fv2%2Ftags&post=3995"}],"curies":[{"name":"wp","href":"https:\/\/api.w.org\/{rel}","templated":true}]}}