{"id":3987,"date":"2023-11-21T02:17:02","date_gmt":"2023-11-21T05:17:02","guid":{"rendered":"http:\/\/nativainfo.com\/?p=3987"},"modified":"2023-11-21T02:17:04","modified_gmt":"2023-11-21T05:17:04","slug":"la-seleccion-argentina-llego-a-rio-de-janeiro-de-cara-al-duelo-ante-brasil","status":"publish","type":"post","link":"https:\/\/nativainfo.com\/?p=3987","title":{"rendered":"La Selecci\u00f3n Argentina lleg\u00f3 a R\u00edo de Janeiro de cara al duelo ante Brasil"},"content":{"rendered":"\n<p>El equipo nacional tuvo una recepci\u00f3n &#8220;mundialista&#8221; a su llegada.<\/p>\n\n\n\n<figure class=\"wp-block-image size-large\"><img fetchpriority=\"high\" decoding=\"async\" width=\"1010\" height=\"567\" src=\"http:\/\/nativainfo.com\/wp-content\/uploads\/2023\/11\/imagen_2023-11-21_021654389.png\" alt=\"\" class=\"wp-image-3991\" srcset=\"https:\/\/nativainfo.com\/wp-content\/uploads\/2023\/11\/imagen_2023-11-21_021654389.png 1010w, https:\/\/nativainfo.com\/wp-content\/uploads\/2023\/11\/imagen_2023-11-21_021654389-300x168.png 300w, https:\/\/nativainfo.com\/wp-content\/uploads\/2023\/11\/imagen_2023-11-21_021654389-768x431.png 768w, https:\/\/nativainfo.com\/wp-content\/uploads\/2023\/11\/imagen_2023-11-21_021654389-623x350.png 623w, https:\/\/nativainfo.com\/wp-content\/uploads\/2023\/11\/imagen_2023-11-21_021654389-150x84.png 150w\" sizes=\"(max-width: 1010px) 100vw, 1010px\" \/><\/figure>\n\n\n\n<p>La Selecci\u00f3n Argentina lleg\u00f3, alrededor de las 22, al hotel que constituir\u00e1 por unas pocas horas su alojamiento en R\u00edo de Janeiro, y all\u00ed fue recibido por unos 200 simpatizantes ataviados con camisetas argentinas, algunos paraguas para protegerse de la lluvia intermitente que abarc\u00f3 toda la jornada carioca, y ejecutando c\u00e1nticos referidos a la obtenci\u00f3n del pasado Mundial de Qatar.<\/p>\n\n\n\n<p>En una jornada en la que los medios brasile\u00f1os volvieron a tom\u00e1rsela con el entrenador de su seleccionado, Fernando Diniz, por llegar al entrenamiento en Teres\u00f3pilos, a unos 60 kil\u00f3metros de R\u00edo de Janeiro, a bordo de un helic\u00f3ptero propiedad del ahora lesionado Neymar, en vez de hacerlo en uno que puede disponer para \u00e9l la Confederaci\u00f3n Brasile\u00f1a de F\u00fatbol (CBF), la selecci\u00f3n conducido por Lionel Scaloni arrib\u00f3 a esta ciudad.<\/p>\n","protected":false},"excerpt":{"rendered":"<p>El equipo nacional tuvo una recepci\u00f3n &#8220;mundialista&#8221; a su llegada. La Selecci\u00f3n Argentina lleg\u00f3, alrededor de las 22, al hotel&#8230; <a class=\"continue-reading-link\" href=\"https:\/\/nativainfo.com\/?p=3987\">Continue reading<\/a><\/p>\n","protected":false},"author":1,"featured_media":0,"comment_status":"open","ping_status":"open","sticky":false,"template":"","format":"standard","meta":{"rop_custom_images_group":[],"rop_custom_messages_group":[],"rop_publish_now":"initial","rop_publish_now_accounts":[],"rop_publish_now_history":[],"rop_publish_now_status":"pending","footnotes":"","jetpack_publicize_message":"","jetpack_publicize_feature_enabled":true,"jetpack_social_post_already_shared":false,"jetpack_social_options":{"image_generator_settings":{"template":"highway","default_image_id":0,"font":"","enabled":false},"version":2}},"categories":[46],"tags":[],"class_list":["post-3987","post","type-post","status-publish","format-standard","hentry","category-seleccion-argentina"],"yoast_head":"<!-- This site is optimized with the Yoast SEO plugin v25.6 - https:\/\/yoast.com\/wordpress\/plugins\/seo\/ -->\n<title>La Selecci\u00f3n Argentina lleg\u00f3 a R\u00edo de Janeiro de cara al duelo ante Brasil - Nativa Info<\/title>\n<meta name=\"robots\" content=\"index, follow, max-snippet:-1, max-image-preview:large, max-video-preview:-1\" \/>\n<link rel=\"canonical\" href=\"https:\/\/nativainfo.com\/?p=3987\" \/>\n<meta property=\"og:locale\" content=\"es_ES\" \/>\n<meta property=\"og:type\" content=\"article\" \/>\n<meta property=\"og:title\" content=\"La Selecci\u00f3n Argentina lleg\u00f3 a R\u00edo de Janeiro de cara al duelo ante Brasil - Nativa Info\" \/>\n<meta property=\"og:description\" content=\"El equipo nacional tuvo una recepci\u00f3n &#8220;mundialista&#8221; a su llegada. La Selecci\u00f3n Argentina lleg\u00f3, alrededor de las 22, al hotel... Continue reading\" \/>\n<meta property=\"og:url\" content=\"https:\/\/nativainfo.com\/?p=3987\" \/>\n<meta property=\"og:site_name\" content=\"Nativa Info\" \/>\n<meta property=\"article:publisher\" content=\"https:\/\/www.facebook.com\/profile.php?id=61578881597564\" \/>\n<meta property=\"article:published_time\" content=\"2023-11-21T05:17:02+00:00\" \/>\n<meta property=\"article:modified_time\" content=\"2023-11-21T05:17:04+00:00\" \/>\n<meta property=\"og:image\" content=\"http:\/\/nativainfo.com\/wp-content\/uploads\/2023\/11\/imagen_2023-11-21_021654389.png\" \/>\n<meta name=\"author\" content=\"Nativa Info\" \/>\n<meta name=\"twitter:card\" content=\"summary_large_image\" \/>\n<meta name=\"twitter:label1\" content=\"Escrito por\" \/>\n\t<meta name=\"twitter:data1\" content=\"Nativa Info\" \/>\n\t<meta name=\"twitter:label2\" content=\"Tiempo de lectura\" \/>\n\t<meta name=\"twitter:data2\" content=\"1 minuto\" \/>\n<script type=\"application\/ld+json\" class=\"yoast-schema-graph\">{\"@context\":\"https:\/\/schema.org\",\"@graph\":[{\"@type\":\"Article\",\"@id\":\"https:\/\/nativainfo.com\/?p=3987#article\",\"isPartOf\":{\"@id\":\"https:\/\/nativainfo.com\/?p=3987\"},\"author\":{\"name\":\"Nativa Info\",\"@id\":\"https:\/\/nativainfo.com\/#\/schema\/person\/24893b64a9cd564ddb5d102d36eb4b5c\"},\"headline\":\"La Selecci\u00f3n Argentina lleg\u00f3 a R\u00edo de Janeiro de cara al duelo ante Brasil\",\"datePublished\":\"2023-11-21T05:17:02+00:00\",\"dateModified\":\"2023-11-21T05:17:04+00:00\",\"mainEntityOfPage\":{\"@id\":\"https:\/\/nativainfo.com\/?p=3987\"},\"wordCount\":169,\"commentCount\":0,\"publisher\":{\"@id\":\"https:\/\/nativainfo.com\/#organization\"},\"image\":{\"@id\":\"https:\/\/nativainfo.com\/?p=3987#primaryimage\"},\"thumbnailUrl\":\"http:\/\/nativainfo.com\/wp-content\/uploads\/2023\/11\/imagen_2023-11-21_021654389.png\",\"articleSection\":[\"Selecci\u00f3n Argentina\"],\"inLanguage\":\"es-AR\",\"potentialAction\":[{\"@type\":\"CommentAction\",\"name\":\"Comment\",\"target\":[\"https:\/\/nativainfo.com\/?p=3987#respond\"]}]},{\"@type\":\"WebPage\",\"@id\":\"https:\/\/nativainfo.com\/?p=3987\",\"url\":\"https:\/\/nativainfo.com\/?p=3987\",\"name\":\"La Selecci\u00f3n Argentina lleg\u00f3 a R\u00edo de Janeiro de cara al duelo ante Brasil - Nativa Info\",\"isPartOf\":{\"@id\":\"https:\/\/nativainfo.com\/#website\"},\"primaryImageOfPage\":{\"@id\":\"https:\/\/nativainfo.com\/?p=3987#primaryimage\"},\"image\":{\"@id\":\"https:\/\/nativainfo.com\/?p=3987#primaryimage\"},\"thumbnailUrl\":\"http:\/\/nativainfo.com\/wp-content\/uploads\/2023\/11\/imagen_2023-11-21_021654389.png\",\"datePublished\":\"2023-11-21T05:17:02+00:00\",\"dateModified\":\"2023-11-21T05:17:04+00:00\",\"breadcrumb\":{\"@id\":\"https:\/\/nativainfo.com\/?p=3987#breadcrumb\"},\"inLanguage\":\"es-AR\",\"potentialAction\":[{\"@type\":\"ReadAction\",\"target\":[\"https:\/\/nativainfo.com\/?p=3987\"]}]},{\"@type\":\"ImageObject\",\"inLanguage\":\"es-AR\",\"@id\":\"https:\/\/nativainfo.com\/?p=3987#primaryimage\",\"url\":\"https:\/\/nativainfo.com\/wp-content\/uploads\/2023\/11\/imagen_2023-11-21_021654389.png\",\"contentUrl\":\"https:\/\/nativainfo.com\/wp-content\/uploads\/2023\/11\/imagen_2023-11-21_021654389.png\",\"width\":1010,\"height\":567},{\"@type\":\"BreadcrumbList\",\"@id\":\"https:\/\/nativainfo.com\/?p=3987#breadcrumb\",\"itemListElement\":[{\"@type\":\"ListItem\",\"position\":1,\"name\":\"Inicio\",\"item\":\"https:\/\/nativainfo.com\/\"},{\"@type\":\"ListItem\",\"position\":2,\"name\":\"La Selecci\u00f3n Argentina lleg\u00f3 a R\u00edo de Janeiro de cara al duelo ante Brasil\"}]},{\"@type\":\"WebSite\",\"@id\":\"https:\/\/nativainfo.com\/#website\",\"url\":\"https:\/\/nativainfo.com\/\",\"name\":\"Nativa Info\",\"description\":\"Diario Digital\",\"publisher\":{\"@id\":\"https:\/\/nativainfo.com\/#organization\"},\"potentialAction\":[{\"@type\":\"SearchAction\",\"target\":{\"@type\":\"EntryPoint\",\"urlTemplate\":\"https:\/\/nativainfo.com\/?s={search_term_string}\"},\"query-input\":{\"@type\":\"PropertyValueSpecification\",\"valueRequired\":true,\"valueName\":\"search_term_string\"}}],\"inLanguage\":\"es-AR\"},{\"@type\":\"Organization\",\"@id\":\"https:\/\/nativainfo.com\/#organization\",\"name\":\"Nativa Info\",\"url\":\"https:\/\/nativainfo.com\/\",\"logo\":{\"@type\":\"ImageObject\",\"inLanguage\":\"es-AR\",\"@id\":\"https:\/\/nativainfo.com\/#\/schema\/logo\/image\/\",\"url\":\"https:\/\/nativainfo.com\/wp-content\/uploads\/2025\/08\/LOGO-NATIVA-FACE.jpg\",\"contentUrl\":\"https:\/\/nativainfo.com\/wp-content\/uploads\/2025\/08\/LOGO-NATIVA-FACE.jpg\",\"width\":400,\"height\":400,\"caption\":\"Nativa Info\"},\"image\":{\"@id\":\"https:\/\/nativainfo.com\/#\/schema\/logo\/image\/\"},\"sameAs\":[\"https:\/\/www.facebook.com\/profile.php?id=61578881597564\"]},{\"@type\":\"Person\",\"@id\":\"https:\/\/nativainfo.com\/#\/schema\/person\/24893b64a9cd564ddb5d102d36eb4b5c\",\"name\":\"Nativa Info\",\"image\":{\"@type\":\"ImageObject\",\"inLanguage\":\"es-AR\",\"@id\":\"https:\/\/nativainfo.com\/#\/schema\/person\/image\/\",\"url\":\"https:\/\/secure.gravatar.com\/avatar\/016fa1cf068d85136d938e1507b9b619cb766e2565cbb1faa1e571762460c785?s=96&d=mm&r=g\",\"contentUrl\":\"https:\/\/secure.gravatar.com\/avatar\/016fa1cf068d85136d938e1507b9b619cb766e2565cbb1faa1e571762460c785?s=96&d=mm&r=g\",\"caption\":\"Nativa Info\"},\"sameAs\":[\"http:\/\/nativainfo.com\"],\"url\":\"https:\/\/nativainfo.com\/?author=1\"}]}<\/script>\n<!-- \/ Yoast SEO plugin. -->","yoast_head_json":{"title":"La Selecci\u00f3n Argentina lleg\u00f3 a R\u00edo de Janeiro de cara al duelo ante Brasil - Nativa Info","robots":{"index":"index","follow":"follow","max-snippet":"max-snippet:-1","max-image-preview":"max-image-preview:large","max-video-preview":"max-video-preview:-1"},"canonical":"https:\/\/nativainfo.com\/?p=3987","og_locale":"es_ES","og_type":"article","og_title":"La Selecci\u00f3n Argentina lleg\u00f3 a R\u00edo de Janeiro de cara al duelo ante Brasil - Nativa Info","og_description":"El equipo nacional tuvo una recepci\u00f3n &#8220;mundialista&#8221; a su llegada. La Selecci\u00f3n Argentina lleg\u00f3, alrededor de las 22, al hotel... Continue reading","og_url":"https:\/\/nativainfo.com\/?p=3987","og_site_name":"Nativa Info","article_publisher":"https:\/\/www.facebook.com\/profile.php?id=61578881597564","article_published_time":"2023-11-21T05:17:02+00:00","article_modified_time":"2023-11-21T05:17:04+00:00","og_image":[{"url":"http:\/\/nativainfo.com\/wp-content\/uploads\/2023\/11\/imagen_2023-11-21_021654389.png","type":"","width":"","height":""}],"author":"Nativa Info","twitter_card":"summary_large_image","twitter_misc":{"Escrito por":"Nativa Info","Tiempo de lectura":"1 minuto"},"schema":{"@context":"https:\/\/schema.org","@graph":[{"@type":"Article","@id":"https:\/\/nativainfo.com\/?p=3987#article","isPartOf":{"@id":"https:\/\/nativainfo.com\/?p=3987"},"author":{"name":"Nativa Info","@id":"https:\/\/nativainfo.com\/#\/schema\/person\/24893b64a9cd564ddb5d102d36eb4b5c"},"headline":"La Selecci\u00f3n Argentina lleg\u00f3 a R\u00edo de Janeiro de cara al duelo ante Brasil","datePublished":"2023-11-21T05:17:02+00:00","dateModified":"2023-11-21T05:17:04+00:00","mainEntityOfPage":{"@id":"https:\/\/nativainfo.com\/?p=3987"},"wordCount":169,"commentCount":0,"publisher":{"@id":"https:\/\/nativainfo.com\/#organization"},"image":{"@id":"https:\/\/nativainfo.com\/?p=3987#primaryimage"},"thumbnailUrl":"http:\/\/nativainfo.com\/wp-content\/uploads\/2023\/11\/imagen_2023-11-21_021654389.png","articleSection":["Selecci\u00f3n Argentina"],"inLanguage":"es-AR","potentialAction":[{"@type":"CommentAction","name":"Comment","target":["https:\/\/nativainfo.com\/?p=3987#respond"]}]},{"@type":"WebPage","@id":"https:\/\/nativainfo.com\/?p=3987","url":"https:\/\/nativainfo.com\/?p=3987","name":"La Selecci\u00f3n Argentina lleg\u00f3 a R\u00edo de Janeiro de cara al duelo ante Brasil - Nativa Info","isPartOf":{"@id":"https:\/\/nativainfo.com\/#website"},"primaryImageOfPage":{"@id":"https:\/\/nativainfo.com\/?p=3987#primaryimage"},"image":{"@id":"https:\/\/nativainfo.com\/?p=3987#primaryimage"},"thumbnailUrl":"http:\/\/nativainfo.com\/wp-content\/uploads\/2023\/11\/imagen_2023-11-21_021654389.png","datePublished":"2023-11-21T05:17:02+00:00","dateModified":"2023-11-21T05:17:04+00:00","breadcrumb":{"@id":"https:\/\/nativainfo.com\/?p=3987#breadcrumb"},"inLanguage":"es-AR","potentialAction":[{"@type":"ReadAction","target":["https:\/\/nativainfo.com\/?p=3987"]}]},{"@type":"ImageObject","inLanguage":"es-AR","@id":"https:\/\/nativainfo.com\/?p=3987#primaryimage","url":"https:\/\/nativainfo.com\/wp-content\/uploads\/2023\/11\/imagen_2023-11-21_021654389.png","contentUrl":"https:\/\/nativainfo.com\/wp-content\/uploads\/2023\/11\/imagen_2023-11-21_021654389.png","width":1010,"height":567},{"@type":"BreadcrumbList","@id":"https:\/\/nativainfo.com\/?p=3987#breadcrumb","itemListElement":[{"@type":"ListItem","position":1,"name":"Inicio","item":"https:\/\/nativainfo.com\/"},{"@type":"ListItem","position":2,"name":"La Selecci\u00f3n Argentina lleg\u00f3 a R\u00edo de Janeiro de cara al duelo ante Brasil"}]},{"@type":"WebSite","@id":"https:\/\/nativainfo.com\/#website","url":"https:\/\/nativainfo.com\/","name":"Nativa Info","description":"Diario Digital","publisher":{"@id":"https:\/\/nativainfo.com\/#organization"},"potentialAction":[{"@type":"SearchAction","target":{"@type":"EntryPoint","urlTemplate":"https:\/\/nativainfo.com\/?s={search_term_string}"},"query-input":{"@type":"PropertyValueSpecification","valueRequired":true,"valueName":"search_term_string"}}],"inLanguage":"es-AR"},{"@type":"Organization","@id":"https:\/\/nativainfo.com\/#organization","name":"Nativa Info","url":"https:\/\/nativainfo.com\/","logo":{"@type":"ImageObject","inLanguage":"es-AR","@id":"https:\/\/nativainfo.com\/#\/schema\/logo\/image\/","url":"https:\/\/nativainfo.com\/wp-content\/uploads\/2025\/08\/LOGO-NATIVA-FACE.jpg","contentUrl":"https:\/\/nativainfo.com\/wp-content\/uploads\/2025\/08\/LOGO-NATIVA-FACE.jpg","width":400,"height":400,"caption":"Nativa Info"},"image":{"@id":"https:\/\/nativainfo.com\/#\/schema\/logo\/image\/"},"sameAs":["https:\/\/www.facebook.com\/profile.php?id=61578881597564"]},{"@type":"Person","@id":"https:\/\/nativainfo.com\/#\/schema\/person\/24893b64a9cd564ddb5d102d36eb4b5c","name":"Nativa Info","image":{"@type":"ImageObject","inLanguage":"es-AR","@id":"https:\/\/nativainfo.com\/#\/schema\/person\/image\/","url":"https:\/\/secure.gravatar.com\/avatar\/016fa1cf068d85136d938e1507b9b619cb766e2565cbb1faa1e571762460c785?s=96&d=mm&r=g","contentUrl":"https:\/\/secure.gravatar.com\/avatar\/016fa1cf068d85136d938e1507b9b619cb766e2565cbb1faa1e571762460c785?s=96&d=mm&r=g","caption":"Nativa Info"},"sameAs":["http:\/\/nativainfo.com"],"url":"https:\/\/nativainfo.com\/?author=1"}]}},"jetpack_publicize_connections":[],"_links":{"self":[{"href":"https:\/\/nativainfo.com\/index.php?rest_route=\/wp\/v2\/posts\/3987","targetHints":{"allow":["GET"]}}],"collection":[{"href":"https:\/\/nativainfo.com\/index.php?rest_route=\/wp\/v2\/posts"}],"about":[{"href":"https:\/\/nativainfo.com\/index.php?rest_route=\/wp\/v2\/types\/post"}],"author":[{"embeddable":true,"href":"https:\/\/nativainfo.com\/index.php?rest_route=\/wp\/v2\/users\/1"}],"replies":[{"embeddable":true,"href":"https:\/\/nativainfo.com\/index.php?rest_route=%2Fwp%2Fv2%2Fcomments&post=3987"}],"version-history":[{"count":1,"href":"https:\/\/nativainfo.com\/index.php?rest_route=\/wp\/v2\/posts\/3987\/revisions"}],"predecessor-version":[{"id":3992,"href":"https:\/\/nativainfo.com\/index.php?rest_route=\/wp\/v2\/posts\/3987\/revisions\/3992"}],"wp:attachment":[{"href":"https:\/\/nativainfo.com\/index.php?rest_route=%2Fwp%2Fv2%2Fmedia&parent=3987"}],"wp:term":[{"taxonomy":"category","embeddable":true,"href":"https:\/\/nativainfo.com\/index.php?rest_route=%2Fwp%2Fv2%2Fcategories&post=3987"},{"taxonomy":"post_tag","embeddable":true,"href":"https:\/\/nativainfo.com\/index.php?rest_route=%2Fwp%2Fv2%2Ftags&post=3987"}],"curies":[{"name":"wp","href":"https:\/\/api.w.org\/{rel}","templated":true}]}}