{"id":3957,"date":"2023-10-23T00:37:07","date_gmt":"2023-10-23T03:37:07","guid":{"rendered":"http:\/\/nativainfo.com\/?p=3957"},"modified":"2023-10-23T00:37:23","modified_gmt":"2023-10-23T03:37:23","slug":"sergio-massa-fue-el-mas-votado-y-definira-en-balotaje-con-javier-milei-quien-sera-el-proximo-presidente","status":"publish","type":"post","link":"https:\/\/nativainfo.com\/?p=3957","title":{"rendered":"Sergio Massa fue el m\u00e1s votado y definir\u00e1 en balotaje con Javier Milei qui\u00e9n ser\u00e1 el pr\u00f3ximo presidente"},"content":{"rendered":"\n<p>Con el 80% escrutado, el candidato de Uni\u00f3n por la Patria fue el m\u00e1s votado y afrontar\u00e1 una segunda vuelta con el l\u00edder de La Libertad Avanza.<\/p>\n\n\n\n<figure class=\"wp-block-image size-large\"><img fetchpriority=\"high\" decoding=\"async\" width=\"1010\" height=\"567\" src=\"http:\/\/nativainfo.com\/wp-content\/uploads\/2023\/10\/imagen_2023-10-23_003701701.png\" alt=\"\" class=\"wp-image-3959\" srcset=\"https:\/\/nativainfo.com\/wp-content\/uploads\/2023\/10\/imagen_2023-10-23_003701701.png 1010w, https:\/\/nativainfo.com\/wp-content\/uploads\/2023\/10\/imagen_2023-10-23_003701701-300x168.png 300w, https:\/\/nativainfo.com\/wp-content\/uploads\/2023\/10\/imagen_2023-10-23_003701701-768x431.png 768w, https:\/\/nativainfo.com\/wp-content\/uploads\/2023\/10\/imagen_2023-10-23_003701701-623x350.png 623w, https:\/\/nativainfo.com\/wp-content\/uploads\/2023\/10\/imagen_2023-10-23_003701701-150x84.png 150w\" sizes=\"(max-width: 1010px) 100vw, 1010px\" \/><\/figure>\n\n\n\n<p>El candidato a presidente de Uni\u00f3n por la Patria,&nbsp;<strong>Sergio Massa, suma el 36,19% de los votos con el 80,32% escrutados y es el dirigente con mayor cantidad de sufragios&nbsp;<\/strong>de las elecciones desarrolladas este domingo. Detr\u00e1s, aparece el postulante de La Libertad Avanza, Javier Milei, con el 30,39% y se mete al balotaje. Luego, en el tercer lugar est\u00e1 Patricia Bullrich, de Juntos por el Cambio, con 23,68%.<\/p>\n\n\n\n<p>El ministro de Econom\u00eda tuvo un gran remontada con respecto a las PASO, que se realizaron el 13 de agosto, ya que&nbsp;<strong>el oficialismo hab\u00eda obtenido el 27,22% al sumar los votos para el titular del Palacio de Hacienda y el precandidato Juan Grabois<\/strong>. Con este resultado, disputar\u00e1 contra el l\u00edder libertario un balotaje el domingo 19 de noviembre.<\/p>\n\n\n\n<p>Por su parte,&nbsp;<strong>el economista liberal realiz\u00f3 -pr\u00e1cticamente- la misma elecci\u00f3n que en las PASO<\/strong>, cuando hab\u00eda sido el m\u00e1s votado con el 30,08%. Con esa cifra se asegur\u00f3 un lugar en segunda vuelta, ya que aventaj\u00f3 por casi siete puntos a Juntos por el Cambio, aunque detr\u00e1s del integrante del Gabinete.<\/p>\n","protected":false},"excerpt":{"rendered":"<p>Con el 80% escrutado, el candidato de Uni\u00f3n por la Patria fue el m\u00e1s votado y afrontar\u00e1 una segunda vuelta&#8230; <a class=\"continue-reading-link\" href=\"https:\/\/nativainfo.com\/?p=3957\">Continue reading<\/a><\/p>\n","protected":false},"author":1,"featured_media":0,"comment_status":"open","ping_status":"open","sticky":false,"template":"","format":"standard","meta":{"rop_custom_images_group":[],"rop_custom_messages_group":[],"rop_publish_now":"initial","rop_publish_now_accounts":[],"rop_publish_now_history":[],"rop_publish_now_status":"pending","footnotes":"","jetpack_publicize_message":"","jetpack_publicize_feature_enabled":true,"jetpack_social_post_already_shared":false,"jetpack_social_options":{"image_generator_settings":{"template":"highway","default_image_id":0,"font":"","enabled":false},"version":2}},"categories":[8],"tags":[],"class_list":["post-3957","post","type-post","status-publish","format-standard","hentry","category-noticias"],"yoast_head":"<!-- This site is optimized with the Yoast SEO plugin v25.6 - https:\/\/yoast.com\/wordpress\/plugins\/seo\/ -->\n<title>Sergio Massa fue el m\u00e1s votado y definir\u00e1 en balotaje con Javier Milei qui\u00e9n ser\u00e1 el pr\u00f3ximo presidente - Nativa Info<\/title>\n<meta name=\"robots\" content=\"index, follow, max-snippet:-1, max-image-preview:large, max-video-preview:-1\" \/>\n<link rel=\"canonical\" href=\"https:\/\/nativainfo.com\/?p=3957\" \/>\n<meta property=\"og:locale\" content=\"es_ES\" \/>\n<meta property=\"og:type\" content=\"article\" \/>\n<meta property=\"og:title\" content=\"Sergio Massa fue el m\u00e1s votado y definir\u00e1 en balotaje con Javier Milei qui\u00e9n ser\u00e1 el pr\u00f3ximo presidente - Nativa Info\" \/>\n<meta property=\"og:description\" content=\"Con el 80% escrutado, el candidato de Uni\u00f3n por la Patria fue el m\u00e1s votado y afrontar\u00e1 una segunda vuelta... Continue reading\" \/>\n<meta property=\"og:url\" content=\"https:\/\/nativainfo.com\/?p=3957\" \/>\n<meta property=\"og:site_name\" content=\"Nativa Info\" \/>\n<meta property=\"article:publisher\" content=\"https:\/\/www.facebook.com\/profile.php?id=61578881597564\" \/>\n<meta property=\"article:published_time\" content=\"2023-10-23T03:37:07+00:00\" \/>\n<meta property=\"article:modified_time\" content=\"2023-10-23T03:37:23+00:00\" \/>\n<meta property=\"og:image\" content=\"http:\/\/nativainfo.com\/wp-content\/uploads\/2023\/10\/imagen_2023-10-23_003701701.png\" \/>\n<meta name=\"author\" content=\"Nativa Info\" \/>\n<meta name=\"twitter:card\" content=\"summary_large_image\" \/>\n<meta name=\"twitter:label1\" content=\"Escrito por\" \/>\n\t<meta name=\"twitter:data1\" content=\"Nativa Info\" \/>\n\t<meta name=\"twitter:label2\" content=\"Tiempo de lectura\" \/>\n\t<meta name=\"twitter:data2\" content=\"1 minuto\" \/>\n<script type=\"application\/ld+json\" class=\"yoast-schema-graph\">{\"@context\":\"https:\/\/schema.org\",\"@graph\":[{\"@type\":\"Article\",\"@id\":\"https:\/\/nativainfo.com\/?p=3957#article\",\"isPartOf\":{\"@id\":\"https:\/\/nativainfo.com\/?p=3957\"},\"author\":{\"name\":\"Nativa Info\",\"@id\":\"https:\/\/nativainfo.com\/#\/schema\/person\/24893b64a9cd564ddb5d102d36eb4b5c\"},\"headline\":\"Sergio Massa fue el m\u00e1s votado y definir\u00e1 en balotaje con Javier Milei qui\u00e9n ser\u00e1 el pr\u00f3ximo presidente\",\"datePublished\":\"2023-10-23T03:37:07+00:00\",\"dateModified\":\"2023-10-23T03:37:23+00:00\",\"mainEntityOfPage\":{\"@id\":\"https:\/\/nativainfo.com\/?p=3957\"},\"wordCount\":236,\"commentCount\":0,\"publisher\":{\"@id\":\"https:\/\/nativainfo.com\/#organization\"},\"image\":{\"@id\":\"https:\/\/nativainfo.com\/?p=3957#primaryimage\"},\"thumbnailUrl\":\"http:\/\/nativainfo.com\/wp-content\/uploads\/2023\/10\/imagen_2023-10-23_003701701.png\",\"articleSection\":[\"Noticias\"],\"inLanguage\":\"es-AR\",\"potentialAction\":[{\"@type\":\"CommentAction\",\"name\":\"Comment\",\"target\":[\"https:\/\/nativainfo.com\/?p=3957#respond\"]}]},{\"@type\":\"WebPage\",\"@id\":\"https:\/\/nativainfo.com\/?p=3957\",\"url\":\"https:\/\/nativainfo.com\/?p=3957\",\"name\":\"Sergio Massa fue el m\u00e1s votado y definir\u00e1 en balotaje con Javier Milei qui\u00e9n ser\u00e1 el pr\u00f3ximo presidente - Nativa Info\",\"isPartOf\":{\"@id\":\"https:\/\/nativainfo.com\/#website\"},\"primaryImageOfPage\":{\"@id\":\"https:\/\/nativainfo.com\/?p=3957#primaryimage\"},\"image\":{\"@id\":\"https:\/\/nativainfo.com\/?p=3957#primaryimage\"},\"thumbnailUrl\":\"http:\/\/nativainfo.com\/wp-content\/uploads\/2023\/10\/imagen_2023-10-23_003701701.png\",\"datePublished\":\"2023-10-23T03:37:07+00:00\",\"dateModified\":\"2023-10-23T03:37:23+00:00\",\"breadcrumb\":{\"@id\":\"https:\/\/nativainfo.com\/?p=3957#breadcrumb\"},\"inLanguage\":\"es-AR\",\"potentialAction\":[{\"@type\":\"ReadAction\",\"target\":[\"https:\/\/nativainfo.com\/?p=3957\"]}]},{\"@type\":\"ImageObject\",\"inLanguage\":\"es-AR\",\"@id\":\"https:\/\/nativainfo.com\/?p=3957#primaryimage\",\"url\":\"https:\/\/nativainfo.com\/wp-content\/uploads\/2023\/10\/imagen_2023-10-23_003701701.png\",\"contentUrl\":\"https:\/\/nativainfo.com\/wp-content\/uploads\/2023\/10\/imagen_2023-10-23_003701701.png\",\"width\":1010,\"height\":567},{\"@type\":\"BreadcrumbList\",\"@id\":\"https:\/\/nativainfo.com\/?p=3957#breadcrumb\",\"itemListElement\":[{\"@type\":\"ListItem\",\"position\":1,\"name\":\"Inicio\",\"item\":\"https:\/\/nativainfo.com\/\"},{\"@type\":\"ListItem\",\"position\":2,\"name\":\"Sergio Massa fue el m\u00e1s votado y definir\u00e1 en balotaje con Javier Milei qui\u00e9n ser\u00e1 el pr\u00f3ximo presidente\"}]},{\"@type\":\"WebSite\",\"@id\":\"https:\/\/nativainfo.com\/#website\",\"url\":\"https:\/\/nativainfo.com\/\",\"name\":\"Nativa Info\",\"description\":\"Diario Digital\",\"publisher\":{\"@id\":\"https:\/\/nativainfo.com\/#organization\"},\"potentialAction\":[{\"@type\":\"SearchAction\",\"target\":{\"@type\":\"EntryPoint\",\"urlTemplate\":\"https:\/\/nativainfo.com\/?s={search_term_string}\"},\"query-input\":{\"@type\":\"PropertyValueSpecification\",\"valueRequired\":true,\"valueName\":\"search_term_string\"}}],\"inLanguage\":\"es-AR\"},{\"@type\":\"Organization\",\"@id\":\"https:\/\/nativainfo.com\/#organization\",\"name\":\"Nativa Info\",\"url\":\"https:\/\/nativainfo.com\/\",\"logo\":{\"@type\":\"ImageObject\",\"inLanguage\":\"es-AR\",\"@id\":\"https:\/\/nativainfo.com\/#\/schema\/logo\/image\/\",\"url\":\"https:\/\/nativainfo.com\/wp-content\/uploads\/2025\/08\/LOGO-NATIVA-FACE.jpg\",\"contentUrl\":\"https:\/\/nativainfo.com\/wp-content\/uploads\/2025\/08\/LOGO-NATIVA-FACE.jpg\",\"width\":400,\"height\":400,\"caption\":\"Nativa Info\"},\"image\":{\"@id\":\"https:\/\/nativainfo.com\/#\/schema\/logo\/image\/\"},\"sameAs\":[\"https:\/\/www.facebook.com\/profile.php?id=61578881597564\"]},{\"@type\":\"Person\",\"@id\":\"https:\/\/nativainfo.com\/#\/schema\/person\/24893b64a9cd564ddb5d102d36eb4b5c\",\"name\":\"Nativa Info\",\"image\":{\"@type\":\"ImageObject\",\"inLanguage\":\"es-AR\",\"@id\":\"https:\/\/nativainfo.com\/#\/schema\/person\/image\/\",\"url\":\"https:\/\/secure.gravatar.com\/avatar\/016fa1cf068d85136d938e1507b9b619cb766e2565cbb1faa1e571762460c785?s=96&d=mm&r=g\",\"contentUrl\":\"https:\/\/secure.gravatar.com\/avatar\/016fa1cf068d85136d938e1507b9b619cb766e2565cbb1faa1e571762460c785?s=96&d=mm&r=g\",\"caption\":\"Nativa Info\"},\"sameAs\":[\"http:\/\/nativainfo.com\"],\"url\":\"https:\/\/nativainfo.com\/?author=1\"}]}<\/script>\n<!-- \/ Yoast SEO plugin. -->","yoast_head_json":{"title":"Sergio Massa fue el m\u00e1s votado y definir\u00e1 en balotaje con Javier Milei qui\u00e9n ser\u00e1 el pr\u00f3ximo presidente - Nativa Info","robots":{"index":"index","follow":"follow","max-snippet":"max-snippet:-1","max-image-preview":"max-image-preview:large","max-video-preview":"max-video-preview:-1"},"canonical":"https:\/\/nativainfo.com\/?p=3957","og_locale":"es_ES","og_type":"article","og_title":"Sergio Massa fue el m\u00e1s votado y definir\u00e1 en balotaje con Javier Milei qui\u00e9n ser\u00e1 el pr\u00f3ximo presidente - Nativa Info","og_description":"Con el 80% escrutado, el candidato de Uni\u00f3n por la Patria fue el m\u00e1s votado y afrontar\u00e1 una segunda vuelta... Continue reading","og_url":"https:\/\/nativainfo.com\/?p=3957","og_site_name":"Nativa Info","article_publisher":"https:\/\/www.facebook.com\/profile.php?id=61578881597564","article_published_time":"2023-10-23T03:37:07+00:00","article_modified_time":"2023-10-23T03:37:23+00:00","og_image":[{"url":"http:\/\/nativainfo.com\/wp-content\/uploads\/2023\/10\/imagen_2023-10-23_003701701.png","type":"","width":"","height":""}],"author":"Nativa Info","twitter_card":"summary_large_image","twitter_misc":{"Escrito por":"Nativa Info","Tiempo de lectura":"1 minuto"},"schema":{"@context":"https:\/\/schema.org","@graph":[{"@type":"Article","@id":"https:\/\/nativainfo.com\/?p=3957#article","isPartOf":{"@id":"https:\/\/nativainfo.com\/?p=3957"},"author":{"name":"Nativa Info","@id":"https:\/\/nativainfo.com\/#\/schema\/person\/24893b64a9cd564ddb5d102d36eb4b5c"},"headline":"Sergio Massa fue el m\u00e1s votado y definir\u00e1 en balotaje con Javier Milei qui\u00e9n ser\u00e1 el pr\u00f3ximo presidente","datePublished":"2023-10-23T03:37:07+00:00","dateModified":"2023-10-23T03:37:23+00:00","mainEntityOfPage":{"@id":"https:\/\/nativainfo.com\/?p=3957"},"wordCount":236,"commentCount":0,"publisher":{"@id":"https:\/\/nativainfo.com\/#organization"},"image":{"@id":"https:\/\/nativainfo.com\/?p=3957#primaryimage"},"thumbnailUrl":"http:\/\/nativainfo.com\/wp-content\/uploads\/2023\/10\/imagen_2023-10-23_003701701.png","articleSection":["Noticias"],"inLanguage":"es-AR","potentialAction":[{"@type":"CommentAction","name":"Comment","target":["https:\/\/nativainfo.com\/?p=3957#respond"]}]},{"@type":"WebPage","@id":"https:\/\/nativainfo.com\/?p=3957","url":"https:\/\/nativainfo.com\/?p=3957","name":"Sergio Massa fue el m\u00e1s votado y definir\u00e1 en balotaje con Javier Milei qui\u00e9n ser\u00e1 el pr\u00f3ximo presidente - Nativa Info","isPartOf":{"@id":"https:\/\/nativainfo.com\/#website"},"primaryImageOfPage":{"@id":"https:\/\/nativainfo.com\/?p=3957#primaryimage"},"image":{"@id":"https:\/\/nativainfo.com\/?p=3957#primaryimage"},"thumbnailUrl":"http:\/\/nativainfo.com\/wp-content\/uploads\/2023\/10\/imagen_2023-10-23_003701701.png","datePublished":"2023-10-23T03:37:07+00:00","dateModified":"2023-10-23T03:37:23+00:00","breadcrumb":{"@id":"https:\/\/nativainfo.com\/?p=3957#breadcrumb"},"inLanguage":"es-AR","potentialAction":[{"@type":"ReadAction","target":["https:\/\/nativainfo.com\/?p=3957"]}]},{"@type":"ImageObject","inLanguage":"es-AR","@id":"https:\/\/nativainfo.com\/?p=3957#primaryimage","url":"https:\/\/nativainfo.com\/wp-content\/uploads\/2023\/10\/imagen_2023-10-23_003701701.png","contentUrl":"https:\/\/nativainfo.com\/wp-content\/uploads\/2023\/10\/imagen_2023-10-23_003701701.png","width":1010,"height":567},{"@type":"BreadcrumbList","@id":"https:\/\/nativainfo.com\/?p=3957#breadcrumb","itemListElement":[{"@type":"ListItem","position":1,"name":"Inicio","item":"https:\/\/nativainfo.com\/"},{"@type":"ListItem","position":2,"name":"Sergio Massa fue el m\u00e1s votado y definir\u00e1 en balotaje con Javier Milei qui\u00e9n ser\u00e1 el pr\u00f3ximo presidente"}]},{"@type":"WebSite","@id":"https:\/\/nativainfo.com\/#website","url":"https:\/\/nativainfo.com\/","name":"Nativa Info","description":"Diario Digital","publisher":{"@id":"https:\/\/nativainfo.com\/#organization"},"potentialAction":[{"@type":"SearchAction","target":{"@type":"EntryPoint","urlTemplate":"https:\/\/nativainfo.com\/?s={search_term_string}"},"query-input":{"@type":"PropertyValueSpecification","valueRequired":true,"valueName":"search_term_string"}}],"inLanguage":"es-AR"},{"@type":"Organization","@id":"https:\/\/nativainfo.com\/#organization","name":"Nativa Info","url":"https:\/\/nativainfo.com\/","logo":{"@type":"ImageObject","inLanguage":"es-AR","@id":"https:\/\/nativainfo.com\/#\/schema\/logo\/image\/","url":"https:\/\/nativainfo.com\/wp-content\/uploads\/2025\/08\/LOGO-NATIVA-FACE.jpg","contentUrl":"https:\/\/nativainfo.com\/wp-content\/uploads\/2025\/08\/LOGO-NATIVA-FACE.jpg","width":400,"height":400,"caption":"Nativa Info"},"image":{"@id":"https:\/\/nativainfo.com\/#\/schema\/logo\/image\/"},"sameAs":["https:\/\/www.facebook.com\/profile.php?id=61578881597564"]},{"@type":"Person","@id":"https:\/\/nativainfo.com\/#\/schema\/person\/24893b64a9cd564ddb5d102d36eb4b5c","name":"Nativa Info","image":{"@type":"ImageObject","inLanguage":"es-AR","@id":"https:\/\/nativainfo.com\/#\/schema\/person\/image\/","url":"https:\/\/secure.gravatar.com\/avatar\/016fa1cf068d85136d938e1507b9b619cb766e2565cbb1faa1e571762460c785?s=96&d=mm&r=g","contentUrl":"https:\/\/secure.gravatar.com\/avatar\/016fa1cf068d85136d938e1507b9b619cb766e2565cbb1faa1e571762460c785?s=96&d=mm&r=g","caption":"Nativa Info"},"sameAs":["http:\/\/nativainfo.com"],"url":"https:\/\/nativainfo.com\/?author=1"}]}},"jetpack_publicize_connections":[],"_links":{"self":[{"href":"https:\/\/nativainfo.com\/index.php?rest_route=\/wp\/v2\/posts\/3957","targetHints":{"allow":["GET"]}}],"collection":[{"href":"https:\/\/nativainfo.com\/index.php?rest_route=\/wp\/v2\/posts"}],"about":[{"href":"https:\/\/nativainfo.com\/index.php?rest_route=\/wp\/v2\/types\/post"}],"author":[{"embeddable":true,"href":"https:\/\/nativainfo.com\/index.php?rest_route=\/wp\/v2\/users\/1"}],"replies":[{"embeddable":true,"href":"https:\/\/nativainfo.com\/index.php?rest_route=%2Fwp%2Fv2%2Fcomments&post=3957"}],"version-history":[{"count":1,"href":"https:\/\/nativainfo.com\/index.php?rest_route=\/wp\/v2\/posts\/3957\/revisions"}],"predecessor-version":[{"id":3960,"href":"https:\/\/nativainfo.com\/index.php?rest_route=\/wp\/v2\/posts\/3957\/revisions\/3960"}],"wp:attachment":[{"href":"https:\/\/nativainfo.com\/index.php?rest_route=%2Fwp%2Fv2%2Fmedia&parent=3957"}],"wp:term":[{"taxonomy":"category","embeddable":true,"href":"https:\/\/nativainfo.com\/index.php?rest_route=%2Fwp%2Fv2%2Fcategories&post=3957"},{"taxonomy":"post_tag","embeddable":true,"href":"https:\/\/nativainfo.com\/index.php?rest_route=%2Fwp%2Fv2%2Ftags&post=3957"}],"curies":[{"name":"wp","href":"https:\/\/api.w.org\/{rel}","templated":true}]}}