{"id":3931,"date":"2023-10-04T15:45:12","date_gmt":"2023-10-04T18:45:12","guid":{"rendered":"http:\/\/nativainfo.com\/?p=3931"},"modified":"2023-10-04T15:45:15","modified_gmt":"2023-10-04T18:45:15","slug":"mundial-2030-en-argentina-se-inaugura-en-sudamerica-y-sigue-en-europa-y-africa","status":"publish","type":"post","link":"https:\/\/nativainfo.com\/?p=3931","title":{"rendered":"Mundial 2030 en Argentina: se inaugura en Sudam\u00e9rica y sigue en Europa y \u00c1frica"},"content":{"rendered":"\n<p>Los primeros partidos de la Copa del Mundo 2030 ser\u00e1n en nuestro pa\u00eds, Uruguay y Paraguay. El resto tendr\u00e1 como sedes a Espa\u00f1a, Portugal y Marruecos.<\/p>\n\n\n\n<figure class=\"wp-block-image size-large\"><img fetchpriority=\"high\" decoding=\"async\" width=\"1010\" height=\"567\" src=\"http:\/\/nativainfo.com\/wp-content\/uploads\/2023\/10\/imagen_2023-10-04_154504614.png\" alt=\"\" class=\"wp-image-3934\" srcset=\"https:\/\/nativainfo.com\/wp-content\/uploads\/2023\/10\/imagen_2023-10-04_154504614.png 1010w, https:\/\/nativainfo.com\/wp-content\/uploads\/2023\/10\/imagen_2023-10-04_154504614-300x168.png 300w, https:\/\/nativainfo.com\/wp-content\/uploads\/2023\/10\/imagen_2023-10-04_154504614-768x431.png 768w, https:\/\/nativainfo.com\/wp-content\/uploads\/2023\/10\/imagen_2023-10-04_154504614-623x350.png 623w, https:\/\/nativainfo.com\/wp-content\/uploads\/2023\/10\/imagen_2023-10-04_154504614-150x84.png 150w\" sizes=\"(max-width: 1010px) 100vw, 1010px\" \/><\/figure>\n\n\n\n<p>La&nbsp;<strong>FIFA&nbsp;<\/strong>confirm\u00f3 hoy que la<strong>&nbsp;Argentina, Uruguay y Paraguay&nbsp;<\/strong>tendr\u00e1n tres partidos en el&nbsp;<strong>Mundial 2030,&nbsp;<\/strong>que tendr\u00e1 como sede oficial a&nbsp;<strong>Portugal, Espa\u00f1a y Marruecos<\/strong>, bajo el legado de &#8220;unir al mundo con el f\u00fatbol&#8221; y de esta forma por primera vez el m\u00e1ximo torneo del f\u00fatbol se jugar\u00e1 en tres continentes.<\/p>\n\n\n\n<p>\u201cEl Consejo de la FIFA, en representaci\u00f3n de todo el mundo del f\u00fatbol, acord\u00f3 por unanimidad celebrar el centenario de la Copa Mundial de la FIFA, cuya primera edici\u00f3n se jug\u00f3 en Uruguay en 1930, de la manera m\u00e1s apropiada. Como resultado, habr\u00e1 una celebraci\u00f3n en Sudam\u00e9rica y tres pa\u00edses sudamericanos (Uruguay, Argentina y Paraguay) organizar\u00e1n cada uno un partido de la Copa Mundial de la FIFA 2030&#8243;, comunic\u00f3 la entidad presidida por el suizo Gianni Infantino.<\/p>\n\n\n\n<p>De esta manera, la Argentina tendr\u00e1 nuevamente un Mundial luego de 52 a\u00f1os, ya que la \u00fanica vez que este campeonato pas\u00f3 por el pa\u00eds en mayores fue en 1978 bajo la dictadura c\u00edvico militar de la Junta conducida por Jorge Rafael Videla en aquel entonces.<\/p>\n\n\n\n<p>Y lo mismo suceder\u00e1 con Uruguay, que organiz\u00f3 el primero en 1930, y al igual que la Argentina se consagr\u00f3 campe\u00f3n cuando fue una de las sedes.<\/p>\n","protected":false},"excerpt":{"rendered":"<p>Los primeros partidos de la Copa del Mundo 2030 ser\u00e1n en nuestro pa\u00eds, Uruguay y Paraguay. El resto tendr\u00e1 como&#8230; <a class=\"continue-reading-link\" href=\"https:\/\/nativainfo.com\/?p=3931\">Continue reading<\/a><\/p>\n","protected":false},"author":1,"featured_media":0,"comment_status":"open","ping_status":"open","sticky":false,"template":"","format":"standard","meta":{"rop_custom_images_group":[],"rop_custom_messages_group":[],"rop_publish_now":"initial","rop_publish_now_accounts":[],"rop_publish_now_history":[],"rop_publish_now_status":"pending","footnotes":"","jetpack_publicize_message":"","jetpack_publicize_feature_enabled":true,"jetpack_social_post_already_shared":false,"jetpack_social_options":{"image_generator_settings":{"template":"highway","default_image_id":0,"font":"","enabled":false},"version":2}},"categories":[35],"tags":[],"class_list":["post-3931","post","type-post","status-publish","format-standard","hentry","category-futbol-internacional"],"yoast_head":"<!-- This site is optimized with the Yoast SEO plugin v25.6 - https:\/\/yoast.com\/wordpress\/plugins\/seo\/ -->\n<title>Mundial 2030 en Argentina: se inaugura en Sudam\u00e9rica y sigue en Europa y \u00c1frica - Nativa Info<\/title>\n<meta name=\"robots\" content=\"index, follow, max-snippet:-1, max-image-preview:large, max-video-preview:-1\" \/>\n<link rel=\"canonical\" href=\"https:\/\/nativainfo.com\/?p=3931\" \/>\n<meta property=\"og:locale\" content=\"es_ES\" \/>\n<meta property=\"og:type\" content=\"article\" \/>\n<meta property=\"og:title\" content=\"Mundial 2030 en Argentina: se inaugura en Sudam\u00e9rica y sigue en Europa y \u00c1frica - Nativa Info\" \/>\n<meta property=\"og:description\" content=\"Los primeros partidos de la Copa del Mundo 2030 ser\u00e1n en nuestro pa\u00eds, Uruguay y Paraguay. El resto tendr\u00e1 como... Continue reading\" \/>\n<meta property=\"og:url\" content=\"https:\/\/nativainfo.com\/?p=3931\" \/>\n<meta property=\"og:site_name\" content=\"Nativa Info\" \/>\n<meta property=\"article:publisher\" content=\"https:\/\/www.facebook.com\/profile.php?id=61578881597564\" \/>\n<meta property=\"article:published_time\" content=\"2023-10-04T18:45:12+00:00\" \/>\n<meta property=\"article:modified_time\" content=\"2023-10-04T18:45:15+00:00\" \/>\n<meta property=\"og:image\" content=\"http:\/\/nativainfo.com\/wp-content\/uploads\/2023\/10\/imagen_2023-10-04_154504614.png\" \/>\n<meta name=\"author\" content=\"Nativa Info\" \/>\n<meta name=\"twitter:card\" content=\"summary_large_image\" \/>\n<meta name=\"twitter:label1\" content=\"Escrito por\" \/>\n\t<meta name=\"twitter:data1\" content=\"Nativa Info\" \/>\n\t<meta name=\"twitter:label2\" content=\"Tiempo de lectura\" \/>\n\t<meta name=\"twitter:data2\" content=\"1 minuto\" \/>\n<script type=\"application\/ld+json\" class=\"yoast-schema-graph\">{\"@context\":\"https:\/\/schema.org\",\"@graph\":[{\"@type\":\"Article\",\"@id\":\"https:\/\/nativainfo.com\/?p=3931#article\",\"isPartOf\":{\"@id\":\"https:\/\/nativainfo.com\/?p=3931\"},\"author\":{\"name\":\"Nativa Info\",\"@id\":\"https:\/\/nativainfo.com\/#\/schema\/person\/24893b64a9cd564ddb5d102d36eb4b5c\"},\"headline\":\"Mundial 2030 en Argentina: se inaugura en Sudam\u00e9rica y sigue en Europa y \u00c1frica\",\"datePublished\":\"2023-10-04T18:45:12+00:00\",\"dateModified\":\"2023-10-04T18:45:15+00:00\",\"mainEntityOfPage\":{\"@id\":\"https:\/\/nativainfo.com\/?p=3931\"},\"wordCount\":264,\"commentCount\":0,\"publisher\":{\"@id\":\"https:\/\/nativainfo.com\/#organization\"},\"image\":{\"@id\":\"https:\/\/nativainfo.com\/?p=3931#primaryimage\"},\"thumbnailUrl\":\"http:\/\/nativainfo.com\/wp-content\/uploads\/2023\/10\/imagen_2023-10-04_154504614.png\",\"articleSection\":[\"F\u00fatbol Internacional\"],\"inLanguage\":\"es-AR\",\"potentialAction\":[{\"@type\":\"CommentAction\",\"name\":\"Comment\",\"target\":[\"https:\/\/nativainfo.com\/?p=3931#respond\"]}]},{\"@type\":\"WebPage\",\"@id\":\"https:\/\/nativainfo.com\/?p=3931\",\"url\":\"https:\/\/nativainfo.com\/?p=3931\",\"name\":\"Mundial 2030 en Argentina: se inaugura en Sudam\u00e9rica y sigue en Europa y \u00c1frica - Nativa Info\",\"isPartOf\":{\"@id\":\"https:\/\/nativainfo.com\/#website\"},\"primaryImageOfPage\":{\"@id\":\"https:\/\/nativainfo.com\/?p=3931#primaryimage\"},\"image\":{\"@id\":\"https:\/\/nativainfo.com\/?p=3931#primaryimage\"},\"thumbnailUrl\":\"http:\/\/nativainfo.com\/wp-content\/uploads\/2023\/10\/imagen_2023-10-04_154504614.png\",\"datePublished\":\"2023-10-04T18:45:12+00:00\",\"dateModified\":\"2023-10-04T18:45:15+00:00\",\"breadcrumb\":{\"@id\":\"https:\/\/nativainfo.com\/?p=3931#breadcrumb\"},\"inLanguage\":\"es-AR\",\"potentialAction\":[{\"@type\":\"ReadAction\",\"target\":[\"https:\/\/nativainfo.com\/?p=3931\"]}]},{\"@type\":\"ImageObject\",\"inLanguage\":\"es-AR\",\"@id\":\"https:\/\/nativainfo.com\/?p=3931#primaryimage\",\"url\":\"https:\/\/nativainfo.com\/wp-content\/uploads\/2023\/10\/imagen_2023-10-04_154504614.png\",\"contentUrl\":\"https:\/\/nativainfo.com\/wp-content\/uploads\/2023\/10\/imagen_2023-10-04_154504614.png\",\"width\":1010,\"height\":567},{\"@type\":\"BreadcrumbList\",\"@id\":\"https:\/\/nativainfo.com\/?p=3931#breadcrumb\",\"itemListElement\":[{\"@type\":\"ListItem\",\"position\":1,\"name\":\"Inicio\",\"item\":\"https:\/\/nativainfo.com\/\"},{\"@type\":\"ListItem\",\"position\":2,\"name\":\"Mundial 2030 en Argentina: se inaugura en Sudam\u00e9rica y sigue en Europa y \u00c1frica\"}]},{\"@type\":\"WebSite\",\"@id\":\"https:\/\/nativainfo.com\/#website\",\"url\":\"https:\/\/nativainfo.com\/\",\"name\":\"Nativa Info\",\"description\":\"Diario Digital\",\"publisher\":{\"@id\":\"https:\/\/nativainfo.com\/#organization\"},\"potentialAction\":[{\"@type\":\"SearchAction\",\"target\":{\"@type\":\"EntryPoint\",\"urlTemplate\":\"https:\/\/nativainfo.com\/?s={search_term_string}\"},\"query-input\":{\"@type\":\"PropertyValueSpecification\",\"valueRequired\":true,\"valueName\":\"search_term_string\"}}],\"inLanguage\":\"es-AR\"},{\"@type\":\"Organization\",\"@id\":\"https:\/\/nativainfo.com\/#organization\",\"name\":\"Nativa Info\",\"url\":\"https:\/\/nativainfo.com\/\",\"logo\":{\"@type\":\"ImageObject\",\"inLanguage\":\"es-AR\",\"@id\":\"https:\/\/nativainfo.com\/#\/schema\/logo\/image\/\",\"url\":\"https:\/\/nativainfo.com\/wp-content\/uploads\/2025\/08\/LOGO-NATIVA-FACE.jpg\",\"contentUrl\":\"https:\/\/nativainfo.com\/wp-content\/uploads\/2025\/08\/LOGO-NATIVA-FACE.jpg\",\"width\":400,\"height\":400,\"caption\":\"Nativa Info\"},\"image\":{\"@id\":\"https:\/\/nativainfo.com\/#\/schema\/logo\/image\/\"},\"sameAs\":[\"https:\/\/www.facebook.com\/profile.php?id=61578881597564\"]},{\"@type\":\"Person\",\"@id\":\"https:\/\/nativainfo.com\/#\/schema\/person\/24893b64a9cd564ddb5d102d36eb4b5c\",\"name\":\"Nativa Info\",\"image\":{\"@type\":\"ImageObject\",\"inLanguage\":\"es-AR\",\"@id\":\"https:\/\/nativainfo.com\/#\/schema\/person\/image\/\",\"url\":\"https:\/\/secure.gravatar.com\/avatar\/016fa1cf068d85136d938e1507b9b619cb766e2565cbb1faa1e571762460c785?s=96&d=mm&r=g\",\"contentUrl\":\"https:\/\/secure.gravatar.com\/avatar\/016fa1cf068d85136d938e1507b9b619cb766e2565cbb1faa1e571762460c785?s=96&d=mm&r=g\",\"caption\":\"Nativa Info\"},\"sameAs\":[\"http:\/\/nativainfo.com\"],\"url\":\"https:\/\/nativainfo.com\/?author=1\"}]}<\/script>\n<!-- \/ Yoast SEO plugin. -->","yoast_head_json":{"title":"Mundial 2030 en Argentina: se inaugura en Sudam\u00e9rica y sigue en Europa y \u00c1frica - Nativa Info","robots":{"index":"index","follow":"follow","max-snippet":"max-snippet:-1","max-image-preview":"max-image-preview:large","max-video-preview":"max-video-preview:-1"},"canonical":"https:\/\/nativainfo.com\/?p=3931","og_locale":"es_ES","og_type":"article","og_title":"Mundial 2030 en Argentina: se inaugura en Sudam\u00e9rica y sigue en Europa y \u00c1frica - Nativa Info","og_description":"Los primeros partidos de la Copa del Mundo 2030 ser\u00e1n en nuestro pa\u00eds, Uruguay y Paraguay. El resto tendr\u00e1 como... Continue reading","og_url":"https:\/\/nativainfo.com\/?p=3931","og_site_name":"Nativa Info","article_publisher":"https:\/\/www.facebook.com\/profile.php?id=61578881597564","article_published_time":"2023-10-04T18:45:12+00:00","article_modified_time":"2023-10-04T18:45:15+00:00","og_image":[{"url":"http:\/\/nativainfo.com\/wp-content\/uploads\/2023\/10\/imagen_2023-10-04_154504614.png","type":"","width":"","height":""}],"author":"Nativa Info","twitter_card":"summary_large_image","twitter_misc":{"Escrito por":"Nativa Info","Tiempo de lectura":"1 minuto"},"schema":{"@context":"https:\/\/schema.org","@graph":[{"@type":"Article","@id":"https:\/\/nativainfo.com\/?p=3931#article","isPartOf":{"@id":"https:\/\/nativainfo.com\/?p=3931"},"author":{"name":"Nativa Info","@id":"https:\/\/nativainfo.com\/#\/schema\/person\/24893b64a9cd564ddb5d102d36eb4b5c"},"headline":"Mundial 2030 en Argentina: se inaugura en Sudam\u00e9rica y sigue en Europa y \u00c1frica","datePublished":"2023-10-04T18:45:12+00:00","dateModified":"2023-10-04T18:45:15+00:00","mainEntityOfPage":{"@id":"https:\/\/nativainfo.com\/?p=3931"},"wordCount":264,"commentCount":0,"publisher":{"@id":"https:\/\/nativainfo.com\/#organization"},"image":{"@id":"https:\/\/nativainfo.com\/?p=3931#primaryimage"},"thumbnailUrl":"http:\/\/nativainfo.com\/wp-content\/uploads\/2023\/10\/imagen_2023-10-04_154504614.png","articleSection":["F\u00fatbol Internacional"],"inLanguage":"es-AR","potentialAction":[{"@type":"CommentAction","name":"Comment","target":["https:\/\/nativainfo.com\/?p=3931#respond"]}]},{"@type":"WebPage","@id":"https:\/\/nativainfo.com\/?p=3931","url":"https:\/\/nativainfo.com\/?p=3931","name":"Mundial 2030 en Argentina: se inaugura en Sudam\u00e9rica y sigue en Europa y \u00c1frica - Nativa Info","isPartOf":{"@id":"https:\/\/nativainfo.com\/#website"},"primaryImageOfPage":{"@id":"https:\/\/nativainfo.com\/?p=3931#primaryimage"},"image":{"@id":"https:\/\/nativainfo.com\/?p=3931#primaryimage"},"thumbnailUrl":"http:\/\/nativainfo.com\/wp-content\/uploads\/2023\/10\/imagen_2023-10-04_154504614.png","datePublished":"2023-10-04T18:45:12+00:00","dateModified":"2023-10-04T18:45:15+00:00","breadcrumb":{"@id":"https:\/\/nativainfo.com\/?p=3931#breadcrumb"},"inLanguage":"es-AR","potentialAction":[{"@type":"ReadAction","target":["https:\/\/nativainfo.com\/?p=3931"]}]},{"@type":"ImageObject","inLanguage":"es-AR","@id":"https:\/\/nativainfo.com\/?p=3931#primaryimage","url":"https:\/\/nativainfo.com\/wp-content\/uploads\/2023\/10\/imagen_2023-10-04_154504614.png","contentUrl":"https:\/\/nativainfo.com\/wp-content\/uploads\/2023\/10\/imagen_2023-10-04_154504614.png","width":1010,"height":567},{"@type":"BreadcrumbList","@id":"https:\/\/nativainfo.com\/?p=3931#breadcrumb","itemListElement":[{"@type":"ListItem","position":1,"name":"Inicio","item":"https:\/\/nativainfo.com\/"},{"@type":"ListItem","position":2,"name":"Mundial 2030 en Argentina: se inaugura en Sudam\u00e9rica y sigue en Europa y \u00c1frica"}]},{"@type":"WebSite","@id":"https:\/\/nativainfo.com\/#website","url":"https:\/\/nativainfo.com\/","name":"Nativa Info","description":"Diario Digital","publisher":{"@id":"https:\/\/nativainfo.com\/#organization"},"potentialAction":[{"@type":"SearchAction","target":{"@type":"EntryPoint","urlTemplate":"https:\/\/nativainfo.com\/?s={search_term_string}"},"query-input":{"@type":"PropertyValueSpecification","valueRequired":true,"valueName":"search_term_string"}}],"inLanguage":"es-AR"},{"@type":"Organization","@id":"https:\/\/nativainfo.com\/#organization","name":"Nativa Info","url":"https:\/\/nativainfo.com\/","logo":{"@type":"ImageObject","inLanguage":"es-AR","@id":"https:\/\/nativainfo.com\/#\/schema\/logo\/image\/","url":"https:\/\/nativainfo.com\/wp-content\/uploads\/2025\/08\/LOGO-NATIVA-FACE.jpg","contentUrl":"https:\/\/nativainfo.com\/wp-content\/uploads\/2025\/08\/LOGO-NATIVA-FACE.jpg","width":400,"height":400,"caption":"Nativa Info"},"image":{"@id":"https:\/\/nativainfo.com\/#\/schema\/logo\/image\/"},"sameAs":["https:\/\/www.facebook.com\/profile.php?id=61578881597564"]},{"@type":"Person","@id":"https:\/\/nativainfo.com\/#\/schema\/person\/24893b64a9cd564ddb5d102d36eb4b5c","name":"Nativa Info","image":{"@type":"ImageObject","inLanguage":"es-AR","@id":"https:\/\/nativainfo.com\/#\/schema\/person\/image\/","url":"https:\/\/secure.gravatar.com\/avatar\/016fa1cf068d85136d938e1507b9b619cb766e2565cbb1faa1e571762460c785?s=96&d=mm&r=g","contentUrl":"https:\/\/secure.gravatar.com\/avatar\/016fa1cf068d85136d938e1507b9b619cb766e2565cbb1faa1e571762460c785?s=96&d=mm&r=g","caption":"Nativa Info"},"sameAs":["http:\/\/nativainfo.com"],"url":"https:\/\/nativainfo.com\/?author=1"}]}},"jetpack_publicize_connections":[],"_links":{"self":[{"href":"https:\/\/nativainfo.com\/index.php?rest_route=\/wp\/v2\/posts\/3931","targetHints":{"allow":["GET"]}}],"collection":[{"href":"https:\/\/nativainfo.com\/index.php?rest_route=\/wp\/v2\/posts"}],"about":[{"href":"https:\/\/nativainfo.com\/index.php?rest_route=\/wp\/v2\/types\/post"}],"author":[{"embeddable":true,"href":"https:\/\/nativainfo.com\/index.php?rest_route=\/wp\/v2\/users\/1"}],"replies":[{"embeddable":true,"href":"https:\/\/nativainfo.com\/index.php?rest_route=%2Fwp%2Fv2%2Fcomments&post=3931"}],"version-history":[{"count":1,"href":"https:\/\/nativainfo.com\/index.php?rest_route=\/wp\/v2\/posts\/3931\/revisions"}],"predecessor-version":[{"id":3935,"href":"https:\/\/nativainfo.com\/index.php?rest_route=\/wp\/v2\/posts\/3931\/revisions\/3935"}],"wp:attachment":[{"href":"https:\/\/nativainfo.com\/index.php?rest_route=%2Fwp%2Fv2%2Fmedia&parent=3931"}],"wp:term":[{"taxonomy":"category","embeddable":true,"href":"https:\/\/nativainfo.com\/index.php?rest_route=%2Fwp%2Fv2%2Fcategories&post=3931"},{"taxonomy":"post_tag","embeddable":true,"href":"https:\/\/nativainfo.com\/index.php?rest_route=%2Fwp%2Fv2%2Ftags&post=3931"}],"curies":[{"name":"wp","href":"https:\/\/api.w.org\/{rel}","templated":true}]}}