{"id":3930,"date":"2023-10-04T15:44:36","date_gmt":"2023-10-04T18:44:36","guid":{"rendered":"http:\/\/nativainfo.com\/?p=3930"},"modified":"2023-10-04T15:44:39","modified_gmt":"2023-10-04T18:44:39","slug":"francisco-es-indudable-que-el-impacto-del-cambio-climatico-perjudicara-cada-vez-mas-la-vida","status":"publish","type":"post","link":"https:\/\/nativainfo.com\/?p=3930","title":{"rendered":"Francisco: &#8220;Es indudable que el impacto del cambio clim\u00e1tico perjudicar\u00e1 cada vez m\u00e1s la vida&#8221;"},"content":{"rendered":"\n<p>A trav\u00e9s de un documento -publicado antes de la conferencia COP28 que se realizar\u00e1 en Dub\u00e1i- el sumo pont\u00edfice apunt\u00f3 contra los negacionistas clim\u00e1ticos e inst\u00f3 a los pol\u00edticos a actuar.<\/p>\n\n\n\n<figure class=\"wp-block-image size-large\"><img fetchpriority=\"high\" decoding=\"async\" width=\"1010\" height=\"567\" src=\"http:\/\/nativainfo.com\/wp-content\/uploads\/2023\/10\/imagen_2023-10-04_154426603.png\" alt=\"\" class=\"wp-image-3932\" srcset=\"https:\/\/nativainfo.com\/wp-content\/uploads\/2023\/10\/imagen_2023-10-04_154426603.png 1010w, https:\/\/nativainfo.com\/wp-content\/uploads\/2023\/10\/imagen_2023-10-04_154426603-300x168.png 300w, https:\/\/nativainfo.com\/wp-content\/uploads\/2023\/10\/imagen_2023-10-04_154426603-768x431.png 768w, https:\/\/nativainfo.com\/wp-content\/uploads\/2023\/10\/imagen_2023-10-04_154426603-623x350.png 623w, https:\/\/nativainfo.com\/wp-content\/uploads\/2023\/10\/imagen_2023-10-04_154426603-150x84.png 150w\" sizes=\"(max-width: 1010px) 100vw, 1010px\" \/><\/figure>\n\n\n\n<p>El papa&nbsp;<strong>Francisco<\/strong>&nbsp;hizo este mi\u00e9rcoles un llamado a los negacionistas del cambio clim\u00e1tico y a los pol\u00edticos reticentes para que cambien de opini\u00f3n, afirmando que no pueden pasar por alto las causas humanas ni burlarse de los datos cient\u00edficos mientras el planeta &#8220;puede estar cerca del punto cr\u00edtico&#8221;.<\/p>\n\n\n\n<p>En el nuevo documento, publicado antes de la conferencia COP28 que comienza el mes que viene en Dub\u00e1i,&nbsp;<strong>Francisco afirma que la transici\u00f3n hacia energ\u00edas limpias y renovables y el abandono de los combustibles f\u00f3siles no se est\u00e1 produciendo con la suficiente rapidez.<\/strong><\/p>\n\n\n\n<p>Advirti\u00f3 contra la excesiva confianza depositada en la tecnolog\u00eda para capturar las emisiones de gases, afirmando que, si bien era prometedora, no abordaba las causas humanas que est\u00e1n en la ra\u00edz del calentamiento global.<\/p>\n\n\n\n<p>El documento de 7.000 palabras, titulado Laudate Deum (Alabado sea Dios), es una continuaci\u00f3n de su enc\u00edclica de 2015 sobre el medio ambiente &#8220;Laudato Si&#8221; (Alabado seas). Fue impulsado por los fen\u00f3menos meteorol\u00f3gicos extremos ocurridos desde entonces, a los que llam\u00f3 &#8220;gritos de protesta&#8221; de la Tierra.<\/p>\n","protected":false},"excerpt":{"rendered":"<p>A trav\u00e9s de un documento -publicado antes de la conferencia COP28 que se realizar\u00e1 en Dub\u00e1i- el sumo pont\u00edfice apunt\u00f3&#8230; <a class=\"continue-reading-link\" href=\"https:\/\/nativainfo.com\/?p=3930\">Continue reading<\/a><\/p>\n","protected":false},"author":1,"featured_media":0,"comment_status":"open","ping_status":"open","sticky":false,"template":"","format":"standard","meta":{"rop_custom_images_group":[],"rop_custom_messages_group":[],"rop_publish_now":"initial","rop_publish_now_accounts":[],"rop_publish_now_history":[],"rop_publish_now_status":"pending","footnotes":"","jetpack_publicize_message":"","jetpack_publicize_feature_enabled":true,"jetpack_social_post_already_shared":false,"jetpack_social_options":{"image_generator_settings":{"template":"highway","default_image_id":0,"font":"","enabled":false},"version":2}},"categories":[11,8],"tags":[],"class_list":["post-3930","post","type-post","status-publish","format-standard","hentry","category-mundo","category-noticias"],"yoast_head":"<!-- This site is optimized with the Yoast SEO plugin v25.6 - https:\/\/yoast.com\/wordpress\/plugins\/seo\/ -->\n<title>Francisco: &quot;Es indudable que el impacto del cambio clim\u00e1tico perjudicar\u00e1 cada vez m\u00e1s la vida&quot; - Nativa Info<\/title>\n<meta name=\"robots\" content=\"index, follow, max-snippet:-1, max-image-preview:large, max-video-preview:-1\" \/>\n<link rel=\"canonical\" href=\"https:\/\/nativainfo.com\/?p=3930\" \/>\n<meta property=\"og:locale\" content=\"es_ES\" \/>\n<meta property=\"og:type\" content=\"article\" \/>\n<meta property=\"og:title\" content=\"Francisco: &quot;Es indudable que el impacto del cambio clim\u00e1tico perjudicar\u00e1 cada vez m\u00e1s la vida&quot; - Nativa Info\" \/>\n<meta property=\"og:description\" content=\"A trav\u00e9s de un documento -publicado antes de la conferencia COP28 que se realizar\u00e1 en Dub\u00e1i- el sumo pont\u00edfice apunt\u00f3... Continue reading\" \/>\n<meta property=\"og:url\" content=\"https:\/\/nativainfo.com\/?p=3930\" \/>\n<meta property=\"og:site_name\" content=\"Nativa Info\" \/>\n<meta property=\"article:publisher\" content=\"https:\/\/www.facebook.com\/profile.php?id=61578881597564\" \/>\n<meta property=\"article:published_time\" content=\"2023-10-04T18:44:36+00:00\" \/>\n<meta property=\"article:modified_time\" content=\"2023-10-04T18:44:39+00:00\" \/>\n<meta property=\"og:image\" content=\"http:\/\/nativainfo.com\/wp-content\/uploads\/2023\/10\/imagen_2023-10-04_154426603.png\" \/>\n<meta name=\"author\" content=\"Nativa Info\" \/>\n<meta name=\"twitter:card\" content=\"summary_large_image\" \/>\n<meta name=\"twitter:label1\" content=\"Escrito por\" \/>\n\t<meta name=\"twitter:data1\" content=\"Nativa Info\" \/>\n\t<meta name=\"twitter:label2\" content=\"Tiempo de lectura\" \/>\n\t<meta name=\"twitter:data2\" content=\"1 minuto\" \/>\n<script type=\"application\/ld+json\" class=\"yoast-schema-graph\">{\"@context\":\"https:\/\/schema.org\",\"@graph\":[{\"@type\":\"Article\",\"@id\":\"https:\/\/nativainfo.com\/?p=3930#article\",\"isPartOf\":{\"@id\":\"https:\/\/nativainfo.com\/?p=3930\"},\"author\":{\"name\":\"Nativa Info\",\"@id\":\"https:\/\/nativainfo.com\/#\/schema\/person\/24893b64a9cd564ddb5d102d36eb4b5c\"},\"headline\":\"Francisco: &#8220;Es indudable que el impacto del cambio clim\u00e1tico perjudicar\u00e1 cada vez m\u00e1s la vida&#8221;\",\"datePublished\":\"2023-10-04T18:44:36+00:00\",\"dateModified\":\"2023-10-04T18:44:39+00:00\",\"mainEntityOfPage\":{\"@id\":\"https:\/\/nativainfo.com\/?p=3930\"},\"wordCount\":244,\"commentCount\":0,\"publisher\":{\"@id\":\"https:\/\/nativainfo.com\/#organization\"},\"image\":{\"@id\":\"https:\/\/nativainfo.com\/?p=3930#primaryimage\"},\"thumbnailUrl\":\"http:\/\/nativainfo.com\/wp-content\/uploads\/2023\/10\/imagen_2023-10-04_154426603.png\",\"articleSection\":[\"Mundo\",\"Noticias\"],\"inLanguage\":\"es-AR\",\"potentialAction\":[{\"@type\":\"CommentAction\",\"name\":\"Comment\",\"target\":[\"https:\/\/nativainfo.com\/?p=3930#respond\"]}]},{\"@type\":\"WebPage\",\"@id\":\"https:\/\/nativainfo.com\/?p=3930\",\"url\":\"https:\/\/nativainfo.com\/?p=3930\",\"name\":\"Francisco: \\\"Es indudable que el impacto del cambio clim\u00e1tico perjudicar\u00e1 cada vez m\u00e1s la vida\\\" - Nativa Info\",\"isPartOf\":{\"@id\":\"https:\/\/nativainfo.com\/#website\"},\"primaryImageOfPage\":{\"@id\":\"https:\/\/nativainfo.com\/?p=3930#primaryimage\"},\"image\":{\"@id\":\"https:\/\/nativainfo.com\/?p=3930#primaryimage\"},\"thumbnailUrl\":\"http:\/\/nativainfo.com\/wp-content\/uploads\/2023\/10\/imagen_2023-10-04_154426603.png\",\"datePublished\":\"2023-10-04T18:44:36+00:00\",\"dateModified\":\"2023-10-04T18:44:39+00:00\",\"breadcrumb\":{\"@id\":\"https:\/\/nativainfo.com\/?p=3930#breadcrumb\"},\"inLanguage\":\"es-AR\",\"potentialAction\":[{\"@type\":\"ReadAction\",\"target\":[\"https:\/\/nativainfo.com\/?p=3930\"]}]},{\"@type\":\"ImageObject\",\"inLanguage\":\"es-AR\",\"@id\":\"https:\/\/nativainfo.com\/?p=3930#primaryimage\",\"url\":\"https:\/\/nativainfo.com\/wp-content\/uploads\/2023\/10\/imagen_2023-10-04_154426603.png\",\"contentUrl\":\"https:\/\/nativainfo.com\/wp-content\/uploads\/2023\/10\/imagen_2023-10-04_154426603.png\",\"width\":1010,\"height\":567},{\"@type\":\"BreadcrumbList\",\"@id\":\"https:\/\/nativainfo.com\/?p=3930#breadcrumb\",\"itemListElement\":[{\"@type\":\"ListItem\",\"position\":1,\"name\":\"Inicio\",\"item\":\"https:\/\/nativainfo.com\/\"},{\"@type\":\"ListItem\",\"position\":2,\"name\":\"Francisco: &#8220;Es indudable que el impacto del cambio clim\u00e1tico perjudicar\u00e1 cada vez m\u00e1s la vida&#8221;\"}]},{\"@type\":\"WebSite\",\"@id\":\"https:\/\/nativainfo.com\/#website\",\"url\":\"https:\/\/nativainfo.com\/\",\"name\":\"Nativa Info\",\"description\":\"Diario Digital\",\"publisher\":{\"@id\":\"https:\/\/nativainfo.com\/#organization\"},\"potentialAction\":[{\"@type\":\"SearchAction\",\"target\":{\"@type\":\"EntryPoint\",\"urlTemplate\":\"https:\/\/nativainfo.com\/?s={search_term_string}\"},\"query-input\":{\"@type\":\"PropertyValueSpecification\",\"valueRequired\":true,\"valueName\":\"search_term_string\"}}],\"inLanguage\":\"es-AR\"},{\"@type\":\"Organization\",\"@id\":\"https:\/\/nativainfo.com\/#organization\",\"name\":\"Nativa Info\",\"url\":\"https:\/\/nativainfo.com\/\",\"logo\":{\"@type\":\"ImageObject\",\"inLanguage\":\"es-AR\",\"@id\":\"https:\/\/nativainfo.com\/#\/schema\/logo\/image\/\",\"url\":\"https:\/\/nativainfo.com\/wp-content\/uploads\/2025\/08\/LOGO-NATIVA-FACE.jpg\",\"contentUrl\":\"https:\/\/nativainfo.com\/wp-content\/uploads\/2025\/08\/LOGO-NATIVA-FACE.jpg\",\"width\":400,\"height\":400,\"caption\":\"Nativa Info\"},\"image\":{\"@id\":\"https:\/\/nativainfo.com\/#\/schema\/logo\/image\/\"},\"sameAs\":[\"https:\/\/www.facebook.com\/profile.php?id=61578881597564\"]},{\"@type\":\"Person\",\"@id\":\"https:\/\/nativainfo.com\/#\/schema\/person\/24893b64a9cd564ddb5d102d36eb4b5c\",\"name\":\"Nativa Info\",\"image\":{\"@type\":\"ImageObject\",\"inLanguage\":\"es-AR\",\"@id\":\"https:\/\/nativainfo.com\/#\/schema\/person\/image\/\",\"url\":\"https:\/\/secure.gravatar.com\/avatar\/016fa1cf068d85136d938e1507b9b619cb766e2565cbb1faa1e571762460c785?s=96&d=mm&r=g\",\"contentUrl\":\"https:\/\/secure.gravatar.com\/avatar\/016fa1cf068d85136d938e1507b9b619cb766e2565cbb1faa1e571762460c785?s=96&d=mm&r=g\",\"caption\":\"Nativa Info\"},\"sameAs\":[\"http:\/\/nativainfo.com\"],\"url\":\"https:\/\/nativainfo.com\/?author=1\"}]}<\/script>\n<!-- \/ Yoast SEO plugin. -->","yoast_head_json":{"title":"Francisco: \"Es indudable que el impacto del cambio clim\u00e1tico perjudicar\u00e1 cada vez m\u00e1s la vida\" - Nativa Info","robots":{"index":"index","follow":"follow","max-snippet":"max-snippet:-1","max-image-preview":"max-image-preview:large","max-video-preview":"max-video-preview:-1"},"canonical":"https:\/\/nativainfo.com\/?p=3930","og_locale":"es_ES","og_type":"article","og_title":"Francisco: \"Es indudable que el impacto del cambio clim\u00e1tico perjudicar\u00e1 cada vez m\u00e1s la vida\" - Nativa Info","og_description":"A trav\u00e9s de un documento -publicado antes de la conferencia COP28 que se realizar\u00e1 en Dub\u00e1i- el sumo pont\u00edfice apunt\u00f3... Continue reading","og_url":"https:\/\/nativainfo.com\/?p=3930","og_site_name":"Nativa Info","article_publisher":"https:\/\/www.facebook.com\/profile.php?id=61578881597564","article_published_time":"2023-10-04T18:44:36+00:00","article_modified_time":"2023-10-04T18:44:39+00:00","og_image":[{"url":"http:\/\/nativainfo.com\/wp-content\/uploads\/2023\/10\/imagen_2023-10-04_154426603.png","type":"","width":"","height":""}],"author":"Nativa Info","twitter_card":"summary_large_image","twitter_misc":{"Escrito por":"Nativa Info","Tiempo de lectura":"1 minuto"},"schema":{"@context":"https:\/\/schema.org","@graph":[{"@type":"Article","@id":"https:\/\/nativainfo.com\/?p=3930#article","isPartOf":{"@id":"https:\/\/nativainfo.com\/?p=3930"},"author":{"name":"Nativa Info","@id":"https:\/\/nativainfo.com\/#\/schema\/person\/24893b64a9cd564ddb5d102d36eb4b5c"},"headline":"Francisco: &#8220;Es indudable que el impacto del cambio clim\u00e1tico perjudicar\u00e1 cada vez m\u00e1s la vida&#8221;","datePublished":"2023-10-04T18:44:36+00:00","dateModified":"2023-10-04T18:44:39+00:00","mainEntityOfPage":{"@id":"https:\/\/nativainfo.com\/?p=3930"},"wordCount":244,"commentCount":0,"publisher":{"@id":"https:\/\/nativainfo.com\/#organization"},"image":{"@id":"https:\/\/nativainfo.com\/?p=3930#primaryimage"},"thumbnailUrl":"http:\/\/nativainfo.com\/wp-content\/uploads\/2023\/10\/imagen_2023-10-04_154426603.png","articleSection":["Mundo","Noticias"],"inLanguage":"es-AR","potentialAction":[{"@type":"CommentAction","name":"Comment","target":["https:\/\/nativainfo.com\/?p=3930#respond"]}]},{"@type":"WebPage","@id":"https:\/\/nativainfo.com\/?p=3930","url":"https:\/\/nativainfo.com\/?p=3930","name":"Francisco: \"Es indudable que el impacto del cambio clim\u00e1tico perjudicar\u00e1 cada vez m\u00e1s la vida\" - Nativa Info","isPartOf":{"@id":"https:\/\/nativainfo.com\/#website"},"primaryImageOfPage":{"@id":"https:\/\/nativainfo.com\/?p=3930#primaryimage"},"image":{"@id":"https:\/\/nativainfo.com\/?p=3930#primaryimage"},"thumbnailUrl":"http:\/\/nativainfo.com\/wp-content\/uploads\/2023\/10\/imagen_2023-10-04_154426603.png","datePublished":"2023-10-04T18:44:36+00:00","dateModified":"2023-10-04T18:44:39+00:00","breadcrumb":{"@id":"https:\/\/nativainfo.com\/?p=3930#breadcrumb"},"inLanguage":"es-AR","potentialAction":[{"@type":"ReadAction","target":["https:\/\/nativainfo.com\/?p=3930"]}]},{"@type":"ImageObject","inLanguage":"es-AR","@id":"https:\/\/nativainfo.com\/?p=3930#primaryimage","url":"https:\/\/nativainfo.com\/wp-content\/uploads\/2023\/10\/imagen_2023-10-04_154426603.png","contentUrl":"https:\/\/nativainfo.com\/wp-content\/uploads\/2023\/10\/imagen_2023-10-04_154426603.png","width":1010,"height":567},{"@type":"BreadcrumbList","@id":"https:\/\/nativainfo.com\/?p=3930#breadcrumb","itemListElement":[{"@type":"ListItem","position":1,"name":"Inicio","item":"https:\/\/nativainfo.com\/"},{"@type":"ListItem","position":2,"name":"Francisco: &#8220;Es indudable que el impacto del cambio clim\u00e1tico perjudicar\u00e1 cada vez m\u00e1s la vida&#8221;"}]},{"@type":"WebSite","@id":"https:\/\/nativainfo.com\/#website","url":"https:\/\/nativainfo.com\/","name":"Nativa Info","description":"Diario Digital","publisher":{"@id":"https:\/\/nativainfo.com\/#organization"},"potentialAction":[{"@type":"SearchAction","target":{"@type":"EntryPoint","urlTemplate":"https:\/\/nativainfo.com\/?s={search_term_string}"},"query-input":{"@type":"PropertyValueSpecification","valueRequired":true,"valueName":"search_term_string"}}],"inLanguage":"es-AR"},{"@type":"Organization","@id":"https:\/\/nativainfo.com\/#organization","name":"Nativa Info","url":"https:\/\/nativainfo.com\/","logo":{"@type":"ImageObject","inLanguage":"es-AR","@id":"https:\/\/nativainfo.com\/#\/schema\/logo\/image\/","url":"https:\/\/nativainfo.com\/wp-content\/uploads\/2025\/08\/LOGO-NATIVA-FACE.jpg","contentUrl":"https:\/\/nativainfo.com\/wp-content\/uploads\/2025\/08\/LOGO-NATIVA-FACE.jpg","width":400,"height":400,"caption":"Nativa Info"},"image":{"@id":"https:\/\/nativainfo.com\/#\/schema\/logo\/image\/"},"sameAs":["https:\/\/www.facebook.com\/profile.php?id=61578881597564"]},{"@type":"Person","@id":"https:\/\/nativainfo.com\/#\/schema\/person\/24893b64a9cd564ddb5d102d36eb4b5c","name":"Nativa Info","image":{"@type":"ImageObject","inLanguage":"es-AR","@id":"https:\/\/nativainfo.com\/#\/schema\/person\/image\/","url":"https:\/\/secure.gravatar.com\/avatar\/016fa1cf068d85136d938e1507b9b619cb766e2565cbb1faa1e571762460c785?s=96&d=mm&r=g","contentUrl":"https:\/\/secure.gravatar.com\/avatar\/016fa1cf068d85136d938e1507b9b619cb766e2565cbb1faa1e571762460c785?s=96&d=mm&r=g","caption":"Nativa Info"},"sameAs":["http:\/\/nativainfo.com"],"url":"https:\/\/nativainfo.com\/?author=1"}]}},"jetpack_publicize_connections":[],"_links":{"self":[{"href":"https:\/\/nativainfo.com\/index.php?rest_route=\/wp\/v2\/posts\/3930","targetHints":{"allow":["GET"]}}],"collection":[{"href":"https:\/\/nativainfo.com\/index.php?rest_route=\/wp\/v2\/posts"}],"about":[{"href":"https:\/\/nativainfo.com\/index.php?rest_route=\/wp\/v2\/types\/post"}],"author":[{"embeddable":true,"href":"https:\/\/nativainfo.com\/index.php?rest_route=\/wp\/v2\/users\/1"}],"replies":[{"embeddable":true,"href":"https:\/\/nativainfo.com\/index.php?rest_route=%2Fwp%2Fv2%2Fcomments&post=3930"}],"version-history":[{"count":1,"href":"https:\/\/nativainfo.com\/index.php?rest_route=\/wp\/v2\/posts\/3930\/revisions"}],"predecessor-version":[{"id":3933,"href":"https:\/\/nativainfo.com\/index.php?rest_route=\/wp\/v2\/posts\/3930\/revisions\/3933"}],"wp:attachment":[{"href":"https:\/\/nativainfo.com\/index.php?rest_route=%2Fwp%2Fv2%2Fmedia&parent=3930"}],"wp:term":[{"taxonomy":"category","embeddable":true,"href":"https:\/\/nativainfo.com\/index.php?rest_route=%2Fwp%2Fv2%2Fcategories&post=3930"},{"taxonomy":"post_tag","embeddable":true,"href":"https:\/\/nativainfo.com\/index.php?rest_route=%2Fwp%2Fv2%2Ftags&post=3930"}],"curies":[{"name":"wp","href":"https:\/\/api.w.org\/{rel}","templated":true}]}}