{"id":3925,"date":"2023-10-02T00:19:01","date_gmt":"2023-10-02T03:19:01","guid":{"rendered":"http:\/\/nativainfo.com\/?p=3925"},"modified":"2023-10-02T00:19:02","modified_gmt":"2023-10-02T03:19:02","slug":"el-forum-fue-sede-del-primer-debate-presidencial-2023-y-dejo-fuertes-cruces-entre-los-candidatos","status":"publish","type":"post","link":"https:\/\/nativainfo.com\/?p=3925","title":{"rendered":"El Forum fue sede del primer Debate Presidencial 2023 y dej\u00f3 fuertes cruces entre los candidatos"},"content":{"rendered":"\n<p>Los cinco aspirantes a la presidencias debatieron en el Centro de Convenciones Forum, a pocos d\u00edas de los comicios generales del 22 de octubre.<\/p>\n\n\n\n<figure class=\"wp-block-image size-large is-resized\"><img fetchpriority=\"high\" decoding=\"async\" src=\"http:\/\/nativainfo.com\/wp-content\/uploads\/2023\/10\/imagen_2023-10-02_001851125.png\" alt=\"\" class=\"wp-image-3928\" width=\"578\" height=\"385\" srcset=\"https:\/\/nativainfo.com\/wp-content\/uploads\/2023\/10\/imagen_2023-10-02_001851125.png 420w, https:\/\/nativainfo.com\/wp-content\/uploads\/2023\/10\/imagen_2023-10-02_001851125-300x200.png 300w, https:\/\/nativainfo.com\/wp-content\/uploads\/2023\/10\/imagen_2023-10-02_001851125-150x100.png 150w\" sizes=\"(max-width: 578px) 100vw, 578px\" \/><\/figure>\n\n\n\n<p>A tres semanas de las elecciones presidenciales del 22 de octubre, los cinco candidatos presidenciales participaron este domingo del primer debate obligatorio, en la Universidad Nacional de Santiago del Estero, en el que disertan sobre tres ejes tem\u00e1ticos: econom\u00eda, educaci\u00f3n y derechos humanos.<\/p>\n\n\n\n<p>En este marco, se vieron las caras por primera vez&nbsp;<strong>Sergio Massa<\/strong>&nbsp;(Uni\u00f3n por la Patria, UxP),&nbsp;<strong>Patricia Bullrich&nbsp;<\/strong>(Juntos por el Cambio, JxC),&nbsp;<strong>Javier Milei<\/strong>&nbsp;(La Libertad Avanza, LLA),&nbsp;<strong>Juan Schiaretti<\/strong>&nbsp;(Hacemos por Nuestro Pa\u00eds, HNP) y&nbsp;<strong>Myriam Bregman<\/strong>&nbsp;(Frente de Izquierda y Trabajadores-Unidad, FIT-U).<\/p>\n\n\n\n<p>El debate presidencial tuvo &nbsp;como moderadores a los periodistas Rodolfo Barili, Evangelina Ramallo, Esteban Mirol y Lucila Trujillo.<\/p>\n","protected":false},"excerpt":{"rendered":"<p>Los cinco aspirantes a la presidencias debatieron en el Centro de Convenciones Forum, a pocos d\u00edas de los comicios generales&#8230; <a class=\"continue-reading-link\" href=\"https:\/\/nativainfo.com\/?p=3925\">Continue reading<\/a><\/p>\n","protected":false},"author":1,"featured_media":0,"comment_status":"open","ping_status":"open","sticky":false,"template":"","format":"standard","meta":{"rop_custom_images_group":[],"rop_custom_messages_group":[],"rop_publish_now":"initial","rop_publish_now_accounts":[],"rop_publish_now_history":[],"rop_publish_now_status":"pending","footnotes":"","jetpack_publicize_message":"","jetpack_publicize_feature_enabled":true,"jetpack_social_post_already_shared":false,"jetpack_social_options":{"image_generator_settings":{"template":"highway","default_image_id":0,"font":"","enabled":false},"version":2}},"categories":[36],"tags":[],"class_list":["post-3925","post","type-post","status-publish","format-standard","hentry","category-politica"],"yoast_head":"<!-- This site is optimized with the Yoast SEO plugin v25.6 - https:\/\/yoast.com\/wordpress\/plugins\/seo\/ -->\n<title>El Forum fue sede del primer Debate Presidencial 2023 y dej\u00f3 fuertes cruces entre los candidatos - Nativa Info<\/title>\n<meta name=\"robots\" content=\"index, follow, max-snippet:-1, max-image-preview:large, max-video-preview:-1\" \/>\n<link rel=\"canonical\" href=\"https:\/\/nativainfo.com\/?p=3925\" \/>\n<meta property=\"og:locale\" content=\"es_ES\" \/>\n<meta property=\"og:type\" content=\"article\" \/>\n<meta property=\"og:title\" content=\"El Forum fue sede del primer Debate Presidencial 2023 y dej\u00f3 fuertes cruces entre los candidatos - Nativa Info\" \/>\n<meta property=\"og:description\" content=\"Los cinco aspirantes a la presidencias debatieron en el Centro de Convenciones Forum, a pocos d\u00edas de los comicios generales... Continue reading\" \/>\n<meta property=\"og:url\" content=\"https:\/\/nativainfo.com\/?p=3925\" \/>\n<meta property=\"og:site_name\" content=\"Nativa Info\" \/>\n<meta property=\"article:publisher\" content=\"https:\/\/www.facebook.com\/profile.php?id=61578881597564\" \/>\n<meta property=\"article:published_time\" content=\"2023-10-02T03:19:01+00:00\" \/>\n<meta property=\"article:modified_time\" content=\"2023-10-02T03:19:02+00:00\" \/>\n<meta property=\"og:image\" content=\"http:\/\/nativainfo.com\/wp-content\/uploads\/2023\/10\/imagen_2023-10-02_001851125.png\" \/>\n<meta name=\"author\" content=\"Nativa Info\" \/>\n<meta name=\"twitter:card\" content=\"summary_large_image\" \/>\n<meta name=\"twitter:label1\" content=\"Escrito por\" \/>\n\t<meta name=\"twitter:data1\" content=\"Nativa Info\" \/>\n\t<meta name=\"twitter:label2\" content=\"Tiempo de lectura\" \/>\n\t<meta name=\"twitter:data2\" content=\"1 minuto\" \/>\n<script type=\"application\/ld+json\" class=\"yoast-schema-graph\">{\"@context\":\"https:\/\/schema.org\",\"@graph\":[{\"@type\":\"Article\",\"@id\":\"https:\/\/nativainfo.com\/?p=3925#article\",\"isPartOf\":{\"@id\":\"https:\/\/nativainfo.com\/?p=3925\"},\"author\":{\"name\":\"Nativa Info\",\"@id\":\"https:\/\/nativainfo.com\/#\/schema\/person\/24893b64a9cd564ddb5d102d36eb4b5c\"},\"headline\":\"El Forum fue sede del primer Debate Presidencial 2023 y dej\u00f3 fuertes cruces entre los candidatos\",\"datePublished\":\"2023-10-02T03:19:01+00:00\",\"dateModified\":\"2023-10-02T03:19:02+00:00\",\"mainEntityOfPage\":{\"@id\":\"https:\/\/nativainfo.com\/?p=3925\"},\"wordCount\":161,\"commentCount\":0,\"publisher\":{\"@id\":\"https:\/\/nativainfo.com\/#organization\"},\"image\":{\"@id\":\"https:\/\/nativainfo.com\/?p=3925#primaryimage\"},\"thumbnailUrl\":\"http:\/\/nativainfo.com\/wp-content\/uploads\/2023\/10\/imagen_2023-10-02_001851125.png\",\"articleSection\":[\"Pol\u00edtica\"],\"inLanguage\":\"es-AR\",\"potentialAction\":[{\"@type\":\"CommentAction\",\"name\":\"Comment\",\"target\":[\"https:\/\/nativainfo.com\/?p=3925#respond\"]}]},{\"@type\":\"WebPage\",\"@id\":\"https:\/\/nativainfo.com\/?p=3925\",\"url\":\"https:\/\/nativainfo.com\/?p=3925\",\"name\":\"El Forum fue sede del primer Debate Presidencial 2023 y dej\u00f3 fuertes cruces entre los candidatos - Nativa Info\",\"isPartOf\":{\"@id\":\"https:\/\/nativainfo.com\/#website\"},\"primaryImageOfPage\":{\"@id\":\"https:\/\/nativainfo.com\/?p=3925#primaryimage\"},\"image\":{\"@id\":\"https:\/\/nativainfo.com\/?p=3925#primaryimage\"},\"thumbnailUrl\":\"http:\/\/nativainfo.com\/wp-content\/uploads\/2023\/10\/imagen_2023-10-02_001851125.png\",\"datePublished\":\"2023-10-02T03:19:01+00:00\",\"dateModified\":\"2023-10-02T03:19:02+00:00\",\"breadcrumb\":{\"@id\":\"https:\/\/nativainfo.com\/?p=3925#breadcrumb\"},\"inLanguage\":\"es-AR\",\"potentialAction\":[{\"@type\":\"ReadAction\",\"target\":[\"https:\/\/nativainfo.com\/?p=3925\"]}]},{\"@type\":\"ImageObject\",\"inLanguage\":\"es-AR\",\"@id\":\"https:\/\/nativainfo.com\/?p=3925#primaryimage\",\"url\":\"https:\/\/nativainfo.com\/wp-content\/uploads\/2023\/10\/imagen_2023-10-02_001851125.png\",\"contentUrl\":\"https:\/\/nativainfo.com\/wp-content\/uploads\/2023\/10\/imagen_2023-10-02_001851125.png\",\"width\":420,\"height\":280},{\"@type\":\"BreadcrumbList\",\"@id\":\"https:\/\/nativainfo.com\/?p=3925#breadcrumb\",\"itemListElement\":[{\"@type\":\"ListItem\",\"position\":1,\"name\":\"Inicio\",\"item\":\"https:\/\/nativainfo.com\/\"},{\"@type\":\"ListItem\",\"position\":2,\"name\":\"El Forum fue sede del primer Debate Presidencial 2023 y dej\u00f3 fuertes cruces entre los candidatos\"}]},{\"@type\":\"WebSite\",\"@id\":\"https:\/\/nativainfo.com\/#website\",\"url\":\"https:\/\/nativainfo.com\/\",\"name\":\"Nativa Info\",\"description\":\"Diario Digital\",\"publisher\":{\"@id\":\"https:\/\/nativainfo.com\/#organization\"},\"potentialAction\":[{\"@type\":\"SearchAction\",\"target\":{\"@type\":\"EntryPoint\",\"urlTemplate\":\"https:\/\/nativainfo.com\/?s={search_term_string}\"},\"query-input\":{\"@type\":\"PropertyValueSpecification\",\"valueRequired\":true,\"valueName\":\"search_term_string\"}}],\"inLanguage\":\"es-AR\"},{\"@type\":\"Organization\",\"@id\":\"https:\/\/nativainfo.com\/#organization\",\"name\":\"Nativa Info\",\"url\":\"https:\/\/nativainfo.com\/\",\"logo\":{\"@type\":\"ImageObject\",\"inLanguage\":\"es-AR\",\"@id\":\"https:\/\/nativainfo.com\/#\/schema\/logo\/image\/\",\"url\":\"https:\/\/nativainfo.com\/wp-content\/uploads\/2025\/08\/LOGO-NATIVA-FACE.jpg\",\"contentUrl\":\"https:\/\/nativainfo.com\/wp-content\/uploads\/2025\/08\/LOGO-NATIVA-FACE.jpg\",\"width\":400,\"height\":400,\"caption\":\"Nativa Info\"},\"image\":{\"@id\":\"https:\/\/nativainfo.com\/#\/schema\/logo\/image\/\"},\"sameAs\":[\"https:\/\/www.facebook.com\/profile.php?id=61578881597564\"]},{\"@type\":\"Person\",\"@id\":\"https:\/\/nativainfo.com\/#\/schema\/person\/24893b64a9cd564ddb5d102d36eb4b5c\",\"name\":\"Nativa Info\",\"image\":{\"@type\":\"ImageObject\",\"inLanguage\":\"es-AR\",\"@id\":\"https:\/\/nativainfo.com\/#\/schema\/person\/image\/\",\"url\":\"https:\/\/secure.gravatar.com\/avatar\/016fa1cf068d85136d938e1507b9b619cb766e2565cbb1faa1e571762460c785?s=96&d=mm&r=g\",\"contentUrl\":\"https:\/\/secure.gravatar.com\/avatar\/016fa1cf068d85136d938e1507b9b619cb766e2565cbb1faa1e571762460c785?s=96&d=mm&r=g\",\"caption\":\"Nativa Info\"},\"sameAs\":[\"http:\/\/nativainfo.com\"],\"url\":\"https:\/\/nativainfo.com\/?author=1\"}]}<\/script>\n<!-- \/ Yoast SEO plugin. -->","yoast_head_json":{"title":"El Forum fue sede del primer Debate Presidencial 2023 y dej\u00f3 fuertes cruces entre los candidatos - Nativa Info","robots":{"index":"index","follow":"follow","max-snippet":"max-snippet:-1","max-image-preview":"max-image-preview:large","max-video-preview":"max-video-preview:-1"},"canonical":"https:\/\/nativainfo.com\/?p=3925","og_locale":"es_ES","og_type":"article","og_title":"El Forum fue sede del primer Debate Presidencial 2023 y dej\u00f3 fuertes cruces entre los candidatos - Nativa Info","og_description":"Los cinco aspirantes a la presidencias debatieron en el Centro de Convenciones Forum, a pocos d\u00edas de los comicios generales... Continue reading","og_url":"https:\/\/nativainfo.com\/?p=3925","og_site_name":"Nativa Info","article_publisher":"https:\/\/www.facebook.com\/profile.php?id=61578881597564","article_published_time":"2023-10-02T03:19:01+00:00","article_modified_time":"2023-10-02T03:19:02+00:00","og_image":[{"url":"http:\/\/nativainfo.com\/wp-content\/uploads\/2023\/10\/imagen_2023-10-02_001851125.png","type":"","width":"","height":""}],"author":"Nativa Info","twitter_card":"summary_large_image","twitter_misc":{"Escrito por":"Nativa Info","Tiempo de lectura":"1 minuto"},"schema":{"@context":"https:\/\/schema.org","@graph":[{"@type":"Article","@id":"https:\/\/nativainfo.com\/?p=3925#article","isPartOf":{"@id":"https:\/\/nativainfo.com\/?p=3925"},"author":{"name":"Nativa Info","@id":"https:\/\/nativainfo.com\/#\/schema\/person\/24893b64a9cd564ddb5d102d36eb4b5c"},"headline":"El Forum fue sede del primer Debate Presidencial 2023 y dej\u00f3 fuertes cruces entre los candidatos","datePublished":"2023-10-02T03:19:01+00:00","dateModified":"2023-10-02T03:19:02+00:00","mainEntityOfPage":{"@id":"https:\/\/nativainfo.com\/?p=3925"},"wordCount":161,"commentCount":0,"publisher":{"@id":"https:\/\/nativainfo.com\/#organization"},"image":{"@id":"https:\/\/nativainfo.com\/?p=3925#primaryimage"},"thumbnailUrl":"http:\/\/nativainfo.com\/wp-content\/uploads\/2023\/10\/imagen_2023-10-02_001851125.png","articleSection":["Pol\u00edtica"],"inLanguage":"es-AR","potentialAction":[{"@type":"CommentAction","name":"Comment","target":["https:\/\/nativainfo.com\/?p=3925#respond"]}]},{"@type":"WebPage","@id":"https:\/\/nativainfo.com\/?p=3925","url":"https:\/\/nativainfo.com\/?p=3925","name":"El Forum fue sede del primer Debate Presidencial 2023 y dej\u00f3 fuertes cruces entre los candidatos - Nativa Info","isPartOf":{"@id":"https:\/\/nativainfo.com\/#website"},"primaryImageOfPage":{"@id":"https:\/\/nativainfo.com\/?p=3925#primaryimage"},"image":{"@id":"https:\/\/nativainfo.com\/?p=3925#primaryimage"},"thumbnailUrl":"http:\/\/nativainfo.com\/wp-content\/uploads\/2023\/10\/imagen_2023-10-02_001851125.png","datePublished":"2023-10-02T03:19:01+00:00","dateModified":"2023-10-02T03:19:02+00:00","breadcrumb":{"@id":"https:\/\/nativainfo.com\/?p=3925#breadcrumb"},"inLanguage":"es-AR","potentialAction":[{"@type":"ReadAction","target":["https:\/\/nativainfo.com\/?p=3925"]}]},{"@type":"ImageObject","inLanguage":"es-AR","@id":"https:\/\/nativainfo.com\/?p=3925#primaryimage","url":"https:\/\/nativainfo.com\/wp-content\/uploads\/2023\/10\/imagen_2023-10-02_001851125.png","contentUrl":"https:\/\/nativainfo.com\/wp-content\/uploads\/2023\/10\/imagen_2023-10-02_001851125.png","width":420,"height":280},{"@type":"BreadcrumbList","@id":"https:\/\/nativainfo.com\/?p=3925#breadcrumb","itemListElement":[{"@type":"ListItem","position":1,"name":"Inicio","item":"https:\/\/nativainfo.com\/"},{"@type":"ListItem","position":2,"name":"El Forum fue sede del primer Debate Presidencial 2023 y dej\u00f3 fuertes cruces entre los candidatos"}]},{"@type":"WebSite","@id":"https:\/\/nativainfo.com\/#website","url":"https:\/\/nativainfo.com\/","name":"Nativa Info","description":"Diario Digital","publisher":{"@id":"https:\/\/nativainfo.com\/#organization"},"potentialAction":[{"@type":"SearchAction","target":{"@type":"EntryPoint","urlTemplate":"https:\/\/nativainfo.com\/?s={search_term_string}"},"query-input":{"@type":"PropertyValueSpecification","valueRequired":true,"valueName":"search_term_string"}}],"inLanguage":"es-AR"},{"@type":"Organization","@id":"https:\/\/nativainfo.com\/#organization","name":"Nativa Info","url":"https:\/\/nativainfo.com\/","logo":{"@type":"ImageObject","inLanguage":"es-AR","@id":"https:\/\/nativainfo.com\/#\/schema\/logo\/image\/","url":"https:\/\/nativainfo.com\/wp-content\/uploads\/2025\/08\/LOGO-NATIVA-FACE.jpg","contentUrl":"https:\/\/nativainfo.com\/wp-content\/uploads\/2025\/08\/LOGO-NATIVA-FACE.jpg","width":400,"height":400,"caption":"Nativa Info"},"image":{"@id":"https:\/\/nativainfo.com\/#\/schema\/logo\/image\/"},"sameAs":["https:\/\/www.facebook.com\/profile.php?id=61578881597564"]},{"@type":"Person","@id":"https:\/\/nativainfo.com\/#\/schema\/person\/24893b64a9cd564ddb5d102d36eb4b5c","name":"Nativa Info","image":{"@type":"ImageObject","inLanguage":"es-AR","@id":"https:\/\/nativainfo.com\/#\/schema\/person\/image\/","url":"https:\/\/secure.gravatar.com\/avatar\/016fa1cf068d85136d938e1507b9b619cb766e2565cbb1faa1e571762460c785?s=96&d=mm&r=g","contentUrl":"https:\/\/secure.gravatar.com\/avatar\/016fa1cf068d85136d938e1507b9b619cb766e2565cbb1faa1e571762460c785?s=96&d=mm&r=g","caption":"Nativa Info"},"sameAs":["http:\/\/nativainfo.com"],"url":"https:\/\/nativainfo.com\/?author=1"}]}},"jetpack_publicize_connections":[],"_links":{"self":[{"href":"https:\/\/nativainfo.com\/index.php?rest_route=\/wp\/v2\/posts\/3925","targetHints":{"allow":["GET"]}}],"collection":[{"href":"https:\/\/nativainfo.com\/index.php?rest_route=\/wp\/v2\/posts"}],"about":[{"href":"https:\/\/nativainfo.com\/index.php?rest_route=\/wp\/v2\/types\/post"}],"author":[{"embeddable":true,"href":"https:\/\/nativainfo.com\/index.php?rest_route=\/wp\/v2\/users\/1"}],"replies":[{"embeddable":true,"href":"https:\/\/nativainfo.com\/index.php?rest_route=%2Fwp%2Fv2%2Fcomments&post=3925"}],"version-history":[{"count":1,"href":"https:\/\/nativainfo.com\/index.php?rest_route=\/wp\/v2\/posts\/3925\/revisions"}],"predecessor-version":[{"id":3929,"href":"https:\/\/nativainfo.com\/index.php?rest_route=\/wp\/v2\/posts\/3925\/revisions\/3929"}],"wp:attachment":[{"href":"https:\/\/nativainfo.com\/index.php?rest_route=%2Fwp%2Fv2%2Fmedia&parent=3925"}],"wp:term":[{"taxonomy":"category","embeddable":true,"href":"https:\/\/nativainfo.com\/index.php?rest_route=%2Fwp%2Fv2%2Fcategories&post=3925"},{"taxonomy":"post_tag","embeddable":true,"href":"https:\/\/nativainfo.com\/index.php?rest_route=%2Fwp%2Fv2%2Ftags&post=3925"}],"curies":[{"name":"wp","href":"https:\/\/api.w.org\/{rel}","templated":true}]}}