{"id":3903,"date":"2023-09-11T20:45:52","date_gmt":"2023-09-11T23:45:52","guid":{"rendered":"http:\/\/nativainfo.com\/?p=3903"},"modified":"2023-09-11T20:45:54","modified_gmt":"2023-09-11T23:45:54","slug":"con-messi-apartado-la-seleccion-argentina-se-entreno-en-la-paz","status":"publish","type":"post","link":"https:\/\/nativainfo.com\/?p=3903","title":{"rendered":"Con Messi apartado, la Selecci\u00f3n Argentina se entren\u00f3 en La Paz"},"content":{"rendered":"\n<p>La Pulga hizo un trabajo liviano durante la pr\u00e1ctica de la Albiceleste. Scaloni a\u00fan no defini\u00f3 el once para jugar este martes con Bolivia por las Eliminatorias.<\/p>\n\n\n\n<figure class=\"wp-block-image size-large\"><img fetchpriority=\"high\" decoding=\"async\" width=\"1010\" height=\"567\" src=\"http:\/\/nativainfo.com\/wp-content\/uploads\/2023\/09\/imagen_2023-09-11_204528657.png\" alt=\"\" class=\"wp-image-3905\" srcset=\"https:\/\/nativainfo.com\/wp-content\/uploads\/2023\/09\/imagen_2023-09-11_204528657.png 1010w, https:\/\/nativainfo.com\/wp-content\/uploads\/2023\/09\/imagen_2023-09-11_204528657-300x168.png 300w, https:\/\/nativainfo.com\/wp-content\/uploads\/2023\/09\/imagen_2023-09-11_204528657-768x431.png 768w, https:\/\/nativainfo.com\/wp-content\/uploads\/2023\/09\/imagen_2023-09-11_204528657-623x350.png 623w, https:\/\/nativainfo.com\/wp-content\/uploads\/2023\/09\/imagen_2023-09-11_204528657-150x84.png 150w\" sizes=\"(max-width: 1010px) 100vw, 1010px\" \/><\/figure>\n\n\n\n<p>La&nbsp;<strong>Selecci\u00f3n Argentina<\/strong>&nbsp;complet\u00f3 su \u00faltima sesi\u00f3n de entrenamiento antes del enfrentamiento programado para este martes contra&nbsp;<strong>Bolivia<\/strong>, en la segunda fecha de las&nbsp;<strong>Eliminatorias Sudamericanas<\/strong>&nbsp;rumbo al Mundial de M\u00e9xico, Canad\u00e1 y Estados Unidos.&nbsp;<strong>Lionel Messi<\/strong>&nbsp;particip\u00f3 en una pr\u00e1ctica ligera, y el entrenador se encuentra en la disyuntiva de si incluirlo en el once inicial o en el banco de suplentes.<\/p>\n\n\n\n<p>El equipo, que lleg\u00f3 directamente a La Paz a una altitud de 3625 metros sobre el nivel del mar, realiz\u00f3 su entrenamiento en las instalaciones de The Strongest, con una duraci\u00f3n de poco m\u00e1s de una hora. La alineaci\u00f3n titular todav\u00eda no ha sido definida por Lionel Scaloni y depender\u00e1 en gran medida de c\u00f3mo los jugadores se adapten a la altitud.<\/p>\n","protected":false},"excerpt":{"rendered":"<p>La Pulga hizo un trabajo liviano durante la pr\u00e1ctica de la Albiceleste. Scaloni a\u00fan no defini\u00f3 el once para jugar&#8230; <a class=\"continue-reading-link\" href=\"https:\/\/nativainfo.com\/?p=3903\">Continue reading<\/a><\/p>\n","protected":false},"author":1,"featured_media":0,"comment_status":"open","ping_status":"open","sticky":false,"template":"","format":"standard","meta":{"rop_custom_images_group":[],"rop_custom_messages_group":[],"rop_publish_now":"initial","rop_publish_now_accounts":[],"rop_publish_now_history":[],"rop_publish_now_status":"pending","footnotes":"","jetpack_publicize_message":"","jetpack_publicize_feature_enabled":true,"jetpack_social_post_already_shared":false,"jetpack_social_options":{"image_generator_settings":{"template":"highway","default_image_id":0,"font":"","enabled":false},"version":2}},"categories":[41],"tags":[],"class_list":["post-3903","post","type-post","status-publish","format-standard","hentry","category-futbol"],"yoast_head":"<!-- This site is optimized with the Yoast SEO plugin v25.6 - https:\/\/yoast.com\/wordpress\/plugins\/seo\/ -->\n<title>Con Messi apartado, la Selecci\u00f3n Argentina se entren\u00f3 en La Paz - Nativa Info<\/title>\n<meta name=\"robots\" content=\"index, follow, max-snippet:-1, max-image-preview:large, max-video-preview:-1\" \/>\n<link rel=\"canonical\" href=\"https:\/\/nativainfo.com\/?p=3903\" \/>\n<meta property=\"og:locale\" content=\"es_ES\" \/>\n<meta property=\"og:type\" content=\"article\" \/>\n<meta property=\"og:title\" content=\"Con Messi apartado, la Selecci\u00f3n Argentina se entren\u00f3 en La Paz - Nativa Info\" \/>\n<meta property=\"og:description\" content=\"La Pulga hizo un trabajo liviano durante la pr\u00e1ctica de la Albiceleste. Scaloni a\u00fan no defini\u00f3 el once para jugar... Continue reading\" \/>\n<meta property=\"og:url\" content=\"https:\/\/nativainfo.com\/?p=3903\" \/>\n<meta property=\"og:site_name\" content=\"Nativa Info\" \/>\n<meta property=\"article:publisher\" content=\"https:\/\/www.facebook.com\/profile.php?id=61578881597564\" \/>\n<meta property=\"article:published_time\" content=\"2023-09-11T23:45:52+00:00\" \/>\n<meta property=\"article:modified_time\" content=\"2023-09-11T23:45:54+00:00\" \/>\n<meta property=\"og:image\" content=\"http:\/\/nativainfo.com\/wp-content\/uploads\/2023\/09\/imagen_2023-09-11_204528657.png\" \/>\n<meta name=\"author\" content=\"Nativa Info\" \/>\n<meta name=\"twitter:card\" content=\"summary_large_image\" \/>\n<meta name=\"twitter:label1\" content=\"Escrito por\" \/>\n\t<meta name=\"twitter:data1\" content=\"Nativa Info\" \/>\n\t<meta name=\"twitter:label2\" content=\"Tiempo de lectura\" \/>\n\t<meta name=\"twitter:data2\" content=\"1 minuto\" \/>\n<script type=\"application\/ld+json\" class=\"yoast-schema-graph\">{\"@context\":\"https:\/\/schema.org\",\"@graph\":[{\"@type\":\"Article\",\"@id\":\"https:\/\/nativainfo.com\/?p=3903#article\",\"isPartOf\":{\"@id\":\"https:\/\/nativainfo.com\/?p=3903\"},\"author\":{\"name\":\"Nativa Info\",\"@id\":\"https:\/\/nativainfo.com\/#\/schema\/person\/24893b64a9cd564ddb5d102d36eb4b5c\"},\"headline\":\"Con Messi apartado, la Selecci\u00f3n Argentina se entren\u00f3 en La Paz\",\"datePublished\":\"2023-09-11T23:45:52+00:00\",\"dateModified\":\"2023-09-11T23:45:54+00:00\",\"mainEntityOfPage\":{\"@id\":\"https:\/\/nativainfo.com\/?p=3903\"},\"wordCount\":181,\"commentCount\":0,\"publisher\":{\"@id\":\"https:\/\/nativainfo.com\/#organization\"},\"image\":{\"@id\":\"https:\/\/nativainfo.com\/?p=3903#primaryimage\"},\"thumbnailUrl\":\"http:\/\/nativainfo.com\/wp-content\/uploads\/2023\/09\/imagen_2023-09-11_204528657.png\",\"articleSection\":[\"F\u00fatbol\"],\"inLanguage\":\"es-AR\",\"potentialAction\":[{\"@type\":\"CommentAction\",\"name\":\"Comment\",\"target\":[\"https:\/\/nativainfo.com\/?p=3903#respond\"]}]},{\"@type\":\"WebPage\",\"@id\":\"https:\/\/nativainfo.com\/?p=3903\",\"url\":\"https:\/\/nativainfo.com\/?p=3903\",\"name\":\"Con Messi apartado, la Selecci\u00f3n Argentina se entren\u00f3 en La Paz - Nativa Info\",\"isPartOf\":{\"@id\":\"https:\/\/nativainfo.com\/#website\"},\"primaryImageOfPage\":{\"@id\":\"https:\/\/nativainfo.com\/?p=3903#primaryimage\"},\"image\":{\"@id\":\"https:\/\/nativainfo.com\/?p=3903#primaryimage\"},\"thumbnailUrl\":\"http:\/\/nativainfo.com\/wp-content\/uploads\/2023\/09\/imagen_2023-09-11_204528657.png\",\"datePublished\":\"2023-09-11T23:45:52+00:00\",\"dateModified\":\"2023-09-11T23:45:54+00:00\",\"breadcrumb\":{\"@id\":\"https:\/\/nativainfo.com\/?p=3903#breadcrumb\"},\"inLanguage\":\"es-AR\",\"potentialAction\":[{\"@type\":\"ReadAction\",\"target\":[\"https:\/\/nativainfo.com\/?p=3903\"]}]},{\"@type\":\"ImageObject\",\"inLanguage\":\"es-AR\",\"@id\":\"https:\/\/nativainfo.com\/?p=3903#primaryimage\",\"url\":\"https:\/\/nativainfo.com\/wp-content\/uploads\/2023\/09\/imagen_2023-09-11_204528657.png\",\"contentUrl\":\"https:\/\/nativainfo.com\/wp-content\/uploads\/2023\/09\/imagen_2023-09-11_204528657.png\",\"width\":1010,\"height\":567},{\"@type\":\"BreadcrumbList\",\"@id\":\"https:\/\/nativainfo.com\/?p=3903#breadcrumb\",\"itemListElement\":[{\"@type\":\"ListItem\",\"position\":1,\"name\":\"Inicio\",\"item\":\"https:\/\/nativainfo.com\/\"},{\"@type\":\"ListItem\",\"position\":2,\"name\":\"Con Messi apartado, la Selecci\u00f3n Argentina se entren\u00f3 en La Paz\"}]},{\"@type\":\"WebSite\",\"@id\":\"https:\/\/nativainfo.com\/#website\",\"url\":\"https:\/\/nativainfo.com\/\",\"name\":\"Nativa Info\",\"description\":\"Diario Digital\",\"publisher\":{\"@id\":\"https:\/\/nativainfo.com\/#organization\"},\"potentialAction\":[{\"@type\":\"SearchAction\",\"target\":{\"@type\":\"EntryPoint\",\"urlTemplate\":\"https:\/\/nativainfo.com\/?s={search_term_string}\"},\"query-input\":{\"@type\":\"PropertyValueSpecification\",\"valueRequired\":true,\"valueName\":\"search_term_string\"}}],\"inLanguage\":\"es-AR\"},{\"@type\":\"Organization\",\"@id\":\"https:\/\/nativainfo.com\/#organization\",\"name\":\"Nativa Info\",\"url\":\"https:\/\/nativainfo.com\/\",\"logo\":{\"@type\":\"ImageObject\",\"inLanguage\":\"es-AR\",\"@id\":\"https:\/\/nativainfo.com\/#\/schema\/logo\/image\/\",\"url\":\"https:\/\/nativainfo.com\/wp-content\/uploads\/2025\/08\/LOGO-NATIVA-FACE.jpg\",\"contentUrl\":\"https:\/\/nativainfo.com\/wp-content\/uploads\/2025\/08\/LOGO-NATIVA-FACE.jpg\",\"width\":400,\"height\":400,\"caption\":\"Nativa Info\"},\"image\":{\"@id\":\"https:\/\/nativainfo.com\/#\/schema\/logo\/image\/\"},\"sameAs\":[\"https:\/\/www.facebook.com\/profile.php?id=61578881597564\"]},{\"@type\":\"Person\",\"@id\":\"https:\/\/nativainfo.com\/#\/schema\/person\/24893b64a9cd564ddb5d102d36eb4b5c\",\"name\":\"Nativa Info\",\"image\":{\"@type\":\"ImageObject\",\"inLanguage\":\"es-AR\",\"@id\":\"https:\/\/nativainfo.com\/#\/schema\/person\/image\/\",\"url\":\"https:\/\/secure.gravatar.com\/avatar\/016fa1cf068d85136d938e1507b9b619cb766e2565cbb1faa1e571762460c785?s=96&d=mm&r=g\",\"contentUrl\":\"https:\/\/secure.gravatar.com\/avatar\/016fa1cf068d85136d938e1507b9b619cb766e2565cbb1faa1e571762460c785?s=96&d=mm&r=g\",\"caption\":\"Nativa Info\"},\"sameAs\":[\"http:\/\/nativainfo.com\"],\"url\":\"https:\/\/nativainfo.com\/?author=1\"}]}<\/script>\n<!-- \/ Yoast SEO plugin. -->","yoast_head_json":{"title":"Con Messi apartado, la Selecci\u00f3n Argentina se entren\u00f3 en La Paz - Nativa Info","robots":{"index":"index","follow":"follow","max-snippet":"max-snippet:-1","max-image-preview":"max-image-preview:large","max-video-preview":"max-video-preview:-1"},"canonical":"https:\/\/nativainfo.com\/?p=3903","og_locale":"es_ES","og_type":"article","og_title":"Con Messi apartado, la Selecci\u00f3n Argentina se entren\u00f3 en La Paz - Nativa Info","og_description":"La Pulga hizo un trabajo liviano durante la pr\u00e1ctica de la Albiceleste. Scaloni a\u00fan no defini\u00f3 el once para jugar... Continue reading","og_url":"https:\/\/nativainfo.com\/?p=3903","og_site_name":"Nativa Info","article_publisher":"https:\/\/www.facebook.com\/profile.php?id=61578881597564","article_published_time":"2023-09-11T23:45:52+00:00","article_modified_time":"2023-09-11T23:45:54+00:00","og_image":[{"url":"http:\/\/nativainfo.com\/wp-content\/uploads\/2023\/09\/imagen_2023-09-11_204528657.png","type":"","width":"","height":""}],"author":"Nativa Info","twitter_card":"summary_large_image","twitter_misc":{"Escrito por":"Nativa Info","Tiempo de lectura":"1 minuto"},"schema":{"@context":"https:\/\/schema.org","@graph":[{"@type":"Article","@id":"https:\/\/nativainfo.com\/?p=3903#article","isPartOf":{"@id":"https:\/\/nativainfo.com\/?p=3903"},"author":{"name":"Nativa Info","@id":"https:\/\/nativainfo.com\/#\/schema\/person\/24893b64a9cd564ddb5d102d36eb4b5c"},"headline":"Con Messi apartado, la Selecci\u00f3n Argentina se entren\u00f3 en La Paz","datePublished":"2023-09-11T23:45:52+00:00","dateModified":"2023-09-11T23:45:54+00:00","mainEntityOfPage":{"@id":"https:\/\/nativainfo.com\/?p=3903"},"wordCount":181,"commentCount":0,"publisher":{"@id":"https:\/\/nativainfo.com\/#organization"},"image":{"@id":"https:\/\/nativainfo.com\/?p=3903#primaryimage"},"thumbnailUrl":"http:\/\/nativainfo.com\/wp-content\/uploads\/2023\/09\/imagen_2023-09-11_204528657.png","articleSection":["F\u00fatbol"],"inLanguage":"es-AR","potentialAction":[{"@type":"CommentAction","name":"Comment","target":["https:\/\/nativainfo.com\/?p=3903#respond"]}]},{"@type":"WebPage","@id":"https:\/\/nativainfo.com\/?p=3903","url":"https:\/\/nativainfo.com\/?p=3903","name":"Con Messi apartado, la Selecci\u00f3n Argentina se entren\u00f3 en La Paz - Nativa Info","isPartOf":{"@id":"https:\/\/nativainfo.com\/#website"},"primaryImageOfPage":{"@id":"https:\/\/nativainfo.com\/?p=3903#primaryimage"},"image":{"@id":"https:\/\/nativainfo.com\/?p=3903#primaryimage"},"thumbnailUrl":"http:\/\/nativainfo.com\/wp-content\/uploads\/2023\/09\/imagen_2023-09-11_204528657.png","datePublished":"2023-09-11T23:45:52+00:00","dateModified":"2023-09-11T23:45:54+00:00","breadcrumb":{"@id":"https:\/\/nativainfo.com\/?p=3903#breadcrumb"},"inLanguage":"es-AR","potentialAction":[{"@type":"ReadAction","target":["https:\/\/nativainfo.com\/?p=3903"]}]},{"@type":"ImageObject","inLanguage":"es-AR","@id":"https:\/\/nativainfo.com\/?p=3903#primaryimage","url":"https:\/\/nativainfo.com\/wp-content\/uploads\/2023\/09\/imagen_2023-09-11_204528657.png","contentUrl":"https:\/\/nativainfo.com\/wp-content\/uploads\/2023\/09\/imagen_2023-09-11_204528657.png","width":1010,"height":567},{"@type":"BreadcrumbList","@id":"https:\/\/nativainfo.com\/?p=3903#breadcrumb","itemListElement":[{"@type":"ListItem","position":1,"name":"Inicio","item":"https:\/\/nativainfo.com\/"},{"@type":"ListItem","position":2,"name":"Con Messi apartado, la Selecci\u00f3n Argentina se entren\u00f3 en La Paz"}]},{"@type":"WebSite","@id":"https:\/\/nativainfo.com\/#website","url":"https:\/\/nativainfo.com\/","name":"Nativa Info","description":"Diario Digital","publisher":{"@id":"https:\/\/nativainfo.com\/#organization"},"potentialAction":[{"@type":"SearchAction","target":{"@type":"EntryPoint","urlTemplate":"https:\/\/nativainfo.com\/?s={search_term_string}"},"query-input":{"@type":"PropertyValueSpecification","valueRequired":true,"valueName":"search_term_string"}}],"inLanguage":"es-AR"},{"@type":"Organization","@id":"https:\/\/nativainfo.com\/#organization","name":"Nativa Info","url":"https:\/\/nativainfo.com\/","logo":{"@type":"ImageObject","inLanguage":"es-AR","@id":"https:\/\/nativainfo.com\/#\/schema\/logo\/image\/","url":"https:\/\/nativainfo.com\/wp-content\/uploads\/2025\/08\/LOGO-NATIVA-FACE.jpg","contentUrl":"https:\/\/nativainfo.com\/wp-content\/uploads\/2025\/08\/LOGO-NATIVA-FACE.jpg","width":400,"height":400,"caption":"Nativa Info"},"image":{"@id":"https:\/\/nativainfo.com\/#\/schema\/logo\/image\/"},"sameAs":["https:\/\/www.facebook.com\/profile.php?id=61578881597564"]},{"@type":"Person","@id":"https:\/\/nativainfo.com\/#\/schema\/person\/24893b64a9cd564ddb5d102d36eb4b5c","name":"Nativa Info","image":{"@type":"ImageObject","inLanguage":"es-AR","@id":"https:\/\/nativainfo.com\/#\/schema\/person\/image\/","url":"https:\/\/secure.gravatar.com\/avatar\/016fa1cf068d85136d938e1507b9b619cb766e2565cbb1faa1e571762460c785?s=96&d=mm&r=g","contentUrl":"https:\/\/secure.gravatar.com\/avatar\/016fa1cf068d85136d938e1507b9b619cb766e2565cbb1faa1e571762460c785?s=96&d=mm&r=g","caption":"Nativa Info"},"sameAs":["http:\/\/nativainfo.com"],"url":"https:\/\/nativainfo.com\/?author=1"}]}},"jetpack_publicize_connections":[],"_links":{"self":[{"href":"https:\/\/nativainfo.com\/index.php?rest_route=\/wp\/v2\/posts\/3903","targetHints":{"allow":["GET"]}}],"collection":[{"href":"https:\/\/nativainfo.com\/index.php?rest_route=\/wp\/v2\/posts"}],"about":[{"href":"https:\/\/nativainfo.com\/index.php?rest_route=\/wp\/v2\/types\/post"}],"author":[{"embeddable":true,"href":"https:\/\/nativainfo.com\/index.php?rest_route=\/wp\/v2\/users\/1"}],"replies":[{"embeddable":true,"href":"https:\/\/nativainfo.com\/index.php?rest_route=%2Fwp%2Fv2%2Fcomments&post=3903"}],"version-history":[{"count":1,"href":"https:\/\/nativainfo.com\/index.php?rest_route=\/wp\/v2\/posts\/3903\/revisions"}],"predecessor-version":[{"id":3907,"href":"https:\/\/nativainfo.com\/index.php?rest_route=\/wp\/v2\/posts\/3903\/revisions\/3907"}],"wp:attachment":[{"href":"https:\/\/nativainfo.com\/index.php?rest_route=%2Fwp%2Fv2%2Fmedia&parent=3903"}],"wp:term":[{"taxonomy":"category","embeddable":true,"href":"https:\/\/nativainfo.com\/index.php?rest_route=%2Fwp%2Fv2%2Fcategories&post=3903"},{"taxonomy":"post_tag","embeddable":true,"href":"https:\/\/nativainfo.com\/index.php?rest_route=%2Fwp%2Fv2%2Ftags&post=3903"}],"curies":[{"name":"wp","href":"https:\/\/api.w.org\/{rel}","templated":true}]}}