{"id":3895,"date":"2023-08-28T23:43:49","date_gmt":"2023-08-29T02:43:49","guid":{"rendered":"http:\/\/nativainfo.com\/?p=3895"},"modified":"2023-08-28T23:43:51","modified_gmt":"2023-08-29T02:43:51","slug":"quimsa-puso-en-marcha-su-pretemporada-para-la-defensa-del-titulo","status":"publish","type":"post","link":"https:\/\/nativainfo.com\/?p=3895","title":{"rendered":"Quimsa puso en marcha su pretemporada para la defensa del t\u00edtulo"},"content":{"rendered":"\n<p>El campe\u00f3n de la Liga Nacional inici\u00f3 su preparaci\u00f3n para un a\u00f1o cargado de competencia.<\/p>\n\n\n\n<figure class=\"wp-block-image size-large\"><img fetchpriority=\"high\" decoding=\"async\" width=\"1010\" height=\"567\" src=\"http:\/\/nativainfo.com\/wp-content\/uploads\/2023\/08\/imagen_2023-08-28_234343278.png\" alt=\"\" class=\"wp-image-3897\" srcset=\"https:\/\/nativainfo.com\/wp-content\/uploads\/2023\/08\/imagen_2023-08-28_234343278.png 1010w, https:\/\/nativainfo.com\/wp-content\/uploads\/2023\/08\/imagen_2023-08-28_234343278-300x168.png 300w, https:\/\/nativainfo.com\/wp-content\/uploads\/2023\/08\/imagen_2023-08-28_234343278-768x431.png 768w, https:\/\/nativainfo.com\/wp-content\/uploads\/2023\/08\/imagen_2023-08-28_234343278-623x350.png 623w, https:\/\/nativainfo.com\/wp-content\/uploads\/2023\/08\/imagen_2023-08-28_234343278-150x84.png 150w\" sizes=\"(max-width: 1010px) 100vw, 1010px\" \/><\/figure>\n\n\n\n<p>El plantel de&nbsp;<strong>Quimsa&nbsp;<\/strong>puso manos a la obra e inici\u00f3 su preparaci\u00f3n de cara a una temporada en donde defender\u00e1 el t\u00edtulo de campe\u00f3n de la&nbsp;<strong>Liga Nacional de B\u00e1squet<\/strong>.<\/p>\n\n\n\n<p>Los jugadores del equipo fusionado tuvieron su primera pr\u00e1ctica en la ma\u00f1ana de este martes en el estadio Ciudad bajo las \u00f3rdenes de&nbsp;<strong>Leandro Ramella<\/strong>&nbsp;y con muchas caras nuevas.<\/p>\n\n\n\n<p>La pr\u00e1ctica arranc\u00f3 con las palabras del director deportivo de la instituci\u00f3n,&nbsp;<strong>Diego Lo Grippo<\/strong>, quien le dio la bienvenida a los integrantes del equipo. La sesi\u00f3n cont\u00f3 con un trabajo inicial en el gimnasio para luego pasar al tabloncillo para ejercicios con pelota.<\/p>\n\n\n\n<p>Para este a\u00f1o Quimsa renov\u00f3 su plantel con varios nombres y ahora cuenta con los bases&nbsp;<strong>Juan Brussino<\/strong>&nbsp;y&nbsp;<strong>Bruno Sansimoni<\/strong>, el escolta&nbsp;<strong>Fortunato Rolfi<\/strong>&nbsp;(U23), los aleros&nbsp;<strong>Emiliano Basabe<\/strong>&nbsp;y&nbsp;<strong>Federico Zezular<\/strong>&nbsp;y los internos&nbsp;<strong>Fabi\u00e1n Ram\u00edrez Barrios<\/strong>,&nbsp;<strong>Sebasti\u00e1n Acevedo<\/strong>,&nbsp;<strong>Tayavek Gallizzi<\/strong>&nbsp;y&nbsp;<strong>Eduardo Vasirani<\/strong>.<\/p>\n","protected":false},"excerpt":{"rendered":"<p>El campe\u00f3n de la Liga Nacional inici\u00f3 su preparaci\u00f3n para un a\u00f1o cargado de competencia. El plantel de&nbsp;Quimsa&nbsp;puso manos a&#8230; <a class=\"continue-reading-link\" href=\"https:\/\/nativainfo.com\/?p=3895\">Continue reading<\/a><\/p>\n","protected":false},"author":1,"featured_media":0,"comment_status":"open","ping_status":"open","sticky":false,"template":"","format":"standard","meta":{"rop_custom_images_group":[],"rop_custom_messages_group":[],"rop_publish_now":"initial","rop_publish_now_accounts":[],"rop_publish_now_history":[],"rop_publish_now_status":"pending","footnotes":"","jetpack_publicize_message":"","jetpack_publicize_feature_enabled":true,"jetpack_social_post_already_shared":false,"jetpack_social_options":{"image_generator_settings":{"template":"highway","default_image_id":0,"font":"","enabled":false},"version":2}},"categories":[45],"tags":[],"class_list":["post-3895","post","type-post","status-publish","format-standard","hentry","category-basquet-2"],"yoast_head":"<!-- This site is optimized with the Yoast SEO plugin v25.6 - https:\/\/yoast.com\/wordpress\/plugins\/seo\/ -->\n<title>Quimsa puso en marcha su pretemporada para la defensa del t\u00edtulo - Nativa Info<\/title>\n<meta name=\"robots\" content=\"index, follow, max-snippet:-1, max-image-preview:large, max-video-preview:-1\" \/>\n<link rel=\"canonical\" href=\"https:\/\/nativainfo.com\/?p=3895\" \/>\n<meta property=\"og:locale\" content=\"es_ES\" \/>\n<meta property=\"og:type\" content=\"article\" \/>\n<meta property=\"og:title\" content=\"Quimsa puso en marcha su pretemporada para la defensa del t\u00edtulo - Nativa Info\" \/>\n<meta property=\"og:description\" content=\"El campe\u00f3n de la Liga Nacional inici\u00f3 su preparaci\u00f3n para un a\u00f1o cargado de competencia. El plantel de&nbsp;Quimsa&nbsp;puso manos a... Continue reading\" \/>\n<meta property=\"og:url\" content=\"https:\/\/nativainfo.com\/?p=3895\" \/>\n<meta property=\"og:site_name\" content=\"Nativa Info\" \/>\n<meta property=\"article:publisher\" content=\"https:\/\/www.facebook.com\/profile.php?id=61578881597564\" \/>\n<meta property=\"article:published_time\" content=\"2023-08-29T02:43:49+00:00\" \/>\n<meta property=\"article:modified_time\" content=\"2023-08-29T02:43:51+00:00\" \/>\n<meta property=\"og:image\" content=\"http:\/\/nativainfo.com\/wp-content\/uploads\/2023\/08\/imagen_2023-08-28_234343278.png\" \/>\n<meta name=\"author\" content=\"Nativa Info\" \/>\n<meta name=\"twitter:card\" content=\"summary_large_image\" \/>\n<meta name=\"twitter:label1\" content=\"Escrito por\" \/>\n\t<meta name=\"twitter:data1\" content=\"Nativa Info\" \/>\n\t<meta name=\"twitter:label2\" content=\"Tiempo de lectura\" \/>\n\t<meta name=\"twitter:data2\" content=\"1 minuto\" \/>\n<script type=\"application\/ld+json\" class=\"yoast-schema-graph\">{\"@context\":\"https:\/\/schema.org\",\"@graph\":[{\"@type\":\"Article\",\"@id\":\"https:\/\/nativainfo.com\/?p=3895#article\",\"isPartOf\":{\"@id\":\"https:\/\/nativainfo.com\/?p=3895\"},\"author\":{\"name\":\"Nativa Info\",\"@id\":\"https:\/\/nativainfo.com\/#\/schema\/person\/24893b64a9cd564ddb5d102d36eb4b5c\"},\"headline\":\"Quimsa puso en marcha su pretemporada para la defensa del t\u00edtulo\",\"datePublished\":\"2023-08-29T02:43:49+00:00\",\"dateModified\":\"2023-08-29T02:43:51+00:00\",\"mainEntityOfPage\":{\"@id\":\"https:\/\/nativainfo.com\/?p=3895\"},\"wordCount\":214,\"commentCount\":0,\"publisher\":{\"@id\":\"https:\/\/nativainfo.com\/#organization\"},\"image\":{\"@id\":\"https:\/\/nativainfo.com\/?p=3895#primaryimage\"},\"thumbnailUrl\":\"http:\/\/nativainfo.com\/wp-content\/uploads\/2023\/08\/imagen_2023-08-28_234343278.png\",\"articleSection\":[\"B\u00e1squet\"],\"inLanguage\":\"es-AR\",\"potentialAction\":[{\"@type\":\"CommentAction\",\"name\":\"Comment\",\"target\":[\"https:\/\/nativainfo.com\/?p=3895#respond\"]}]},{\"@type\":\"WebPage\",\"@id\":\"https:\/\/nativainfo.com\/?p=3895\",\"url\":\"https:\/\/nativainfo.com\/?p=3895\",\"name\":\"Quimsa puso en marcha su pretemporada para la defensa del t\u00edtulo - Nativa Info\",\"isPartOf\":{\"@id\":\"https:\/\/nativainfo.com\/#website\"},\"primaryImageOfPage\":{\"@id\":\"https:\/\/nativainfo.com\/?p=3895#primaryimage\"},\"image\":{\"@id\":\"https:\/\/nativainfo.com\/?p=3895#primaryimage\"},\"thumbnailUrl\":\"http:\/\/nativainfo.com\/wp-content\/uploads\/2023\/08\/imagen_2023-08-28_234343278.png\",\"datePublished\":\"2023-08-29T02:43:49+00:00\",\"dateModified\":\"2023-08-29T02:43:51+00:00\",\"breadcrumb\":{\"@id\":\"https:\/\/nativainfo.com\/?p=3895#breadcrumb\"},\"inLanguage\":\"es-AR\",\"potentialAction\":[{\"@type\":\"ReadAction\",\"target\":[\"https:\/\/nativainfo.com\/?p=3895\"]}]},{\"@type\":\"ImageObject\",\"inLanguage\":\"es-AR\",\"@id\":\"https:\/\/nativainfo.com\/?p=3895#primaryimage\",\"url\":\"https:\/\/nativainfo.com\/wp-content\/uploads\/2023\/08\/imagen_2023-08-28_234343278.png\",\"contentUrl\":\"https:\/\/nativainfo.com\/wp-content\/uploads\/2023\/08\/imagen_2023-08-28_234343278.png\",\"width\":1010,\"height\":567},{\"@type\":\"BreadcrumbList\",\"@id\":\"https:\/\/nativainfo.com\/?p=3895#breadcrumb\",\"itemListElement\":[{\"@type\":\"ListItem\",\"position\":1,\"name\":\"Inicio\",\"item\":\"https:\/\/nativainfo.com\/\"},{\"@type\":\"ListItem\",\"position\":2,\"name\":\"Quimsa puso en marcha su pretemporada para la defensa del t\u00edtulo\"}]},{\"@type\":\"WebSite\",\"@id\":\"https:\/\/nativainfo.com\/#website\",\"url\":\"https:\/\/nativainfo.com\/\",\"name\":\"Nativa Info\",\"description\":\"Diario Digital\",\"publisher\":{\"@id\":\"https:\/\/nativainfo.com\/#organization\"},\"potentialAction\":[{\"@type\":\"SearchAction\",\"target\":{\"@type\":\"EntryPoint\",\"urlTemplate\":\"https:\/\/nativainfo.com\/?s={search_term_string}\"},\"query-input\":{\"@type\":\"PropertyValueSpecification\",\"valueRequired\":true,\"valueName\":\"search_term_string\"}}],\"inLanguage\":\"es-AR\"},{\"@type\":\"Organization\",\"@id\":\"https:\/\/nativainfo.com\/#organization\",\"name\":\"Nativa Info\",\"url\":\"https:\/\/nativainfo.com\/\",\"logo\":{\"@type\":\"ImageObject\",\"inLanguage\":\"es-AR\",\"@id\":\"https:\/\/nativainfo.com\/#\/schema\/logo\/image\/\",\"url\":\"https:\/\/nativainfo.com\/wp-content\/uploads\/2025\/08\/LOGO-NATIVA-FACE.jpg\",\"contentUrl\":\"https:\/\/nativainfo.com\/wp-content\/uploads\/2025\/08\/LOGO-NATIVA-FACE.jpg\",\"width\":400,\"height\":400,\"caption\":\"Nativa Info\"},\"image\":{\"@id\":\"https:\/\/nativainfo.com\/#\/schema\/logo\/image\/\"},\"sameAs\":[\"https:\/\/www.facebook.com\/profile.php?id=61578881597564\"]},{\"@type\":\"Person\",\"@id\":\"https:\/\/nativainfo.com\/#\/schema\/person\/24893b64a9cd564ddb5d102d36eb4b5c\",\"name\":\"Nativa Info\",\"image\":{\"@type\":\"ImageObject\",\"inLanguage\":\"es-AR\",\"@id\":\"https:\/\/nativainfo.com\/#\/schema\/person\/image\/\",\"url\":\"https:\/\/secure.gravatar.com\/avatar\/016fa1cf068d85136d938e1507b9b619cb766e2565cbb1faa1e571762460c785?s=96&d=mm&r=g\",\"contentUrl\":\"https:\/\/secure.gravatar.com\/avatar\/016fa1cf068d85136d938e1507b9b619cb766e2565cbb1faa1e571762460c785?s=96&d=mm&r=g\",\"caption\":\"Nativa Info\"},\"sameAs\":[\"http:\/\/nativainfo.com\"],\"url\":\"https:\/\/nativainfo.com\/?author=1\"}]}<\/script>\n<!-- \/ Yoast SEO plugin. -->","yoast_head_json":{"title":"Quimsa puso en marcha su pretemporada para la defensa del t\u00edtulo - Nativa Info","robots":{"index":"index","follow":"follow","max-snippet":"max-snippet:-1","max-image-preview":"max-image-preview:large","max-video-preview":"max-video-preview:-1"},"canonical":"https:\/\/nativainfo.com\/?p=3895","og_locale":"es_ES","og_type":"article","og_title":"Quimsa puso en marcha su pretemporada para la defensa del t\u00edtulo - Nativa Info","og_description":"El campe\u00f3n de la Liga Nacional inici\u00f3 su preparaci\u00f3n para un a\u00f1o cargado de competencia. El plantel de&nbsp;Quimsa&nbsp;puso manos a... Continue reading","og_url":"https:\/\/nativainfo.com\/?p=3895","og_site_name":"Nativa Info","article_publisher":"https:\/\/www.facebook.com\/profile.php?id=61578881597564","article_published_time":"2023-08-29T02:43:49+00:00","article_modified_time":"2023-08-29T02:43:51+00:00","og_image":[{"url":"http:\/\/nativainfo.com\/wp-content\/uploads\/2023\/08\/imagen_2023-08-28_234343278.png","type":"","width":"","height":""}],"author":"Nativa Info","twitter_card":"summary_large_image","twitter_misc":{"Escrito por":"Nativa Info","Tiempo de lectura":"1 minuto"},"schema":{"@context":"https:\/\/schema.org","@graph":[{"@type":"Article","@id":"https:\/\/nativainfo.com\/?p=3895#article","isPartOf":{"@id":"https:\/\/nativainfo.com\/?p=3895"},"author":{"name":"Nativa Info","@id":"https:\/\/nativainfo.com\/#\/schema\/person\/24893b64a9cd564ddb5d102d36eb4b5c"},"headline":"Quimsa puso en marcha su pretemporada para la defensa del t\u00edtulo","datePublished":"2023-08-29T02:43:49+00:00","dateModified":"2023-08-29T02:43:51+00:00","mainEntityOfPage":{"@id":"https:\/\/nativainfo.com\/?p=3895"},"wordCount":214,"commentCount":0,"publisher":{"@id":"https:\/\/nativainfo.com\/#organization"},"image":{"@id":"https:\/\/nativainfo.com\/?p=3895#primaryimage"},"thumbnailUrl":"http:\/\/nativainfo.com\/wp-content\/uploads\/2023\/08\/imagen_2023-08-28_234343278.png","articleSection":["B\u00e1squet"],"inLanguage":"es-AR","potentialAction":[{"@type":"CommentAction","name":"Comment","target":["https:\/\/nativainfo.com\/?p=3895#respond"]}]},{"@type":"WebPage","@id":"https:\/\/nativainfo.com\/?p=3895","url":"https:\/\/nativainfo.com\/?p=3895","name":"Quimsa puso en marcha su pretemporada para la defensa del t\u00edtulo - Nativa Info","isPartOf":{"@id":"https:\/\/nativainfo.com\/#website"},"primaryImageOfPage":{"@id":"https:\/\/nativainfo.com\/?p=3895#primaryimage"},"image":{"@id":"https:\/\/nativainfo.com\/?p=3895#primaryimage"},"thumbnailUrl":"http:\/\/nativainfo.com\/wp-content\/uploads\/2023\/08\/imagen_2023-08-28_234343278.png","datePublished":"2023-08-29T02:43:49+00:00","dateModified":"2023-08-29T02:43:51+00:00","breadcrumb":{"@id":"https:\/\/nativainfo.com\/?p=3895#breadcrumb"},"inLanguage":"es-AR","potentialAction":[{"@type":"ReadAction","target":["https:\/\/nativainfo.com\/?p=3895"]}]},{"@type":"ImageObject","inLanguage":"es-AR","@id":"https:\/\/nativainfo.com\/?p=3895#primaryimage","url":"https:\/\/nativainfo.com\/wp-content\/uploads\/2023\/08\/imagen_2023-08-28_234343278.png","contentUrl":"https:\/\/nativainfo.com\/wp-content\/uploads\/2023\/08\/imagen_2023-08-28_234343278.png","width":1010,"height":567},{"@type":"BreadcrumbList","@id":"https:\/\/nativainfo.com\/?p=3895#breadcrumb","itemListElement":[{"@type":"ListItem","position":1,"name":"Inicio","item":"https:\/\/nativainfo.com\/"},{"@type":"ListItem","position":2,"name":"Quimsa puso en marcha su pretemporada para la defensa del t\u00edtulo"}]},{"@type":"WebSite","@id":"https:\/\/nativainfo.com\/#website","url":"https:\/\/nativainfo.com\/","name":"Nativa Info","description":"Diario Digital","publisher":{"@id":"https:\/\/nativainfo.com\/#organization"},"potentialAction":[{"@type":"SearchAction","target":{"@type":"EntryPoint","urlTemplate":"https:\/\/nativainfo.com\/?s={search_term_string}"},"query-input":{"@type":"PropertyValueSpecification","valueRequired":true,"valueName":"search_term_string"}}],"inLanguage":"es-AR"},{"@type":"Organization","@id":"https:\/\/nativainfo.com\/#organization","name":"Nativa Info","url":"https:\/\/nativainfo.com\/","logo":{"@type":"ImageObject","inLanguage":"es-AR","@id":"https:\/\/nativainfo.com\/#\/schema\/logo\/image\/","url":"https:\/\/nativainfo.com\/wp-content\/uploads\/2025\/08\/LOGO-NATIVA-FACE.jpg","contentUrl":"https:\/\/nativainfo.com\/wp-content\/uploads\/2025\/08\/LOGO-NATIVA-FACE.jpg","width":400,"height":400,"caption":"Nativa Info"},"image":{"@id":"https:\/\/nativainfo.com\/#\/schema\/logo\/image\/"},"sameAs":["https:\/\/www.facebook.com\/profile.php?id=61578881597564"]},{"@type":"Person","@id":"https:\/\/nativainfo.com\/#\/schema\/person\/24893b64a9cd564ddb5d102d36eb4b5c","name":"Nativa Info","image":{"@type":"ImageObject","inLanguage":"es-AR","@id":"https:\/\/nativainfo.com\/#\/schema\/person\/image\/","url":"https:\/\/secure.gravatar.com\/avatar\/016fa1cf068d85136d938e1507b9b619cb766e2565cbb1faa1e571762460c785?s=96&d=mm&r=g","contentUrl":"https:\/\/secure.gravatar.com\/avatar\/016fa1cf068d85136d938e1507b9b619cb766e2565cbb1faa1e571762460c785?s=96&d=mm&r=g","caption":"Nativa Info"},"sameAs":["http:\/\/nativainfo.com"],"url":"https:\/\/nativainfo.com\/?author=1"}]}},"jetpack_publicize_connections":[],"_links":{"self":[{"href":"https:\/\/nativainfo.com\/index.php?rest_route=\/wp\/v2\/posts\/3895","targetHints":{"allow":["GET"]}}],"collection":[{"href":"https:\/\/nativainfo.com\/index.php?rest_route=\/wp\/v2\/posts"}],"about":[{"href":"https:\/\/nativainfo.com\/index.php?rest_route=\/wp\/v2\/types\/post"}],"author":[{"embeddable":true,"href":"https:\/\/nativainfo.com\/index.php?rest_route=\/wp\/v2\/users\/1"}],"replies":[{"embeddable":true,"href":"https:\/\/nativainfo.com\/index.php?rest_route=%2Fwp%2Fv2%2Fcomments&post=3895"}],"version-history":[{"count":1,"href":"https:\/\/nativainfo.com\/index.php?rest_route=\/wp\/v2\/posts\/3895\/revisions"}],"predecessor-version":[{"id":3898,"href":"https:\/\/nativainfo.com\/index.php?rest_route=\/wp\/v2\/posts\/3895\/revisions\/3898"}],"wp:attachment":[{"href":"https:\/\/nativainfo.com\/index.php?rest_route=%2Fwp%2Fv2%2Fmedia&parent=3895"}],"wp:term":[{"taxonomy":"category","embeddable":true,"href":"https:\/\/nativainfo.com\/index.php?rest_route=%2Fwp%2Fv2%2Fcategories&post=3895"},{"taxonomy":"post_tag","embeddable":true,"href":"https:\/\/nativainfo.com\/index.php?rest_route=%2Fwp%2Fv2%2Ftags&post=3895"}],"curies":[{"name":"wp","href":"https:\/\/api.w.org\/{rel}","templated":true}]}}