{"id":3877,"date":"2023-08-14T15:10:46","date_gmt":"2023-08-14T18:10:46","guid":{"rendered":"http:\/\/nativainfo.com\/?p=3877"},"modified":"2023-08-14T15:10:49","modified_gmt":"2023-08-14T18:10:49","slug":"tras-la-derrota-en-las-paso-el-gobierno-devalua-y-sube-20-el-dolar-oficial","status":"publish","type":"post","link":"https:\/\/nativainfo.com\/?p=3877","title":{"rendered":"Tras la derrota en las PASO, el Gobierno deval\u00faa y sube 20% el d\u00f3lar oficial"},"content":{"rendered":"\n<p>La autoridad monetaria depreci\u00f3 fuerte el peso contra la divisa norteamericana. Se da luego del resultado de las primarias de este domingo. Expectativa por la apertura del blue.<\/p>\n\n\n\n<figure class=\"wp-block-image size-large\"><img fetchpriority=\"high\" decoding=\"async\" width=\"1010\" height=\"567\" src=\"http:\/\/nativainfo.com\/wp-content\/uploads\/2023\/08\/imagen_2023-08-14_151044666.png\" alt=\"\" class=\"wp-image-3882\" srcset=\"https:\/\/nativainfo.com\/wp-content\/uploads\/2023\/08\/imagen_2023-08-14_151044666.png 1010w, https:\/\/nativainfo.com\/wp-content\/uploads\/2023\/08\/imagen_2023-08-14_151044666-300x168.png 300w, https:\/\/nativainfo.com\/wp-content\/uploads\/2023\/08\/imagen_2023-08-14_151044666-768x431.png 768w, https:\/\/nativainfo.com\/wp-content\/uploads\/2023\/08\/imagen_2023-08-14_151044666-623x350.png 623w, https:\/\/nativainfo.com\/wp-content\/uploads\/2023\/08\/imagen_2023-08-14_151044666-150x84.png 150w\" sizes=\"(max-width: 1010px) 100vw, 1010px\" \/><\/figure>\n\n\n\n<p>El&nbsp;<strong>Banco Central<\/strong>&nbsp;(<strong>BCRA<\/strong>)&nbsp;<strong>llev\u00f3 el tipo de cambio oficial a $365 y subi\u00f3 21 puntos la tasa de inter\u00e9s<\/strong>. Es una de las primeras repercusiones del mercado tras las PASO de este domingo.<\/p>\n\n\n\n<p>Luego del triunfo de&nbsp;<strong>Javier Milei<\/strong>&nbsp;en las primarias, la autoridad monetaria depreci\u00f3 fuerte el peso contra la divisa norteamericana y crece la expectativa por la apertura del d\u00f3lar blue. Se trata de una devaluaci\u00f3n del 22,45%.<\/p>\n\n\n\n<p>De esta manera, el d\u00f3lar oficial sufri\u00f3 un incremento de $67 en las primeras horas de este lunes con respecto al cierre del viernes.<\/p>\n\n\n\n<p>El escenario cambiario ya se ven\u00eda acelerando desde hac\u00eda varias semanas, impulsado por un plano electoral incierto y un panorama econ\u00f3mico marcado, principalmente, por la fragilidad de las reservas del Banco Central. El mi\u00e9rcoles, el d\u00f3lar blue quebr\u00f3 la barrera psicol\u00f3gica de los $600 y el viernes cerr\u00f3 la cotizaci\u00f3n en $605.<\/p>\n","protected":false},"excerpt":{"rendered":"<p>La autoridad monetaria depreci\u00f3 fuerte el peso contra la divisa norteamericana. Se da luego del resultado de las primarias de&#8230; <a class=\"continue-reading-link\" href=\"https:\/\/nativainfo.com\/?p=3877\">Continue reading<\/a><\/p>\n","protected":false},"author":1,"featured_media":0,"comment_status":"open","ping_status":"open","sticky":false,"template":"","format":"standard","meta":{"rop_custom_images_group":[],"rop_custom_messages_group":[],"rop_publish_now":"initial","rop_publish_now_accounts":[],"rop_publish_now_history":[],"rop_publish_now_status":"pending","footnotes":"","jetpack_publicize_message":"","jetpack_publicize_feature_enabled":true,"jetpack_social_post_already_shared":false,"jetpack_social_options":{"image_generator_settings":{"template":"highway","default_image_id":0,"font":"","enabled":false},"version":2}},"categories":[16],"tags":[],"class_list":["post-3877","post","type-post","status-publish","format-standard","hentry","category-economia"],"yoast_head":"<!-- This site is optimized with the Yoast SEO plugin v25.6 - https:\/\/yoast.com\/wordpress\/plugins\/seo\/ -->\n<title>Tras la derrota en las PASO, el Gobierno deval\u00faa y sube 20% el d\u00f3lar oficial - Nativa Info<\/title>\n<meta name=\"robots\" content=\"index, follow, max-snippet:-1, max-image-preview:large, max-video-preview:-1\" \/>\n<link rel=\"canonical\" href=\"https:\/\/nativainfo.com\/?p=3877\" \/>\n<meta property=\"og:locale\" content=\"es_ES\" \/>\n<meta property=\"og:type\" content=\"article\" \/>\n<meta property=\"og:title\" content=\"Tras la derrota en las PASO, el Gobierno deval\u00faa y sube 20% el d\u00f3lar oficial - Nativa Info\" \/>\n<meta property=\"og:description\" content=\"La autoridad monetaria depreci\u00f3 fuerte el peso contra la divisa norteamericana. Se da luego del resultado de las primarias de... Continue reading\" \/>\n<meta property=\"og:url\" content=\"https:\/\/nativainfo.com\/?p=3877\" \/>\n<meta property=\"og:site_name\" content=\"Nativa Info\" \/>\n<meta property=\"article:publisher\" content=\"https:\/\/www.facebook.com\/profile.php?id=61578881597564\" \/>\n<meta property=\"article:published_time\" content=\"2023-08-14T18:10:46+00:00\" \/>\n<meta property=\"article:modified_time\" content=\"2023-08-14T18:10:49+00:00\" \/>\n<meta property=\"og:image\" content=\"http:\/\/nativainfo.com\/wp-content\/uploads\/2023\/08\/imagen_2023-08-14_151044666.png\" \/>\n<meta name=\"author\" content=\"Nativa Info\" \/>\n<meta name=\"twitter:card\" content=\"summary_large_image\" \/>\n<meta name=\"twitter:label1\" content=\"Escrito por\" \/>\n\t<meta name=\"twitter:data1\" content=\"Nativa Info\" \/>\n\t<meta name=\"twitter:label2\" content=\"Tiempo de lectura\" \/>\n\t<meta name=\"twitter:data2\" content=\"1 minuto\" \/>\n<script type=\"application\/ld+json\" class=\"yoast-schema-graph\">{\"@context\":\"https:\/\/schema.org\",\"@graph\":[{\"@type\":\"Article\",\"@id\":\"https:\/\/nativainfo.com\/?p=3877#article\",\"isPartOf\":{\"@id\":\"https:\/\/nativainfo.com\/?p=3877\"},\"author\":{\"name\":\"Nativa Info\",\"@id\":\"https:\/\/nativainfo.com\/#\/schema\/person\/24893b64a9cd564ddb5d102d36eb4b5c\"},\"headline\":\"Tras la derrota en las PASO, el Gobierno deval\u00faa y sube 20% el d\u00f3lar oficial\",\"datePublished\":\"2023-08-14T18:10:46+00:00\",\"dateModified\":\"2023-08-14T18:10:49+00:00\",\"mainEntityOfPage\":{\"@id\":\"https:\/\/nativainfo.com\/?p=3877\"},\"wordCount\":201,\"commentCount\":0,\"publisher\":{\"@id\":\"https:\/\/nativainfo.com\/#organization\"},\"image\":{\"@id\":\"https:\/\/nativainfo.com\/?p=3877#primaryimage\"},\"thumbnailUrl\":\"http:\/\/nativainfo.com\/wp-content\/uploads\/2023\/08\/imagen_2023-08-14_151044666.png\",\"articleSection\":[\"Econom\u00eda\"],\"inLanguage\":\"es-AR\",\"potentialAction\":[{\"@type\":\"CommentAction\",\"name\":\"Comment\",\"target\":[\"https:\/\/nativainfo.com\/?p=3877#respond\"]}]},{\"@type\":\"WebPage\",\"@id\":\"https:\/\/nativainfo.com\/?p=3877\",\"url\":\"https:\/\/nativainfo.com\/?p=3877\",\"name\":\"Tras la derrota en las PASO, el Gobierno deval\u00faa y sube 20% el d\u00f3lar oficial - Nativa Info\",\"isPartOf\":{\"@id\":\"https:\/\/nativainfo.com\/#website\"},\"primaryImageOfPage\":{\"@id\":\"https:\/\/nativainfo.com\/?p=3877#primaryimage\"},\"image\":{\"@id\":\"https:\/\/nativainfo.com\/?p=3877#primaryimage\"},\"thumbnailUrl\":\"http:\/\/nativainfo.com\/wp-content\/uploads\/2023\/08\/imagen_2023-08-14_151044666.png\",\"datePublished\":\"2023-08-14T18:10:46+00:00\",\"dateModified\":\"2023-08-14T18:10:49+00:00\",\"breadcrumb\":{\"@id\":\"https:\/\/nativainfo.com\/?p=3877#breadcrumb\"},\"inLanguage\":\"es-AR\",\"potentialAction\":[{\"@type\":\"ReadAction\",\"target\":[\"https:\/\/nativainfo.com\/?p=3877\"]}]},{\"@type\":\"ImageObject\",\"inLanguage\":\"es-AR\",\"@id\":\"https:\/\/nativainfo.com\/?p=3877#primaryimage\",\"url\":\"https:\/\/nativainfo.com\/wp-content\/uploads\/2023\/08\/imagen_2023-08-14_151044666.png\",\"contentUrl\":\"https:\/\/nativainfo.com\/wp-content\/uploads\/2023\/08\/imagen_2023-08-14_151044666.png\",\"width\":1010,\"height\":567},{\"@type\":\"BreadcrumbList\",\"@id\":\"https:\/\/nativainfo.com\/?p=3877#breadcrumb\",\"itemListElement\":[{\"@type\":\"ListItem\",\"position\":1,\"name\":\"Inicio\",\"item\":\"https:\/\/nativainfo.com\/\"},{\"@type\":\"ListItem\",\"position\":2,\"name\":\"Tras la derrota en las PASO, el Gobierno deval\u00faa y sube 20% el d\u00f3lar oficial\"}]},{\"@type\":\"WebSite\",\"@id\":\"https:\/\/nativainfo.com\/#website\",\"url\":\"https:\/\/nativainfo.com\/\",\"name\":\"Nativa Info\",\"description\":\"Diario Digital\",\"publisher\":{\"@id\":\"https:\/\/nativainfo.com\/#organization\"},\"potentialAction\":[{\"@type\":\"SearchAction\",\"target\":{\"@type\":\"EntryPoint\",\"urlTemplate\":\"https:\/\/nativainfo.com\/?s={search_term_string}\"},\"query-input\":{\"@type\":\"PropertyValueSpecification\",\"valueRequired\":true,\"valueName\":\"search_term_string\"}}],\"inLanguage\":\"es-AR\"},{\"@type\":\"Organization\",\"@id\":\"https:\/\/nativainfo.com\/#organization\",\"name\":\"Nativa Info\",\"url\":\"https:\/\/nativainfo.com\/\",\"logo\":{\"@type\":\"ImageObject\",\"inLanguage\":\"es-AR\",\"@id\":\"https:\/\/nativainfo.com\/#\/schema\/logo\/image\/\",\"url\":\"https:\/\/nativainfo.com\/wp-content\/uploads\/2025\/08\/LOGO-NATIVA-FACE.jpg\",\"contentUrl\":\"https:\/\/nativainfo.com\/wp-content\/uploads\/2025\/08\/LOGO-NATIVA-FACE.jpg\",\"width\":400,\"height\":400,\"caption\":\"Nativa Info\"},\"image\":{\"@id\":\"https:\/\/nativainfo.com\/#\/schema\/logo\/image\/\"},\"sameAs\":[\"https:\/\/www.facebook.com\/profile.php?id=61578881597564\"]},{\"@type\":\"Person\",\"@id\":\"https:\/\/nativainfo.com\/#\/schema\/person\/24893b64a9cd564ddb5d102d36eb4b5c\",\"name\":\"Nativa Info\",\"image\":{\"@type\":\"ImageObject\",\"inLanguage\":\"es-AR\",\"@id\":\"https:\/\/nativainfo.com\/#\/schema\/person\/image\/\",\"url\":\"https:\/\/secure.gravatar.com\/avatar\/016fa1cf068d85136d938e1507b9b619cb766e2565cbb1faa1e571762460c785?s=96&d=mm&r=g\",\"contentUrl\":\"https:\/\/secure.gravatar.com\/avatar\/016fa1cf068d85136d938e1507b9b619cb766e2565cbb1faa1e571762460c785?s=96&d=mm&r=g\",\"caption\":\"Nativa Info\"},\"sameAs\":[\"http:\/\/nativainfo.com\"],\"url\":\"https:\/\/nativainfo.com\/?author=1\"}]}<\/script>\n<!-- \/ Yoast SEO plugin. -->","yoast_head_json":{"title":"Tras la derrota en las PASO, el Gobierno deval\u00faa y sube 20% el d\u00f3lar oficial - Nativa Info","robots":{"index":"index","follow":"follow","max-snippet":"max-snippet:-1","max-image-preview":"max-image-preview:large","max-video-preview":"max-video-preview:-1"},"canonical":"https:\/\/nativainfo.com\/?p=3877","og_locale":"es_ES","og_type":"article","og_title":"Tras la derrota en las PASO, el Gobierno deval\u00faa y sube 20% el d\u00f3lar oficial - Nativa Info","og_description":"La autoridad monetaria depreci\u00f3 fuerte el peso contra la divisa norteamericana. Se da luego del resultado de las primarias de... Continue reading","og_url":"https:\/\/nativainfo.com\/?p=3877","og_site_name":"Nativa Info","article_publisher":"https:\/\/www.facebook.com\/profile.php?id=61578881597564","article_published_time":"2023-08-14T18:10:46+00:00","article_modified_time":"2023-08-14T18:10:49+00:00","og_image":[{"url":"http:\/\/nativainfo.com\/wp-content\/uploads\/2023\/08\/imagen_2023-08-14_151044666.png","type":"","width":"","height":""}],"author":"Nativa Info","twitter_card":"summary_large_image","twitter_misc":{"Escrito por":"Nativa Info","Tiempo de lectura":"1 minuto"},"schema":{"@context":"https:\/\/schema.org","@graph":[{"@type":"Article","@id":"https:\/\/nativainfo.com\/?p=3877#article","isPartOf":{"@id":"https:\/\/nativainfo.com\/?p=3877"},"author":{"name":"Nativa Info","@id":"https:\/\/nativainfo.com\/#\/schema\/person\/24893b64a9cd564ddb5d102d36eb4b5c"},"headline":"Tras la derrota en las PASO, el Gobierno deval\u00faa y sube 20% el d\u00f3lar oficial","datePublished":"2023-08-14T18:10:46+00:00","dateModified":"2023-08-14T18:10:49+00:00","mainEntityOfPage":{"@id":"https:\/\/nativainfo.com\/?p=3877"},"wordCount":201,"commentCount":0,"publisher":{"@id":"https:\/\/nativainfo.com\/#organization"},"image":{"@id":"https:\/\/nativainfo.com\/?p=3877#primaryimage"},"thumbnailUrl":"http:\/\/nativainfo.com\/wp-content\/uploads\/2023\/08\/imagen_2023-08-14_151044666.png","articleSection":["Econom\u00eda"],"inLanguage":"es-AR","potentialAction":[{"@type":"CommentAction","name":"Comment","target":["https:\/\/nativainfo.com\/?p=3877#respond"]}]},{"@type":"WebPage","@id":"https:\/\/nativainfo.com\/?p=3877","url":"https:\/\/nativainfo.com\/?p=3877","name":"Tras la derrota en las PASO, el Gobierno deval\u00faa y sube 20% el d\u00f3lar oficial - Nativa Info","isPartOf":{"@id":"https:\/\/nativainfo.com\/#website"},"primaryImageOfPage":{"@id":"https:\/\/nativainfo.com\/?p=3877#primaryimage"},"image":{"@id":"https:\/\/nativainfo.com\/?p=3877#primaryimage"},"thumbnailUrl":"http:\/\/nativainfo.com\/wp-content\/uploads\/2023\/08\/imagen_2023-08-14_151044666.png","datePublished":"2023-08-14T18:10:46+00:00","dateModified":"2023-08-14T18:10:49+00:00","breadcrumb":{"@id":"https:\/\/nativainfo.com\/?p=3877#breadcrumb"},"inLanguage":"es-AR","potentialAction":[{"@type":"ReadAction","target":["https:\/\/nativainfo.com\/?p=3877"]}]},{"@type":"ImageObject","inLanguage":"es-AR","@id":"https:\/\/nativainfo.com\/?p=3877#primaryimage","url":"https:\/\/nativainfo.com\/wp-content\/uploads\/2023\/08\/imagen_2023-08-14_151044666.png","contentUrl":"https:\/\/nativainfo.com\/wp-content\/uploads\/2023\/08\/imagen_2023-08-14_151044666.png","width":1010,"height":567},{"@type":"BreadcrumbList","@id":"https:\/\/nativainfo.com\/?p=3877#breadcrumb","itemListElement":[{"@type":"ListItem","position":1,"name":"Inicio","item":"https:\/\/nativainfo.com\/"},{"@type":"ListItem","position":2,"name":"Tras la derrota en las PASO, el Gobierno deval\u00faa y sube 20% el d\u00f3lar oficial"}]},{"@type":"WebSite","@id":"https:\/\/nativainfo.com\/#website","url":"https:\/\/nativainfo.com\/","name":"Nativa Info","description":"Diario Digital","publisher":{"@id":"https:\/\/nativainfo.com\/#organization"},"potentialAction":[{"@type":"SearchAction","target":{"@type":"EntryPoint","urlTemplate":"https:\/\/nativainfo.com\/?s={search_term_string}"},"query-input":{"@type":"PropertyValueSpecification","valueRequired":true,"valueName":"search_term_string"}}],"inLanguage":"es-AR"},{"@type":"Organization","@id":"https:\/\/nativainfo.com\/#organization","name":"Nativa Info","url":"https:\/\/nativainfo.com\/","logo":{"@type":"ImageObject","inLanguage":"es-AR","@id":"https:\/\/nativainfo.com\/#\/schema\/logo\/image\/","url":"https:\/\/nativainfo.com\/wp-content\/uploads\/2025\/08\/LOGO-NATIVA-FACE.jpg","contentUrl":"https:\/\/nativainfo.com\/wp-content\/uploads\/2025\/08\/LOGO-NATIVA-FACE.jpg","width":400,"height":400,"caption":"Nativa Info"},"image":{"@id":"https:\/\/nativainfo.com\/#\/schema\/logo\/image\/"},"sameAs":["https:\/\/www.facebook.com\/profile.php?id=61578881597564"]},{"@type":"Person","@id":"https:\/\/nativainfo.com\/#\/schema\/person\/24893b64a9cd564ddb5d102d36eb4b5c","name":"Nativa Info","image":{"@type":"ImageObject","inLanguage":"es-AR","@id":"https:\/\/nativainfo.com\/#\/schema\/person\/image\/","url":"https:\/\/secure.gravatar.com\/avatar\/016fa1cf068d85136d938e1507b9b619cb766e2565cbb1faa1e571762460c785?s=96&d=mm&r=g","contentUrl":"https:\/\/secure.gravatar.com\/avatar\/016fa1cf068d85136d938e1507b9b619cb766e2565cbb1faa1e571762460c785?s=96&d=mm&r=g","caption":"Nativa Info"},"sameAs":["http:\/\/nativainfo.com"],"url":"https:\/\/nativainfo.com\/?author=1"}]}},"jetpack_publicize_connections":[],"_links":{"self":[{"href":"https:\/\/nativainfo.com\/index.php?rest_route=\/wp\/v2\/posts\/3877","targetHints":{"allow":["GET"]}}],"collection":[{"href":"https:\/\/nativainfo.com\/index.php?rest_route=\/wp\/v2\/posts"}],"about":[{"href":"https:\/\/nativainfo.com\/index.php?rest_route=\/wp\/v2\/types\/post"}],"author":[{"embeddable":true,"href":"https:\/\/nativainfo.com\/index.php?rest_route=\/wp\/v2\/users\/1"}],"replies":[{"embeddable":true,"href":"https:\/\/nativainfo.com\/index.php?rest_route=%2Fwp%2Fv2%2Fcomments&post=3877"}],"version-history":[{"count":1,"href":"https:\/\/nativainfo.com\/index.php?rest_route=\/wp\/v2\/posts\/3877\/revisions"}],"predecessor-version":[{"id":3883,"href":"https:\/\/nativainfo.com\/index.php?rest_route=\/wp\/v2\/posts\/3877\/revisions\/3883"}],"wp:attachment":[{"href":"https:\/\/nativainfo.com\/index.php?rest_route=%2Fwp%2Fv2%2Fmedia&parent=3877"}],"wp:term":[{"taxonomy":"category","embeddable":true,"href":"https:\/\/nativainfo.com\/index.php?rest_route=%2Fwp%2Fv2%2Fcategories&post=3877"},{"taxonomy":"post_tag","embeddable":true,"href":"https:\/\/nativainfo.com\/index.php?rest_route=%2Fwp%2Fv2%2Ftags&post=3877"}],"curies":[{"name":"wp","href":"https:\/\/api.w.org\/{rel}","templated":true}]}}