{"id":3876,"date":"2023-08-14T15:09:56","date_gmt":"2023-08-14T18:09:56","guid":{"rendered":"http:\/\/nativainfo.com\/?p=3876"},"modified":"2023-08-14T15:09:58","modified_gmt":"2023-08-14T18:09:58","slug":"zamora-gracias-a-los-santiaguenos-por-habernos-hecho-vivir-una-eleccion-en-paz","status":"publish","type":"post","link":"https:\/\/nativainfo.com\/?p=3876","title":{"rendered":"Zamora: &#8220;Gracias a los santiague\u00f1os por habernos hecho vivir una elecci\u00f3n en paz&#8221;"},"content":{"rendered":"\n<p>As\u00ed lo indic\u00f3 el mandatario santiague\u00f1o desde el b\u00fanker del Frente C\u00edvico, tras conocerse los primeros datos oficiales de las PASO.<\/p>\n\n\n\n<figure class=\"wp-block-image size-large\"><img fetchpriority=\"high\" decoding=\"async\" width=\"1010\" height=\"567\" src=\"http:\/\/nativainfo.com\/wp-content\/uploads\/2023\/08\/imagen_2023-08-14_150949140.png\" alt=\"\" class=\"wp-image-3880\" srcset=\"https:\/\/nativainfo.com\/wp-content\/uploads\/2023\/08\/imagen_2023-08-14_150949140.png 1010w, https:\/\/nativainfo.com\/wp-content\/uploads\/2023\/08\/imagen_2023-08-14_150949140-300x168.png 300w, https:\/\/nativainfo.com\/wp-content\/uploads\/2023\/08\/imagen_2023-08-14_150949140-768x431.png 768w, https:\/\/nativainfo.com\/wp-content\/uploads\/2023\/08\/imagen_2023-08-14_150949140-623x350.png 623w, https:\/\/nativainfo.com\/wp-content\/uploads\/2023\/08\/imagen_2023-08-14_150949140-150x84.png 150w\" sizes=\"(max-width: 1010px) 100vw, 1010px\" \/><\/figure>\n\n\n\n<p>El gobernador de Santiago del Estero habl\u00f3 este domingo a la noche desde el b\u00fanker del&nbsp;<strong>Frente C\u00edvico<\/strong>, de Rivadavia y Col\u00f3n. Se expres\u00f3 ante un nutrido grupo de militantes que aguardaban sus declaraciones tras la elecci\u00f3n.<\/p>\n\n\n\n<p><strong>Gerardo Zamora<\/strong>&nbsp;agradeci\u00f3 a fiscales y militantes que trabajaron este domingo arduamente, y a todos los sectores que acompa\u00f1aron al Frente C\u00edvico. \u201cTambi\u00e9n a los santiague\u00f1os por haber vivido una elecci\u00f3n en paz, y por la participaci\u00f3n cercana al 70%\u201d, indic\u00f3 el gobernador de Santiago del Estero.<\/p>\n\n\n\n<p>Por otra parte, Zamora inst\u00f3 a trabajar de cara a las generales de octubre y reconoci\u00f3 la buena elecci\u00f3n que hizo Uni\u00f3n por la Patria en Santiago del Estero, aunque a nivel nacional Sergio Massa-Agust\u00edn Rossi, result\u00f3 en tercer lugar.<\/p>\n\n\n\n<p>\u201cEsta elecci\u00f3n nos abre un camino que lo vamos a definir en octubre. Con el 77.4, de nuestra provincia nuestro candidato ha obtenido m\u00e1s del 53% de los votos. En diputados tenemos una mayor diferencia. Agradecerles a los santiague\u00f1os por habernos elegido; somos la fuerza m\u00e1s votada\u201d, puntualiz\u00f3.<\/p>\n","protected":false},"excerpt":{"rendered":"<p>As\u00ed lo indic\u00f3 el mandatario santiague\u00f1o desde el b\u00fanker del Frente C\u00edvico, tras conocerse los primeros datos oficiales de las&#8230; <a class=\"continue-reading-link\" href=\"https:\/\/nativainfo.com\/?p=3876\">Continue reading<\/a><\/p>\n","protected":false},"author":1,"featured_media":0,"comment_status":"open","ping_status":"open","sticky":false,"template":"","format":"standard","meta":{"rop_custom_images_group":[],"rop_custom_messages_group":[],"rop_publish_now":"initial","rop_publish_now_accounts":[],"rop_publish_now_history":[],"rop_publish_now_status":"pending","footnotes":"","jetpack_publicize_message":"","jetpack_publicize_feature_enabled":true,"jetpack_social_post_already_shared":false,"jetpack_social_options":{"image_generator_settings":{"template":"highway","default_image_id":0,"font":"","enabled":false},"version":2}},"categories":[40],"tags":[],"class_list":["post-3876","post","type-post","status-publish","format-standard","hentry","category-santiago-del-estero"],"yoast_head":"<!-- This site is optimized with the Yoast SEO plugin v25.6 - https:\/\/yoast.com\/wordpress\/plugins\/seo\/ -->\n<title>Zamora: &quot;Gracias a los santiague\u00f1os por habernos hecho vivir una elecci\u00f3n en paz&quot; - Nativa Info<\/title>\n<meta name=\"robots\" content=\"index, follow, max-snippet:-1, max-image-preview:large, max-video-preview:-1\" \/>\n<link rel=\"canonical\" href=\"https:\/\/nativainfo.com\/?p=3876\" \/>\n<meta property=\"og:locale\" content=\"es_ES\" \/>\n<meta property=\"og:type\" content=\"article\" \/>\n<meta property=\"og:title\" content=\"Zamora: &quot;Gracias a los santiague\u00f1os por habernos hecho vivir una elecci\u00f3n en paz&quot; - Nativa Info\" \/>\n<meta property=\"og:description\" content=\"As\u00ed lo indic\u00f3 el mandatario santiague\u00f1o desde el b\u00fanker del Frente C\u00edvico, tras conocerse los primeros datos oficiales de las... Continue reading\" \/>\n<meta property=\"og:url\" content=\"https:\/\/nativainfo.com\/?p=3876\" \/>\n<meta property=\"og:site_name\" content=\"Nativa Info\" \/>\n<meta property=\"article:publisher\" content=\"https:\/\/www.facebook.com\/profile.php?id=61578881597564\" \/>\n<meta property=\"article:published_time\" content=\"2023-08-14T18:09:56+00:00\" \/>\n<meta property=\"article:modified_time\" content=\"2023-08-14T18:09:58+00:00\" \/>\n<meta property=\"og:image\" content=\"http:\/\/nativainfo.com\/wp-content\/uploads\/2023\/08\/imagen_2023-08-14_150949140.png\" \/>\n<meta name=\"author\" content=\"Nativa Info\" \/>\n<meta name=\"twitter:card\" content=\"summary_large_image\" \/>\n<meta name=\"twitter:label1\" content=\"Escrito por\" \/>\n\t<meta name=\"twitter:data1\" content=\"Nativa Info\" \/>\n\t<meta name=\"twitter:label2\" content=\"Tiempo de lectura\" \/>\n\t<meta name=\"twitter:data2\" content=\"1 minuto\" \/>\n<script type=\"application\/ld+json\" class=\"yoast-schema-graph\">{\"@context\":\"https:\/\/schema.org\",\"@graph\":[{\"@type\":\"Article\",\"@id\":\"https:\/\/nativainfo.com\/?p=3876#article\",\"isPartOf\":{\"@id\":\"https:\/\/nativainfo.com\/?p=3876\"},\"author\":{\"name\":\"Nativa Info\",\"@id\":\"https:\/\/nativainfo.com\/#\/schema\/person\/24893b64a9cd564ddb5d102d36eb4b5c\"},\"headline\":\"Zamora: &#8220;Gracias a los santiague\u00f1os por habernos hecho vivir una elecci\u00f3n en paz&#8221;\",\"datePublished\":\"2023-08-14T18:09:56+00:00\",\"dateModified\":\"2023-08-14T18:09:58+00:00\",\"mainEntityOfPage\":{\"@id\":\"https:\/\/nativainfo.com\/?p=3876\"},\"wordCount\":227,\"commentCount\":0,\"publisher\":{\"@id\":\"https:\/\/nativainfo.com\/#organization\"},\"image\":{\"@id\":\"https:\/\/nativainfo.com\/?p=3876#primaryimage\"},\"thumbnailUrl\":\"http:\/\/nativainfo.com\/wp-content\/uploads\/2023\/08\/imagen_2023-08-14_150949140.png\",\"articleSection\":[\"Santiago del Estero\"],\"inLanguage\":\"es-AR\",\"potentialAction\":[{\"@type\":\"CommentAction\",\"name\":\"Comment\",\"target\":[\"https:\/\/nativainfo.com\/?p=3876#respond\"]}]},{\"@type\":\"WebPage\",\"@id\":\"https:\/\/nativainfo.com\/?p=3876\",\"url\":\"https:\/\/nativainfo.com\/?p=3876\",\"name\":\"Zamora: \\\"Gracias a los santiague\u00f1os por habernos hecho vivir una elecci\u00f3n en paz\\\" - Nativa Info\",\"isPartOf\":{\"@id\":\"https:\/\/nativainfo.com\/#website\"},\"primaryImageOfPage\":{\"@id\":\"https:\/\/nativainfo.com\/?p=3876#primaryimage\"},\"image\":{\"@id\":\"https:\/\/nativainfo.com\/?p=3876#primaryimage\"},\"thumbnailUrl\":\"http:\/\/nativainfo.com\/wp-content\/uploads\/2023\/08\/imagen_2023-08-14_150949140.png\",\"datePublished\":\"2023-08-14T18:09:56+00:00\",\"dateModified\":\"2023-08-14T18:09:58+00:00\",\"breadcrumb\":{\"@id\":\"https:\/\/nativainfo.com\/?p=3876#breadcrumb\"},\"inLanguage\":\"es-AR\",\"potentialAction\":[{\"@type\":\"ReadAction\",\"target\":[\"https:\/\/nativainfo.com\/?p=3876\"]}]},{\"@type\":\"ImageObject\",\"inLanguage\":\"es-AR\",\"@id\":\"https:\/\/nativainfo.com\/?p=3876#primaryimage\",\"url\":\"https:\/\/nativainfo.com\/wp-content\/uploads\/2023\/08\/imagen_2023-08-14_150949140.png\",\"contentUrl\":\"https:\/\/nativainfo.com\/wp-content\/uploads\/2023\/08\/imagen_2023-08-14_150949140.png\",\"width\":1010,\"height\":567},{\"@type\":\"BreadcrumbList\",\"@id\":\"https:\/\/nativainfo.com\/?p=3876#breadcrumb\",\"itemListElement\":[{\"@type\":\"ListItem\",\"position\":1,\"name\":\"Inicio\",\"item\":\"https:\/\/nativainfo.com\/\"},{\"@type\":\"ListItem\",\"position\":2,\"name\":\"Zamora: &#8220;Gracias a los santiague\u00f1os por habernos hecho vivir una elecci\u00f3n en paz&#8221;\"}]},{\"@type\":\"WebSite\",\"@id\":\"https:\/\/nativainfo.com\/#website\",\"url\":\"https:\/\/nativainfo.com\/\",\"name\":\"Nativa Info\",\"description\":\"Diario Digital\",\"publisher\":{\"@id\":\"https:\/\/nativainfo.com\/#organization\"},\"potentialAction\":[{\"@type\":\"SearchAction\",\"target\":{\"@type\":\"EntryPoint\",\"urlTemplate\":\"https:\/\/nativainfo.com\/?s={search_term_string}\"},\"query-input\":{\"@type\":\"PropertyValueSpecification\",\"valueRequired\":true,\"valueName\":\"search_term_string\"}}],\"inLanguage\":\"es-AR\"},{\"@type\":\"Organization\",\"@id\":\"https:\/\/nativainfo.com\/#organization\",\"name\":\"Nativa Info\",\"url\":\"https:\/\/nativainfo.com\/\",\"logo\":{\"@type\":\"ImageObject\",\"inLanguage\":\"es-AR\",\"@id\":\"https:\/\/nativainfo.com\/#\/schema\/logo\/image\/\",\"url\":\"https:\/\/nativainfo.com\/wp-content\/uploads\/2025\/08\/LOGO-NATIVA-FACE.jpg\",\"contentUrl\":\"https:\/\/nativainfo.com\/wp-content\/uploads\/2025\/08\/LOGO-NATIVA-FACE.jpg\",\"width\":400,\"height\":400,\"caption\":\"Nativa Info\"},\"image\":{\"@id\":\"https:\/\/nativainfo.com\/#\/schema\/logo\/image\/\"},\"sameAs\":[\"https:\/\/www.facebook.com\/profile.php?id=61578881597564\"]},{\"@type\":\"Person\",\"@id\":\"https:\/\/nativainfo.com\/#\/schema\/person\/24893b64a9cd564ddb5d102d36eb4b5c\",\"name\":\"Nativa Info\",\"image\":{\"@type\":\"ImageObject\",\"inLanguage\":\"es-AR\",\"@id\":\"https:\/\/nativainfo.com\/#\/schema\/person\/image\/\",\"url\":\"https:\/\/secure.gravatar.com\/avatar\/016fa1cf068d85136d938e1507b9b619cb766e2565cbb1faa1e571762460c785?s=96&d=mm&r=g\",\"contentUrl\":\"https:\/\/secure.gravatar.com\/avatar\/016fa1cf068d85136d938e1507b9b619cb766e2565cbb1faa1e571762460c785?s=96&d=mm&r=g\",\"caption\":\"Nativa Info\"},\"sameAs\":[\"http:\/\/nativainfo.com\"],\"url\":\"https:\/\/nativainfo.com\/?author=1\"}]}<\/script>\n<!-- \/ Yoast SEO plugin. -->","yoast_head_json":{"title":"Zamora: \"Gracias a los santiague\u00f1os por habernos hecho vivir una elecci\u00f3n en paz\" - Nativa Info","robots":{"index":"index","follow":"follow","max-snippet":"max-snippet:-1","max-image-preview":"max-image-preview:large","max-video-preview":"max-video-preview:-1"},"canonical":"https:\/\/nativainfo.com\/?p=3876","og_locale":"es_ES","og_type":"article","og_title":"Zamora: \"Gracias a los santiague\u00f1os por habernos hecho vivir una elecci\u00f3n en paz\" - Nativa Info","og_description":"As\u00ed lo indic\u00f3 el mandatario santiague\u00f1o desde el b\u00fanker del Frente C\u00edvico, tras conocerse los primeros datos oficiales de las... Continue reading","og_url":"https:\/\/nativainfo.com\/?p=3876","og_site_name":"Nativa Info","article_publisher":"https:\/\/www.facebook.com\/profile.php?id=61578881597564","article_published_time":"2023-08-14T18:09:56+00:00","article_modified_time":"2023-08-14T18:09:58+00:00","og_image":[{"url":"http:\/\/nativainfo.com\/wp-content\/uploads\/2023\/08\/imagen_2023-08-14_150949140.png","type":"","width":"","height":""}],"author":"Nativa Info","twitter_card":"summary_large_image","twitter_misc":{"Escrito por":"Nativa Info","Tiempo de lectura":"1 minuto"},"schema":{"@context":"https:\/\/schema.org","@graph":[{"@type":"Article","@id":"https:\/\/nativainfo.com\/?p=3876#article","isPartOf":{"@id":"https:\/\/nativainfo.com\/?p=3876"},"author":{"name":"Nativa Info","@id":"https:\/\/nativainfo.com\/#\/schema\/person\/24893b64a9cd564ddb5d102d36eb4b5c"},"headline":"Zamora: &#8220;Gracias a los santiague\u00f1os por habernos hecho vivir una elecci\u00f3n en paz&#8221;","datePublished":"2023-08-14T18:09:56+00:00","dateModified":"2023-08-14T18:09:58+00:00","mainEntityOfPage":{"@id":"https:\/\/nativainfo.com\/?p=3876"},"wordCount":227,"commentCount":0,"publisher":{"@id":"https:\/\/nativainfo.com\/#organization"},"image":{"@id":"https:\/\/nativainfo.com\/?p=3876#primaryimage"},"thumbnailUrl":"http:\/\/nativainfo.com\/wp-content\/uploads\/2023\/08\/imagen_2023-08-14_150949140.png","articleSection":["Santiago del Estero"],"inLanguage":"es-AR","potentialAction":[{"@type":"CommentAction","name":"Comment","target":["https:\/\/nativainfo.com\/?p=3876#respond"]}]},{"@type":"WebPage","@id":"https:\/\/nativainfo.com\/?p=3876","url":"https:\/\/nativainfo.com\/?p=3876","name":"Zamora: \"Gracias a los santiague\u00f1os por habernos hecho vivir una elecci\u00f3n en paz\" - Nativa Info","isPartOf":{"@id":"https:\/\/nativainfo.com\/#website"},"primaryImageOfPage":{"@id":"https:\/\/nativainfo.com\/?p=3876#primaryimage"},"image":{"@id":"https:\/\/nativainfo.com\/?p=3876#primaryimage"},"thumbnailUrl":"http:\/\/nativainfo.com\/wp-content\/uploads\/2023\/08\/imagen_2023-08-14_150949140.png","datePublished":"2023-08-14T18:09:56+00:00","dateModified":"2023-08-14T18:09:58+00:00","breadcrumb":{"@id":"https:\/\/nativainfo.com\/?p=3876#breadcrumb"},"inLanguage":"es-AR","potentialAction":[{"@type":"ReadAction","target":["https:\/\/nativainfo.com\/?p=3876"]}]},{"@type":"ImageObject","inLanguage":"es-AR","@id":"https:\/\/nativainfo.com\/?p=3876#primaryimage","url":"https:\/\/nativainfo.com\/wp-content\/uploads\/2023\/08\/imagen_2023-08-14_150949140.png","contentUrl":"https:\/\/nativainfo.com\/wp-content\/uploads\/2023\/08\/imagen_2023-08-14_150949140.png","width":1010,"height":567},{"@type":"BreadcrumbList","@id":"https:\/\/nativainfo.com\/?p=3876#breadcrumb","itemListElement":[{"@type":"ListItem","position":1,"name":"Inicio","item":"https:\/\/nativainfo.com\/"},{"@type":"ListItem","position":2,"name":"Zamora: &#8220;Gracias a los santiague\u00f1os por habernos hecho vivir una elecci\u00f3n en paz&#8221;"}]},{"@type":"WebSite","@id":"https:\/\/nativainfo.com\/#website","url":"https:\/\/nativainfo.com\/","name":"Nativa Info","description":"Diario Digital","publisher":{"@id":"https:\/\/nativainfo.com\/#organization"},"potentialAction":[{"@type":"SearchAction","target":{"@type":"EntryPoint","urlTemplate":"https:\/\/nativainfo.com\/?s={search_term_string}"},"query-input":{"@type":"PropertyValueSpecification","valueRequired":true,"valueName":"search_term_string"}}],"inLanguage":"es-AR"},{"@type":"Organization","@id":"https:\/\/nativainfo.com\/#organization","name":"Nativa Info","url":"https:\/\/nativainfo.com\/","logo":{"@type":"ImageObject","inLanguage":"es-AR","@id":"https:\/\/nativainfo.com\/#\/schema\/logo\/image\/","url":"https:\/\/nativainfo.com\/wp-content\/uploads\/2025\/08\/LOGO-NATIVA-FACE.jpg","contentUrl":"https:\/\/nativainfo.com\/wp-content\/uploads\/2025\/08\/LOGO-NATIVA-FACE.jpg","width":400,"height":400,"caption":"Nativa Info"},"image":{"@id":"https:\/\/nativainfo.com\/#\/schema\/logo\/image\/"},"sameAs":["https:\/\/www.facebook.com\/profile.php?id=61578881597564"]},{"@type":"Person","@id":"https:\/\/nativainfo.com\/#\/schema\/person\/24893b64a9cd564ddb5d102d36eb4b5c","name":"Nativa Info","image":{"@type":"ImageObject","inLanguage":"es-AR","@id":"https:\/\/nativainfo.com\/#\/schema\/person\/image\/","url":"https:\/\/secure.gravatar.com\/avatar\/016fa1cf068d85136d938e1507b9b619cb766e2565cbb1faa1e571762460c785?s=96&d=mm&r=g","contentUrl":"https:\/\/secure.gravatar.com\/avatar\/016fa1cf068d85136d938e1507b9b619cb766e2565cbb1faa1e571762460c785?s=96&d=mm&r=g","caption":"Nativa Info"},"sameAs":["http:\/\/nativainfo.com"],"url":"https:\/\/nativainfo.com\/?author=1"}]}},"jetpack_publicize_connections":[],"_links":{"self":[{"href":"https:\/\/nativainfo.com\/index.php?rest_route=\/wp\/v2\/posts\/3876","targetHints":{"allow":["GET"]}}],"collection":[{"href":"https:\/\/nativainfo.com\/index.php?rest_route=\/wp\/v2\/posts"}],"about":[{"href":"https:\/\/nativainfo.com\/index.php?rest_route=\/wp\/v2\/types\/post"}],"author":[{"embeddable":true,"href":"https:\/\/nativainfo.com\/index.php?rest_route=\/wp\/v2\/users\/1"}],"replies":[{"embeddable":true,"href":"https:\/\/nativainfo.com\/index.php?rest_route=%2Fwp%2Fv2%2Fcomments&post=3876"}],"version-history":[{"count":1,"href":"https:\/\/nativainfo.com\/index.php?rest_route=\/wp\/v2\/posts\/3876\/revisions"}],"predecessor-version":[{"id":3881,"href":"https:\/\/nativainfo.com\/index.php?rest_route=\/wp\/v2\/posts\/3876\/revisions\/3881"}],"wp:attachment":[{"href":"https:\/\/nativainfo.com\/index.php?rest_route=%2Fwp%2Fv2%2Fmedia&parent=3876"}],"wp:term":[{"taxonomy":"category","embeddable":true,"href":"https:\/\/nativainfo.com\/index.php?rest_route=%2Fwp%2Fv2%2Fcategories&post=3876"},{"taxonomy":"post_tag","embeddable":true,"href":"https:\/\/nativainfo.com\/index.php?rest_route=%2Fwp%2Fv2%2Ftags&post=3876"}],"curies":[{"name":"wp","href":"https:\/\/api.w.org\/{rel}","templated":true}]}}