{"id":3875,"date":"2023-08-14T15:09:05","date_gmt":"2023-08-14T18:09:05","guid":{"rendered":"http:\/\/nativainfo.com\/?p=3875"},"modified":"2023-08-14T15:09:06","modified_gmt":"2023-08-14T18:09:06","slug":"prigioni-cerro-la-lista-para-el-preclasificatorio-olimpico-con-la-presencia-de-gabriel-deck","status":"publish","type":"post","link":"https:\/\/nativainfo.com\/?p=3875","title":{"rendered":"Prigioni cerr\u00f3 la lista para el Preclasificatorio Ol\u00edmpico con la presencia de Gabriel Deck"},"content":{"rendered":"\n<p>El alero santiague\u00f1o fue evaluado por el cuerpo t\u00e9cnico y m\u00e9dico de la selecci\u00f3n y fue incluido en la n\u00f3mina definitiva.<\/p>\n\n\n\n<figure class=\"wp-block-image size-large\"><img fetchpriority=\"high\" decoding=\"async\" width=\"819\" height=\"1024\" src=\"http:\/\/nativainfo.com\/wp-content\/uploads\/2023\/08\/imagen_2023-08-14_150857523-819x1024.png\" alt=\"\" class=\"wp-image-3878\" srcset=\"https:\/\/nativainfo.com\/wp-content\/uploads\/2023\/08\/imagen_2023-08-14_150857523-819x1024.png 819w, https:\/\/nativainfo.com\/wp-content\/uploads\/2023\/08\/imagen_2023-08-14_150857523-240x300.png 240w, https:\/\/nativainfo.com\/wp-content\/uploads\/2023\/08\/imagen_2023-08-14_150857523-768x960.png 768w, https:\/\/nativainfo.com\/wp-content\/uploads\/2023\/08\/imagen_2023-08-14_150857523-280x350.png 280w, https:\/\/nativainfo.com\/wp-content\/uploads\/2023\/08\/imagen_2023-08-14_150857523-120x150.png 120w, https:\/\/nativainfo.com\/wp-content\/uploads\/2023\/08\/imagen_2023-08-14_150857523.png 960w\" sizes=\"(max-width: 819px) 100vw, 819px\" \/><\/figure>\n\n\n\n<p>El entrenador del seleccionado argentino de b\u00e1squetbol,&nbsp;<strong>Pablo Prigioni,<\/strong>&nbsp;elev\u00f3 esta noche la lista definitiva de 12 jugadores que conformar\u00e1n el plantel que afrontar\u00e1 en&nbsp;<strong>Santiago del Estero el certamen Preclasificatorio Ol\u00edmpico&nbsp;<\/strong>que le permitir\u00e1 al ganador jugar otro certamen similar para alcanzar un lugar en los&nbsp;<strong>Juegos de Par\u00eds 2024.<\/strong><\/p>\n\n\n\n<p>Para este torneo que se iniciar\u00e1 ma\u00f1ana la&nbsp;<strong>Confederaci\u00f3n Argentina de B\u00e1squetbol&nbsp;<\/strong>inform\u00f3 esta noche que casi un mes despu\u00e9s de la preparaci\u00f3n en Europa que incluy\u00f3 amistosos en&nbsp;<strong>Alicante, Barcelona y Brno antes de llegar a Santiago del Estero, el entrenador Prigioni&nbsp;<\/strong>confirm\u00f3 el plantel argentino que disputar\u00e1 el&nbsp;<strong>Preclasificatorio Ol\u00edmpico FIBA buscando un lugar en el Repechaje Mundial<\/strong>&nbsp;del a\u00f1o pr\u00f3ximo.<\/p>\n\n\n\n<p>\u201cEl equipo hizo una muy buena preparaci\u00f3n, trabajando todos muy seriamente desde el primer d\u00eda. Se ve la evoluci\u00f3n en cada partido que hemos jugado. Vamos a llegar al torneo con toda la informaci\u00f3n que necesitamos para poder competir de la mejor manera\u201d, manifest\u00f3 Prigioni a Prensa CAB.<\/p>\n\n\n\n<p>Tras sumarse en los \u00faltimos d\u00edas al plantel para encarar la recta final de la puesta a punto<strong>, Gabriel Deck<\/strong>&nbsp;tendr\u00e1 su lugar entre los 12. El&nbsp;<strong>santiague\u00f1o&nbsp;<\/strong>fue evaluado por el cuerpo t\u00e9cnico y m\u00e9dico de la selecci\u00f3n en su recuperaci\u00f3n favorable luego de la lesi\u00f3n en su rodilla izquierda, sum\u00f3 minutos de entrenamiento, particip\u00f3 del amistoso ante la Selecci\u00f3n U22 y dice presente en la lista.<\/p>\n","protected":false},"excerpt":{"rendered":"<p>El alero santiague\u00f1o fue evaluado por el cuerpo t\u00e9cnico y m\u00e9dico de la selecci\u00f3n y fue incluido en la n\u00f3mina&#8230; <a class=\"continue-reading-link\" href=\"https:\/\/nativainfo.com\/?p=3875\">Continue reading<\/a><\/p>\n","protected":false},"author":1,"featured_media":0,"comment_status":"open","ping_status":"open","sticky":false,"template":"","format":"standard","meta":{"rop_custom_images_group":[],"rop_custom_messages_group":[],"rop_publish_now":"initial","rop_publish_now_accounts":[],"rop_publish_now_history":[],"rop_publish_now_status":"pending","footnotes":"","jetpack_publicize_message":"","jetpack_publicize_feature_enabled":true,"jetpack_social_post_already_shared":false,"jetpack_social_options":{"image_generator_settings":{"template":"highway","default_image_id":0,"font":"","enabled":false},"version":2}},"categories":[45],"tags":[],"class_list":["post-3875","post","type-post","status-publish","format-standard","hentry","category-basquet-2"],"yoast_head":"<!-- This site is optimized with the Yoast SEO plugin v25.6 - https:\/\/yoast.com\/wordpress\/plugins\/seo\/ -->\n<title>Prigioni cerr\u00f3 la lista para el Preclasificatorio Ol\u00edmpico con la presencia de Gabriel Deck - Nativa Info<\/title>\n<meta name=\"robots\" content=\"index, follow, max-snippet:-1, max-image-preview:large, max-video-preview:-1\" \/>\n<link rel=\"canonical\" href=\"https:\/\/nativainfo.com\/?p=3875\" \/>\n<meta property=\"og:locale\" content=\"es_ES\" \/>\n<meta property=\"og:type\" content=\"article\" \/>\n<meta property=\"og:title\" content=\"Prigioni cerr\u00f3 la lista para el Preclasificatorio Ol\u00edmpico con la presencia de Gabriel Deck - Nativa Info\" \/>\n<meta property=\"og:description\" content=\"El alero santiague\u00f1o fue evaluado por el cuerpo t\u00e9cnico y m\u00e9dico de la selecci\u00f3n y fue incluido en la n\u00f3mina... Continue reading\" \/>\n<meta property=\"og:url\" content=\"https:\/\/nativainfo.com\/?p=3875\" \/>\n<meta property=\"og:site_name\" content=\"Nativa Info\" \/>\n<meta property=\"article:publisher\" content=\"https:\/\/www.facebook.com\/profile.php?id=61578881597564\" \/>\n<meta property=\"article:published_time\" content=\"2023-08-14T18:09:05+00:00\" \/>\n<meta property=\"article:modified_time\" content=\"2023-08-14T18:09:06+00:00\" \/>\n<meta property=\"og:image\" content=\"http:\/\/nativainfo.com\/wp-content\/uploads\/2023\/08\/imagen_2023-08-14_150857523-819x1024.png\" \/>\n<meta name=\"author\" content=\"Nativa Info\" \/>\n<meta name=\"twitter:card\" content=\"summary_large_image\" \/>\n<meta name=\"twitter:label1\" content=\"Escrito por\" \/>\n\t<meta name=\"twitter:data1\" content=\"Nativa Info\" \/>\n\t<meta name=\"twitter:label2\" content=\"Tiempo de lectura\" \/>\n\t<meta name=\"twitter:data2\" content=\"1 minuto\" \/>\n<script type=\"application\/ld+json\" class=\"yoast-schema-graph\">{\"@context\":\"https:\/\/schema.org\",\"@graph\":[{\"@type\":\"Article\",\"@id\":\"https:\/\/nativainfo.com\/?p=3875#article\",\"isPartOf\":{\"@id\":\"https:\/\/nativainfo.com\/?p=3875\"},\"author\":{\"name\":\"Nativa Info\",\"@id\":\"https:\/\/nativainfo.com\/#\/schema\/person\/24893b64a9cd564ddb5d102d36eb4b5c\"},\"headline\":\"Prigioni cerr\u00f3 la lista para el Preclasificatorio Ol\u00edmpico con la presencia de Gabriel Deck\",\"datePublished\":\"2023-08-14T18:09:05+00:00\",\"dateModified\":\"2023-08-14T18:09:06+00:00\",\"mainEntityOfPage\":{\"@id\":\"https:\/\/nativainfo.com\/?p=3875\"},\"wordCount\":306,\"commentCount\":0,\"publisher\":{\"@id\":\"https:\/\/nativainfo.com\/#organization\"},\"image\":{\"@id\":\"https:\/\/nativainfo.com\/?p=3875#primaryimage\"},\"thumbnailUrl\":\"http:\/\/nativainfo.com\/wp-content\/uploads\/2023\/08\/imagen_2023-08-14_150857523-819x1024.png\",\"articleSection\":[\"B\u00e1squet\"],\"inLanguage\":\"es-AR\",\"potentialAction\":[{\"@type\":\"CommentAction\",\"name\":\"Comment\",\"target\":[\"https:\/\/nativainfo.com\/?p=3875#respond\"]}]},{\"@type\":\"WebPage\",\"@id\":\"https:\/\/nativainfo.com\/?p=3875\",\"url\":\"https:\/\/nativainfo.com\/?p=3875\",\"name\":\"Prigioni cerr\u00f3 la lista para el Preclasificatorio Ol\u00edmpico con la presencia de Gabriel Deck - Nativa Info\",\"isPartOf\":{\"@id\":\"https:\/\/nativainfo.com\/#website\"},\"primaryImageOfPage\":{\"@id\":\"https:\/\/nativainfo.com\/?p=3875#primaryimage\"},\"image\":{\"@id\":\"https:\/\/nativainfo.com\/?p=3875#primaryimage\"},\"thumbnailUrl\":\"http:\/\/nativainfo.com\/wp-content\/uploads\/2023\/08\/imagen_2023-08-14_150857523-819x1024.png\",\"datePublished\":\"2023-08-14T18:09:05+00:00\",\"dateModified\":\"2023-08-14T18:09:06+00:00\",\"breadcrumb\":{\"@id\":\"https:\/\/nativainfo.com\/?p=3875#breadcrumb\"},\"inLanguage\":\"es-AR\",\"potentialAction\":[{\"@type\":\"ReadAction\",\"target\":[\"https:\/\/nativainfo.com\/?p=3875\"]}]},{\"@type\":\"ImageObject\",\"inLanguage\":\"es-AR\",\"@id\":\"https:\/\/nativainfo.com\/?p=3875#primaryimage\",\"url\":\"https:\/\/nativainfo.com\/wp-content\/uploads\/2023\/08\/imagen_2023-08-14_150857523.png\",\"contentUrl\":\"https:\/\/nativainfo.com\/wp-content\/uploads\/2023\/08\/imagen_2023-08-14_150857523.png\",\"width\":960,\"height\":1200},{\"@type\":\"BreadcrumbList\",\"@id\":\"https:\/\/nativainfo.com\/?p=3875#breadcrumb\",\"itemListElement\":[{\"@type\":\"ListItem\",\"position\":1,\"name\":\"Inicio\",\"item\":\"https:\/\/nativainfo.com\/\"},{\"@type\":\"ListItem\",\"position\":2,\"name\":\"Prigioni cerr\u00f3 la lista para el Preclasificatorio Ol\u00edmpico con la presencia de Gabriel Deck\"}]},{\"@type\":\"WebSite\",\"@id\":\"https:\/\/nativainfo.com\/#website\",\"url\":\"https:\/\/nativainfo.com\/\",\"name\":\"Nativa Info\",\"description\":\"Diario Digital\",\"publisher\":{\"@id\":\"https:\/\/nativainfo.com\/#organization\"},\"potentialAction\":[{\"@type\":\"SearchAction\",\"target\":{\"@type\":\"EntryPoint\",\"urlTemplate\":\"https:\/\/nativainfo.com\/?s={search_term_string}\"},\"query-input\":{\"@type\":\"PropertyValueSpecification\",\"valueRequired\":true,\"valueName\":\"search_term_string\"}}],\"inLanguage\":\"es-AR\"},{\"@type\":\"Organization\",\"@id\":\"https:\/\/nativainfo.com\/#organization\",\"name\":\"Nativa Info\",\"url\":\"https:\/\/nativainfo.com\/\",\"logo\":{\"@type\":\"ImageObject\",\"inLanguage\":\"es-AR\",\"@id\":\"https:\/\/nativainfo.com\/#\/schema\/logo\/image\/\",\"url\":\"https:\/\/nativainfo.com\/wp-content\/uploads\/2025\/08\/LOGO-NATIVA-FACE.jpg\",\"contentUrl\":\"https:\/\/nativainfo.com\/wp-content\/uploads\/2025\/08\/LOGO-NATIVA-FACE.jpg\",\"width\":400,\"height\":400,\"caption\":\"Nativa Info\"},\"image\":{\"@id\":\"https:\/\/nativainfo.com\/#\/schema\/logo\/image\/\"},\"sameAs\":[\"https:\/\/www.facebook.com\/profile.php?id=61578881597564\"]},{\"@type\":\"Person\",\"@id\":\"https:\/\/nativainfo.com\/#\/schema\/person\/24893b64a9cd564ddb5d102d36eb4b5c\",\"name\":\"Nativa Info\",\"image\":{\"@type\":\"ImageObject\",\"inLanguage\":\"es-AR\",\"@id\":\"https:\/\/nativainfo.com\/#\/schema\/person\/image\/\",\"url\":\"https:\/\/secure.gravatar.com\/avatar\/016fa1cf068d85136d938e1507b9b619cb766e2565cbb1faa1e571762460c785?s=96&d=mm&r=g\",\"contentUrl\":\"https:\/\/secure.gravatar.com\/avatar\/016fa1cf068d85136d938e1507b9b619cb766e2565cbb1faa1e571762460c785?s=96&d=mm&r=g\",\"caption\":\"Nativa Info\"},\"sameAs\":[\"http:\/\/nativainfo.com\"],\"url\":\"https:\/\/nativainfo.com\/?author=1\"}]}<\/script>\n<!-- \/ Yoast SEO plugin. -->","yoast_head_json":{"title":"Prigioni cerr\u00f3 la lista para el Preclasificatorio Ol\u00edmpico con la presencia de Gabriel Deck - Nativa Info","robots":{"index":"index","follow":"follow","max-snippet":"max-snippet:-1","max-image-preview":"max-image-preview:large","max-video-preview":"max-video-preview:-1"},"canonical":"https:\/\/nativainfo.com\/?p=3875","og_locale":"es_ES","og_type":"article","og_title":"Prigioni cerr\u00f3 la lista para el Preclasificatorio Ol\u00edmpico con la presencia de Gabriel Deck - Nativa Info","og_description":"El alero santiague\u00f1o fue evaluado por el cuerpo t\u00e9cnico y m\u00e9dico de la selecci\u00f3n y fue incluido en la n\u00f3mina... Continue reading","og_url":"https:\/\/nativainfo.com\/?p=3875","og_site_name":"Nativa Info","article_publisher":"https:\/\/www.facebook.com\/profile.php?id=61578881597564","article_published_time":"2023-08-14T18:09:05+00:00","article_modified_time":"2023-08-14T18:09:06+00:00","og_image":[{"url":"http:\/\/nativainfo.com\/wp-content\/uploads\/2023\/08\/imagen_2023-08-14_150857523-819x1024.png","type":"","width":"","height":""}],"author":"Nativa Info","twitter_card":"summary_large_image","twitter_misc":{"Escrito por":"Nativa Info","Tiempo de lectura":"1 minuto"},"schema":{"@context":"https:\/\/schema.org","@graph":[{"@type":"Article","@id":"https:\/\/nativainfo.com\/?p=3875#article","isPartOf":{"@id":"https:\/\/nativainfo.com\/?p=3875"},"author":{"name":"Nativa Info","@id":"https:\/\/nativainfo.com\/#\/schema\/person\/24893b64a9cd564ddb5d102d36eb4b5c"},"headline":"Prigioni cerr\u00f3 la lista para el Preclasificatorio Ol\u00edmpico con la presencia de Gabriel Deck","datePublished":"2023-08-14T18:09:05+00:00","dateModified":"2023-08-14T18:09:06+00:00","mainEntityOfPage":{"@id":"https:\/\/nativainfo.com\/?p=3875"},"wordCount":306,"commentCount":0,"publisher":{"@id":"https:\/\/nativainfo.com\/#organization"},"image":{"@id":"https:\/\/nativainfo.com\/?p=3875#primaryimage"},"thumbnailUrl":"http:\/\/nativainfo.com\/wp-content\/uploads\/2023\/08\/imagen_2023-08-14_150857523-819x1024.png","articleSection":["B\u00e1squet"],"inLanguage":"es-AR","potentialAction":[{"@type":"CommentAction","name":"Comment","target":["https:\/\/nativainfo.com\/?p=3875#respond"]}]},{"@type":"WebPage","@id":"https:\/\/nativainfo.com\/?p=3875","url":"https:\/\/nativainfo.com\/?p=3875","name":"Prigioni cerr\u00f3 la lista para el Preclasificatorio Ol\u00edmpico con la presencia de Gabriel Deck - Nativa Info","isPartOf":{"@id":"https:\/\/nativainfo.com\/#website"},"primaryImageOfPage":{"@id":"https:\/\/nativainfo.com\/?p=3875#primaryimage"},"image":{"@id":"https:\/\/nativainfo.com\/?p=3875#primaryimage"},"thumbnailUrl":"http:\/\/nativainfo.com\/wp-content\/uploads\/2023\/08\/imagen_2023-08-14_150857523-819x1024.png","datePublished":"2023-08-14T18:09:05+00:00","dateModified":"2023-08-14T18:09:06+00:00","breadcrumb":{"@id":"https:\/\/nativainfo.com\/?p=3875#breadcrumb"},"inLanguage":"es-AR","potentialAction":[{"@type":"ReadAction","target":["https:\/\/nativainfo.com\/?p=3875"]}]},{"@type":"ImageObject","inLanguage":"es-AR","@id":"https:\/\/nativainfo.com\/?p=3875#primaryimage","url":"https:\/\/nativainfo.com\/wp-content\/uploads\/2023\/08\/imagen_2023-08-14_150857523.png","contentUrl":"https:\/\/nativainfo.com\/wp-content\/uploads\/2023\/08\/imagen_2023-08-14_150857523.png","width":960,"height":1200},{"@type":"BreadcrumbList","@id":"https:\/\/nativainfo.com\/?p=3875#breadcrumb","itemListElement":[{"@type":"ListItem","position":1,"name":"Inicio","item":"https:\/\/nativainfo.com\/"},{"@type":"ListItem","position":2,"name":"Prigioni cerr\u00f3 la lista para el Preclasificatorio Ol\u00edmpico con la presencia de Gabriel Deck"}]},{"@type":"WebSite","@id":"https:\/\/nativainfo.com\/#website","url":"https:\/\/nativainfo.com\/","name":"Nativa Info","description":"Diario Digital","publisher":{"@id":"https:\/\/nativainfo.com\/#organization"},"potentialAction":[{"@type":"SearchAction","target":{"@type":"EntryPoint","urlTemplate":"https:\/\/nativainfo.com\/?s={search_term_string}"},"query-input":{"@type":"PropertyValueSpecification","valueRequired":true,"valueName":"search_term_string"}}],"inLanguage":"es-AR"},{"@type":"Organization","@id":"https:\/\/nativainfo.com\/#organization","name":"Nativa Info","url":"https:\/\/nativainfo.com\/","logo":{"@type":"ImageObject","inLanguage":"es-AR","@id":"https:\/\/nativainfo.com\/#\/schema\/logo\/image\/","url":"https:\/\/nativainfo.com\/wp-content\/uploads\/2025\/08\/LOGO-NATIVA-FACE.jpg","contentUrl":"https:\/\/nativainfo.com\/wp-content\/uploads\/2025\/08\/LOGO-NATIVA-FACE.jpg","width":400,"height":400,"caption":"Nativa Info"},"image":{"@id":"https:\/\/nativainfo.com\/#\/schema\/logo\/image\/"},"sameAs":["https:\/\/www.facebook.com\/profile.php?id=61578881597564"]},{"@type":"Person","@id":"https:\/\/nativainfo.com\/#\/schema\/person\/24893b64a9cd564ddb5d102d36eb4b5c","name":"Nativa Info","image":{"@type":"ImageObject","inLanguage":"es-AR","@id":"https:\/\/nativainfo.com\/#\/schema\/person\/image\/","url":"https:\/\/secure.gravatar.com\/avatar\/016fa1cf068d85136d938e1507b9b619cb766e2565cbb1faa1e571762460c785?s=96&d=mm&r=g","contentUrl":"https:\/\/secure.gravatar.com\/avatar\/016fa1cf068d85136d938e1507b9b619cb766e2565cbb1faa1e571762460c785?s=96&d=mm&r=g","caption":"Nativa Info"},"sameAs":["http:\/\/nativainfo.com"],"url":"https:\/\/nativainfo.com\/?author=1"}]}},"jetpack_publicize_connections":[],"_links":{"self":[{"href":"https:\/\/nativainfo.com\/index.php?rest_route=\/wp\/v2\/posts\/3875","targetHints":{"allow":["GET"]}}],"collection":[{"href":"https:\/\/nativainfo.com\/index.php?rest_route=\/wp\/v2\/posts"}],"about":[{"href":"https:\/\/nativainfo.com\/index.php?rest_route=\/wp\/v2\/types\/post"}],"author":[{"embeddable":true,"href":"https:\/\/nativainfo.com\/index.php?rest_route=\/wp\/v2\/users\/1"}],"replies":[{"embeddable":true,"href":"https:\/\/nativainfo.com\/index.php?rest_route=%2Fwp%2Fv2%2Fcomments&post=3875"}],"version-history":[{"count":1,"href":"https:\/\/nativainfo.com\/index.php?rest_route=\/wp\/v2\/posts\/3875\/revisions"}],"predecessor-version":[{"id":3879,"href":"https:\/\/nativainfo.com\/index.php?rest_route=\/wp\/v2\/posts\/3875\/revisions\/3879"}],"wp:attachment":[{"href":"https:\/\/nativainfo.com\/index.php?rest_route=%2Fwp%2Fv2%2Fmedia&parent=3875"}],"wp:term":[{"taxonomy":"category","embeddable":true,"href":"https:\/\/nativainfo.com\/index.php?rest_route=%2Fwp%2Fv2%2Fcategories&post=3875"},{"taxonomy":"post_tag","embeddable":true,"href":"https:\/\/nativainfo.com\/index.php?rest_route=%2Fwp%2Fv2%2Ftags&post=3875"}],"curies":[{"name":"wp","href":"https:\/\/api.w.org\/{rel}","templated":true}]}}